{"id":34803,"date":"2014-12-23T11:06:59","date_gmt":"2014-12-23T17:06:59","guid":{"rendered":"http:\/\/www.eloriente.net\/home\/?p=34803"},"modified":"2021-12-22T13:47:37","modified_gmt":"2021-12-22T19:47:37","slug":"1897-ano-de-la-primera-noche-de-rabanos","status":"publish","type":"post","link":"https:\/\/www.eloriente.net\/home\/2014\/12\/23\/1897-ano-de-la-primera-noche-de-rabanos\/","title":{"rendered":"1897, a\u00f1o de la primera Noche de R\u00e1banos"},"content":{"rendered":"<p><center><script async src=\"https:\/\/pagead2.googlesyndication.com\/pagead\/js\/adsbygoogle.js\"><\/script><br \/>\n<!-- BANNER ELORIENTE INCRUSTADO NOTAS --><br \/>\n<ins class=\"adsbygoogle\" style=\"display: inline-block; width: 300px; height: 250px;\" data-ad-client=\"ca-pub-1136171134853753\" data-ad-slot=\"7974633627\"><\/ins><br \/>\n<script>\n     (adsbygoogle = window.adsbygoogle || []).push({});\n<\/script><center>\u00a0<\/center><\/center>(<a href=\"http:\/\/www.eloriente.net\" target=\"_blank\" rel=\"noopener\">www.eloriente.net<\/a>, Oaxaca, 01 de diciembre\/2014).- Los historiadores cuentan que fueron los frailes dominicos quienes ense\u00f1aron el cultivo de las flores y de las hortalizas a los grupos a los grupos ind\u00edgenas de Oaxaca. <a href=\"http:\/\/www.mexicolindoyquerido.com.mx\/mexico\/index.php?option=com_content&amp;view=article&amp;id=252:la-noche-de-los-rabanos-en-oaxaca&amp;catid=190:tradiciones-mexicanas&amp;Itemid=70\" target=\"_blank\" rel=\"noopener\">El 7 de julio de 1563<\/a> por mandato del Virrey Luis de Velasco, a este grupo de nabor\u00edas se les concedieron las tierras ubicadas en lo que hoy se conoce como Trinidad de las Huertas. Algunos autores mencionan cert\u00e1menes coloniales de hortalizas, que pueden considerarse el antecedente directo de la Noche de R\u00e1banos.<\/p>\n<blockquote class=\"twitter-tweet\" lang=\"es\"><p>\u00bfTe vale un \u00abr\u00e1bano\u00bb? date una vuelta por <a href=\"https:\/\/twitter.com\/hashtag\/Oaxaca?src=hash\">#Oaxaca<\/a> y cambiar\u00e1s de opini\u00f3n &#8211;&gt; <a href=\"http:\/\/t.co\/WHkgDQV0Ca\">http:\/\/t.co\/WHkgDQV0Ca<\/a> <a href=\"https:\/\/twitter.com\/hashtag\/Turismo?src=hash\">#Turismo<\/a> <a href=\"http:\/\/t.co\/DcH7kbbSyo\">pic.twitter.com\/DcH7kbbSyo<\/a><\/p>\n<p>\u2014 Alberto Del Paso (@digital_ceo) <a href=\"https:\/\/twitter.com\/digital_ceo\/status\/539172222603366400\">noviembre 30, 2014<\/a><\/p><\/blockquote>\n<p><script src=\"\/\/platform.twitter.com\/widgets.js\" async=\"\" charset=\"utf-8\"><\/script>La festividad fue tomando forma gracias al tradicional mercado de la vigilia que se hac\u00eda precisamente cada 23 de diciembre en la entonces Plaza de Armas de la capital oaxaque\u00f1a, donde los comerciantes llevaban a vender el pescado seco salado para las comidas de la vigilia as\u00ed como las verduras propias del men\u00fa. Con el objetivo de hacer m\u00e1s atractivos sus puestos, los hortelanos de Trinidad de las Huertas, empezaron a utilizar los r\u00e1banos para hacer figuras y a adornarlos con otras legumbres como lechugas, nabos, cebollas y coliflor. La elaboraci\u00f3n art\u00edstica se fue puliendo con el tiempo, al grado de que las amas de casa compraban las peque\u00f1as obras de arte como adorno para sus casas.<\/p>\n<blockquote class=\"twitter-tweet\" lang=\"es\"><p>Vive y Disfruta la <a href=\"https:\/\/twitter.com\/hashtag\/NocheDeRabanos?src=hash\">#NocheDeRabanos<\/a> solo en <a href=\"https:\/\/twitter.com\/hashtag\/Oaxaca?src=hash\">#Oaxaca<\/a> <a href=\"http:\/\/t.co\/Trk2Fj12wY\">http:\/\/t.co\/Trk2Fj12wY<\/a> \u2014 Hotel Jimenez Oaxaca (@HotelJimenez) <a href=\"https:\/\/twitter.com\/HotelJimenez\/status\/539132168946335744\">noviembre 30, 2014<\/a><\/p><\/blockquote>\n<p><script src=\"\/\/platform.twitter.com\/widgets.js\" async=\"\" charset=\"utf-8\"><\/script><\/p>\n<p>El libro \u201cNoche de R\u00e1banos\u201d escrito por el Prof.. Alejandro M\u00e9ndez Aquino, afirma que el 23 de diciembre de 1897, siendo Presidente Municipal, Don Francisco Vasconcelos Flores, se organiz\u00f3 la primera exposici\u00f3n en la cual participaron los horticultores artesanos exponiendo sus creaciones, donde la imaginaci\u00f3n los llevaba a representar personas, animales, danzas, motivos navide\u00f1os o escenas de la vida cotidiana. Oficialmente esta fue la primera Noche de R\u00e1banos, la que para este a\u00f1o 2014 celebrar\u00e1 su 117\u00aa edici\u00f3n.<\/p>\n<p><iframe loading=\"lazy\" src=\"\/\/www.youtube.com\/embed\/aoCb8znK1-s\" width=\"560\" height=\"315\" frameborder=\"0\" allowfullscreen=\"allowfullscreen\"><\/iframe><\/p>\n<p><script async src=\"https:\/\/pagead2.googlesyndication.com\/pagead\/js\/adsbygoogle.js\"><\/script><br \/>\n<ins class=\"adsbygoogle\" style=\"display: block; text-align: center;\" data-ad-layout=\"in-article\" data-ad-format=\"fluid\" data-ad-client=\"ca-pub-1136171134853753\" data-ad-slot=\"4724569608\"><\/ins><br \/>\n<script>\n     (adsbygoogle = window.adsbygoogle || []).push({});\n<\/script>Actualmente se cuentan con siete categor\u00edas: R\u00e1bano Tradicional, R\u00e1bano Libre, Infantil A, Intantil B, Totomoxtle Natural, Totomoxtle Decorado y Flor Inmortal. La ganadora del a\u00f1o pasado en la categor\u00eda tradicional, fue Enedina V\u00e1squez Cruz con su obra \u00ab\u00c1rbol Dominico\u201d:<\/p>\n<p><a href=\"http:\/\/www.eloriente.net\/home\/wp-content\/uploads\/2014\/11\/tradicional-noche-de-rabanos-2013-oaxaca-10.jpg\"><img loading=\"lazy\" decoding=\"async\" class=\"size-medium wp-image-34339 aligncenter\" src=\"http:\/\/www.eloriente.net\/home\/wp-content\/uploads\/2014\/11\/tradicional-noche-de-rabanos-2013-oaxaca-10-225x300.jpg\" alt=\"tradicional noche de rabanos 2013 oaxaca (10)\" width=\"225\" height=\"300\" srcset=\"https:\/\/www.eloriente.net\/home\/wp-content\/uploads\/2014\/11\/tradicional-noche-de-rabanos-2013-oaxaca-10-225x300.jpg 225w, https:\/\/www.eloriente.net\/home\/wp-content\/uploads\/2014\/11\/tradicional-noche-de-rabanos-2013-oaxaca-10.jpg 240w\" sizes=\"(max-width: 225px) 100vw, 225px\" \/><\/a><\/p>\n<p style=\"text-align: center;\">Foto: <a href=\"http:\/\/2.bp.blogspot.com\/-DVzKAMYkH3U\/UrnGC5BvIfI\/AAAAAAAAN7Y\/tE4dj78Q_Ek\/s320\/tradicional+noche+de+rabanos+2013+oaxaca+%252810%2529.JPG\" target=\"_blank\" rel=\"noopener\">viveoaxaca.org<\/a><\/p>\n<p><a href=\"http:\/\/www.eloriente.net\/home\/wp-content\/uploads\/2014\/11\/Noche-de-R\u00e1banos-phylevn.jpg\"><img loading=\"lazy\" decoding=\"async\" class=\"alignnone size-medium wp-image-34340\" src=\"http:\/\/www.eloriente.net\/home\/wp-content\/uploads\/2014\/11\/Noche-de-R\u00e1banos-phylevn-300x216.jpg\" alt=\"Noche de R\u00e1banos - phylevn\" width=\"300\" height=\"216\" srcset=\"https:\/\/www.eloriente.net\/home\/wp-content\/uploads\/2014\/11\/Noche-de-R\u00e1banos-phylevn-300x216.jpg 300w, https:\/\/www.eloriente.net\/home\/wp-content\/uploads\/2014\/11\/Noche-de-R\u00e1banos-phylevn-1024x738.jpg 1024w, https:\/\/www.eloriente.net\/home\/wp-content\/uploads\/2014\/11\/Noche-de-R\u00e1banos-phylevn.jpg 1303w\" sizes=\"(max-width: 300px) 100vw, 300px\" \/><\/a><\/p>\n<p>Foto: <a class=\"owner-name truncate\" title=\"Ir a la galer\u00eda de phylevn\" href=\"https:\/\/www.flickr.com\/photos\/phylevn\/\" data-track=\"attributionNameClick\" data-rapid_p=\"23\">phylevn<\/a> &#8211; <a class=\"photo-license-url\" href=\"https:\/\/creativecommons.org\/licenses\/by\/2.0\/\" target=\"_newtab\" rel=\"license cc:license\" data-rapid_p=\"27\">Algunos derechos reservados<\/a><\/p>\n<p><strong>Otras entradas:<\/strong><\/p>\n<p><a title=\"Enlace Permanente a Oaxaca: econom\u00eda, sociedad y poder. Siglo XIX\" href=\"http:\/\/www.eloriente.net\/home\/2014\/11\/29\/oaxaca-economia-sociedad-y-poder-siglo-xix\/\" rel=\"bookmark\">Oaxaca: econom\u00eda, sociedad y poder. Siglo XIX<\/a><\/p>\n<div id=\"post-34287\" class=\"post-34287 post type-post status-publish format-standard has-post-thumbnail hentry category-educacion-y-cultura category-entradas category-lo-mas-reciente category-oaxaca-estados category-universidades tag-investigacion-academica tag-sabado-academico entry loop-default border_bottom_30\">\n<p><a href=\"http:\/\/www.eloriente.net\/home\/2014\/11\/29\/oaxaca-economia-sociedad-y-poder-siglo-xix\/\" rel=\"bookmark\"><img decoding=\"async\" class=\"alignleft\" title=\"Oaxaca: econom\u00eda, sociedad y poder. Siglo XIX\" src=\"http:\/\/www.eloriente.net\/home\/wp-content\/themes\/city-desk\/timthumb.php?src=http%3A%2F%2Fwww.eloriente.net%2Fhome%2Fwp-content%2Fuploads%2F2014%2F11%2FOaxaca-Centro-Matias-Ripp.jpg&amp;q=90&amp;w=160&amp;h=106&amp;zc=1\" alt=\"Oaxaca: econom\u00eda, sociedad y poder. Siglo XIX\" \/><\/a>(www.eloriente.net, 29 de noviembre\/2014.- Oaxaca es uno de los estados m\u00e1s pobres de la Rep\u00fablica Mexicana, con los \u00edndices m\u00e1s altos en analfabetismo. Junto a esta situaci\u00f3n est\u00e1 un grupo reducido de personas que controlan la econom\u00eda y, por lo tanto, poseen una gran riqueza. En su interior se hablan 16 lenguas de origen mesoamericano [\u2026]<\/p>\n<div class=\"sharedaddy sd-sharing-enabled\">\n<div class=\"robots-nocontent sd-block sd-social sd-social-icon-text sd-sharing\">\n<div class=\"sd-content\">\n<ul>\n<li><a class=\"sharing-anchor sd-button share-more\" href=\"http:\/\/www.eloriente.net\/home\/category\/educacion-y-cultura\/#\">Compartir<\/a><\/li>\n<\/ul>\n<\/div>\n<\/div>\n<\/div>\n<p class=\"postmeta\"><span class=\"meta_date\">noviembre 29, 2014<\/span><\/p>\n<p class=\"postmeta\"><a title=\"Enlace Permanente a La Historia Detr\u00e1s de la Canci\u00f3n \u201cWind of Change\u201d de Scorpions\" href=\"http:\/\/www.eloriente.net\/home\/2014\/11\/28\/la-historia-detras-de-la-cancion-wind-of-change-de-scorpions\/\" rel=\"bookmark\">La Historia Detr\u00e1s de la Canci\u00f3n \u201cWind of Change\u201d de Scorpions<\/a><\/p>\n<\/div>\n<div id=\"post-34250\" class=\"post-34250 post type-post status-publish format-standard has-post-thumbnail hentry category-educacion-y-cultura category-entradas category-lo-mas-reciente tag-lahistoriadetrasdelacancion tag-la-historia-detras-de-la-cancion tag-scorpions tag-wind-of-change entry loop-default border_bottom_30\">\n<p><a href=\"http:\/\/www.eloriente.net\/home\/2014\/11\/28\/la-historia-detras-de-la-cancion-wind-of-change-de-scorpions\/\" rel=\"bookmark\"><img decoding=\"async\" class=\"alignleft\" title=\"La Historia Detr\u00e1s de la Canci\u00f3n \u201cWind of Change\u201d de Scorpions\" src=\"http:\/\/www.eloriente.net\/home\/wp-content\/themes\/city-desk\/timthumb.php?src=http%3A%2F%2Fwww.eloriente.net%2Fhome%2Fwp-content%2Fuploads%2F2014%2F11%2FMuro-de-Berl%C3%ADn-wikipedia.org_.jpg&amp;q=90&amp;w=160&amp;h=106&amp;zc=1\" alt=\"La Historia Detr\u00e1s de la Canci\u00f3n \u201cWind of Change\u201d de Scorpions\" \/><\/a>(www.eloriente.net, M\u00e9xico, 28 de noviembre\/2014).- Cada noviembre se conmemora un aniversario m\u00e1s de la ca\u00edda del Muro de Berl\u00edn, construcci\u00f3n de hormig\u00f3n armado de 3.6 metros de altura y 155 kil\u00f3metros de largo con una historia nefasta. Oficialmente conocido como Muro de Protecci\u00f3n Antifascista, construido por el gobierno de la Rep\u00fablica Democr\u00e1tica Alemana (RDA), form\u00f3 [\u2026]<\/p>\n<div class=\"sharedaddy sd-sharing-enabled\">\n<div class=\"robots-nocontent sd-block sd-social sd-social-icon-text sd-sharing\">\n<div class=\"sd-content\">\n<ul>\n<li><a class=\"sharing-anchor sd-button share-more\" href=\"http:\/\/www.eloriente.net\/home\/category\/educacion-y-cultura\/#\">Compartir<\/a><\/li>\n<\/ul>\n<\/div>\n<\/div>\n<\/div>\n<p class=\"postmeta\"><span class=\"meta_date\">noviembre 28, 2014<\/span><\/p>\n<p class=\"postmeta\"><a title=\"Enlace Permanente a Congreso Internacional de Derecho Procesal Penal en la UABJO\" href=\"http:\/\/www.eloriente.net\/home\/2014\/11\/27\/congreso-internacional-de-derecho-procesal-penal-en-la-uabjo\/\" rel=\"bookmark\">Congreso Internacional de Derecho Procesal Penal en la UABJO<\/a><\/p>\n<\/div>\n<div id=\"post-34258\" class=\"post-34258 post type-post status-publish format-standard has-post-thumbnail hentry category-comunicados-y-boletines category-educacion-y-cultura category-entradas category-lo-mas-reciente category-oaxaca-estados category-principal category-universidades tag-congreso-internacional tag-derecho-procesal-penal tag-uabjo entry loop-default border_bottom_30\">\n<p><a href=\"http:\/\/www.eloriente.net\/home\/2014\/11\/27\/congreso-internacional-de-derecho-procesal-penal-en-la-uabjo\/\" rel=\"bookmark\"><img decoding=\"async\" class=\"alignleft\" title=\"Congreso Internacional de Derecho Procesal Penal en la UABJO\" src=\"http:\/\/www.eloriente.net\/home\/wp-content\/themes\/city-desk\/timthumb.php?src=http%3A%2F%2Fwww.eloriente.net%2Fhome%2Fwp-content%2Fuploads%2F2014%2F11%2F27.jpg&amp;q=90&amp;w=160&amp;h=106&amp;zc=1\" alt=\"Congreso Internacional de Derecho Procesal Penal en la UABJO\" \/><\/a>(www.eloriente.net\/UABJO, M\u00e9xico, 27 de noviembre\/2014).- Con la finalidad de establecer espacios de discusi\u00f3n acad\u00e9mica y profesional en torno a las experiencias que se han suscitado en Latinoam\u00e9rica y el mundo sobre el nuevo sistema penal, la Facultad de Derecho y Ciencias Sociales de la Universidad Aut\u00f3noma \u201cBenito Ju\u00e1rez\u201d de Oaxaca (FDyCS UABJO), organiz\u00f3 el Sexto Congreso [\u2026]<\/p>\n<div class=\"sharedaddy sd-sharing-enabled\">\n<div class=\"robots-nocontent sd-block sd-social sd-social-icon-text sd-sharing\">\n<div class=\"sd-content\">\n<ul>\n<li><a class=\"sharing-anchor sd-button share-more\" href=\"http:\/\/www.eloriente.net\/home\/category\/educacion-y-cultura\/#\">Compartir<\/a><\/li>\n<\/ul>\n<\/div>\n<\/div>\n<\/div>\n<p class=\"postmeta\"><span class=\"meta_date\">noviembre 27, 2014<\/span><\/p>\n<p><script async src=\"https:\/\/pagead2.googlesyndication.com\/pagead\/js\/adsbygoogle.js\"><\/script><br \/>\n<ins class=\"adsbygoogle\" style=\"display: block;\" data-ad-format=\"autorelaxed\" data-ad-client=\"ca-pub-1136171134853753\" data-ad-slot=\"4595267748\"><\/ins><br \/>\n<script>\n     (adsbygoogle = window.adsbygoogle || []).push({});\n<\/script><\/p>\n<\/div>\n\n\t\t\t  <div \n\t\t\t  \tclass = \"fb-comments\" \n\t\t\t  \tdata-href = \"https:\/\/www.eloriente.net\/home\/2014\/12\/23\/1897-ano-de-la-primera-noche-de-rabanos\/\"\n\t\t\t  \tdata-numposts = \"10\"\n\t\t\t\tdata-colorscheme = \"dark\"\n\t\t\t\tdata-order-by = \"social\"\n\t\t\t\tdata-mobile=true>\n\t\t\t  <\/div>\n\t\t  <style>\n\t\t\t.fb_iframe_widget_fluid_desktop iframe {\n\t\t\t    width: 100% !important;\n\t\t\t}\n\t\t  <\/style>\n\t\t  ","protected":false},"excerpt":{"rendered":"<p>\u00a0(www.eloriente.net, Oaxaca, 01 de diciembre\/2014).- Los historiadores cuentan que fueron los frailes dominicos quienes ense\u00f1aron el cultivo de las flores y de las hortalizas a los grupos a los grupos ind\u00edgenas de Oaxaca. El 7 de julio de 1563 por mandato del Virrey Luis de Velasco, a este grupo de nabor\u00edas se les concedieron las [&hellip;]<\/p>\n","protected":false},"author":1,"featured_media":34340,"comment_status":"open","ping_status":"open","sticky":false,"template":"","format":"standard","meta":{"_jetpack_memberships_contains_paid_content":false,"footnotes":""},"categories":[29,32,63,23,464],"tags":[3680,3086,12583],"class_list":["post-34803","post","type-post","status-publish","format-standard","has-post-thumbnail","hentry","category-capital","category-entradas","category-estados","category-municipios","category-oaxaca-estados","tag-historia-oaxaca","tag-noche-de-rabanos","tag-primera-noche-de-rabanos"],"jetpack_featured_media_url":"https:\/\/www.eloriente.net\/home\/wp-content\/uploads\/2014\/11\/Noche-de-R\u00e1banos-phylevn.jpg","jetpack_sharing_enabled":true,"_links":{"self":[{"href":"https:\/\/www.eloriente.net\/home\/wp-json\/wp\/v2\/posts\/34803"}],"collection":[{"href":"https:\/\/www.eloriente.net\/home\/wp-json\/wp\/v2\/posts"}],"about":[{"href":"https:\/\/www.eloriente.net\/home\/wp-json\/wp\/v2\/types\/post"}],"author":[{"embeddable":true,"href":"https:\/\/www.eloriente.net\/home\/wp-json\/wp\/v2\/users\/1"}],"replies":[{"embeddable":true,"href":"https:\/\/www.eloriente.net\/home\/wp-json\/wp\/v2\/comments?post=34803"}],"version-history":[{"count":3,"href":"https:\/\/www.eloriente.net\/home\/wp-json\/wp\/v2\/posts\/34803\/revisions"}],"predecessor-version":[{"id":65270,"href":"https:\/\/www.eloriente.net\/home\/wp-json\/wp\/v2\/posts\/34803\/revisions\/65270"}],"wp:featuredmedia":[{"embeddable":true,"href":"https:\/\/www.eloriente.net\/home\/wp-json\/wp\/v2\/media\/34340"}],"wp:attachment":[{"href":"https:\/\/www.eloriente.net\/home\/wp-json\/wp\/v2\/media?parent=34803"}],"wp:term":[{"taxonomy":"category","embeddable":true,"href":"https:\/\/www.eloriente.net\/home\/wp-json\/wp\/v2\/categories?post=34803"},{"taxonomy":"post_tag","embeddable":true,"href":"https:\/\/www.eloriente.net\/home\/wp-json\/wp\/v2\/tags?post=34803"}],"curies":[{"name":"wp","href":"https:\/\/api.w.org\/{rel}","templated":true}]}}