{"id":34807,"date":"2014-12-24T11:35:32","date_gmt":"2014-12-24T17:35:32","guid":{"rendered":"http:\/\/www.eloriente.net\/home\/?p=34807"},"modified":"2023-05-03T19:32:14","modified_gmt":"2023-05-04T01:32:14","slug":"2014-ano-de-la-muerte-del-poeta-argentino-juan-gelman","status":"publish","type":"post","link":"https:\/\/www.eloriente.net\/home\/2014\/12\/24\/2014-ano-de-la-muerte-del-poeta-argentino-juan-gelman\/","title":{"rendered":"2014: a\u00f1o de la muerte del poeta argentino Juan Gelman"},"content":{"rendered":"<p>eloriente.net\/<a href=\"http:\/\/canal22.org.mx\/p\/c_documents.php?ndf=6819\" target=\"_blank\" rel=\"noopener\">Agencia N22<\/a><\/p>\n<p>14 de enero de 2014<\/p>\n<div><strong>CIUDAD DE M\u00c9XICO, M\u00e9xico, (N22).- <\/strong>Juan Gelman Burichson naci\u00f3 en Buenos Aires, Argentina el 3 de mayo de 1930, fue hijo de emigrantes jud\u00edos ucranianos.<\/div>\n<div><\/div>\n<div>Poeta, traductor y periodista colabor\u00f3 en el peri\u00f3dico <em>Rojo y negro<\/em>. Es uno de los fundadores del grupo de poetas \u00abEl pan duro\u00bb y es tambi\u00e9n secretario de redacci\u00f3n de <em>Crisis<\/em>, director del suplemento cultural de <em>La Opini\u00f3n<\/em> y jefe de redacci\u00f3n de <em>Noticias<\/em>. Tambi\u00e9n ejerce como traductor en la UNESCO. Desde 2007 colabora con el peri\u00f3dico de Buenos Aires, <em>P\u00e1gina 1\/2<\/em>.<\/div>\n<div><\/div>\n<div><iframe loading=\"lazy\" title=\"YouTube video player\" src=\"https:\/\/www.youtube.com\/embed\/w5JD14e9NUw\" width=\"560\" height=\"315\" frameborder=\"0\" allowfullscreen=\"allowfullscreen\"><\/iframe><\/div>\n<div><\/div>\n<div><script async src=\"https:\/\/pagead2.googlesyndication.com\/pagead\/js\/adsbygoogle.js\"><\/script><br \/>\n<ins class=\"adsbygoogle\" style=\"display: block; text-align: center;\" data-ad-layout=\"in-article\" data-ad-format=\"fluid\" data-ad-client=\"ca-pub-1136171134853753\" data-ad-slot=\"1904291222\"><\/ins><br \/>\n<script>\n     (adsbygoogle = window.adsbygoogle || []).push({});\n<\/script><\/div>\n<div><\/div>\n<p>Vivi\u00f3 el exilio entre 1975 y 1988, residiendo alternativamente en Roma, Madrid, Managua, Par\u00eds, Nueva York y M\u00e9xico. A pesar de estar ausente de Argentina fue condenado a muerte por la dictadura y sufri\u00f3 muy de cerca el drama de los \u00abdesaparecidos\u00bb cuando su hijo y su nuera pasan a formar parte de esa lista.<\/p>\n<p>Como poeta consigui\u00f3 un estilo particular partiendo de un realismo cr\u00edtico y como ejes de su poes\u00eda se encuentra la cotidianeidad, el tono pol\u00edtico, la denuncia y la indignaci\u00f3n ante la injusticia.<\/p>\n<h4>Las obras de Gelman<\/h4>\n<p>De su producci\u00f3n po\u00e9tica conviene destacar <em>Viol\u00edn y otras cuestiones<\/em>, <em>El juego en que andamos<\/em>, <em>Velorio del solo<\/em>, <em>Got\u00e1n<\/em>, <em>Sefin\u00ed<\/em> o <em>C\u00f3lera Buey<\/em>, as\u00ed como<em> Los poemas de Sidney West<\/em>, <em>Traducciones<\/em>, <em>F\u00e1bulas<\/em>, <em>Relaciones<\/em>, <em>Hechos y relaciones<\/em>o <em>Si tan dulcemente.<\/em> Escribe <em>Exilio<\/em> en colaboraci\u00f3n con el periodista argentino Osvaldo Bayer; otras de sus obras son <em>Citas y comentarios<\/em>, <em>Hacia el sur<\/em>, <em>Composiciones<\/em>, <em>Carta a mi madre<\/em> y <em>Pa\u00eds que fue ser\u00e1<\/em>.<\/p>\n<p>La antolog\u00eda <em>Pesar todo<\/em> es galardonada con el premio de poes\u00eda Jos\u00e9 Lezama Lima, que concede la Casa de las Am\u00e9ricas cubana.<\/p>\n<p>En 2005 public\u00f3 <em>Oficio ardiente<\/em>, que re\u00fane poemas publicados a lo largo de casi cincuenta a\u00f1os y algunos otros in\u00e9ditos.<\/p>\n<p>En el \u00e1mbito musical escribi\u00f3 dos \u00f3peras, <em>La trampera general<\/em> y <em>La bicicleta de la muerte,<\/em> dos cantatas, <em>El gallo cantor<\/em> y <em>Suertes,<\/em> y varios LP.<\/p>\n<p>Fue galardonado con el Premio Nacional de Poes\u00eda en 1997 y el Premio Reina Sof\u00eda de Poes\u00eda Iberoamericana en 2005; adem\u00e1s tiene el t\u00edtulo de ciudadano ilustre de la ciudad de Buenos Aires.<\/p>\n<p>En 2007 obtuvo el Premio Cervantes y dos a\u00f1os despu\u00e9s la Asociaci\u00f3n de Poetas Chinos le otorg\u00f3 el Premio Ant\u00edlope Tibetano.<\/p>\n<p>Distintos medios de comunicaci\u00f3n confirmaron el deceso de Gelman en la Ciudad de M\u00e9xico, hasta ahora se desconocen las causas.<\/p>\n<h4>Gelman en Casa de Am\u00e9rica<\/h4>\n<p><iframe loading=\"lazy\" title=\"YouTube video player\" src=\"https:\/\/www.youtube.com\/embed\/h9jIBZUC9U8\" width=\"560\" height=\"315\" frameborder=\"0\" allowfullscreen=\"allowfullscreen\"><\/iframe><\/p>\n<p><script async src=\"https:\/\/pagead2.googlesyndication.com\/pagead\/js\/adsbygoogle.js\"><\/script><br \/>\n<ins class=\"adsbygoogle\" style=\"display: block; text-align: center;\" data-ad-layout=\"in-article\" data-ad-format=\"fluid\" data-ad-client=\"ca-pub-1136171134853753\" data-ad-slot=\"1904291222\"><\/ins><br \/>\n<script>\n     (adsbygoogle = window.adsbygoogle || []).push({});\n<\/script><\/p>\n<h4>Gelman en TV UNAM<\/h4>\n<p><iframe loading=\"lazy\" src=\"\/\/www.youtube.com\/embed\/-F9pne1OZwQ\" width=\"420\" height=\"315\" frameborder=\"0\"><\/iframe><\/p>\n<p>En ELORIENTE.NET te recomendamos ampliamente el siguiente texto de Carlos Monsiv\u00e1is sobre Juan, el poeta entra\u00f1able:<\/p>\n<p><iframe loading=\"lazy\" src=\"\/\/e.issuu.com\/embed.html#5422719\/10674458\" width=\"525\" height=\"716\" frameborder=\"0\" allowfullscreen=\"allowfullscreen\"><\/iframe><\/p>\n<p><strong>Otras entradas:<\/strong><\/p>\n<p><a title=\"Permalink to Los 25 libros m\u00e1s vendidos en M\u00e9xico: Gandhi\" href=\"http:\/\/www.eloriente.net\/home\/2013\/12\/30\/los-25-libros-mas-vendidos-en-mexico-gandhi\/\" rel=\"bookmark\">Los 25 libros m\u00e1s vendidos en M\u00e9xico: Gandhi<\/a><\/p>\n<p><a href=\"http:\/\/www.eloriente.net\/home\/2013\/12\/30\/los-25-libros-mas-vendidos-en-mexico-gandhi\/\" rel=\"bookmark\"><img decoding=\"async\" title=\"Los 25 libros m\u00e1s vendidos en M\u00e9xico: Gandhi\" src=\"http:\/\/www.eloriente.net\/home\/wp-content\/themes\/city-desk\/timthumb.php?src=http%3A%2F%2Fwww.eloriente.net%2Fhome%2Fwp-content%2Fuploads%2F2013%2F12%2FFranco.jpg&amp;q=90&amp;w=160&amp;h=106&amp;zc=1\" alt=\"Los 25 libros m\u00e1s vendidos en M\u00e9xico: Gandhi\" \/><\/a><\/p>\n<p>eloriente.net 30 de diciembre de 2013 A trav\u00e9s de su portal, la librer\u00eda Gandhi dio a conocer la lista de los libros m\u00e1s vendidos en M\u00e9xico en sus puntos de venta durante esta \u00faltima semana de 2013. ELORIENTE.NET pone a tu disposici\u00f3n ligas de enlace para la consulta de las obras que te resulten de [&#8230;]<\/p>\n<p>December 30, 2013<\/p>\n<div id=\"post-19043\">\n<p><a title=\"Permalink to Grandiosos aniversarios en M\u00e9xico, 2014\" href=\"http:\/\/www.eloriente.net\/home\/2013\/12\/30\/grandiosos-aniversarios-en-mexico-en-2014\/\" rel=\"bookmark\">Grandiosos aniversarios en M\u00e9xico, 2014<\/a><\/p>\n<p><a href=\"http:\/\/www.eloriente.net\/home\/2013\/12\/30\/grandiosos-aniversarios-en-mexico-en-2014\/\" rel=\"bookmark\"><img decoding=\"async\" title=\"Grandiosos aniversarios en M\u00e9xico, 2014\" src=\"http:\/\/www.eloriente.net\/home\/wp-content\/themes\/city-desk\/timthumb.php?src=http%3A%2F%2Fwww.eloriente.net%2Fhome%2Fwp-content%2Fuploads%2F2013%2F12%2FOctavio_Paz.jpg&amp;q=90&amp;w=160&amp;h=106&amp;zc=1\" alt=\"Grandiosos aniversarios en M\u00e9xico, 2014\" \/><\/a>eloriente.net 30 de diciembre de 2013 Desde el primer d\u00eda de 2014, organismos y la sociedad mexicana recordar\u00e1n hechos de la historia del pa\u00eds que han trascendido a lo largo de los a\u00f1os. ELORIENTE.NET congrega algunos eventos que tendr\u00e1n importancia en el nuevo a\u00f1o: 20 aniversario del levantamiento armado del EZLN Ma\u00f1ana 31 de diciembre [&#8230;]<\/p>\n<p>December 30, 2013<\/p>\n<\/div>\n<div id=\"post-19033\">\n<p><a title=\"Permalink to Magnas celebraciones a nivel internacional en 2014\" href=\"http:\/\/www.eloriente.net\/home\/2013\/12\/30\/magnas-celebraciones-en-2014-a-nivel-mundial\/\" rel=\"bookmark\">Magnas celebraciones a nivel internacional en 2014<\/a><\/p>\n<p><a href=\"http:\/\/www.eloriente.net\/home\/2013\/12\/30\/magnas-celebraciones-en-2014-a-nivel-mundial\/\" rel=\"bookmark\"><img decoding=\"async\" title=\"Magnas celebraciones a nivel internacional en 2014\" src=\"http:\/\/www.eloriente.net\/home\/wp-content\/themes\/city-desk\/timthumb.php?src=http%3A%2F%2Fwww.eloriente.net%2Fhome%2Fwp-content%2Fuploads%2F2013%2F12%2Fmafalda23.jpg&amp;q=90&amp;w=160&amp;h=106&amp;zc=1\" alt=\"Magnas celebraciones a nivel internacional en 2014\" \/><\/a>eloriente.net 30 de diciembre de 2013 El 2014 ser\u00e1 un a\u00f1o importante para remembrar una serie de eventos en el pasado que han impactado en el presente a nivel internacional. ELORIENTE.NET pone a tu conocimiento una lista de algunos aniversarios significativos en 2014: Centenario del inicio de la Primera Guerra Mundial La Organizaci\u00f3n de las [&#8230;]<\/p>\n<p>December 30, 2013<\/p>\n<\/div>\n\n\t\t\t  <div \n\t\t\t  \tclass = \"fb-comments\" \n\t\t\t  \tdata-href = \"https:\/\/www.eloriente.net\/home\/2014\/12\/24\/2014-ano-de-la-muerte-del-poeta-argentino-juan-gelman\/\"\n\t\t\t  \tdata-numposts = \"10\"\n\t\t\t\tdata-colorscheme = \"dark\"\n\t\t\t\tdata-order-by = \"social\"\n\t\t\t\tdata-mobile=true>\n\t\t\t  <\/div>\n\t\t  <style>\n\t\t\t.fb_iframe_widget_fluid_desktop iframe {\n\t\t\t    width: 100% !important;\n\t\t\t}\n\t\t  <\/style>\n\t\t  ","protected":false},"excerpt":{"rendered":"<p>eloriente.net\/Agencia N22 14 de enero de 2014 CIUDAD DE M\u00c9XICO, M\u00e9xico, (N22).- Juan Gelman Burichson naci\u00f3 en Buenos Aires, Argentina el 3 de mayo de 1930, fue hijo de emigrantes jud\u00edos ucranianos. Poeta, traductor y periodista colabor\u00f3 en el peri\u00f3dico Rojo y negro. Es uno de los fundadores del grupo de poetas \u00abEl pan duro\u00bb [&hellip;]<\/p>\n","protected":false},"author":1,"featured_media":19574,"comment_status":"open","ping_status":"open","sticky":false,"template":"","format":"standard","meta":{"_jetpack_memberships_contains_paid_content":false,"footnotes":""},"categories":[6,32,13,3153,31],"tags":[12918,12917,12919],"class_list":["post-34807","post","type-post","status-publish","format-standard","has-post-thumbnail","hentry","category-canal-4-especiales","category-entradas","category-especiales","category-letras-educacion-y-cultura","category-principal","tag-ano-de-la-muerte-de-gelman","tag-juan-gelman","tag-poemas-de-gelman"],"jetpack_featured_media_url":"https:\/\/www.eloriente.net\/home\/wp-content\/uploads\/2014\/01\/escritor_Juan_Gelman-N22-eloriente.net_-e1419442095415.jpg","jetpack_sharing_enabled":true,"_links":{"self":[{"href":"https:\/\/www.eloriente.net\/home\/wp-json\/wp\/v2\/posts\/34807"}],"collection":[{"href":"https:\/\/www.eloriente.net\/home\/wp-json\/wp\/v2\/posts"}],"about":[{"href":"https:\/\/www.eloriente.net\/home\/wp-json\/wp\/v2\/types\/post"}],"author":[{"embeddable":true,"href":"https:\/\/www.eloriente.net\/home\/wp-json\/wp\/v2\/users\/1"}],"replies":[{"embeddable":true,"href":"https:\/\/www.eloriente.net\/home\/wp-json\/wp\/v2\/comments?post=34807"}],"version-history":[{"count":3,"href":"https:\/\/www.eloriente.net\/home\/wp-json\/wp\/v2\/posts\/34807\/revisions"}],"predecessor-version":[{"id":66264,"href":"https:\/\/www.eloriente.net\/home\/wp-json\/wp\/v2\/posts\/34807\/revisions\/66264"}],"wp:featuredmedia":[{"embeddable":true,"href":"https:\/\/www.eloriente.net\/home\/wp-json\/wp\/v2\/media\/19574"}],"wp:attachment":[{"href":"https:\/\/www.eloriente.net\/home\/wp-json\/wp\/v2\/media?parent=34807"}],"wp:term":[{"taxonomy":"category","embeddable":true,"href":"https:\/\/www.eloriente.net\/home\/wp-json\/wp\/v2\/categories?post=34807"},{"taxonomy":"post_tag","embeddable":true,"href":"https:\/\/www.eloriente.net\/home\/wp-json\/wp\/v2\/tags?post=34807"}],"curies":[{"name":"wp","href":"https:\/\/api.w.org\/{rel}","templated":true}]}}