{"id":34993,"date":"2015-01-13T12:27:48","date_gmt":"2015-01-13T18:27:48","guid":{"rendered":"http:\/\/www.eloriente.net\/home\/?p=34993"},"modified":"2015-01-13T12:30:34","modified_gmt":"2015-01-13T18:30:34","slug":"ahora-resulta-un-articulo-sobre-seccion-22-y-educacion-por-samael-hernandez","status":"publish","type":"post","link":"https:\/\/www.eloriente.net\/home\/2015\/01\/13\/ahora-resulta-un-articulo-sobre-seccion-22-y-educacion-por-samael-hernandez\/","title":{"rendered":"\u00a1Ahora Resulta!, un art\u00edculo sobre Secci\u00f3n 22 y Educaci\u00f3n por Samael Hern\u00e1ndez"},"content":{"rendered":"<p>eloriente.net\/Samael Hern\u00e1ndez Ruiz<\/p>\n<p>13 de enero de 2015<\/p>\n<div id=\"outer_page_1\" class=\"outer_page only_ie6_border \">\n<div>\n<div id=\"page1\" class=\"newpage\">\n<div class=\"text_layer\">\n<div class=\"ie_fix\">\n<div class=\"ff0\" style=\"text-align: right;\"><span class=\"a\">Por: Samael Hern\u00e1ndez Ruiz. <\/span><\/div>\n<div class=\"ff0\"><span class=\"a\">En el portal del peri\u00f3dico Excelsior, se publica el d\u00eda de hoy una nota de la reportera Lili\u00e1n Hern\u00e1ndez intitulada: \u201cIntacto, salario del magisterio que no da clases.\u201d1<\/span><\/div>\n<div class=\"ff0\"><\/div>\n<div class=\"ff3\"><span class=\"a\">En la nota citada, se informa lo siguiente: <\/span><\/div>\n<div class=\"ff3\"><\/div>\n<div class=\"ff3\"><em><span class=\"a\">\u201cMientras losgobiernos de los estados no soliciten a la SEP que se les descuenten los <\/span><span class=\"a\">d\u00edas que no se han presentado en sus respectivas escuelas, los maestros de la CETEG y de la <\/span><span class=\"a\">secci\u00f3n 22 en Oaxaca cobrar\u00e1n sueldos \u00edntegros, pese a su ausencia <\/span><\/em><\/div>\n<div class=\"ff2\"><em><span class=\"a\">en las aulas.\u201d\u00a0<\/span><\/em><\/div>\n<div class=\"ff3\"><span class=\"a\">\u00a0<\/span><\/div>\n<div class=\"ff0\"><span class=\"a\">M\u00e1s adelante se aclara<\/span><\/div>\n<div class=\"ff0\"><\/div>\n<div class=\"ff2\"><\/div>\n<div class=\"ff2\"><em><span class=\"a\">\u201cEl problema, seg\u00fan se\u00f1ala la misma dependencia federal, es que la federaci\u00f3n tiene el control operativo de la n\u00f3mina, pero la autoridad educativa del estado mantiene la decisi\u00f3n <\/span><span class=\"a\">de los pagos y por tanto, los gobiernos de Guerrero y Oaxaca tendr\u00edan que enviar una lista <\/span><span class=\"a\">de los profesores que no se han presentado a sus funciones, a fin de que la SEP pueda descontarles los tres d\u00edas de enero que han estado fuera de las aulas.\u201d\u00a0<\/span><\/em><\/div>\n<div class=\"ff3\"><span class=\"a\">\u00a0<\/span><\/div>\n<div class=\"ff0\"><span class=\"a\">Una de las primeras observaciones que le plante\u00e9 en el 2013 a un especialista cercano al <\/span><span class=\"a\">grupo de asesores del Sr. Emilio Chuayffet Chemor, Secretario de Educaci\u00f3n P\u00fablica, fue si <\/span><span class=\"a\">la SEP ya hab\u00eda considerado la enorme complejidad que implica administrar la n\u00f3mina del <\/span><span class=\"a\">sistema educativo mexicano. Le explicaba:<\/span><\/div>\n<div class=\"ff0\"><\/div>\n<div class=\"ff0\"><\/div>\n<div class=\"ff0\"><span class=\"a\">\u201cLa adecuada reg<span class=\"l7\">ulaci\u00f3n de los recursos <span class=\"l6\">del sistema educativo, no se hace s\u00f3lo con leyes <\/span><\/span><\/span><span class=\"a\">y golpes de tim\u00f3n. Por ejemplo, la iniciativa de reforma de la ley de coordinaci\u00f3n fiscal tiene <\/span><span class=\"a\">algunas ventajas, pero plantea muchos inconvenientes.<\/span><\/div>\n<div class=\"ff0\"><\/div>\n<div class=\"ff0\"><span class=\"a\">Administrar de manera centralizada una n\u00f3mina de m\u00e1s de un mill\u00f3n de trabajadores bajo <\/span><span class=\"a\">la presi\u00f3n de un pretendido sistema de evaluaci\u00f3n continua, adem\u00e1s de las m\u00faltiples <\/span><span class=\"a\">incidencias de personal que ocurren diariamente en el sistema, no permitir\u00e1 ganar en <\/span><span class=\"a\">transparencia y repercutir\u00e1 en ineficiencias y retrasos en los pagos a los trabajadores, los <\/span><span class=\"a\">movimientos de personal y sus diversas modalidades; pero sobre todo en la asignaci\u00f3n de <\/span><span class=\"a\">recursos humanos a las escuelas.<\/span><\/div>\n<div class=\"ff0\"><\/div>\n<div class=\"ff0\"><span class=\"a\">Refiri\u00e9ndome s\u00f3lo al tema de la relaci\u00f3n Estados-Federaci\u00f3n, la mejora de la administraci\u00f3n <\/span><span class=\"a\">de los recursos en plazas del sistema educativo, se puede realizar sin necesariamente <\/span><span class=\"a\">centralizar el sistema de pagos, aplicando, por ejemplo, criterios de transparencia, apego a <\/span><span class=\"a\">la norma, eficiencia y eficacia administrativas, mediante un sistema inform\u00e1tico auditable <\/span><span class=\"a\">por las autoridades federales e inviolable en su codificaci\u00f3n program\u00e1tica, que podr\u00eda ser <\/span><span class=\"a\">operado por los gobiernos de los estados. Lo anterior podr\u00eda acompa\u00f1arse de una acci\u00f3n <\/span><span class=\"a\">de la Secretar\u00eda de Hacienda y Cr\u00e9dito P\u00fablico, la SEP y los gobiernos estatales, para revisar <\/span><span class=\"a\">y regularizar su situaci\u00f3n program\u00e1tica, presupuestal y financiera; todo esto deber\u00eda <\/span><span class=\"a\">evolucionar hacia un sistema que centrara la administraci\u00f3n de los recursos desde las <\/span><span class=\"a\">escuelas, mediante un sistema de conectividad que permitiera procesar las incidencias de <\/span><span class=\"a\">personal en tiempo real y con la concurrencia de las autoridades locales; pero el gobierno <\/span>federal parece que piensa actuar a rajatabla.\u201d2<\/div>\n<div class=\"ff0\"><\/div>\n<div class=\"ff0\"><span class=\"a\">No s\u00e9 si mis consideraciones llegaron a los o\u00eddos del Secretario de Educaci\u00f3n P\u00fablica; pero <\/span><span class=\"a\">si alguien le explic\u00f3 de lo complejo que es administrar una n\u00f3mi<span class=\"l6\">na del tipo del sistema <\/span><\/span><span class=\"a\">educativo mexicano, debi\u00f3 decirle que las incidencias de personal como las inasistencias, <\/span><span class=\"a\">requieren de ciertas condic<span class=\"l6\">iones legales para que la sanci\u00f3n del descuen<span class=\"l6\">to surta efecto. Y <\/span><\/span><\/span><span class=\"a\">si el asunto es de la gravedad que requiera del despido del trabajador, dichas condiciones <\/span><span class=\"a\">legales son a\u00fan m\u00e1s extremas.<\/span><\/div>\n<div class=\"ff0\"><\/div>\n<div class=\"ff0\"><span class=\"a\">\u00bfPor qu\u00e9 las cosas son a<span class=\"l6\">s\u00ed a pesar de que la ley general del servicio profesional docente <\/span><\/span><span class=\"a\">establece que proceder\u00e1n descuentos y despidos? Porque las normas que rigen las <\/span><span class=\"a\">relaciones laborales en la SEP y por tanto en los estados, son todav\u00eda, el reglamento de las <\/span><span class=\"a\">condiciones generales de trabajo del personal de la Secretar\u00eda de Educaci\u00f3n P\u00fablica que <\/span><span class=\"a\">data de 1946, la ley reglamentaria <span class=\"l6\">del 123 constituc<span class=\"l6\">ional en su <span class=\"l6\">apartado B y en <span class=\"l7\">la <\/span><\/span><\/span><\/span><\/span><span class=\"a\">\u00a0jurisprudencia corr<span class=\"l6\">espondiente.<\/span><\/span><\/div>\n<div class=\"ff0\"><\/div>\n<div class=\"ff0\"><span class=\"a\">Para poder hacer aplicable el conjunto de normas que rigen las relaciones laborales SEP-<\/span><span class=\"a\">SNTE (la CNTE no entra en este esquema) se requiere de un gran aparato de seguimiento y <\/span><span class=\"a\">supervisi\u00f3n que va de las direcciones generales, los departamentos de nivel, los <\/span><span class=\"a\">supervisores escolares, los directores de centros de trabajo y sus correspondientes <\/span><span class=\"a\">representaciones sindic<span class=\"l6\">ales; todas estas figuras de autorida<span class=\"l7\">d est\u00e1n en manos del SNTE o <\/span><\/span><\/span><span class=\"a\">de la CNTE, como el caso de Oaxaca.<\/span><\/div>\n<div class=\"ff0\"><\/div>\n<div class=\"ff0\"><span class=\"a\">Lo anterior significa que aunque la SEP intentara aplicar la ley, no podr\u00eda.<\/span><\/div>\n<div class=\"ff0\"><\/div>\n<div class=\"ff0\"><span class=\"a\">Por otra parte, el argumento de que son los gobiernos de los estados quienes tienen que <\/span><span class=\"a\">reportar al gobierno federal las inasistencias u otras faltas del personal, que fueran <\/span><span class=\"a\">sancionables, deriva probablemente del concepto de \u201cpatr\u00f3n sustituto\u201d, acu\u00f1ado desde <\/span><span class=\"a\">1992 y nunca aclarado.<\/span><\/div>\n<div class=\"ff0\"><\/div>\n<div class=\"ff0\"><span class=\"a\">Por otra parte, existe la siguiente ambig\u00fcedad: si el sistema de pagos y contrataciones es <\/span><span class=\"a\">ahora administrado por el gobierno federal, los trabajadores que operan todas las incidencias de personal que permiten configurar la n\u00f3mina y establecer las sanciones, son <\/span><span class=\"a\">empleados federales o estatales? <\/span><span class=\"a\">Si los trabajadores encargados de administrar el sistema de pagos y contrataciones en <\/span><span class=\"a\">cuanto a las incidencias del personal son estatales, entonces la reforma es un absurdo; <\/span><span class=\"a\">porque quien ahora tiene que administra no puede administrar. Si son en cambio <\/span><span class=\"a\">trabajadores federales \u00bfQui\u00e9nes son, y en calidad de qu\u00e9 quedar\u00eda el personal del IEEPO (l\u00e9ase \u201cSecci\u00f3n 22\u201d) que ahora realiza esas funciones?<\/span><\/div>\n<\/div>\n<\/div>\n<\/div>\n<\/div>\n<\/div>\n<div id=\"outer_page_3\" class=\"outer_page only_ie6_border \">\n<div>\n<div id=\"page3\" class=\"newpage\">\n<div class=\"text_layer\">\n<div class=\"ie_fix\">\n<div class=\"ff0\"><\/div>\n<div class=\"ff0\"><span class=\"a\">Si ahora la relaci\u00f3n estados-federaci\u00f3n se basa en un acuerdo de coordinaci\u00f3n, \u00bfd\u00f3nde est\u00e1 <\/span><span class=\"a\">su fundamento legal? Y por otra parte, bajo las condiciones de colonizaci\u00f3n del sistema <\/span><span class=\"a\">educativo por el SNTE y por la CNTE, dicho acuerdo no tendr\u00eda sentido.<\/span><\/div>\n<div class=\"ff0\"><\/div>\n<div class=\"ff0\"><span class=\"a\">Ahora resulta que las consideraciones anteriores que son ELEMENTALES en materia de <\/span><span class=\"a\">administraci\u00f3n p\u00fablica, no fueron consideradas a la hora de aprobar e instrumentar la <\/span><span class=\"a\">reforma educativa \u00a1Por favor! <\/span><\/div>\n<div class=\"ff0\"><\/div>\n<div class=\"ff0\">\n<div class=\"ff0\"><em><span class=\"a\">1 <\/span><span class=\"g\"><span class=\"a\">Puede consultar <span class=\"l6\">la nota <span class=\"l7\">en:<\/span><\/span><\/span><span class=\"a\"><a class=\"ll\" href=\"http:\/\/www.excelsior.com.mx\/nacional\/2015\/01\/11\/1001987\" target=\"_blank\" rel=\"nofollow\">\u00a0<\/a><\/span><span class=\"a\"><a class=\"ll\" href=\"http:\/\/www.excelsior.com.mx\/nacional\/2015\/01\/11\/1001987\" target=\"_blank\" rel=\"nofollow\">http:\/\/www.excelsior.com.mx\/nacional\/2015\/01\/11\/1001987<\/a><\/span><span class=\"a\"><a class=\"ll\" href=\"http:\/\/www.excelsior.com.mx\/nacional\/2015\/01\/11\/1001987\" target=\"_blank\" rel=\"nofollow\">\u00a0<\/a><\/span><\/span> <span class=\"a\">Ultima consulta, 12 de enero de 2015 <\/span><\/em><\/div>\n<div class=\"ff0\">\n<div class=\"ff0\"><em><span class=\"a\">2 <\/span><span class=\"g\"><span class=\"a\">Reforma a botepronto. Consultar en :<\/span><span class=\"a\"><a class=\"ll\" href=\"https:\/\/samaelhernandezruiz.wordpress.com\/2013\/09\/\" target=\"_blank\" rel=\"nofollow\">\u00a0<\/a><\/span><span class=\"a\"><a class=\"ll\" href=\"https:\/\/samaelhernandezruiz.wordpress.com\/2013\/09\/\" target=\"_blank\" rel=\"nofollow\">https:\/\/samaelhernandezruiz.wordpress.com\/2013\/09\/<\/a><\/span><span class=\"a\"><a class=\"ll\" href=\"https:\/\/samaelhernandezruiz.wordpress.com\/2013\/09\/\" target=\"_blank\" rel=\"nofollow\">\u00a0<\/a><\/span><\/span><\/em><\/div>\n<div class=\"ff0\"><\/div>\n<div class=\"ff0\"><\/div>\n<div class=\"ff0\"><a href=\"http:\/\/www.eloriente.net\/home\/wp-content\/uploads\/2015\/01\/La-u\u0301ltima-noche-en-campamentos-de-la-CNTE-por-Eneas-de-Troya-CC.jpg\"><img loading=\"lazy\" decoding=\"async\" class=\"alignnone size-medium wp-image-34994\" src=\"http:\/\/www.eloriente.net\/home\/wp-content\/uploads\/2015\/01\/La-u\u0301ltima-noche-en-campamentos-de-la-CNTE-por-Eneas-de-Troya-CC-300x199.jpg\" alt=\"La u\u0301ltima noche en campamentos de la CNTE por Eneas de Troya CC\" width=\"300\" height=\"199\" \/><\/a><\/div>\n<div class=\"ff0\">Foto: La \u00faltima noche en los campamentos de la CNTE<\/div>\n<div class=\"ff0\">Imagen por<\/p>\n<div id=\"yui_3_16_0_1_1421173434978_710\" class=\"view attribution-view requiredToShowOnServer clear-float\">\n<div class=\"attribution-info\"><a class=\"owner-name truncate\" title=\"Ir a la galer\u00eda de Eneas De Troya\" href=\"http:\/\/www.flickr.com\/photos\/eneas\/\" data-rapid_p=\"24\" data-track=\"attributionNameClick\">Eneas De Troya<\/a><\/p>\n<div id=\"yui_3_16_0_1_1421173434978_711\" class=\"view follow-view clear-float\">Con Licencia CC.<\/div>\n<\/div>\n<\/div>\n<\/div>\n<div class=\"ff0\"><\/div>\n<div class=\"ff0\"><\/div>\n<div class=\"ff0\"><strong>OTROS ART\u00cdCULOS DEL AUTOR EN EL ORIENTE:<\/strong><\/div>\n<div class=\"ff0\"><\/div>\n<div class=\"ff0\">\n<div id=\"post-34795\" class=\"post-34795 post type-post status-publish format-standard has-post-thumbnail hentry category-lunesdepolitica category-articulistas category-capital category-derechos-humanos category-entradas category-estados category-lo-mas-reciente category-oaxaca-estados category-politica-y-gobierno category-samael-hernandez tag-appo tag-movimientos-sociales tag-ong tag-samael-hernandez-2 tag-seccion-22 entry loop-default border_bottom_30\">\n<h2 class=\"entry_title\"><a title=\"Enlace Permanente a \u00bfMovimientos sociales est\u00e9riles? Un ensayo de Samael Hern\u00e1ndez\" href=\"http:\/\/www.eloriente.net\/home\/2014\/12\/22\/movimientos-sociales-esteriles-un-ensayo-de-samael-hernandez-2\/\" rel=\"bookmark\">\u00bfMovimientos sociales est\u00e9riles? Un ensayo de Samael Hern\u00e1ndez<\/a><\/h2>\n<p><a href=\"http:\/\/www.eloriente.net\/home\/2014\/12\/22\/movimientos-sociales-esteriles-un-ensayo-de-samael-hernandez-2\/\" rel=\"bookmark\"><img decoding=\"async\" class=\"alignleft\" title=\"\u00bfMovimientos sociales est\u00e9riles? Un ensayo de Samael Hern\u00e1ndez\" src=\"http:\/\/www.eloriente.net\/home\/wp-content\/themes\/city-desk\/timthumb.php?src=http%3A%2F%2Fwww.eloriente.net%2Fhome%2Fwp-content%2Fuploads%2F2014%2F12%2Fmr.-Theklan-055-Licencia-cc-movimientos-sociales.jpg&amp;q=90&amp;w=160&amp;h=106&amp;zc=1\" alt=\"\u00bfMovimientos sociales est\u00e9riles? Un ensayo de Samael Hern\u00e1ndez\" \/><\/a>eloriente.net 11 de enero de 2014 Por: Samael Hern\u00e1ndez Ruiz para ELORIENTE.NET Sergio Zerme\u00f1o en un arti\u0301culo relativamente reciente, hace un diagno\u0301stico en el que se\u00f1ala la incapacidad de los movimientos sociales en Me\u0301xico para mantenerse y procurar mejori\u0301as observables en las condiciones de vida de sus seguidores, a diferencia de lo que ocurre con [\u2026]<\/p>\n<div class=\"toolbar-social\">\n<div class=\"social-widget\">\n<div id=\"sharing-widget\"><a class=\"button icon-share\">Compartir<\/a> <span class=\"share-count\">1<\/span><\/div>\n<\/div>\n<\/div>\n<p class=\"postmeta\"><span class=\"meta_date\">diciembre 22, 2014<\/span><\/p>\n<\/div>\n<div id=\"post-33397\" class=\"post-33397 post type-post status-publish format-standard has-post-thumbnail hentry category-articulistas category-entradas category-estados category-lo-mas-reciente category-mexico-y-el-mundo category-politica-y-gobierno category-samael-hernandez tag-ayotzinapa entry loop-default border_bottom_30\">\n<h2 class=\"entry_title\"><a title=\"Enlace Permanente a \u201cAyotzinapa y el nuevo proyecto de naci\u00f3n\u201d, un art\u00edculo de Samael Hern\u00e1ndez\" href=\"http:\/\/www.eloriente.net\/home\/2014\/10\/22\/ayotzinapa-y-el-nuevo-proyecto-de-nacion-un-articulo-de-samael-hernandez\/\" rel=\"bookmark\">\u201cAyotzinapa y el nuevo proyecto de naci\u00f3n\u201d, un art\u00edculo de Samael Hern\u00e1ndez<\/a><\/h2>\n<p><a href=\"http:\/\/www.eloriente.net\/home\/2014\/10\/22\/ayotzinapa-y-el-nuevo-proyecto-de-nacion-un-articulo-de-samael-hernandez\/\" rel=\"bookmark\"><img decoding=\"async\" class=\"alignleft\" title=\"\u201cAyotzinapa y el nuevo proyecto de naci\u00f3n\u201d, un art\u00edculo de Samael Hern\u00e1ndez\" src=\"http:\/\/www.eloriente.net\/home\/wp-content\/themes\/city-desk\/timthumb.php?src=http%3A%2F%2Fwww.eloriente.net%2Fhome%2Fwp-content%2Fuploads%2F2014%2F10%2FAyotzinapa-R.B..jpg&amp;q=90&amp;w=160&amp;h=106&amp;zc=1\" alt=\"\u201cAyotzinapa y el nuevo proyecto de naci\u00f3n\u201d, un art\u00edculo de Samael Hern\u00e1ndez\" \/><\/a>eloriente.net 22\/octubre\/2014 Por Samael Hern\u00e1ndez El asesinato y secuestro de normalistas de Ayotzinapa, la creciente presencia del crimen organizado en el pa\u00eds, la emergencia de la protesta social a escala nacional y la evidente crisis de legitimidad de los actores pol\u00edticos, hablan de una encrucijada para M\u00e9xico. No quiero ser alarmista; pero si no actuamos [\u2026]<\/p>\n<div class=\"toolbar-social\">\n<div class=\"social-widget\">\n<div id=\"sharing-widget\"><a class=\"button icon-share\">Compartir<\/a> <span class=\"share-count\">1<\/span><\/div>\n<\/div>\n<\/div>\n<p class=\"postmeta\"><span class=\"meta_date\">octubre 22, 2014<\/span><\/p>\n<\/div>\n<\/div>\n<div class=\"ff0\"><\/div>\n<\/div>\n<\/div>\n<\/div>\n<\/div>\n<\/div>\n<\/div>\n<\/div>\n\n\t\t\t  <div \n\t\t\t  \tclass = \"fb-comments\" \n\t\t\t  \tdata-href = \"https:\/\/www.eloriente.net\/home\/2015\/01\/13\/ahora-resulta-un-articulo-sobre-seccion-22-y-educacion-por-samael-hernandez\/\"\n\t\t\t  \tdata-numposts = \"10\"\n\t\t\t\tdata-colorscheme = \"dark\"\n\t\t\t\tdata-order-by = \"social\"\n\t\t\t\tdata-mobile=true>\n\t\t\t  <\/div>\n\t\t  <style>\n\t\t\t.fb_iframe_widget_fluid_desktop iframe {\n\t\t\t    width: 100% !important;\n\t\t\t}\n\t\t  <\/style>\n\t\t  ","protected":false},"excerpt":{"rendered":"<p>eloriente.net\/Samael Hern\u00e1ndez Ruiz 13 de enero de 2015 Por: Samael Hern\u00e1ndez Ruiz. En el portal del peri\u00f3dico Excelsior, se publica el d\u00eda de hoy una nota de la reportera Lili\u00e1n Hern\u00e1ndez intitulada: \u201cIntacto, salario del magisterio que no da clases.\u201d1 En la nota citada, se informa lo siguiente: \u201cMientras losgobiernos de los estados no soliciten [&hellip;]<\/p>\n","protected":false},"author":1,"featured_media":34994,"comment_status":"open","ping_status":"open","sticky":false,"template":"","format":"standard","meta":{"_jetpack_memberships_contains_paid_content":false,"footnotes":""},"categories":[624,18,32,63,10,464,31,625],"tags":[545,184,3242,2589,847],"class_list":["post-34993","post","type-post","status-publish","format-standard","has-post-thumbnail","hentry","category-articulistas","category-educacion-y-cultura","category-entradas","category-estados","category-lo-mas-reciente","category-oaxaca-estados","category-principal","category-samael-hernandez","tag-cnte","tag-educacion","tag-emilio-chuayffet","tag-samael-hernandez-2","tag-sep"],"jetpack_featured_media_url":"https:\/\/www.eloriente.net\/home\/wp-content\/uploads\/2015\/01\/La-u\u0301ltima-noche-en-campamentos-de-la-CNTE-por-Eneas-de-Troya-CC-e1421173824755.jpg","jetpack_sharing_enabled":true,"_links":{"self":[{"href":"https:\/\/www.eloriente.net\/home\/wp-json\/wp\/v2\/posts\/34993"}],"collection":[{"href":"https:\/\/www.eloriente.net\/home\/wp-json\/wp\/v2\/posts"}],"about":[{"href":"https:\/\/www.eloriente.net\/home\/wp-json\/wp\/v2\/types\/post"}],"author":[{"embeddable":true,"href":"https:\/\/www.eloriente.net\/home\/wp-json\/wp\/v2\/users\/1"}],"replies":[{"embeddable":true,"href":"https:\/\/www.eloriente.net\/home\/wp-json\/wp\/v2\/comments?post=34993"}],"version-history":[{"count":1,"href":"https:\/\/www.eloriente.net\/home\/wp-json\/wp\/v2\/posts\/34993\/revisions"}],"predecessor-version":[{"id":34995,"href":"https:\/\/www.eloriente.net\/home\/wp-json\/wp\/v2\/posts\/34993\/revisions\/34995"}],"wp:featuredmedia":[{"embeddable":true,"href":"https:\/\/www.eloriente.net\/home\/wp-json\/wp\/v2\/media\/34994"}],"wp:attachment":[{"href":"https:\/\/www.eloriente.net\/home\/wp-json\/wp\/v2\/media?parent=34993"}],"wp:term":[{"taxonomy":"category","embeddable":true,"href":"https:\/\/www.eloriente.net\/home\/wp-json\/wp\/v2\/categories?post=34993"},{"taxonomy":"post_tag","embeddable":true,"href":"https:\/\/www.eloriente.net\/home\/wp-json\/wp\/v2\/tags?post=34993"}],"curies":[{"name":"wp","href":"https:\/\/api.w.org\/{rel}","templated":true}]}}