{"id":35027,"date":"2015-01-19T19:41:48","date_gmt":"2015-01-20T01:41:48","guid":{"rendered":"http:\/\/www.eloriente.net\/home\/?p=35027"},"modified":"2015-01-19T19:41:48","modified_gmt":"2015-01-20T01:41:48","slug":"delito-penal-ofertar-servicios-educativos-sin-autorizacion-o-reconocimiento-diputada","status":"publish","type":"post","link":"https:\/\/www.eloriente.net\/home\/2015\/01\/19\/delito-penal-ofertar-servicios-educativos-sin-autorizacion-o-reconocimiento-diputada\/","title":{"rendered":"Delito Penal ofertar servicios educativos sin autorizaci\u00f3n o reconocimiento: diputada"},"content":{"rendered":"<p><script src=\"\/\/pagead2.googlesyndication.com\/pagead\/js\/adsbygoogle.js\" async=\"\"><\/script><!-- BANNER ELORIENTE INCRUSTADO NOTAS --> <ins class=\"adsbygoogle\" style=\"display: inline-block; width: 300px; height: 250px;\" data-ad-client=\"ca-pub-1136171134853753\" data-ad-slot=\"7974633627\"><\/ins><script>\/\/ <![CDATA[\n(adsbygoogle = window.adsbygoogle || []).push({});\n\/\/ ]]><\/script><\/p>\n<p>&nbsp;<\/p>\n<p>eloriente.net\/Congreso Local<\/p>\n<p>19 de enero de 2015<\/p>\n<p class=\"\"><span lang=\"ES-TRAD\">San Raymundo Jalpan, Oaxaca., 19 de Enero 2014.\u2013 La diputada Irais Gonz\u00e1lez Melo integrante de<\/span><span lang=\"ES\">l grupo<\/span> <span lang=\"ES-TRAD\">Parlamentario de la Revoluci\u00f3n Democr\u00e1tica (PRD) de la L<\/span><span lang=\"ES\">X<\/span><span lang=\"ES-TRAD\">II Legislatura del Congreso Local<\/span><span lang=\"ES\">, present\u00f3 el proyecto de decreto por el <\/span><span lang=\"ES-TRAD\">que <\/span><span lang=\"ES\">propone<\/span><span lang=\"ES-TRAD\"> adiciona<\/span><span lang=\"ES\">r<\/span> <span lang=\"ES\">la<\/span><span lang=\"ES-TRAD\"> fracci\u00f3n XV al art\u00edculo 381 del C\u00f3digo Penal para el Estado de Oaxaca<\/span><span lang=\"ES\">, para que las personas que oferten servicios educativos sin tener autorizaci\u00f3n o el reconocimiento correspondiente, sean sancionadas penalmente por el delito de fraude.<\/span><\/p>\n<p class=\"\"><span lang=\"ES\">L<\/span><span lang=\"ES-TRAD\">a autorizaci\u00f3n as\u00ed como el reconocimiento de validez oficial, son requisitos indispensables, <\/span><span lang=\"ES\">ya que se garantiza que <\/span><span lang=\"ES-TRAD\">cuenten con <\/span><span lang=\"ES\">instalaciones adecuadas, <\/span><span lang=\"ES-TRAD\">personal calificado y un plan de estudios actualizado acorde a los requerimientos educativos<\/span><span lang=\"ES\">,<\/span><span lang=\"ES-TRAD\"> precis\u00f3 la representante popular.<\/span><\/p>\n<p class=\"\"><a href=\"http:\/\/www.eloriente.net\/home\/wp-content\/uploads\/2015\/01\/dip-Irais.jpg\"><img loading=\"lazy\" decoding=\"async\" class=\"size-medium wp-image-35028 aligncenter\" src=\"http:\/\/www.eloriente.net\/home\/wp-content\/uploads\/2015\/01\/dip-Irais-300x215.jpg\" alt=\"dip Irais\" width=\"300\" height=\"215\" srcset=\"https:\/\/www.eloriente.net\/home\/wp-content\/uploads\/2015\/01\/dip-Irais-300x215.jpg 300w, https:\/\/www.eloriente.net\/home\/wp-content\/uploads\/2015\/01\/dip-Irais-1024x737.jpg 1024w, https:\/\/www.eloriente.net\/home\/wp-content\/uploads\/2015\/01\/dip-Irais.jpg 2045w\" sizes=\"(max-width: 300px) 100vw, 300px\" \/><\/a><\/p>\n<p class=\"\" style=\"text-align: center;\"><em>Imagen: Congreso del Estado<\/em><\/p>\n<p class=\"\"><span lang=\"ES\">Resalt\u00f3 con mucha preocupaci\u00f3n, que este tipo de instituciones fraudulentas se est\u00e1n estableciendo <\/span><span lang=\"ES-TRAD\">en<\/span><span lang=\"ES\"> lugares como<\/span> <span lang=\"ES-TRAD\">Tlaxiaco, Pochutla, Miahuatl\u00e1n, Putla de Guerrero, Pinotepa Nacional, Jamiltepec, Ocotl\u00e1n de Morelos, Teposcolula, Juchit\u00e1n,<\/span> <span lang=\"ES\">ya que <\/span><span lang=\"ES-TRAD\">aprovech\u00e1ndose de la <\/span><span lang=\"ES\">demanda <\/span><span lang=\"ES-TRAD\">de contar con escuelas <\/span><span lang=\"ES\">superiores <\/span><span lang=\"ES-TRAD\">en las regiones de nuestro estado, sorprenden principalmente<\/span><span lang=\"ES\"> a j\u00f3venes <\/span><span lang=\"ES-TRAD\">que no pudieron <\/span><span lang=\"ES\">ingresar <\/span><span lang=\"ES-TRAD\">en una instituci\u00f3n p\u00fablica, vi\u00e9ndose obligados a buscar alternativas en<\/span><span lang=\"ES\"> estas<\/span> <span lang=\"ES-TRAD\">instituciones particulares, para contar con <\/span><span lang=\"ES\">un t\u00edtulo profesional.<\/span><\/p>\n<p class=\"\"><span lang=\"ES\">Estas <\/span><span lang=\"ES-TRAD\">escuelas tambi\u00e9n denominadas patito, alcanzan un lucro indebido, al recibir los pagos por parte de quienes estudian en ellas, bajo el enga\u00f1o que estas instituciones cuentan con una autorizaci\u00f3n o reconocimiento de validez oficial de estudios, acreditado y avalado por la autoridad educativa<\/span><span lang=\"ES\">.<\/span><\/p>\n<p class=\"\"><span lang=\"ES\">La representante popular finaliz\u00f3 que <\/span><span lang=\"ES-TRAD\">nuestra tarea como legisladores es adecuar el marco jur\u00eddico, para que este tipo de conductas sean tipificadas penalmente, es necesario poner un alto a la impunidad y sancionar a quienes hoy en d\u00eda, lucran y ocasionan un grave perjuicio en el patrimonio de las familias oaxaque\u00f1as.<\/span><\/p>\n<p class=\"\"><strong>OTRAS ENTRADAS:<\/strong><\/p>\n<div id=\"post-33153\" class=\"post-33153 post type-post status-publish format-standard has-post-thumbnail hentry category-canal-1-tu-aula category-educacion-y-cultura category-entradas category-lo-mas-reciente category-mexico-y-el-mundo category-universidades tag-america-latina entry loop-default border_bottom_30\">\n<h2 class=\"entry_title\"><a title=\"Enlace Permanente a El rol de las universidades en Am\u00e9rica Latina\" href=\"http:\/\/www.eloriente.net\/home\/2014\/10\/14\/el-rol-de-las-universidades-en-america-latina\/\" rel=\"bookmark\">El rol de las universidades en Am\u00e9rica Latina<\/a><\/h2>\n<p><a href=\"http:\/\/www.eloriente.net\/home\/2014\/10\/14\/el-rol-de-las-universidades-en-america-latina\/\" rel=\"bookmark\"><img decoding=\"async\" class=\"alignleft\" title=\"El rol de las universidades en Am\u00e9rica Latina\" src=\"http:\/\/www.eloriente.net\/home\/wp-content\/themes\/city-desk\/timthumb.php?src=http%3A%2F%2Fwww.eloriente.net%2Fhome%2Fwp-content%2Fuploads%2F2014%2F10%2FUBA-IMAGEN%5E.jpg&amp;q=90&amp;w=160&amp;h=106&amp;zc=1\" alt=\"El rol de las universidades en Am\u00e9rica Latina\" \/><\/a>eloriente.net 14\/octubre\/2014 Hace cinco a\u00f1os, el periodista argentino Andr\u00e9s Oppenheimer, plante\u00f3 el tema que esta semana tratamos en El Oriente: las universidades en Am\u00e9rica Latina. En esa ocasi\u00f3n, se form\u00f3 un debate entre rectores de importantes instituciones de la regi\u00f3n, como Rafael Rangel, rector del Tecnol\u00f3gico de Monterrey, Michael M. Crow, Presidente de la Universidad [\u2026]<\/p>\n<p class=\"postmeta\"><span class=\"meta_date\">octubre 14, 2014<\/span><\/p>\n<\/div>\n<div id=\"post-32480\" class=\"post-32480 post type-post status-publish format-standard has-post-thumbnail hentry category-colaboradores category-educacion-y-cultura category-entradas category-estados category-lo-mas-reciente category-mexico-y-el-mundo category-principal category-puebla category-tecnologico-de-monterrey category-universidades tag-itesm entry loop-default border_bottom_30\">\n<h2 class=\"entry_title\"><a title=\"Enlace Permanente a Tec de Monterrey entre las 100 mejores universidades del mundo\" href=\"http:\/\/www.eloriente.net\/home\/2014\/09\/26\/tec-de-monterrey-entre-las-100-mejores-universidades-del-mundo\/\" rel=\"bookmark\">Tec de Monterrey entre las 100 mejores universidades del mundo<\/a><\/h2>\n<p><a href=\"http:\/\/www.eloriente.net\/home\/2014\/09\/26\/tec-de-monterrey-entre-las-100-mejores-universidades-del-mundo\/\" rel=\"bookmark\"><img decoding=\"async\" class=\"alignleft\" title=\"Tec de Monterrey entre las 100 mejores universidades del mundo\" src=\"http:\/\/www.eloriente.net\/home\/wp-content\/themes\/city-desk\/timthumb.php?src=http%3A%2F%2Fwww.eloriente.net%2Fhome%2Fwp-content%2Fuploads%2F2014%2F09%2FTec-de-MTY-HKFarewell.jpg&amp;q=90&amp;w=160&amp;h=106&amp;zc=1\" alt=\"Tec de Monterrey entre las 100 mejores universidades del mundo\" \/><\/a>eloriente.net 26\/septiembre\/2014 Por Lourdes Mateos Espejel La empresa Quacquarelli Symonds, anunci\u00f3 que el Tecnol\u00f3gico de Monterrey ocupa el lugar 63 en lo correspondiente a la opini\u00f3n de los empleadores dentro del \u201cQS World University Rankings\u201d, que realiza desde hace una d\u00e9cada. Ubicando a los 31 campus , incluido el Campus Puebla, en primer lugar en [\u2026]<\/p>\n<p class=\"postmeta\"><span class=\"meta_date\">septiembre 26, 2014<\/span><\/p>\n<\/div>\n\n\t\t\t  <div \n\t\t\t  \tclass = \"fb-comments\" \n\t\t\t  \tdata-href = \"https:\/\/www.eloriente.net\/home\/2015\/01\/19\/delito-penal-ofertar-servicios-educativos-sin-autorizacion-o-reconocimiento-diputada\/\"\n\t\t\t  \tdata-numposts = \"10\"\n\t\t\t\tdata-colorscheme = \"dark\"\n\t\t\t\tdata-order-by = \"social\"\n\t\t\t\tdata-mobile=true>\n\t\t\t  <\/div>\n\t\t  <style>\n\t\t\t.fb_iframe_widget_fluid_desktop iframe {\n\t\t\t    width: 100% !important;\n\t\t\t}\n\t\t  <\/style>\n\t\t  ","protected":false},"excerpt":{"rendered":"<p>&nbsp; eloriente.net\/Congreso Local 19 de enero de 2015 San Raymundo Jalpan, Oaxaca., 19 de Enero 2014.\u2013 La diputada Irais Gonz\u00e1lez Melo integrante del grupo Parlamentario de la Revoluci\u00f3n Democr\u00e1tica (PRD) de la LXII Legislatura del Congreso Local, present\u00f3 el proyecto de decreto por el que propone adicionar la fracci\u00f3n XV al art\u00edculo 381 del C\u00f3digo [&hellip;]<\/p>\n","protected":false},"author":1,"featured_media":35028,"comment_status":"open","ping_status":"open","sticky":false,"template":"","format":"standard","meta":{"_jetpack_memberships_contains_paid_content":false,"footnotes":""},"categories":[1588,91,32,63,464,21],"tags":[],"class_list":["post-35027","post","type-post","status-publish","format-standard","has-post-thumbnail","hentry","category-comunicados-y-boletines","category-congreso-y-justicia","category-entradas","category-estados","category-oaxaca-estados","category-politica-y-gobierno"],"jetpack_featured_media_url":"https:\/\/www.eloriente.net\/home\/wp-content\/uploads\/2015\/01\/dip-Irais.jpg","jetpack_sharing_enabled":true,"_links":{"self":[{"href":"https:\/\/www.eloriente.net\/home\/wp-json\/wp\/v2\/posts\/35027"}],"collection":[{"href":"https:\/\/www.eloriente.net\/home\/wp-json\/wp\/v2\/posts"}],"about":[{"href":"https:\/\/www.eloriente.net\/home\/wp-json\/wp\/v2\/types\/post"}],"author":[{"embeddable":true,"href":"https:\/\/www.eloriente.net\/home\/wp-json\/wp\/v2\/users\/1"}],"replies":[{"embeddable":true,"href":"https:\/\/www.eloriente.net\/home\/wp-json\/wp\/v2\/comments?post=35027"}],"version-history":[{"count":1,"href":"https:\/\/www.eloriente.net\/home\/wp-json\/wp\/v2\/posts\/35027\/revisions"}],"predecessor-version":[{"id":35029,"href":"https:\/\/www.eloriente.net\/home\/wp-json\/wp\/v2\/posts\/35027\/revisions\/35029"}],"wp:featuredmedia":[{"embeddable":true,"href":"https:\/\/www.eloriente.net\/home\/wp-json\/wp\/v2\/media\/35028"}],"wp:attachment":[{"href":"https:\/\/www.eloriente.net\/home\/wp-json\/wp\/v2\/media?parent=35027"}],"wp:term":[{"taxonomy":"category","embeddable":true,"href":"https:\/\/www.eloriente.net\/home\/wp-json\/wp\/v2\/categories?post=35027"},{"taxonomy":"post_tag","embeddable":true,"href":"https:\/\/www.eloriente.net\/home\/wp-json\/wp\/v2\/tags?post=35027"}],"curies":[{"name":"wp","href":"https:\/\/api.w.org\/{rel}","templated":true}]}}