{"id":35404,"date":"2015-02-12T10:16:56","date_gmt":"2015-02-12T16:16:56","guid":{"rendered":"http:\/\/www.eloriente.net\/home\/?p=35404"},"modified":"2015-02-12T10:18:01","modified_gmt":"2015-02-12T16:18:01","slug":"dialogo-nacional-hacia-un-estado-abierto-en-mexico","status":"publish","type":"post","link":"https:\/\/www.eloriente.net\/home\/2015\/02\/12\/dialogo-nacional-hacia-un-estado-abierto-en-mexico\/","title":{"rendered":"Di\u00e1logo nacional: Hacia un Estado abierto en M\u00e9xico"},"content":{"rendered":"<p><script src=\"\/\/pagead2.googlesyndication.com\/pagead\/js\/adsbygoogle.js\" async=\"\"><\/script><!-- BANNER ELORIENTE INCRUSTADO NOTAS --> <ins class=\"adsbygoogle\" style=\"display: inline-block; width: 300px; height: 250px;\" data-ad-client=\"ca-pub-1136171134853753\" data-ad-slot=\"7974633627\"><\/ins><script>\/\/ <![CDATA[\n(adsbygoogle = window.adsbygoogle || []).push({});\n\/\/ ]]><\/script><\/p>\n<p>(<a href=\"http:\/\/www.eloriente.net\/home\" target=\"_blank\">www.eloriente.net<\/a>, M\u00e9xico, 11 de Febrero del 2015) .-\u00a0El Canal 1 de ELORIENTE.NET te acerca gratuitamente esta serie de conferencias que conforman \u00abDialogo nacional: Hacia un Estado abierto en M\u00e9xico\u00bb, presentado y dirigido por integrantes del <a href=\"http:\/\/inicio.ifai.org.mx\/SitePages\/ifai.aspx\" target=\"_blank\">Instituto Federal de Acceso a la informaci\u00f3n y Protecci\u00f3n de Datos (Ifai)<\/a> as\u00ed como expertos en el tema de gobierno abierto.<\/p>\n<p><a href=\"http:\/\/www.eloriente.net\/home\/wp-content\/uploads\/2014\/02\/IFAI.jpg\"><img loading=\"lazy\" decoding=\"async\" class=\"alignnone size-medium wp-image-21619\" src=\"http:\/\/www.eloriente.net\/home\/wp-content\/uploads\/2014\/02\/IFAI-300x165.jpg\" alt=\"Comunicado IFAI-01-14.jpg\" width=\"300\" height=\"165\" srcset=\"https:\/\/www.eloriente.net\/home\/wp-content\/uploads\/2014\/02\/IFAI-300x165.jpg 300w, https:\/\/www.eloriente.net\/home\/wp-content\/uploads\/2014\/02\/IFAI.jpg 823w\" sizes=\"(max-width: 300px) 100vw, 300px\" \/><\/a><\/p>\n<p>Foto: Archivo\/ eloriente.net<\/p>\n<p>Estas conferencias son gracias a las herramientas que otorga el Ifai y que puso a disposici\u00f3n en septiembre del 2014. Adem\u00e1s pretenden dar a conocer discusiones sobre un gobierno abierto, sus alcances y limitaciones.<\/p>\n<p>Aqu\u00ed nos explican qu\u00e9 es un gobierno abierto y qu\u00e9 organismos la promueven en nuestro pa\u00eds.<\/p>\n<p>Esta serie de di\u00e1logos tienen tres ejes fundamentales, el primero es sobre la construcci\u00f3n de un estado abierto y las alternativas para mejorar la efectividad de las instituciones p\u00fablicas en M\u00e9xico. El segundo eje se refiere a la experiencia a nivel nacional y federal que se ha logrado en la alianza para un gobierno abierto; y el tercer eje es sobre los avances y retos a los que se ha enfrentado el parlamento abierto en M\u00e9xico.<\/p>\n<p>A continuaci\u00f3n ELORIENTE.NET te presenta la serie de v\u00eddeos, donde podr\u00e1s informarte sobre este tema, que est\u00e1 en discusi\u00f3n en nuestro pa\u00eds.<\/p>\n<p>Mesa de di\u00e1logo 1: Expositores: Doctor Jos\u00e9 Fern\u00e1ndez Santill\u00e1n, maestro Nicol\u00e1s Dassen, Doctor Marcos Mendiburu y Doctor Alberto Precht Rorris<br \/>\n<iframe loading=\"lazy\" src=\"https:\/\/www.youtube.com\/embed\/ye3A8iE0tAM?list=PLAhw62t2Z4CoVWYNmTwM7Ifz__eqggk8i\" width=\"560\" height=\"315\" frameborder=\"0\" allowfullscreen=\"allowfullscreen\"><\/iframe><\/p>\n<p>&nbsp;<\/p>\n<p>Mesa de di\u00e1logo 2: Expositores: Doctor Eduardo Bohorquez, maestro Pablo Villareal Soberanes y doctor Francisco \u00c1lvarez C\u00f3rdoba<br \/>\n<iframe loading=\"lazy\" src=\"https:\/\/www.youtube.com\/embed\/Sjh5A4lgOn4?list=PLAhw62t2Z4CoVWYNmTwM7Ifz__eqggk8i\" width=\"560\" height=\"315\" frameborder=\"0\" allowfullscreen=\"allowfullscreen\"><\/iframe><\/p>\n<p>&nbsp;<\/p>\n<p>Mesa de di\u00e1logo 3: Expositores: Senadora Arely G\u00f3mez Gonz\u00e1lez, maestra Melissa Ortiz Mass\u00f3 y Polit\u00f3loga Mar\u00eda del Carmen Naya<br \/>\n<iframe loading=\"lazy\" src=\"https:\/\/www.youtube.com\/embed\/02hVBSGB2b4?list=PLAhw62t2Z4CoVWYNmTwM7Ifz__eqggk8i\" width=\"560\" height=\"315\" frameborder=\"0\" allowfullscreen=\"allowfullscreen\"><\/iframe><br \/>\n<strong>OTRAS ENTRADAS:<\/strong><\/p>\n<h2 class=\"entry_title\"><a title=\"Enlace Permanente a El uso de la voz: Alejandro Jodorowsky\" href=\"http:\/\/www.eloriente.net\/home\/2014\/12\/19\/el-uso-de-la-voz-alejandro-jodorowsky\/\" rel=\"bookmark\">El uso de la voz: Alejandro Jodorowsky<\/a><\/h2>\n<p><a href=\"http:\/\/www.eloriente.net\/home\/2014\/12\/19\/el-uso-de-la-voz-alejandro-jodorowsky\/\" rel=\"bookmark\"><img decoding=\"async\" class=\"alignleft\" title=\"El uso de la voz: Alejandro Jodorowsky\" src=\"http:\/\/www.eloriente.net\/home\/wp-content\/themes\/city-desk\/timthumb.php?src=http%3A%2F%2Fwww.eloriente.net%2Fhome%2Fwp-content%2Fuploads%2F2013%2F08%2F%40AlejandroJodorowsky-e1376830468973.jpg&amp;q=90&amp;w=160&amp;h=106&amp;zc=1\" alt=\"El uso de la voz: Alejandro Jodorowsky\" \/><\/a><\/p>\n<p>eloriente.net 19 de diciembre de 2014 La comunicaci\u00f3n, o el estudio y pr\u00e1ctica de la comunicaci\u00f3n, no se conforma \u00fanicamente de herramientas y t\u00e9cnicas duras, sino sobre todo de profundas sutilezas y sabidur\u00eda. Por lo tanto, este viernes (d\u00eda en el que com\u00fanmente te compartimos un texto sobre este apasionante campo), decidimos recomendarte un video [\u2026]<\/p>\n<p>&nbsp;<\/p>\n<p>&nbsp;<\/p>\n<h2 class=\"entry_title\"><a title=\"Enlace Permanente a Gobierno abierto, \u00bfmoda o nuevo modelo de gobernanza?\" href=\"http:\/\/www.eloriente.net\/home\/2015\/02\/09\/gobierno-abierto-moda-o-nuevo-modelo-de-gobernanza\/\" rel=\"bookmark\">Gobierno abierto, \u00bfmoda o nuevo modelo de gobernanza?<\/a><\/h2>\n<p><a href=\"http:\/\/www.eloriente.net\/home\/2015\/02\/09\/gobierno-abierto-moda-o-nuevo-modelo-de-gobernanza\/\" rel=\"bookmark\"><img decoding=\"async\" class=\"alignleft\" title=\"Gobierno abierto, \u00bfmoda o nuevo modelo de gobernanza?\" src=\"http:\/\/www.eloriente.net\/home\/wp-content\/themes\/city-desk\/timthumb.php?src=http%3A%2F%2Fwww.eloriente.net%2Fhome%2Fwp-content%2Fuploads%2F2012%2F09%2Fpe%C3%B1a-Nieto-World-Economic-Forum-flickr-e1423507507589.jpg&amp;q=90&amp;w=160&amp;h=106&amp;zc=1\" alt=\"Gobierno abierto, \u00bfmoda o nuevo modelo de gobernanza?\" \/><\/a><\/p>\n<p>Por: Alejandro Cruz Pimentel\u00a0 (www.eloriente.net, M\u00e9xico 9 de Febrero del 2015).- Los principios b\u00e1sicos en los que se sustentan las cada vez m\u00e1s numerosas iniciativas ligadas al gobierno abierto tienen su origen en el Memorando sobre Transparencia y Gobierno Abierto que el Presidente norteamericano Barack Obama lanzara al inicio de su mandato en enero de [\u2026]<\/p>\n\n\t\t\t  <div \n\t\t\t  \tclass = \"fb-comments\" \n\t\t\t  \tdata-href = \"https:\/\/www.eloriente.net\/home\/2015\/02\/12\/dialogo-nacional-hacia-un-estado-abierto-en-mexico\/\"\n\t\t\t  \tdata-numposts = \"10\"\n\t\t\t\tdata-colorscheme = \"dark\"\n\t\t\t\tdata-order-by = \"social\"\n\t\t\t\tdata-mobile=true>\n\t\t\t  <\/div>\n\t\t  <style>\n\t\t\t.fb_iframe_widget_fluid_desktop iframe {\n\t\t\t    width: 100% !important;\n\t\t\t}\n\t\t  <\/style>\n\t\t  ","protected":false},"excerpt":{"rendered":"<p>(www.eloriente.net, M\u00e9xico, 11 de Febrero del 2015) .-\u00a0El Canal 1 de ELORIENTE.NET te acerca gratuitamente esta serie de conferencias que conforman \u00abDialogo nacional: Hacia un Estado abierto en M\u00e9xico\u00bb, presentado y dirigido por integrantes del Instituto Federal de Acceso a la informaci\u00f3n y Protecci\u00f3n de Datos (Ifai) as\u00ed como expertos en el tema de gobierno [&hellip;]<\/p>\n","protected":false},"author":1,"featured_media":21619,"comment_status":"open","ping_status":"open","sticky":false,"template":"","format":"standard","meta":{"_jetpack_memberships_contains_paid_content":false,"footnotes":""},"categories":[3,32,10,24,21],"tags":[3353,3354,3352,359,231],"class_list":["post-35404","post","type-post","status-publish","format-standard","has-post-thumbnail","hentry","category-canal-1-tu-aula","category-entradas","category-lo-mas-reciente","category-mexico-y-el-mundo","category-politica-y-gobierno","tag-cursos-on-line","tag-dialogo","tag-gobierno-abierto","tag-ifai","tag-politica"],"jetpack_featured_media_url":"https:\/\/www.eloriente.net\/home\/wp-content\/uploads\/2014\/02\/IFAI.jpg","jetpack_sharing_enabled":true,"_links":{"self":[{"href":"https:\/\/www.eloriente.net\/home\/wp-json\/wp\/v2\/posts\/35404"}],"collection":[{"href":"https:\/\/www.eloriente.net\/home\/wp-json\/wp\/v2\/posts"}],"about":[{"href":"https:\/\/www.eloriente.net\/home\/wp-json\/wp\/v2\/types\/post"}],"author":[{"embeddable":true,"href":"https:\/\/www.eloriente.net\/home\/wp-json\/wp\/v2\/users\/1"}],"replies":[{"embeddable":true,"href":"https:\/\/www.eloriente.net\/home\/wp-json\/wp\/v2\/comments?post=35404"}],"version-history":[{"count":8,"href":"https:\/\/www.eloriente.net\/home\/wp-json\/wp\/v2\/posts\/35404\/revisions"}],"predecessor-version":[{"id":35445,"href":"https:\/\/www.eloriente.net\/home\/wp-json\/wp\/v2\/posts\/35404\/revisions\/35445"}],"wp:featuredmedia":[{"embeddable":true,"href":"https:\/\/www.eloriente.net\/home\/wp-json\/wp\/v2\/media\/21619"}],"wp:attachment":[{"href":"https:\/\/www.eloriente.net\/home\/wp-json\/wp\/v2\/media?parent=35404"}],"wp:term":[{"taxonomy":"category","embeddable":true,"href":"https:\/\/www.eloriente.net\/home\/wp-json\/wp\/v2\/categories?post=35404"},{"taxonomy":"post_tag","embeddable":true,"href":"https:\/\/www.eloriente.net\/home\/wp-json\/wp\/v2\/tags?post=35404"}],"curies":[{"name":"wp","href":"https:\/\/api.w.org\/{rel}","templated":true}]}}