{"id":35625,"date":"2015-02-20T19:52:08","date_gmt":"2015-02-21T01:52:08","guid":{"rendered":"http:\/\/www.eloriente.net\/home\/?p=35625"},"modified":"2015-02-20T19:52:08","modified_gmt":"2015-02-21T01:52:08","slug":"3000-habitaciones-aumentara-capacidad-hotelera-con-centro-de-convenciones-urge-analisis-foa","status":"publish","type":"post","link":"https:\/\/www.eloriente.net\/home\/2015\/02\/20\/3000-habitaciones-aumentara-capacidad-hotelera-con-centro-de-convenciones-urge-analisis-foa\/","title":{"rendered":"3,000 habitaciones aumentar\u00e1 capacidad hotelera con Centro de Convenciones; urge an\u00e1lisis: FOA"},"content":{"rendered":"<p>eloriente.net\/Foro Oaxaque\u00f1o del Agua*<\/p>\n<p>20 de febrero de 2015<\/p>\n<p>La 41a asamblea del Foro Oaxaque\u00f1o del Agua (FOA) que se llev\u00f3 a cabo en la Casa de la Ciudad, acord\u00f3 realizar un llamamiento a las autoridades, empresarios y habitantes de la ciudad de Oaxaca para frenar los proyectos que pueden afectar el ambiente y la cultura locales como el Centro Cultural y de Convenciones, que el gobierno del estado pretende construir en el Cerro del Fort\u00edn.<\/p>\n<p>Los asistentes a la asamblea acordaron adem\u00e1s presentar un extra\u00f1amiento a la Secretaria de Turismo y Desarrollo Econ\u00f3mico (STyDE), organismo que, sin explicaci\u00f3n, no envi\u00f3 ning\u00fan representante a la reuni\u00f3n luego de haber sido invitado reiteradamente para presentar el proyecto.<\/p>\n<p>La asamblea solicitar\u00e1 al Instituto Estatal de Ecolog\u00eda y Desarrollo Sustentable (IEEDS) que ponga a disposici\u00f3n del FOA la manifestaci\u00f3n de impacto ambiental presentada por la STyDE, lso terminus de la autorizaci\u00f3n condicionada del proyecto, as\u00ed como el expediente t\u00e9cnico completo. Adem\u00e1s, solicitar\u00e1 al Municipio de Oaxaca de Ju\u00e1rez, al IEEDS y a la Secretar\u00eda de Comunicaciones y Transportes (SCT), que exija a la STyDE la presentaci\u00f3n del proyecto ejecutivo y la realizaci\u00f3n de un estudio integral de justificaci\u00f3n, que entre otros elementos analice el impacto en los requerimientos de agua, servicios, manejo de deshechos, circulaci\u00f3n y vialidades derivados del aumento en 3,000 habitaciones en la capacidad hotelera de la zona centro de la ciudad. Tambi\u00e9n se acord\u00f3 pedir un estudio de impacto ambiental independiente al presentado por la STyDE, que fue realizado por la misma empresa poblana de que realiz\u00f3 la propuestoa del Centro.<\/p>\n<p>A la asamblea asistieron representantes de la Agrupaci\u00f3n Colegiada de Profesionales del Desarrollo Urbano de Oaxaca y el arquitecto Jos\u00e9 M\u00e1rquez P\u00e9rez, presidente de Pro-Oax, quienes reiteraron que el proyecto carece de planeaci\u00f3n y justificaci\u00f3n y contraviene el Programa de Manejo del Parque Estatal Cerro del Fort\u00edn.<\/p>\n<p>Vecinos de la Colonia Guelaguetza Centro se hicieron presentes en la asamblea para denunciar el comienzo de obras sin autorizaci\u00f3n. La asamblea decidi\u00f3 conformar un grupo para realizar un recorrido general el domingo 22 de febrero a las 9:00 am, con cita en el Parque de la Amistad, en las inmediaciones del lugar donde se pretende construir el estacionamiento del Centro de Convenciones, para verificar las denuncias y evaluar posibles acciones legales. Se conformar\u00e1 adem\u00e1s un grupo de trabajo integrado por colonias, colegios de ingenieros, arquitectos y urbanistas y otras organizaciones para dar seguimiento a los acuerdos.<\/p>\n<p>El responsable de impacto ambiental del IEEDS, Efra\u00edn Lavariega, inform\u00f3 a la asamblea que el Instituto gener\u00f3 una autorizaci\u00f3n condicionada, es decir, que la STDE deber\u00e1 presentar varios documentos antes de obtener una autorizaci\u00f3n final de impacto ambiental.<\/p>\n<p>La 41 asamblea del FOA cont\u00f3 con una exposici\u00f3n del urbanista Gustavo Madrid, director de la Casa de la Ciudad, sobre el desarrollo urbano en la ciudad de Oaxaca, el aumento de la poblaci\u00f3n, las deficiencias del transporte p\u00fablico, la disminuci\u00f3n de \u00e1reas verdes por el avance de la mancha urbana y los problemas derivados de la falta de planeaci\u00f3n y legislaci\u00f3n adecuada.<\/p>\n<p>En la asamblea tambi\u00e9n se brind\u00f3 informaci\u00f3n sobre los avances en la consulta a las comunidades de Ocotl\u00e1n y Zimatl\u00e1n sobre la modificaci\u00f3n a la veda del acu\u00edfero de los Valles Centrales, la iniciativa de conservaci\u00f3n de la Cordillera Norte y sobre una denuncia presentada ante la Profepa para detener invasiones en el Parque Nacional Benito Ju\u00e1rez.<\/p>\n<p>A la reuni\u00f3n, de car\u00e1cter p\u00fablico, asistieron 90 participantes provenientes de comunidades, organizaciones de la sociedad civil, dependencias de gobierno, instituciones acad\u00e9micas y medios de comunicaci\u00f3n.<\/p>\n<p><a href=\"http:\/\/www.eloriente.net\/home\/wp-content\/uploads\/2015\/02\/Foro-Oaxaque\u00f1o-del-Agua-Asamblea.jpg\"><img loading=\"lazy\" decoding=\"async\" class=\"alignnone size-medium wp-image-35626\" src=\"http:\/\/www.eloriente.net\/home\/wp-content\/uploads\/2015\/02\/Foro-Oaxaque\u00f1o-del-Agua-Asamblea-194x300.jpg\" alt=\"Foro Oaxaque\u00f1o del Agua Asamblea\" width=\"194\" height=\"300\" srcset=\"https:\/\/www.eloriente.net\/home\/wp-content\/uploads\/2015\/02\/Foro-Oaxaque\u00f1o-del-Agua-Asamblea-194x300.jpg 194w, https:\/\/www.eloriente.net\/home\/wp-content\/uploads\/2015\/02\/Foro-Oaxaque\u00f1o-del-Agua-Asamblea.jpg 623w\" sizes=\"(max-width: 194px) 100vw, 194px\" \/><\/a><\/p>\n<p>*Comunicado<\/p>\n<p><strong>OTRAS ENTRADAS:<\/strong><\/p>\n<div id=\"post-34237\" class=\"post-34237 post type-post status-publish format-standard has-post-thumbnail hentry category-canal-4-especiales category-entradas category-lo-mas-reciente category-principal category-puebla category-turismo-y-negocios tag-turismo-empresarios entry loop-default border_bottom_30\">\n<h2 class=\"entry_title\"><a title=\"Enlace Permanente a William O. Jenkins, el Centro de Convenciones de Puebla\" href=\"http:\/\/www.eloriente.net\/home\/2014\/11\/27\/william-o-jenkins-el-centro-de-convenciones-de-puebla\/\" rel=\"bookmark\">William O. Jenkins, el Centro de Convenciones de Puebla<\/a><\/h2>\n<p><a href=\"http:\/\/www.eloriente.net\/home\/2014\/11\/27\/william-o-jenkins-el-centro-de-convenciones-de-puebla\/\" rel=\"bookmark\"><img decoding=\"async\" class=\"alignleft\" title=\"William O. Jenkins, el Centro de Convenciones de Puebla\" src=\"http:\/\/www.eloriente.net\/home\/wp-content\/themes\/city-desk\/timthumb.php?src=http%3A%2F%2Fwww.eloriente.net%2Fhome%2Fwp-content%2Fuploads%2F2014%2F11%2FFachadaCentroConvenciones.jpg&amp;q=90&amp;w=160&amp;h=106&amp;zc=1\" alt=\"William O. Jenkins, el Centro de Convenciones de Puebla\" \/><\/a>(www.eloriente.net, M\u00e9xico, 26 de noviembre\/2014).- El Centro de Convenciones Puebla William O. Jenkins es el \u00fanico en Am\u00e9rica Latina que se encuentra ubicado en pleno Centro Hist\u00f3rico de la ciudad, ha sido instalado sobre los edificios de las antiguas f\u00e1bricas textiles La Gu\u00eda, La Esperanza, La Mascota y La Pastora, respetando lo valioso de su [\u2026]<\/p>\n<p class=\"postmeta\"><span class=\"meta_date\">noviembre 27, 2014<\/span><\/p>\n<\/div>\n<div id=\"post-35619\" class=\"post-35619 post type-post status-publish format-standard has-post-thumbnail hentry category-capital category-comunicados-y-boletines category-derechos-humanos category-entradas category-estados category-lo-mas-reciente category-municipios category-oaxaca-estados category-politica-y-gobierno tag-ambulantaje tag-gobierno-de-la-ciudad tag-javier-villacana entry loop-default border_bottom_30\">\n<h2 class=\"entry_title\"><a title=\"Enlace Permanente a Ning\u00fan puesto m\u00e1s en Oaxaca de Ju\u00e1rez: firman l\u00edderes de ambulantes\" href=\"http:\/\/www.eloriente.net\/home\/2015\/02\/19\/ningun-puesto-mas-en-oaxaca-de-juarez-firman-lideres-de-ambulantes\/\" rel=\"bookmark\">Ning\u00fan puesto m\u00e1s en Oaxaca de Ju\u00e1rez: firman l\u00edderes de ambulantes<\/a><\/h2>\n<p><a href=\"http:\/\/www.eloriente.net\/home\/2015\/02\/19\/ningun-puesto-mas-en-oaxaca-de-juarez-firman-lideres-de-ambulantes\/\" rel=\"bookmark\"><img decoding=\"async\" class=\"alignleft\" title=\"Ning\u00fan puesto m\u00e1s en Oaxaca de Ju\u00e1rez: firman l\u00edderes de ambulantes\" src=\"http:\/\/www.eloriente.net\/home\/wp-content\/themes\/city-desk\/timthumb.php?src=http%3A%2F%2Fwww.eloriente.net%2Fhome%2Fwp-content%2Fuploads%2F2015%2F02%2Freunio%CC%81n-con-lideres-de-ambulantes-8.jpg&amp;q=90&amp;w=160&amp;h=106&amp;zc=1\" alt=\"Ning\u00fan puesto m\u00e1s en Oaxaca de Ju\u00e1rez: firman l\u00edderes de ambulantes\" \/><\/a>eloriente.net\/Gobierno de Oaxaca de Ju\u00e1rez 19 de febrero de 2015 Dirigentes de organizaciones sociales y comerciantes en v\u00eda p\u00fablica que representan un 90 por ciento del comercio ambulante se comprometieron ante el Presidente Municipal de Oaxaca de Ju\u00e1rez, Javier Villaca\u00f1a Jim\u00e9nez a no colocar ning\u00fan puesto m\u00e1s dentro de la municipalidad, bajo el entendido que [\u2026]<\/p>\n<p class=\"postmeta\"><span class=\"meta_date\">febrero 19, 2015<\/span><\/p>\n<\/div>\n<div id=\"post-35122\" class=\"post-35122 post type-post status-publish format-standard has-post-thumbnail hentry category-comunicados-y-boletines category-entradas category-estados category-lo-mas-reciente category-merida category-mexico-y-el-mundo category-principal category-turismo-y-negocios tag-pueblos-magicos tag-sectur tag-turismo tag-unesco entry loop-default border_bottom_30\">\n<h2 class=\"entry_title\"><a title=\"Enlace Permanente a Incentivos para Pueblos M\u00e1gicos y C\u00f3digo para Selva Maya, acuerdan UNESCO y Turismo\" href=\"http:\/\/www.eloriente.net\/home\/2015\/01\/30\/incentivos-para-pueblos-magicos-y-codigo-para-selva-maya-acuerdan-unesco-y-turismo\/\" rel=\"bookmark\">Incentivos para Pueblos M\u00e1gicos y C\u00f3digo para Selva Maya, acuerdan UNESCO y Turismo<\/a><\/h2>\n<p><a href=\"http:\/\/www.eloriente.net\/home\/2015\/01\/30\/incentivos-para-pueblos-magicos-y-codigo-para-selva-maya-acuerdan-unesco-y-turismo\/\" rel=\"bookmark\"><img decoding=\"async\" class=\"alignleft\" title=\"Incentivos para Pueblos M\u00e1gicos y C\u00f3digo para Selva Maya, acuerdan UNESCO y Turismo\" src=\"http:\/\/www.eloriente.net\/home\/wp-content\/themes\/city-desk\/timthumb.php?src=http%3A%2F%2Fwww.eloriente.net%2Fhome%2Fwp-content%2Fuploads%2F2015%2F01%2FSELVA-MAYA-cc-David-Leonardo-Me%CC%81ndez.jpg&amp;q=90&amp;w=160&amp;h=106&amp;zc=1\" alt=\"Incentivos para Pueblos M\u00e1gicos y C\u00f3digo para Selva Maya, acuerdan UNESCO y Turismo\" \/><\/a>eloriente.net\/UNESCOmx 30 de enero de 2015 El Acuerdo comprende la elaboraci\u00f3n de un C\u00f3digo \u00c9tico de Turismo para la Selva Maya y un Plan de Salvaguarda e Incentivos para el Patrimonio de los Pueblos M\u00e1gicos La Secretar\u00eda de Turismo (SECTUR) y la Oficina en M\u00e9xico de la Organizaci\u00f3n de las Naciones Unidas para la Educaci\u00f3n, [\u2026]<\/p>\n<p class=\"postmeta\"><span class=\"meta_date\">enero 30, 2015<\/span><\/p>\n<\/div>\n\n\t\t\t  <div \n\t\t\t  \tclass = \"fb-comments\" \n\t\t\t  \tdata-href = \"https:\/\/www.eloriente.net\/home\/2015\/02\/20\/3000-habitaciones-aumentara-capacidad-hotelera-con-centro-de-convenciones-urge-analisis-foa\/\"\n\t\t\t  \tdata-numposts = \"10\"\n\t\t\t\tdata-colorscheme = \"dark\"\n\t\t\t\tdata-order-by = \"social\"\n\t\t\t\tdata-mobile=true>\n\t\t\t  <\/div>\n\t\t  <style>\n\t\t\t.fb_iframe_widget_fluid_desktop iframe {\n\t\t\t    width: 100% !important;\n\t\t\t}\n\t\t  <\/style>\n\t\t  ","protected":false},"excerpt":{"rendered":"<p>eloriente.net\/Foro Oaxaque\u00f1o del Agua* 20 de febrero de 2015 La 41a asamblea del Foro Oaxaque\u00f1o del Agua (FOA) que se llev\u00f3 a cabo en la Casa de la Ciudad, acord\u00f3 realizar un llamamiento a las autoridades, empresarios y habitantes de la ciudad de Oaxaca para frenar los proyectos que pueden afectar el ambiente y la [&hellip;]<\/p>\n","protected":false},"author":1,"featured_media":35626,"comment_status":"open","ping_status":"open","sticky":false,"template":"","format":"standard","meta":{"_jetpack_memberships_contains_paid_content":false,"footnotes":""},"categories":[29,1588,22,32,63,23,464,30,19],"tags":[647,2964,2374,368],"class_list":["post-35625","post","type-post","status-publish","format-standard","has-post-thumbnail","hentry","category-capital","category-comunicados-y-boletines","category-derechos-humanos","category-entradas","category-estados","category-municipios","category-oaxaca-estados","category-salud","category-turismo-y-negocios","tag-agua","tag-centro-de-convenciones","tag-desarrollo-urbano","tag-oaxaca-de-juarez"],"jetpack_featured_media_url":"https:\/\/www.eloriente.net\/home\/wp-content\/uploads\/2015\/02\/Foro-Oaxaque\u00f1o-del-Agua-Asamblea.jpg","jetpack_sharing_enabled":true,"_links":{"self":[{"href":"https:\/\/www.eloriente.net\/home\/wp-json\/wp\/v2\/posts\/35625"}],"collection":[{"href":"https:\/\/www.eloriente.net\/home\/wp-json\/wp\/v2\/posts"}],"about":[{"href":"https:\/\/www.eloriente.net\/home\/wp-json\/wp\/v2\/types\/post"}],"author":[{"embeddable":true,"href":"https:\/\/www.eloriente.net\/home\/wp-json\/wp\/v2\/users\/1"}],"replies":[{"embeddable":true,"href":"https:\/\/www.eloriente.net\/home\/wp-json\/wp\/v2\/comments?post=35625"}],"version-history":[{"count":1,"href":"https:\/\/www.eloriente.net\/home\/wp-json\/wp\/v2\/posts\/35625\/revisions"}],"predecessor-version":[{"id":35627,"href":"https:\/\/www.eloriente.net\/home\/wp-json\/wp\/v2\/posts\/35625\/revisions\/35627"}],"wp:featuredmedia":[{"embeddable":true,"href":"https:\/\/www.eloriente.net\/home\/wp-json\/wp\/v2\/media\/35626"}],"wp:attachment":[{"href":"https:\/\/www.eloriente.net\/home\/wp-json\/wp\/v2\/media?parent=35625"}],"wp:term":[{"taxonomy":"category","embeddable":true,"href":"https:\/\/www.eloriente.net\/home\/wp-json\/wp\/v2\/categories?post=35625"},{"taxonomy":"post_tag","embeddable":true,"href":"https:\/\/www.eloriente.net\/home\/wp-json\/wp\/v2\/tags?post=35625"}],"curies":[{"name":"wp","href":"https:\/\/api.w.org\/{rel}","templated":true}]}}