{"id":36372,"date":"2015-04-21T08:46:31","date_gmt":"2015-04-21T14:46:31","guid":{"rendered":"http:\/\/www.eloriente.net\/home\/?p=36372"},"modified":"2015-04-21T08:57:32","modified_gmt":"2015-04-21T14:57:32","slug":"se-desvanece-la-clase-media-en-mexico","status":"publish","type":"post","link":"https:\/\/www.eloriente.net\/home\/2015\/04\/21\/se-desvanece-la-clase-media-en-mexico\/","title":{"rendered":"Se desvanece la clase media en M\u00e9xico"},"content":{"rendered":"<p><script src=\"\/\/pagead2.googlesyndication.com\/pagead\/js\/adsbygoogle.js\" async=\"\" type=\"mce-no\/type\"><\/script><!-- BANNER ELORIENTE INCRUSTADO NOTAS --> <ins class=\"adsbygoogle\" style=\"display: inline-block; width: 300px; height: 250px;\" data-ad-client=\"ca-pub-1136171134853753\" data-ad-slot=\"7974633627\"><\/ins><script type=\"mce-no\/type\">\/\/ <![CDATA[\n(adsbygoogle = window.adsbygoogle || []).push({});\n\/\/ ]]><\/script><br \/>\n(<a href=\"http:\/\/www.eloriente.net\/home\/2015\/04\/08\/gobierno-co-creacion-desde-lo-local\/www.eloriente.net\" target=\"_blank\">www.eloriente.net<\/a>, Tec de Monterrey,\u00a021 de abril de 2015).- Alberto Tovar Castro, catedr\u00e1tico del Tecnol\u00f3gico de Monterrey, especifica que la mayor\u00eda de los mexicanos est\u00e1n lejos de la clase media, porque s\u00f3lo el 40 por ciento de la poblaci\u00f3n tiene acceso a servicio de salud; la mayor\u00eda es incapaz de ahorrar lo suficiente para estar un mes sin trabajar; los j\u00f3venes tienen serios problemas para encontrar trabajo; y la educaci\u00f3n p\u00fablica deja mucho que desear, como para generar oportunidades<em>.<\/em><\/p>\n<p><strong>\u00a0<\/strong>De acuerdo con Tovar Castro el premio Nobel de Econom\u00eda, Pau<strong>l<\/strong> Krugman, se\u00f1ala que cuando se habla de ser de clase media, se tienen en mente dos atributos cruciales de estatus: seguridad y oportunidad.<\/p>\n<p>As\u00ed mismo, el catedr\u00e1tico especifica que el premio Nobel entiende por seguridad el hecho contar con recursos y respaldo de tal forma que emergencias ordinarias de la vida no lo sumerjan al abismo. Ser\u00edan variables tales como cobertura m\u00e9dica, empleo o ahorro para contingencias. En el caso de las oportunidades significa tener acceso a la educaci\u00f3n y perspectivas laborales.<\/p>\n<p>Y tomando como referencia la encuesta nacional de empleo que elabora el INEGI, Tovar Castro menciona que es posible inferir que En M\u00e9xico quienes ganan menos de 2 mil pesos al mes representan el 13 por ciento; un 24 por ciento percibe un promedio de 3 mil, otro 21 por ciento cinco mil; un 17 por ciento 8 mil y solo el 7 por ciento arriba de 10 mil pesos.<\/p>\n<p>Aproximadamente la media del salario se situar\u00eda entre 4 y cinco mil pesos mensuales. \u201cLa pregunta es si con ese recurso se puede vivir con un est\u00e1ndar de clase media mundial y la respuesta r\u00e1pida y sencilla es: no. Econ\u00f3micamente es imposible cubrir los m\u00ednimos se\u00f1alados por Paul Krugman\u201d, cuestiona el especialista en finanzas.<\/p>\n<p>En su opini\u00f3n, el siete por ciento de los \u201cagraciados\u201d que ganan arriba de 10 mil pesos se constituir\u00edan en la clase alta. Con informaci\u00f3n del censo del 2010, el 10 por ciento de la poblaci\u00f3n acumula el 37 por ciento de los ingresos. Mientras que el cuarenta por ciento m\u00e1s pobre recibe s\u00f3lo el 13.4 por ciento de los ingresos generados en el pa\u00eds.<\/p>\n<p>\u201cEs clara la polarizaci\u00f3n entre ricos y pobres; con una clase media en v\u00edas de extinci\u00f3n\u201d, puntualiza Tovar Castro.<\/p>\n<p>Adem\u00e1s, aclara que hay un tema de justicia social, pero peor a\u00fan, con esta realidad, el mercado interno dif\u00edcilmente ser\u00e1 un motor de crecimiento por s\u00ed mismo.<\/p>\n<p>Aun cuando hay expectativas alentadoras por el impacto que tendr\u00e1 en el aparato productivo los avances en las reformas estructurales, \u201ces imposible que cambie esta perspectiva de desigualdad en el corto plazo, porque el modelo no es redistributivo y, por el contrario, premia al capital, lo que acentuar\u00e1 la polarizaci\u00f3n\u201d concluye Tovar Castro.<\/p>\n<p><a href=\"http:\/\/www.eloriente.net\/home\/wp-content\/uploads\/2015\/04\/Alberto-Tovar-Castro.jpg\"><img loading=\"lazy\" decoding=\"async\" class=\"alignnone  wp-image-36373\" src=\"http:\/\/www.eloriente.net\/home\/wp-content\/uploads\/2015\/04\/Alberto-Tovar-Castro-1024x682.jpg\" alt=\"Alberto Tovar Castro\" width=\"567\" height=\"378\" srcset=\"https:\/\/www.eloriente.net\/home\/wp-content\/uploads\/2015\/04\/Alberto-Tovar-Castro-1024x682.jpg 1024w, https:\/\/www.eloriente.net\/home\/wp-content\/uploads\/2015\/04\/Alberto-Tovar-Castro-300x200.jpg 300w\" sizes=\"(max-width: 567px) 100vw, 567px\" \/><\/a><\/p>\n<p>&nbsp;<\/p>\n<p>Imagen: Cortes\u00eda del Tecnol\u00f3gico de Monterrey<\/p>\n<p>OTRAS ENTRADAS:<\/p>\n<div id=\"post-35462\" class=\"post-35462 post type-post status-publish format-standard has-post-thumbnail hentry category-colaboradores category-educacion-y-cultura category-entradas category-lo-mas-reciente category-mexico-y-el-mundo category-tecnologico-de-monterrey category-universidades tag-cambridge tag-diplomados tag-maestros tag-tec-de-monterrey entry loop-default border_bottom_30\">\n<h2 class=\"entry_title\"><a title=\"Enlace Permanente a Profesores de escuelas p\u00fablicas cursar\u00e1n Liderazgo en Tec de Monterrey\" href=\"http:\/\/www.eloriente.net\/home\/2015\/02\/13\/profesores-de-escuelas-publicas-cursaran-liderazgo-en-tec-de-monterrey\/\" rel=\"bookmark\">Profesores de escuelas p\u00fablicas cursar\u00e1n Liderazgo en Tec de Monterrey<\/a><\/h2>\n<p><a href=\"http:\/\/www.eloriente.net\/home\/2015\/02\/13\/profesores-de-escuelas-publicas-cursaran-liderazgo-en-tec-de-monterrey\/\" rel=\"bookmark\"><img decoding=\"async\" class=\"alignleft\" title=\"Profesores de escuelas p\u00fablicas cursar\u00e1n Liderazgo en Tec de Monterrey\" src=\"http:\/\/www.eloriente.net\/home\/wp-content\/themes\/city-desk\/timthumb.php?src=http%3A%2F%2Fwww.eloriente.net%2Fhome%2Fwp-content%2Fuploads%2F2015%2F02%2FCertificaci%C3%B3n-Cambridge_TEC.jpg&amp;q=90&amp;w=160&amp;h=106&amp;zc=1\" alt=\"Profesores de escuelas p\u00fablicas cursar\u00e1n Liderazgo en Tec de Monterrey\" \/><\/a>(www.eloriente.net,Tec de Monterrey, 13 de Febrero del 2015).- Cerca de 200 profesores y directores de escuelas p\u00fablicas de educaci\u00f3n b\u00e1sica tendr\u00e1n la oportunidad de cursar el Diplomado Internacional de Liderazgo Educativo con certificaci\u00f3n de la Universidad de Cambridge, a trav\u00e9s del Programa Formando Formadores que apoya el Tecnol\u00f3gico de Monterrey y la organizaci\u00f3n Mexicanos Primero. [\u2026]<\/p>\n<p><span class=\"meta_date\">febrero 13, 2015<\/span><span class=\"meta_comment\">Comentarios desactivados<\/span><span class=\"meta_permalink\"><a title=\"Enlace Permanente a Profesores de escuelas p\u00fablicas cursar\u00e1n Liderazgo en Tec de Monterrey\" href=\"http:\/\/www.eloriente.net\/home\/2015\/02\/13\/profesores-de-escuelas-publicas-cursaran-liderazgo-en-tec-de-monterrey\/\" rel=\"bookmark\">Leer Mas<\/a><\/span><span class=\"meta_edit\"><a class=\"post-edit-link\" href=\"http:\/\/www.eloriente.net\/home\/wp-admin\/post.php?post=35462&amp;action=edit\">#<\/a><\/span><\/p>\n<\/div>\n<div id=\"post-35064\" class=\"post-35064 post type-post status-publish format-standard has-post-thumbnail hentry category-colaboradores category-derechos-humanos category-entradas category-lo-mas-reciente category-mexico-y-el-mundo category-principal category-tecnologico-de-monterrey tag-derecho tag-tec tag-unam tag-universidad entry loop-default border_bottom_30\">\n<h2 class=\"entry_title\"><\/h2>\n<h2 class=\"entry_title\"><a title=\"Enlace Permanente a Normas Oficiales Mexicanas son anticonstitucionales: Tec de Monterrey\" href=\"http:\/\/www.eloriente.net\/home\/2015\/01\/24\/normas-oficiales-mexicanas-son-anticonstitucionales-tec-de-monterrey\/\" rel=\"bookmark\">Normas Oficiales Mexicanas son anticonstitucionales: Tec de Monterrey<\/a><\/h2>\n<p><a href=\"http:\/\/www.eloriente.net\/home\/2015\/01\/24\/normas-oficiales-mexicanas-son-anticonstitucionales-tec-de-monterrey\/\" rel=\"bookmark\"><img decoding=\"async\" class=\"alignleft\" title=\"Normas Oficiales Mexicanas son anticonstitucionales: Tec de Monterrey\" src=\"http:\/\/www.eloriente.net\/home\/wp-content\/themes\/city-desk\/timthumb.php?src=http%3A%2F%2Fwww.eloriente.net%2Fhome%2Fwp-content%2Fuploads%2F2015%2F01%2FITESM-Puebla-CC-antrazo--e1422127666930.jpg&amp;q=90&amp;w=160&amp;h=106&amp;zc=1\" alt=\"Normas Oficiales Mexicanas son anticonstitucionales: Tec de Monterrey\" \/><\/a>eloriente.net\/Tec de Monterrey 24 de enero de 2015 \u201cHacia una nueva constitucionalidad, las Normas Oficiales Mexicanas\u201d es la investigaci\u00f3n que revela el quebrantamiento que hoy d\u00eda existe a la divisi\u00f3n de poderes en M\u00e9xico; al establecer que la emisi\u00f3n de estas normas no corresponde a la Secretar\u00eda de Econom\u00eda o al Ejecutivo, sino al Congreso [\u2026]<\/p>\n<p><span class=\"meta_date\">enero 24, 2015<\/span><span class=\"meta_comment\">Comentarios desactivados<\/span><span class=\"meta_permalink\"><a title=\"Enlace Permanente a Normas Oficiales Mexicanas son anticonstitucionales: Tec de Monterrey\" href=\"http:\/\/www.eloriente.net\/home\/2015\/01\/24\/normas-oficiales-mexicanas-son-anticonstitucionales-tec-de-monterrey\/\" rel=\"bookmark\">Leer Mas<\/a><\/span><span class=\"meta_edit\"><a class=\"post-edit-link\" href=\"http:\/\/www.eloriente.net\/home\/wp-admin\/post.php?post=35064&amp;action=edit\">#<\/a><\/span><\/p>\n<\/div>\n<p>&nbsp;<\/p>\n\n\t\t\t  <div \n\t\t\t  \tclass = \"fb-comments\" \n\t\t\t  \tdata-href = \"https:\/\/www.eloriente.net\/home\/2015\/04\/21\/se-desvanece-la-clase-media-en-mexico\/\"\n\t\t\t  \tdata-numposts = \"10\"\n\t\t\t\tdata-colorscheme = \"dark\"\n\t\t\t\tdata-order-by = \"social\"\n\t\t\t\tdata-mobile=true>\n\t\t\t  <\/div>\n\t\t  <style>\n\t\t\t.fb_iframe_widget_fluid_desktop iframe {\n\t\t\t    width: 100% !important;\n\t\t\t}\n\t\t  <\/style>\n\t\t  ","protected":false},"excerpt":{"rendered":"<p>(www.eloriente.net, Tec de Monterrey,\u00a021 de abril de 2015).- Alberto Tovar Castro, catedr\u00e1tico del Tecnol\u00f3gico de Monterrey, especifica que la mayor\u00eda de los mexicanos est\u00e1n lejos de la clase media, porque s\u00f3lo el 40 por ciento de la poblaci\u00f3n tiene acceso a servicio de salud; la mayor\u00eda es incapaz de ahorrar lo suficiente para estar un [&hellip;]<\/p>\n","protected":false},"author":28,"featured_media":36373,"comment_status":"open","ping_status":"open","sticky":false,"template":"","format":"standard","meta":{"_jetpack_memberships_contains_paid_content":false,"footnotes":""},"categories":[11,49,32,24,530],"tags":[3545,926,252,839],"class_list":["post-36372","post","type-post","status-publish","format-standard","has-post-thumbnail","hentry","category-colaboradores","category-destacadas","category-entradas","category-mexico-y-el-mundo","category-tecnologico-de-monterrey","tag-clase-media","tag-crisis","tag-economia","tag-tec-de-monterrey"],"jetpack_featured_media_url":"https:\/\/www.eloriente.net\/home\/wp-content\/uploads\/2015\/04\/Alberto-Tovar-Castro.jpg","jetpack_sharing_enabled":true,"_links":{"self":[{"href":"https:\/\/www.eloriente.net\/home\/wp-json\/wp\/v2\/posts\/36372"}],"collection":[{"href":"https:\/\/www.eloriente.net\/home\/wp-json\/wp\/v2\/posts"}],"about":[{"href":"https:\/\/www.eloriente.net\/home\/wp-json\/wp\/v2\/types\/post"}],"author":[{"embeddable":true,"href":"https:\/\/www.eloriente.net\/home\/wp-json\/wp\/v2\/users\/28"}],"replies":[{"embeddable":true,"href":"https:\/\/www.eloriente.net\/home\/wp-json\/wp\/v2\/comments?post=36372"}],"version-history":[{"count":2,"href":"https:\/\/www.eloriente.net\/home\/wp-json\/wp\/v2\/posts\/36372\/revisions"}],"predecessor-version":[{"id":36375,"href":"https:\/\/www.eloriente.net\/home\/wp-json\/wp\/v2\/posts\/36372\/revisions\/36375"}],"wp:featuredmedia":[{"embeddable":true,"href":"https:\/\/www.eloriente.net\/home\/wp-json\/wp\/v2\/media\/36373"}],"wp:attachment":[{"href":"https:\/\/www.eloriente.net\/home\/wp-json\/wp\/v2\/media?parent=36372"}],"wp:term":[{"taxonomy":"category","embeddable":true,"href":"https:\/\/www.eloriente.net\/home\/wp-json\/wp\/v2\/categories?post=36372"},{"taxonomy":"post_tag","embeddable":true,"href":"https:\/\/www.eloriente.net\/home\/wp-json\/wp\/v2\/tags?post=36372"}],"curies":[{"name":"wp","href":"https:\/\/api.w.org\/{rel}","templated":true}]}}