{"id":36620,"date":"2015-04-30T10:20:26","date_gmt":"2015-04-30T16:20:26","guid":{"rendered":"http:\/\/www.eloriente.net\/home\/?p=36620"},"modified":"2015-04-30T10:21:38","modified_gmt":"2015-04-30T16:21:38","slug":"oaxaca-un-continente-centro-de-convenciones-negocio-para-quien","status":"publish","type":"post","link":"https:\/\/www.eloriente.net\/home\/2015\/04\/30\/oaxaca-un-continente-centro-de-convenciones-negocio-para-quien\/","title":{"rendered":"Oaxaca, un continente: Centro de Convenciones, \u00bfNegocio para qui\u00e9n?"},"content":{"rendered":"<p><script src=\"\/\/pagead2.googlesyndication.com\/pagead\/js\/adsbygoogle.js\" async=\"\"><\/script><!-- BANNER ELORIENTE INCRUSTADO NOTAS --> <ins class=\"adsbygoogle\" style=\"display: inline-block; width: 300px; height: 250px;\" data-ad-client=\"ca-pub-1136171134853753\" data-ad-slot=\"7974633627\"><\/ins><script>\/\/ <![CDATA[\n(adsbygoogle = window.adsbygoogle || []).push({});\n\/\/ ]]><\/script><br \/>\n&nbsp;<\/p>\n<p>&nbsp;<\/p>\n<p>eloriente.net\/@senderosoax<\/p>\n<p>30 de abril de 2015<\/p>\n<p style=\"text-align: right;\">POR: \u00c1ngel Osorio\/@senderosoax<\/p>\n<p>Envuelto en la pol\u00e9mica desde su nacimiento, el proyecto de Centro Cultural y de Convenciones de la Ciudad de Oaxaca tiene ahora un destino incierto, sobre todo despu\u00e9s del anuncio de la suspension de la obra por un juez federal que El Oriente reci\u00e9n present\u00f3 como primicia.<\/p>\n<p>Un centro de convenciones es parte fundamental de la infraestructura para el turismo de negocios, segmento de mercado del cual Oaxaca pr\u00e1cticamente no participa. Ciertamente, el turismo de negocios establecido, en voz de los expertos* logra:<\/p>\n<ul>\n<li>Contribuir a regular la estacionalidad de la demanda tur\u00edstica (mejora la ocupaci\u00f3n en temporadas bajas.<\/li>\n<li>Contribuye a elevar el gasto promedio por persona.<\/li>\n<li>Se constituye como un factor de multiplicaci\u00f3n de los esfuerzos promocionales.<\/li>\n<li>Ayuda a alevar la estad\u00eda promedio<\/li>\n<\/ul>\n<p>\u00bfC\u00f3mo se traduce esto en n\u00fameros? En un estudio del Centro de Estudios Superiores en Turismo** se nos ofrece un panorama de este segmento. Lo traducimos en preguntas.<\/p>\n<p><strong>\u00bfQui\u00e9n va a administrarlo?<\/strong><\/p>\n<p>El 31% de los recintos encuestados son administrados por una empresa privada, el 10% son administrados por una autoridad del centro de convenciones cuasi-p\u00fablica y cerca del 41% son administrados directamente por una entidad gubernamental.<\/p>\n<p><strong>\u00bfCu\u00e1ntas personas contratan?<\/strong><\/p>\n<p>En promedio, los recintos grandes contratan 169 personas de tiempo completo, 18 en ventas y 170 que equivalen a tiempo completo. Los recintos mediados, 49 de tiempo completo, 5 en ventas y 58 equivalentes a tiempo completo. Los menores 34, 4 y 36.<\/p>\n<p><strong>\u00bfQu\u00e9 ocupaci\u00f3n generan?<\/strong><\/p>\n<p>La ocupaci\u00f3n promedio de los recintos medianos y grandes es del 27.9% (considerando que la m\u00e1xima ocupaci\u00f3n a la que se podr\u00eda aspirar es del 70%) mientras que para recintos chicos es del 26.1%.<\/p>\n<p><strong>\u00bfA cu\u00e1ntas convenciones podemos aspirar?<\/strong><\/p>\n<p>En promedio, los recintos grandes albergaron 40 convenciones o exposiciones comerciales y 12 exposiciones al consumidor, totalizando 52. Los recintos medianos 30 eventos (14 convenciones o exposiciones comerciales y 16 al consumidor) y los chicos 19 convenciones y 12 exposiciones al consumidor.<\/p>\n<p><strong>\u00bfCu\u00e1ntos asistentes acuden a estos eventos?<\/strong><\/p>\n<p>En promedio por evento, asistieron 14.3 mil y 71.4 mil a convenciones y exposiciones al consumidor respectivamente en recintos grandes, mientras que 4.9 y 13.7 mil en recintos medianos y 1.4 y 4.4 en recintos chicos<\/p>\n<p>Para destinos grandes, la participaci\u00f3n promedio en convenciones fue 7.5 mil y 13.2 mil para exposiciones al consumidor, mientras que para recintos en destinos chicos, el promedio 4 y 21.4 mil<\/p>\n<p><strong>\u00bfQui\u00e9n provee de servicios a estos espacios?<\/strong><\/p>\n<p>El 75% de los recintos grandes provee el servicio de alimentos y bebidas el propio recinto, mientras que el resto es por medio de proveedores m\u00faltiples. Para recintos medianos, el 67% es provisto por el propio recinto, 17% por un proveedor exclusivo y el resto por proveedores m\u00faltiples. Para recintos chicos, el 24% por proveedores exclusivos, el 41% por proveedores m\u00faltiples y el resto por el propio recinto.<\/p>\n<p><strong>\u00bfTenemos suficiente informaci\u00f3n sobre el costo de esta inversi\u00f3n, el retorno de la misma, los beneficios y la operaci\u00f3n de este proyecto?<\/strong> Yo creo que no.<\/p>\n<p><a href=\"http:\/\/www.eloriente.net\/home\/wp-content\/uploads\/2014\/04\/Desarrollo-Econ\u00f3mico-Oaxaca-Por-planeta.jpg\"><img loading=\"lazy\" decoding=\"async\" class=\"alignnone size-medium wp-image-24140\" src=\"http:\/\/www.eloriente.net\/home\/wp-content\/uploads\/2014\/04\/Desarrollo-Econ\u00f3mico-Oaxaca-Por-planeta-300x224.jpg\" alt=\"Desarrollo Econ\u00f3mico Oaxaca-Por planeta\" width=\"300\" height=\"224\" srcset=\"https:\/\/www.eloriente.net\/home\/wp-content\/uploads\/2014\/04\/Desarrollo-Econ\u00f3mico-Oaxaca-Por-planeta-300x224.jpg 300w, https:\/\/www.eloriente.net\/home\/wp-content\/uploads\/2014\/04\/Desarrollo-Econ\u00f3mico-Oaxaca-Por-planeta.jpg 1024w\" sizes=\"(max-width: 300px) 100vw, 300px\" \/><\/a><\/p>\n<p>* G\u00f3mez de Delgado Maricela. Impacto de los grandes eventos en una ciudad. 2010<\/p>\n<p>** V\u00e9ase CESTUR \u201cL<em>a operaci\u00f3n y funcionamiento de los centros de convenciones en M\u00e9xico y la estimaci\u00f3n de su significancia econ\u00f3mica<\/em>\u201d 2011<\/p>\n<p>&nbsp;<\/p>\n<p><strong>OTRAS ENTRADAS:<\/strong><\/p>\n<div id=\"post-36590\" class=\"post-36590 post type-post status-publish format-standard has-post-thumbnail hentry category-capital category-estados category-lo-mas-reciente category-oaxaca-estados category-turismo-y-negocios tag-amparo tag-convenciones tag-turismo-de-reuniones entry loop-default border_bottom_30\">\n<h2 class=\"entry_title\"><a title=\"Enlace Permanente a Juez concede suspensi\u00f3n provisional sobre construcci\u00f3n del Centro de Convenciones Oaxaca\" href=\"http:\/\/www.eloriente.net\/home\/2015\/04\/28\/juez-concede-suspension-provisional-sobre-construccion-del-centro-de-convenciones-oaxaca\/\" rel=\"bookmark\">Juez concede suspensi\u00f3n provisional sobre construcci\u00f3n del Centro de Convenciones Oaxaca<\/a><\/h2>\n<p><a href=\"http:\/\/www.eloriente.net\/home\/2015\/04\/28\/juez-concede-suspension-provisional-sobre-construccion-del-centro-de-convenciones-oaxaca\/\" rel=\"bookmark\"><img decoding=\"async\" class=\"alignleft\" title=\"Juez concede suspensi\u00f3n provisional sobre construcci\u00f3n del Centro de Convenciones Oaxaca\" src=\"http:\/\/www.eloriente.net\/home\/wp-content\/themes\/city-desk\/timthumb.php?src=http%3A%2F%2Fwww.eloriente.net%2Fhome%2Fwp-content%2Fuploads%2F2014%2F11%2FCentro-de-Convenciones.jpg&amp;q=90&amp;w=160&amp;h=106&amp;zc=1\" alt=\"Juez concede suspensi\u00f3n provisional sobre construcci\u00f3n del Centro de Convenciones Oaxaca\" \/><\/a>(eloriente.net, M\u00e9xico, 28 de abril de 2015).- \u00a0El Juzgado Primero de Distrito en el Estado de Oaxaca, concede la suspensi\u00f3n provisional del acto reclamado en materia de Amparo Indirecto para inhibir la Autorizaci\u00f3n de Construcci\u00f3n del llamado \u201cCentro Cultural y de Convenciones Oaxaca\u201d que impulsa la Secretar\u00eda de Turismo y Desarrollo Econ\u00f3mico de Oaxaca. La [\u2026]<\/p>\n<p class=\"postmeta\"><span class=\"meta_date\">abril 28, 2015<\/span><\/p>\n<\/div>\n<div id=\"post-35625\" class=\"post-35625 post type-post status-publish format-standard has-post-thumbnail hentry category-capital category-comunicados-y-boletines category-derechos-humanos category-entradas category-estados category-municipios category-oaxaca-estados category-salud category-turismo-y-negocios tag-agua tag-centro-de-convenciones tag-desarrollo-urbano tag-oaxaca-de-juarez entry loop-default border_bottom_30\">\n<h2 class=\"entry_title\"><a title=\"Enlace Permanente a 3,000 habitaciones aumentar\u00e1 capacidad hotelera con Centro de Convenciones; urge an\u00e1lisis: FOA\" href=\"http:\/\/www.eloriente.net\/home\/2015\/02\/20\/3000-habitaciones-aumentara-capacidad-hotelera-con-centro-de-convenciones-urge-analisis-foa\/\" rel=\"bookmark\">3,000 habitaciones aumentar\u00e1 capacidad hotelera con Centro de Convenciones; urge an\u00e1lisis: FOA<\/a><\/h2>\n<p><a href=\"http:\/\/www.eloriente.net\/home\/2015\/02\/20\/3000-habitaciones-aumentara-capacidad-hotelera-con-centro-de-convenciones-urge-analisis-foa\/\" rel=\"bookmark\"><img decoding=\"async\" class=\"alignleft\" title=\"3,000 habitaciones aumentar\u00e1 capacidad hotelera con Centro de Convenciones; urge an\u00e1lisis: FOA\" src=\"http:\/\/www.eloriente.net\/home\/wp-content\/themes\/city-desk\/timthumb.php?src=http%3A%2F%2Fwww.eloriente.net%2Fhome%2Fwp-content%2Fuploads%2F2015%2F02%2FForo-Oaxaque%C3%B1o-del-Agua-Asamblea.jpg&amp;q=90&amp;w=160&amp;h=106&amp;zc=1\" alt=\"3,000 habitaciones aumentar\u00e1 capacidad hotelera con Centro de Convenciones; urge an\u00e1lisis: FOA\" \/><\/a>eloriente.net\/Foro Oaxaque\u00f1o del Agua* 20 de febrero de 2015 La 41a asamblea del Foro Oaxaque\u00f1o del Agua (FOA) que se llev\u00f3 a cabo en la Casa de la Ciudad, acord\u00f3 realizar un llamamiento a las autoridades, empresarios y habitantes de la ciudad de Oaxaca para frenar los proyectos que pueden afectar el ambiente y la [\u2026]<\/p>\n<p class=\"postmeta\"><span class=\"meta_date\">febrero 20, 2015<\/span><\/p>\n<\/div>\n<div id=\"post-34952\" class=\"post-34952 post type-post status-publish format-standard has-post-thumbnail hentry category-capital category-entradas category-estados category-lo-mas-reciente category-principal category-puebla category-turismo-y-negocios tag-centro-de-convenciones tag-puebla-2 tag-turismo tag-turismo-de-reuniones entry loop-default border_bottom_30\">\n<h2 class=\"entry_title\"><a title=\"Enlace Permanente a Conoce el Centro de Convenciones de Puebla\" href=\"http:\/\/www.eloriente.net\/home\/2015\/01\/11\/conoce-el-centro-de-convenciones-de-puebla\/\" rel=\"bookmark\">Conoce el Centro de Convenciones de Puebla<\/a><\/h2>\n<p><a href=\"http:\/\/www.eloriente.net\/home\/2015\/01\/11\/conoce-el-centro-de-convenciones-de-puebla\/\" rel=\"bookmark\"><img decoding=\"async\" class=\"alignleft\" title=\"Conoce el Centro de Convenciones de Puebla\" src=\"http:\/\/www.eloriente.net\/home\/wp-content\/themes\/city-desk\/timthumb.php?src=http%3A%2F%2Fwww.eloriente.net%2Fhome%2Fwp-content%2Fuploads%2F2014%2F11%2FFachadaCentroConvenciones.jpg&amp;q=90&amp;w=160&amp;h=106&amp;zc=1\" alt=\"Conoce el Centro de Convenciones de Puebla\" \/><\/a>(www.eloriente.net, M\u00e9xico, 26 de noviembre\/2014).- El Centro de Convenciones Puebla William O. Jenkins es el \u00fanico en Am\u00e9rica Latina que se encuentra ubicado en pleno Centro Hist\u00f3rico de la ciudad, ha sido instalado sobre los edificios de las antiguas f\u00e1bricas textiles La Gu\u00eda, La Esperanza, La Mascota y La Pastora, respetando lo valioso de su [\u2026]<\/p>\n<p class=\"postmeta\"><span class=\"meta_date\">enero 11, 2015<\/span><\/p>\n<\/div>\n<p>&nbsp;<\/p>\n\n\t\t\t  <div \n\t\t\t  \tclass = \"fb-comments\" \n\t\t\t  \tdata-href = \"https:\/\/www.eloriente.net\/home\/2015\/04\/30\/oaxaca-un-continente-centro-de-convenciones-negocio-para-quien\/\"\n\t\t\t  \tdata-numposts = \"10\"\n\t\t\t\tdata-colorscheme = \"dark\"\n\t\t\t\tdata-order-by = \"social\"\n\t\t\t\tdata-mobile=true>\n\t\t\t  <\/div>\n\t\t  <style>\n\t\t\t.fb_iframe_widget_fluid_desktop iframe {\n\t\t\t    width: 100% !important;\n\t\t\t}\n\t\t  <\/style>\n\t\t  ","protected":false},"excerpt":{"rendered":"<p>&nbsp; &nbsp; eloriente.net\/@senderosoax 30 de abril de 2015 POR: \u00c1ngel Osorio\/@senderosoax Envuelto en la pol\u00e9mica desde su nacimiento, el proyecto de Centro Cultural y de Convenciones de la Ciudad de Oaxaca tiene ahora un destino incierto, sobre todo despu\u00e9s del anuncio de la suspension de la obra por un juez federal que El Oriente reci\u00e9n [&hellip;]<\/p>\n","protected":false},"author":40,"featured_media":33460,"comment_status":"open","ping_status":"open","sticky":false,"template":"","format":"standard","meta":{"_jetpack_memberships_contains_paid_content":false,"footnotes":""},"categories":[3387,29,11,32,63,10,464,19],"tags":[2964,2962,3570,1682],"class_list":["post-36620","post","type-post","status-publish","format-standard","has-post-thumbnail","hentry","category-angel-osorio-morales","category-capital","category-colaboradores","category-entradas","category-estados","category-lo-mas-reciente","category-oaxaca-estados","category-turismo-y-negocios","tag-centro-de-convenciones","tag-cerro-del-fortin","tag-turismo-de-convenciones","tag-turismo-oaxaca"],"jetpack_featured_media_url":"https:\/\/www.eloriente.net\/home\/wp-content\/uploads\/2014\/10\/Z\u00f3calo-Oaxaca-Ron-Mader.jpg","jetpack_sharing_enabled":true,"_links":{"self":[{"href":"https:\/\/www.eloriente.net\/home\/wp-json\/wp\/v2\/posts\/36620"}],"collection":[{"href":"https:\/\/www.eloriente.net\/home\/wp-json\/wp\/v2\/posts"}],"about":[{"href":"https:\/\/www.eloriente.net\/home\/wp-json\/wp\/v2\/types\/post"}],"author":[{"embeddable":true,"href":"https:\/\/www.eloriente.net\/home\/wp-json\/wp\/v2\/users\/40"}],"replies":[{"embeddable":true,"href":"https:\/\/www.eloriente.net\/home\/wp-json\/wp\/v2\/comments?post=36620"}],"version-history":[{"count":1,"href":"https:\/\/www.eloriente.net\/home\/wp-json\/wp\/v2\/posts\/36620\/revisions"}],"predecessor-version":[{"id":36622,"href":"https:\/\/www.eloriente.net\/home\/wp-json\/wp\/v2\/posts\/36620\/revisions\/36622"}],"wp:featuredmedia":[{"embeddable":true,"href":"https:\/\/www.eloriente.net\/home\/wp-json\/wp\/v2\/media\/33460"}],"wp:attachment":[{"href":"https:\/\/www.eloriente.net\/home\/wp-json\/wp\/v2\/media?parent=36620"}],"wp:term":[{"taxonomy":"category","embeddable":true,"href":"https:\/\/www.eloriente.net\/home\/wp-json\/wp\/v2\/categories?post=36620"},{"taxonomy":"post_tag","embeddable":true,"href":"https:\/\/www.eloriente.net\/home\/wp-json\/wp\/v2\/tags?post=36620"}],"curies":[{"name":"wp","href":"https:\/\/api.w.org\/{rel}","templated":true}]}}