{"id":36719,"date":"2015-05-04T13:57:04","date_gmt":"2015-05-04T19:57:04","guid":{"rendered":"http:\/\/www.eloriente.net\/home\/?p=36719"},"modified":"2015-05-07T08:52:50","modified_gmt":"2015-05-07T14:52:50","slug":"15-personas-fallecen-en-jalisco-por-acontecimientos-recientes-alejandro-rubido","status":"publish","type":"post","link":"https:\/\/www.eloriente.net\/home\/2015\/05\/04\/15-personas-fallecen-en-jalisco-por-acontecimientos-recientes-alejandro-rubido\/","title":{"rendered":"15 personas fallecen en Jalisco por acontecimientos recientes: Alejandro Rubido"},"content":{"rendered":"<p><script src=\"\/\/pagead2.googlesyndication.com\/pagead\/js\/adsbygoogle.js\" async=\"\"><\/script><!-- BANNER ELORIENTE INCRUSTADO NOTAS --> <ins class=\"adsbygoogle\" style=\"display: inline-block; width: 300px; height: 250px;\" data-ad-client=\"ca-pub-1136171134853753\" data-ad-slot=\"7974633627\"><\/ins><script>\/\/ <![CDATA[\n(adsbygoogle = window.adsbygoogle || []).push({});\n\/\/ ]]><\/script><br \/>\n&nbsp;<\/p>\n<p>&nbsp;<\/p>\n<p>(<a href=\"www.eloriente.net\" target=\"_blank\">www.eloriente.net<\/a>, M\u00e9xico, 4 de mayo de 2015).- Con un cohete impulsado con granadas fue derribado un helic\u00f3ptero militar Cougar el viernes, confirm\u00f3 esta tarde Monte Alejandro Rubido Garc\u00eda, Comisionado Nacional de Seguridad: \u00abEl helic\u00f3ptero ve un convoy at\u00edpico para la zona, se acerca y es cuando le disparan\u00bb, se\u00f1al\u00f3 en entrevista radiof\u00f3nica.<\/p>\n<p>El helic\u00f3ptero aludido no iba solo en la operaci\u00f3n, sino con otro tres, en el marco de la denominada Operaci\u00f3n Jalisco, durante un recorrido de reconocimiento, y de una estrategia m\u00e1s amplia en la que se enmarca esta entidad del occidente mexicano, as\u00ed como otros como Michoac\u00e1n y Guerrero, donde las fuerzas federales refuerzan su presencia en coordinaci\u00f3n con las estatales.<\/p>\n<p>Consecuencia de dicho derribo y de los recientes acontecimientos en la regi\u00f3n, donde la delincuencia ha reaccionado a la ofensiva federal, se contabilizan 6 elementos del ej\u00e9rcito mexicano que han perdido la vida, 8 delincuentes victimados y una persona m\u00e1s fallecida que era elemento de la fiscal\u00eda estatal.<\/p>\n<p>Ante esta circunstancia, el Comisionado a\u00f1adi\u00f3 que la prioridad ahora es que la Operaci\u00f3n Jalisco comience pronto a dar resultados, incluyendo la detenci\u00f3n de diversos capos: \u00abLas organizaciones delicuenciales tienen una estructura muy vertical, por lo que con la detenci\u00f3n de l\u00edderes estas organizaciones empiezan a venir a menos, algunos a nivel de la extinci\u00f3n\u00bb, argument\u00f3 para Radio F\u00f3rmula en la Ciudad de M\u00e9xico.<\/p>\n<p><a href=\"http:\/\/www.eloriente.net\/home\/wp-content\/uploads\/2015\/05\/GUADALAJARA-CC-ARTURO-AVILA.jpg\"><img loading=\"lazy\" decoding=\"async\" class=\"alignnone size-medium wp-image-36720\" src=\"http:\/\/www.eloriente.net\/home\/wp-content\/uploads\/2015\/05\/GUADALAJARA-CC-ARTURO-AVILA-300x225.jpg\" alt=\"GUADALAJARA CC ARTURO AVILA\" width=\"300\" height=\"225\" srcset=\"https:\/\/www.eloriente.net\/home\/wp-content\/uploads\/2015\/05\/GUADALAJARA-CC-ARTURO-AVILA-300x225.jpg 300w, https:\/\/www.eloriente.net\/home\/wp-content\/uploads\/2015\/05\/GUADALAJARA-CC-ARTURO-AVILA-900x675.jpg 900w, https:\/\/www.eloriente.net\/home\/wp-content\/uploads\/2015\/05\/GUADALAJARA-CC-ARTURO-AVILA.jpg 1024w\" sizes=\"(max-width: 300px) 100vw, 300px\" \/><\/a><\/p>\n<p>IMAGEN: GUADALAJARA Licencia CC\u00a0<a class=\"owner-name truncate\" title=\"Ir a la galer\u00eda de Arturo Avila\" href=\"https:\/\/www.flickr.com\/photos\/arturoav\/\" data-track=\"attributionNameClick\" data-rapid_p=\"63\">Arturo Avila<\/a><\/p>\n<p><strong>OTRAS ENTRADAS:<\/strong><\/p>\n<h2 class=\"entry_title\"><a title=\"Enlace Permanente a Ana Luz Ramos Soto recibe premio \u2018Irene Robledo\u2019 de la Universidad de Guadalajara\" href=\"http:\/\/www.eloriente.net\/home\/2013\/12\/11\/ana-luz-ramos-soto-recibe-premio-irene-robledo\/\" rel=\"bookmark\">Ana Luz Ramos Soto recibe premio \u2018Irene Robledo\u2019 de la Universidad de Guadalajara<\/a><\/h2>\n<p><a href=\"http:\/\/www.eloriente.net\/home\/2013\/12\/11\/ana-luz-ramos-soto-recibe-premio-irene-robledo\/\" rel=\"bookmark\"><img decoding=\"async\" class=\"alignleft\" title=\"Ana Luz Ramos Soto recibe premio \u2018Irene Robledo\u2019 de la Universidad de Guadalajara\" src=\"http:\/\/www.eloriente.net\/home\/wp-content\/themes\/city-desk\/timthumb.php?src=http%3A%2F%2Fwww.eloriente.net%2Fhome%2Fwp-content%2Fuploads%2F2013%2F12%2FLibros.png&amp;q=90&amp;w=160&amp;h=106&amp;zc=1\" alt=\"Ana Luz Ramos Soto recibe premio \u2018Irene Robledo\u2019 de la Universidad de Guadalajara\" \/><\/a><\/p>\n<p>eloriente.net 11 de diciembre de 2013 La Dra. Ana Luz Ramos Soto, coordinadora de la Agencia de Desarrollo Social ADIS UABJO-SEDESOL,\u00a0fue galardonada con la presea \u2018Irene Robledo\u2019 en la categor\u00eda Aportaciones acad\u00e9micas individuales, por el proyecto \u2018La Guelaguetza de acervo bibliogr\u00e1fico para municipios marginados del estado de Oaxaca\u2019, el cual promueve la uni\u00f3n entre diferentes [\u2026]<\/p>\n<p class=\"postmeta\"><span class=\"meta_date\">diciembre 11, 2013<\/span><\/p>\n<p>&nbsp;<\/p>\n<p>&nbsp;<\/p>\n\n\t\t\t  <div \n\t\t\t  \tclass = \"fb-comments\" \n\t\t\t  \tdata-href = \"https:\/\/www.eloriente.net\/home\/2015\/05\/04\/15-personas-fallecen-en-jalisco-por-acontecimientos-recientes-alejandro-rubido\/\"\n\t\t\t  \tdata-numposts = \"10\"\n\t\t\t\tdata-colorscheme = \"dark\"\n\t\t\t\tdata-order-by = \"social\"\n\t\t\t\tdata-mobile=true>\n\t\t\t  <\/div>\n\t\t  <style>\n\t\t\t.fb_iframe_widget_fluid_desktop iframe {\n\t\t\t    width: 100% !important;\n\t\t\t}\n\t\t  <\/style>\n\t\t  ","protected":false},"excerpt":{"rendered":"<p>&nbsp; &nbsp; (www.eloriente.net, M\u00e9xico, 4 de mayo de 2015).- Con un cohete impulsado con granadas fue derribado un helic\u00f3ptero militar Cougar el viernes, confirm\u00f3 esta tarde Monte Alejandro Rubido Garc\u00eda, Comisionado Nacional de Seguridad: \u00abEl helic\u00f3ptero ve un convoy at\u00edpico para la zona, se acerca y es cuando le disparan\u00bb, se\u00f1al\u00f3 en entrevista radiof\u00f3nica. El [&hellip;]<\/p>\n","protected":false},"author":1,"featured_media":36720,"comment_status":"open","ping_status":"open","sticky":false,"template":"","format":"standard","meta":{"_jetpack_memberships_contains_paid_content":false,"footnotes":""},"categories":[91,22,32,63,2628,24],"tags":[2485,1605,3578],"class_list":["post-36719","post","type-post","status-publish","format-standard","has-post-thumbnail","hentry","category-congreso-y-justicia","category-derechos-humanos","category-entradas","category-estados","category-jalisco-estados","category-mexico-y-el-mundo","tag-guadalajara","tag-jalisco","tag-seguridad-nacional"],"jetpack_featured_media_url":"https:\/\/www.eloriente.net\/home\/wp-content\/uploads\/2015\/05\/GUADALAJARA-CC-ARTURO-AVILA.jpg","jetpack_sharing_enabled":true,"_links":{"self":[{"href":"https:\/\/www.eloriente.net\/home\/wp-json\/wp\/v2\/posts\/36719"}],"collection":[{"href":"https:\/\/www.eloriente.net\/home\/wp-json\/wp\/v2\/posts"}],"about":[{"href":"https:\/\/www.eloriente.net\/home\/wp-json\/wp\/v2\/types\/post"}],"author":[{"embeddable":true,"href":"https:\/\/www.eloriente.net\/home\/wp-json\/wp\/v2\/users\/1"}],"replies":[{"embeddable":true,"href":"https:\/\/www.eloriente.net\/home\/wp-json\/wp\/v2\/comments?post=36719"}],"version-history":[{"count":1,"href":"https:\/\/www.eloriente.net\/home\/wp-json\/wp\/v2\/posts\/36719\/revisions"}],"predecessor-version":[{"id":36721,"href":"https:\/\/www.eloriente.net\/home\/wp-json\/wp\/v2\/posts\/36719\/revisions\/36721"}],"wp:featuredmedia":[{"embeddable":true,"href":"https:\/\/www.eloriente.net\/home\/wp-json\/wp\/v2\/media\/36720"}],"wp:attachment":[{"href":"https:\/\/www.eloriente.net\/home\/wp-json\/wp\/v2\/media?parent=36719"}],"wp:term":[{"taxonomy":"category","embeddable":true,"href":"https:\/\/www.eloriente.net\/home\/wp-json\/wp\/v2\/categories?post=36719"},{"taxonomy":"post_tag","embeddable":true,"href":"https:\/\/www.eloriente.net\/home\/wp-json\/wp\/v2\/tags?post=36719"}],"curies":[{"name":"wp","href":"https:\/\/api.w.org\/{rel}","templated":true}]}}