{"id":37179,"date":"2015-05-20T17:10:32","date_gmt":"2015-05-20T23:10:32","guid":{"rendered":"http:\/\/www.eloriente.net\/home\/?p=37179"},"modified":"2015-05-20T17:10:32","modified_gmt":"2015-05-20T23:10:32","slug":"20may15-en-vivo-debate-entre-aspirantes-a-gobernador-de-michoacan","status":"publish","type":"post","link":"https:\/\/www.eloriente.net\/home\/2015\/05\/20\/20may15-en-vivo-debate-entre-aspirantes-a-gobernador-de-michoacan\/","title":{"rendered":"20\/May\/15 En Vivo: Debate entre aspirantes a Gobernador de Michoac\u00e1n"},"content":{"rendered":"<p><script src=\"\/\/pagead2.googlesyndication.com\/pagead\/js\/adsbygoogle.js\" async=\"\"><\/script><!-- BANNER ELORIENTE INCRUSTADO NOTAS --> <ins class=\"adsbygoogle\" style=\"display: inline-block; width: 300px; height: 250px;\" data-ad-client=\"ca-pub-1136171134853753\" data-ad-slot=\"7974633627\"><\/ins><script>\/\/ <![CDATA[\n(adsbygoogle = window.adsbygoogle || []).push({});\n\/\/ ]]><\/script><br \/>\n&nbsp;<\/p>\n<p>&nbsp;<br \/>\neloriente.net<\/p>\n<p>20 de mayo de 2015<\/p>\n<p>Este mi\u00e9rcoles 20 de mayo de 2015 a las 19:00 horas, los aspirantes a Gobernador\u00a0del Estado de Michoac\u00e1n miden fuerzas y argumentos en un segundo debate que se transmitir\u00e1 en vivo por el Sistema Michoacano de Radio y Televisi\u00f3n. A continuaci\u00f3n podr\u00e1s seguir el desarrollo del evento a la hora indicada en el que destaca la participaci\u00f3n de el pri\u00edsta<b>\u00a0Ascenci\u00f3n Orihuela B\u00e1rcenas,<\/b>\u00a0el perredista\u00a0<b>Silvano Aureoles Conejo<\/b>\u00a0y la panista<b>\u00a0Luisa Mar\u00eda Calder\u00f3n Hinojosa<\/b>.<\/p>\n<p><iframe loading=\"lazy\" style=\"border: 0px none transparent;\" src=\"http:\/\/www.ustream.tv\/embed\/13946965?v=3&amp;wmode=direct\" width=\"480\" height=\"302\" frameborder=\"0\" scrolling=\"no\">    <\/iframe><\/p>\n<p><a style=\"font-size: 12px; line-height: 20px; font-weight: normal; text-align: left;\" href=\"http:\/\/www.ustream.tv\" target=\"_blank\">Broadcast live streaming video on Ustream<\/a><\/p>\n<p><a href=\"http:\/\/www.eloriente.net\/home\/wp-content\/uploads\/2013\/11\/Atribuci\u00f3nCompartir-bajo-la-misma-licencia-Algunos-derechos-reservados-por-TonyTapia-Morelia.jpg\"><img loading=\"lazy\" decoding=\"async\" class=\"alignnone  wp-image-17510\" src=\"http:\/\/www.eloriente.net\/home\/wp-content\/uploads\/2013\/11\/Atribuci\u00f3nCompartir-bajo-la-misma-licencia-Algunos-derechos-reservados-por-TonyTapia-Morelia.jpg\" alt=\"Atribuci\u00f3nCompartir bajo la misma licencia Algunos derechos reservados por TonyTapia Morelia\" width=\"654\" height=\"239\" srcset=\"https:\/\/www.eloriente.net\/home\/wp-content\/uploads\/2013\/11\/Atribuci\u00f3nCompartir-bajo-la-misma-licencia-Algunos-derechos-reservados-por-TonyTapia-Morelia.jpg 1024w, https:\/\/www.eloriente.net\/home\/wp-content\/uploads\/2013\/11\/Atribuci\u00f3nCompartir-bajo-la-misma-licencia-Algunos-derechos-reservados-por-TonyTapia-Morelia-300x109.jpg 300w\" sizes=\"(max-width: 654px) 100vw, 654px\" \/><\/a><\/p>\n<p>&nbsp;<\/p>\n<p>Imagen: Algunos-derechos-reservados-por-TonyTapia-Morelia.jpg<\/p>\n<p><strong>OTRAS ENTRADAS:<\/strong><\/p>\n<div id=\"post-34943\" class=\"post-34943 post type-post status-publish format-standard has-post-thumbnail hentry category-comunicados-y-boletines category-elecciones category-entradas category-estados category-lo-mas-reciente category-mexico-y-el-mundo category-politica-y-gobierno category-principal tag-diputados-federales tag-elecciones-2015 tag-ine tag-partidos-politicos tag-proceso-electoral tag-roberto-heycher entry loop-default border_bottom_30\">\n<h2 class=\"entry_title\"><a title=\"Enlace Permanente a Elecciones 2015: Arrancan precampa\u00f1as. Partidos tienen hasta 23\/feb para elegir candidatos\" href=\"http:\/\/www.eloriente.net\/home\/2015\/01\/10\/elecciones-2015-arrancan-precampanas-partidos-tienen-hasta-23feb-para-elegir-candidatos\/\" rel=\"bookmark\">Elecciones 2015: Arrancan precampa\u00f1as. Partidos tienen hasta 23\/feb para elegir candidatos<\/a><\/h2>\n<p><a href=\"http:\/\/www.eloriente.net\/home\/2015\/01\/10\/elecciones-2015-arrancan-precampanas-partidos-tienen-hasta-23feb-para-elegir-candidatos\/\" rel=\"bookmark\"><img decoding=\"async\" class=\"alignleft\" title=\"Elecciones 2015: Arrancan precampa\u00f1as. Partidos tienen hasta 23\/feb para elegir candidatos\" src=\"http:\/\/www.eloriente.net\/home\/wp-content\/themes\/city-desk\/timthumb.php?src=http%3A%2F%2Fwww.eloriente.net%2Fhome%2Fwp-content%2Fuploads%2F2015%2F01%2FRoberto-Heycher-INE-e1420908117400.jpg&amp;q=90&amp;w=160&amp;h=106&amp;zc=1\" alt=\"Elecciones 2015: Arrancan precampa\u00f1as. Partidos tienen hasta 23\/feb para elegir candidatos\" \/><\/a>eloriente.net\/INE 10 de enero de 2014 Deber\u00e1n concluir a m\u00e1s tardar el 18 de febrero; el tope m\u00e1ximo de gastos equivale a 224 mil pesos y la propaganda que difundan deber\u00e1 especificar la calidad de precandidato El Instituto Nacional Electoral (INE) en Oaxaca informa que las precampa\u00f1as electorales para el Proceso Electoral Federal 2014-2015 inician [\u2026]<\/p>\n<p class=\"postmeta\"><span class=\"meta_date\">enero 10, 2015<\/span><span class=\"meta_comment\">\u00a0<\/span><span class=\"meta_permalink\"><a title=\"Enlace Permanente a Elecciones 2015: Arrancan precampa\u00f1as. Partidos tienen hasta 23\/feb para elegir candidatos\" href=\"http:\/\/www.eloriente.net\/home\/2015\/01\/10\/elecciones-2015-arrancan-precampanas-partidos-tienen-hasta-23feb-para-elegir-candidatos\/\" rel=\"bookmark\">Leer Mas<\/a><\/span><span class=\"meta_edit\"><a class=\"post-edit-link\" href=\"http:\/\/www.eloriente.net\/home\/wp-admin\/post.php?post=34943&amp;action=edit\">#<\/a><\/span><\/p>\n<\/div>\n<div id=\"post-34919\" class=\"post-34919 post type-post status-publish format-standard has-post-thumbnail hentry category-destacadas category-elecciones category-entradas category-especiales category-estados category-politica-y-gobierno category-principal tag-diputados tag-elecciones-2 tag-ine tag-instituto-electoral tag-partidos-politicos entry loop-default border_bottom_30\">\n<h2 class=\"entry_title\"><\/h2>\n<h2 class=\"entry_title\"><a title=\"Enlace Permanente a Consulta aqu\u00ed Calendario de Elecciones 2015\" href=\"http:\/\/www.eloriente.net\/home\/2015\/01\/07\/consulta-aqui-calendario-de-elecciones-2015\/\" rel=\"bookmark\">Consulta aqu\u00ed Calendario de Elecciones 2015<\/a><\/h2>\n<p><a href=\"http:\/\/www.eloriente.net\/home\/2015\/01\/07\/consulta-aqui-calendario-de-elecciones-2015\/\" rel=\"bookmark\"><img decoding=\"async\" class=\"alignleft\" title=\"Consulta aqu\u00ed Calendario de Elecciones 2015\" src=\"http:\/\/www.eloriente.net\/home\/wp-content\/themes\/city-desk\/timthumb.php?src=http%3A%2F%2Fwww.eloriente.net%2Fhome%2Fwp-content%2Fuploads%2F2014%2F06%2FCaptura-de-pantalla-2015-01-07-a-las-18.00.08.png&amp;q=90&amp;w=160&amp;h=106&amp;zc=1\" alt=\"Consulta aqu\u00ed Calendario de Elecciones 2015\" \/><\/a>Actualizaci\u00f3n con informaci\u00f3n del Insituto Nacional Electoral 7 de enero de 2015 A continuaci\u00f3n, te presentamos el Calendario actualizado que el INE ha puesto a disposici\u00f3n de los ciudadanos: ESTE CALENDARIO YA ES CON DATOS AL 6 DE ENERO DE 2015* \u00a0 PUBLICACI\u00d3N ANTERIOR: \u00a0 eloriente.net 9\/junio\/2014 Durante el primer domingo del pr\u00f3ximo mes de [\u2026]<\/p>\n<p class=\"postmeta\"><span class=\"meta_date\">enero 7, 2015\u00a0<\/span><span class=\"meta_permalink\"><a title=\"Enlace Permanente a Consulta aqu\u00ed Calendario de Elecciones 2015\" href=\"http:\/\/www.eloriente.net\/home\/2015\/01\/07\/consulta-aqui-calendario-de-elecciones-2015\/\" rel=\"bookmark\">Leer Mas<\/a><\/span><span class=\"meta_edit\"><a class=\"post-edit-link\" href=\"http:\/\/www.eloriente.net\/home\/wp-admin\/post.php?post=34919&amp;action=edit\">#<\/a><\/span><\/p>\n<\/div>\n<p>&nbsp;<\/p>\n\n\t\t\t  <div \n\t\t\t  \tclass = \"fb-comments\" \n\t\t\t  \tdata-href = \"https:\/\/www.eloriente.net\/home\/2015\/05\/20\/20may15-en-vivo-debate-entre-aspirantes-a-gobernador-de-michoacan\/\"\n\t\t\t  \tdata-numposts = \"10\"\n\t\t\t\tdata-colorscheme = \"dark\"\n\t\t\t\tdata-order-by = \"social\"\n\t\t\t\tdata-mobile=true>\n\t\t\t  <\/div>\n\t\t  <style>\n\t\t\t.fb_iframe_widget_fluid_desktop iframe {\n\t\t\t    width: 100% !important;\n\t\t\t}\n\t\t  <\/style>\n\t\t  ","protected":false},"excerpt":{"rendered":"<p>&nbsp; &nbsp; eloriente.net 20 de mayo de 2015 Este mi\u00e9rcoles 20 de mayo de 2015 a las 19:00 horas, los aspirantes a Gobernador\u00a0del Estado de Michoac\u00e1n miden fuerzas y argumentos en un segundo debate que se transmitir\u00e1 en vivo por el Sistema Michoacano de Radio y Televisi\u00f3n. A continuaci\u00f3n podr\u00e1s seguir el desarrollo del evento [&hellip;]<\/p>\n","protected":false},"author":1,"featured_media":17510,"comment_status":"open","ping_status":"open","sticky":false,"template":"","format":"standard","meta":{"_jetpack_memberships_contains_paid_content":false,"footnotes":""},"categories":[71,32,63,10,24,21,31],"tags":[1187,3634,3225],"class_list":["post-37179","post","type-post","status-publish","format-standard","has-post-thumbnail","hentry","category-elecciones","category-entradas","category-estados","category-lo-mas-reciente","category-mexico-y-el-mundo","category-politica-y-gobierno","category-principal","tag-debate","tag-debate-michoacan","tag-elecciones-2015"],"jetpack_featured_media_url":"https:\/\/www.eloriente.net\/home\/wp-content\/uploads\/2013\/11\/Atribuci\u00f3nCompartir-bajo-la-misma-licencia-Algunos-derechos-reservados-por-TonyTapia-Morelia.jpg","jetpack_sharing_enabled":true,"_links":{"self":[{"href":"https:\/\/www.eloriente.net\/home\/wp-json\/wp\/v2\/posts\/37179"}],"collection":[{"href":"https:\/\/www.eloriente.net\/home\/wp-json\/wp\/v2\/posts"}],"about":[{"href":"https:\/\/www.eloriente.net\/home\/wp-json\/wp\/v2\/types\/post"}],"author":[{"embeddable":true,"href":"https:\/\/www.eloriente.net\/home\/wp-json\/wp\/v2\/users\/1"}],"replies":[{"embeddable":true,"href":"https:\/\/www.eloriente.net\/home\/wp-json\/wp\/v2\/comments?post=37179"}],"version-history":[{"count":1,"href":"https:\/\/www.eloriente.net\/home\/wp-json\/wp\/v2\/posts\/37179\/revisions"}],"predecessor-version":[{"id":37180,"href":"https:\/\/www.eloriente.net\/home\/wp-json\/wp\/v2\/posts\/37179\/revisions\/37180"}],"wp:featuredmedia":[{"embeddable":true,"href":"https:\/\/www.eloriente.net\/home\/wp-json\/wp\/v2\/media\/17510"}],"wp:attachment":[{"href":"https:\/\/www.eloriente.net\/home\/wp-json\/wp\/v2\/media?parent=37179"}],"wp:term":[{"taxonomy":"category","embeddable":true,"href":"https:\/\/www.eloriente.net\/home\/wp-json\/wp\/v2\/categories?post=37179"},{"taxonomy":"post_tag","embeddable":true,"href":"https:\/\/www.eloriente.net\/home\/wp-json\/wp\/v2\/tags?post=37179"}],"curies":[{"name":"wp","href":"https:\/\/api.w.org\/{rel}","templated":true}]}}