{"id":37257,"date":"2015-05-25T15:13:09","date_gmt":"2015-05-25T21:13:09","guid":{"rendered":"http:\/\/www.eloriente.net\/home\/?p=37257"},"modified":"2015-05-25T15:13:09","modified_gmt":"2015-05-25T21:13:09","slug":"foro-oaxaqueno-del-agua-manifiesta-su-oposicion-a-la-iniciativa-de-ley-de-aguas","status":"publish","type":"post","link":"https:\/\/www.eloriente.net\/home\/2015\/05\/25\/foro-oaxaqueno-del-agua-manifiesta-su-oposicion-a-la-iniciativa-de-ley-de-aguas\/","title":{"rendered":"Foro Oaxaque\u00f1o del Agua manifiesta su oposici\u00f3n a la Iniciativa de Ley de Aguas"},"content":{"rendered":"<p><script src=\"\/\/pagead2.googlesyndication.com\/pagead\/js\/adsbygoogle.js\" async=\"\"><\/script><!-- BANNER ELORIENTE INCRUSTADO NOTAS --> <ins class=\"adsbygoogle\" style=\"display: inline-block; width: 300px; height: 250px;\" data-ad-client=\"ca-pub-1136171134853753\" data-ad-slot=\"7974633627\"><\/ins><script>\/\/ <![CDATA[\n(adsbygoogle = window.adsbygoogle || []).push({});\n\/\/ ]]><\/script><\/p>\n<p>&nbsp;<\/p>\n<p>&nbsp;<\/p>\n<p>eloriente.net\/ FOA<\/p>\n<p>25 de mayo de 2015<\/p>\n<p>La 42 Asamblea del Foro Oaxaque\u00f1o del Agua, que se llev\u00f3 a cabo en San\u00a0Agust\u00edn Etla con la participaci\u00f3n de 80 personas, reiter\u00f3 que la\u00a0iniciativa presentada por el poder ejecutivo que est\u00e1 pendiente de\u00a0discusi\u00f3n en el Congreso de La Uni\u00f3n viola el derecho humano al agua y\u00a0a la autodeterminaci\u00f3n de los pueblos ind\u00edgenas. Adem\u00e1s, recolect\u00f3\u00a0firmas para apoyar la iniciativa ciudadana.<\/p>\n<p>En su exposici\u00f3n, el Ingeniero Aldo Gonz\u00e1lez, de la Secretar\u00eda de\u00a0Asuntos Ind\u00edgenas, sostuvo que la iniciativa oficial de Ley General de\u00a0Aguas contradice el Convenio 169 de la OIT, que establece que los\u00a0pueblos ind\u00edgenas tienen derecho a la consulta y al consentimiento\u00a0libre previo e infirmado sobre los proyectos que se pretendan establecer\u00a0en sus territorios. Afirm\u00f3 que el texto de la Ley limita la\u00a0participaci\u00f3n de las comunidades al no permitirles tomar decisiones\u00a0sobre el agua de sus tierras y tiende a la privatizaci\u00f3n ya que empuja\u00a0a los estados y municipios a establecer organismos encargados del manejo\u00a0del agua que requerir\u00e1n inversiones privadas.<\/p>\n<p>Por su parte, el director del Instituto de la Naturaleza y la Sociedad\u00a0de Oaxaca (INSO A.C.), Juan Jos\u00e9 Consejo, consider\u00f3 que M\u00e9xico se\u00a0encuentra en medio de un desastre h\u00eddrico debido a la contaminaci\u00f3n y\u00a0la sobreexplotaci\u00f3n de las fuentes de agua. Record\u00f3 que la\u00a0legislaci\u00f3n actual separa el agua de los territorios, lo que supone la\u00a0posibilidad de adjudicar concesiones sin consultar a las comunidades\u00a0due\u00f1as de las tierras. Agreg\u00f3 que la iniciativa oficial de Ley General\u00a0de Aguas permite la contaminaci\u00f3n y declara de inter\u00e9s p\u00fablico los\u00a0usos industriales como el fracking, penaliza la investigaci\u00f3n y est\u00e1\u00a0orientada hacia el sector privado. Consejo defendi\u00f3 la propuesta\u00a0ciudadana de Ley General de Aguas que fue realizada por una amplia lista\u00a0de organizaciones civiles y acad\u00e9micos de todo el pa\u00eds y que cambia la\u00a0\u00f3ptica centralizada, vertical y burocr\u00e1tica que prevalece en la\u00a0iniciativa oficial. El director del INSO invit\u00f3 a los asistentes a\u00a0contribuir con sus firmas para exigir que esta iniciativa, que ya fue\u00a0presentada en la C\u00e1mara de Diputados, sea considerada por los\u00a0legisladores.<\/p>\n<p>En otro tema, la Asamblea del FOA se sum\u00f3 a las exigencias de las\u00a0comunidades zapotecas de Ocotl\u00e1n y Zimatl\u00e1n para que el protocolo de\u00a0consulta establecido por la CNA para la modificaci\u00f3n de la veda del\u00a0acu\u00edfero de los Valles Centrales no sea un mero instructivo sino un\u00a0documento rector apegado a la protecci\u00f3n de los derechos humanos y que\u00a0cuente la amplia participaci\u00f3n de las comunidades.<\/p>\n<p>Los asistentes a la Asamblea decidieron continuar apoyando a los vecinos\u00a0de la colonia Guelaguetza quienes presentaron un amparo judicial en\u00a0contra del proyecto de construcci\u00f3n del Centro Cultural y de\u00a0Convenciones en el Cerro del Fort\u00edn. Se defini\u00f3 continuar con el\u00a0seguimiento t\u00e9cnico y legal del proceso y ratificar el acuerdo\u00a0establecido en la Asamblea 41 que considera que cualquier proyecto es\u00a0viable con tres condiciones: que cuente con elementos t\u00e9cnicos s\u00f3lidos\u00a0e integrales, que cumpla de manera estricta con las leyes y que cuente\u00a0con el consentimiento informado de los afectados, vecinos y habitantes\u00a0de la ciudad de Oaxaca.<\/p>\n<p>En el transcurso de la reuni\u00f3n se brind\u00f3 informaci\u00f3n sobre el\u00a0monitoreo de la calidad del agua y el proceso de ordenamiento\u00a0territorial que se llevan a cabo en San Agust\u00edn Etla, la creaci\u00f3n de\u00a0la Gerencia Operativa de la Comisi\u00f3n de Cuenca de los R\u00edos Atoyac y\u00a0Salado, el seguimiento a una denuncia sobre una invasi\u00f3n en el Parque\u00a0Benito Ju\u00e1rez y sobre el Parque Ecol\u00f3gico El Crest\u00f3n.<\/p>\n<p>A la reuni\u00f3n, de car\u00e1cter p\u00fablico, asistieron 18 comunidades, 8\u00a0organizaciones de la sociedad civil, 5 dependencias de gobierno y 4\u00a0instituciones acad\u00e9micas.<\/p>\n<p><a href=\"http:\/\/www.eloriente.net\/home\/wp-content\/uploads\/2015\/05\/FOA-42_14.jpg\"><img loading=\"lazy\" decoding=\"async\" class=\"alignnone  wp-image-37258\" src=\"http:\/\/www.eloriente.net\/home\/wp-content\/uploads\/2015\/05\/FOA-42_14.jpg\" alt=\"FOA-42_14\" width=\"510\" height=\"339\" srcset=\"https:\/\/www.eloriente.net\/home\/wp-content\/uploads\/2015\/05\/FOA-42_14.jpg 850w, https:\/\/www.eloriente.net\/home\/wp-content\/uploads\/2015\/05\/FOA-42_14-300x199.jpg 300w\" sizes=\"(max-width: 510px) 100vw, 510px\" \/><\/a><\/p>\n<p>OTRAS ENTRADAS:<\/p>\n<div id=\"post-35625\" class=\"post-35625 post type-post status-publish format-standard has-post-thumbnail hentry category-capital category-comunicados-y-boletines category-derechos-humanos category-entradas category-estados category-municipios category-oaxaca-estados category-salud category-turismo-y-negocios tag-agua tag-centro-de-convenciones tag-desarrollo-urbano tag-oaxaca-de-juarez entry loop-default border_bottom_30\">\n<h2 class=\"entry_title\"><a title=\"Enlace Permanente a 3,000 habitaciones aumentar\u00e1 capacidad hotelera con Centro de Convenciones; urge an\u00e1lisis: FOA\" href=\"http:\/\/www.eloriente.net\/home\/2015\/02\/20\/3000-habitaciones-aumentara-capacidad-hotelera-con-centro-de-convenciones-urge-analisis-foa\/\" rel=\"bookmark\">3,000 habitaciones aumentar\u00e1 capacidad hotelera con Centro de Convenciones; urge an\u00e1lisis: FOA<\/a><\/h2>\n<p><a href=\"http:\/\/www.eloriente.net\/home\/2015\/02\/20\/3000-habitaciones-aumentara-capacidad-hotelera-con-centro-de-convenciones-urge-analisis-foa\/\" rel=\"bookmark\"><img decoding=\"async\" class=\"alignleft\" title=\"3,000 habitaciones aumentar\u00e1 capacidad hotelera con Centro de Convenciones; urge an\u00e1lisis: FOA\" src=\"http:\/\/www.eloriente.net\/home\/wp-content\/themes\/city-desk\/timthumb.php?src=http%3A%2F%2Fwww.eloriente.net%2Fhome%2Fwp-content%2Fuploads%2F2015%2F02%2FForo-Oaxaque%C3%B1o-del-Agua-Asamblea.jpg&amp;q=90&amp;w=160&amp;h=106&amp;zc=1\" alt=\"3,000 habitaciones aumentar\u00e1 capacidad hotelera con Centro de Convenciones; urge an\u00e1lisis: FOA\" \/><\/a>eloriente.net\/Foro Oaxaque\u00f1o del Agua* 20 de febrero de 2015 La 41a asamblea del Foro Oaxaque\u00f1o del Agua (FOA) que se llev\u00f3 a cabo en la Casa de la Ciudad, acord\u00f3 realizar un llamamiento a las autoridades, empresarios y habitantes de la ciudad de Oaxaca para frenar los proyectos que pueden afectar el ambiente y la [\u2026]<\/p>\n<p class=\"postmeta\"><span class=\"meta_date\">febrero 20, 2015\u00a0<\/span><span class=\"meta_permalink\"><a title=\"Enlace Permanente a 3,000 habitaciones aumentar\u00e1 capacidad hotelera con Centro de Convenciones; urge an\u00e1lisis: FOA\" href=\"http:\/\/www.eloriente.net\/home\/2015\/02\/20\/3000-habitaciones-aumentara-capacidad-hotelera-con-centro-de-convenciones-urge-analisis-foa\/\" rel=\"bookmark\">Leer Mas<\/a><\/span><span class=\"meta_edit\"><a class=\"post-edit-link\" href=\"http:\/\/www.eloriente.net\/home\/wp-admin\/post.php?post=35625&amp;action=edit\">#<\/a><\/span><\/p>\n<p class=\"postmeta\">\n<\/div>\n<div id=\"post-37091\" class=\"post-37091 post type-post status-publish format-standard has-post-thumbnail hentry category-adrian-ortiz-romero category-articulistas category-colaboradores category-destacadas category-educacion-y-cultura category-estados category-oaxaca-estados category-politica-y-gobierno tag-cultura-oaxaca tag-politicas-culturales tag-seculta entry loop-default border_bottom_30\">\n<h2 class=\"entry_title\"><a title=\"Enlace Permanente a Que Congreso Federal apruebe Ley Ciudadana del Agua: pronunciamiento \u00edntegro desde Oaxaca\" href=\"http:\/\/www.eloriente.net\/home\/2015\/03\/20\/que-congreso-federal-apruebe-ley-ciudadana-del-agua-pronunciamiento-integro-desde-oaxaca\/\" rel=\"bookmark\">Que Congreso Federal apruebe Ley Ciudadana del Agua: pronunciamiento \u00edntegro desde Oaxaca<\/a><\/h2>\n<p><a href=\"http:\/\/www.eloriente.net\/home\/2015\/03\/20\/que-congreso-federal-apruebe-ley-ciudadana-del-agua-pronunciamiento-integro-desde-oaxaca\/\" rel=\"bookmark\"><img decoding=\"async\" class=\"alignleft\" title=\"Que Congreso Federal apruebe Ley Ciudadana del Agua: pronunciamiento \u00edntegro desde Oaxaca\" src=\"http:\/\/www.eloriente.net\/home\/wp-content\/themes\/city-desk\/timthumb.php?src=http%3A%2F%2Fwww.eloriente.net%2Fhome%2Fwp-content%2Fuploads%2F2013%2F11%2FAgua-Atribuci%C3%B3n-Algunos-derechos-reservados-por-Flavia-Mariani.jpg&amp;q=90&amp;w=160&amp;h=106&amp;zc=1\" alt=\"Que Congreso Federal apruebe Ley Ciudadana del Agua: pronunciamiento \u00edntegro desde Oaxaca\" \/><\/a><\/p>\n<p>(www.eloriente.net, M\u00e9xico, 20 de marzo de 2015).- Ayer un grupo importante de ciudadanos y organizaciones relacionadas con el estudio y la defensa del medio ambiente, el agua y el desarrollo social emitieron un pronunciamiento p\u00fablico desde Oaxaca, en el que manifiestan la necesidad de que el Congreso de M\u00e9xico no apruebe la [\u2026]<\/p>\n<p class=\"postmeta\"><span class=\"meta_date\">marzo 20, 2015\u00a0<\/span><span class=\"meta_permalink\"><a title=\"Enlace Permanente a Que Congreso Federal apruebe Ley Ciudadana del Agua: pronunciamiento \u00edntegro desde Oaxaca\" href=\"http:\/\/www.eloriente.net\/home\/2015\/03\/20\/que-congreso-federal-apruebe-ley-ciudadana-del-agua-pronunciamiento-integro-desde-oaxaca\/\" rel=\"bookmark\">Leer Mas<\/a><\/span><span class=\"meta_edit\"><a class=\"post-edit-link\" href=\"http:\/\/www.eloriente.net\/home\/wp-admin\/post.php?post=35870&amp;action=edit\">#<\/a><\/span><\/p>\n<\/div>\n\n\t\t\t  <div \n\t\t\t  \tclass = \"fb-comments\" \n\t\t\t  \tdata-href = \"https:\/\/www.eloriente.net\/home\/2015\/05\/25\/foro-oaxaqueno-del-agua-manifiesta-su-oposicion-a-la-iniciativa-de-ley-de-aguas\/\"\n\t\t\t  \tdata-numposts = \"10\"\n\t\t\t\tdata-colorscheme = \"dark\"\n\t\t\t\tdata-order-by = \"social\"\n\t\t\t\tdata-mobile=true>\n\t\t\t  <\/div>\n\t\t  <style>\n\t\t\t.fb_iframe_widget_fluid_desktop iframe {\n\t\t\t    width: 100% !important;\n\t\t\t}\n\t\t  <\/style>\n\t\t  ","protected":false},"excerpt":{"rendered":"<p>&nbsp; &nbsp; eloriente.net\/ FOA 25 de mayo de 2015 La 42 Asamblea del Foro Oaxaque\u00f1o del Agua, que se llev\u00f3 a cabo en San\u00a0Agust\u00edn Etla con la participaci\u00f3n de 80 personas, reiter\u00f3 que la\u00a0iniciativa presentada por el poder ejecutivo que est\u00e1 pendiente de\u00a0discusi\u00f3n en el Congreso de La Uni\u00f3n viola el derecho humano al agua [&hellip;]<\/p>\n","protected":false},"author":57,"featured_media":37258,"comment_status":"open","ping_status":"open","sticky":false,"template":"","format":"standard","meta":{"_jetpack_memberships_contains_paid_content":false,"footnotes":""},"categories":[1588,63,10,20,464],"tags":[3651,3649,3650],"class_list":["post-37257","post","type-post","status-publish","format-standard","has-post-thumbnail","hentry","category-comunicados-y-boletines","category-estados","category-lo-mas-reciente","category-medio-ambiente","category-oaxaca-estados","tag-acceso-universal-al-agua","tag-foa","tag-ley-de-aguas"],"jetpack_featured_media_url":"https:\/\/www.eloriente.net\/home\/wp-content\/uploads\/2015\/05\/FOA-42_14.jpg","jetpack_sharing_enabled":true,"_links":{"self":[{"href":"https:\/\/www.eloriente.net\/home\/wp-json\/wp\/v2\/posts\/37257"}],"collection":[{"href":"https:\/\/www.eloriente.net\/home\/wp-json\/wp\/v2\/posts"}],"about":[{"href":"https:\/\/www.eloriente.net\/home\/wp-json\/wp\/v2\/types\/post"}],"author":[{"embeddable":true,"href":"https:\/\/www.eloriente.net\/home\/wp-json\/wp\/v2\/users\/57"}],"replies":[{"embeddable":true,"href":"https:\/\/www.eloriente.net\/home\/wp-json\/wp\/v2\/comments?post=37257"}],"version-history":[{"count":1,"href":"https:\/\/www.eloriente.net\/home\/wp-json\/wp\/v2\/posts\/37257\/revisions"}],"predecessor-version":[{"id":37259,"href":"https:\/\/www.eloriente.net\/home\/wp-json\/wp\/v2\/posts\/37257\/revisions\/37259"}],"wp:featuredmedia":[{"embeddable":true,"href":"https:\/\/www.eloriente.net\/home\/wp-json\/wp\/v2\/media\/37258"}],"wp:attachment":[{"href":"https:\/\/www.eloriente.net\/home\/wp-json\/wp\/v2\/media?parent=37257"}],"wp:term":[{"taxonomy":"category","embeddable":true,"href":"https:\/\/www.eloriente.net\/home\/wp-json\/wp\/v2\/categories?post=37257"},{"taxonomy":"post_tag","embeddable":true,"href":"https:\/\/www.eloriente.net\/home\/wp-json\/wp\/v2\/tags?post=37257"}],"curies":[{"name":"wp","href":"https:\/\/api.w.org\/{rel}","templated":true}]}}