{"id":37381,"date":"2015-06-02T09:02:05","date_gmt":"2015-06-02T15:02:05","guid":{"rendered":"http:\/\/www.eloriente.net\/home\/?p=37381"},"modified":"2015-06-13T13:22:42","modified_gmt":"2015-06-13T19:22:42","slug":"carmen-aristegui-y-javier-hernandez-presenciaran-sesion-en-oaxaca-el-domingo-14","status":"publish","type":"post","link":"https:\/\/www.eloriente.net\/home\/2015\/06\/02\/carmen-aristegui-y-javier-hernandez-presenciaran-sesion-en-oaxaca-el-domingo-14\/","title":{"rendered":"14\/Jun\/15 Carmen Aristegui y Javier Hern\u00e1ndez presenciar\u00e1n sesi\u00f3n en Oaxaca el domingo 14"},"content":{"rendered":"<p><script src=\"\/\/pagead2.googlesyndication.com\/pagead\/js\/adsbygoogle.js\" async=\"\"><\/script><!-- BANNER ELORIENTE INCRUSTADO NOTAS --> <ins class=\"adsbygoogle\" style=\"display: inline-block; width: 300px; height: 250px;\" data-ad-client=\"ca-pub-1136171134853753\" data-ad-slot=\"7974633627\"><\/ins><script>\/\/ <![CDATA[\n(adsbygoogle = window.adsbygoogle || []).push({});\n\/\/ ]]><\/script><br \/>\n(www.eloriente.net, M\u00e9xico, 2 de junio de 2015).- La Comisi\u00f3n de la Verdad de Oaxaca anunci\u00f3 que durante la sesi\u00f3n p\u00fablica que realizar\u00e1 el pr\u00f3ximo 14 de junio estar\u00e1n presentes, adem\u00e1s de sus miembros, algunos invitados especiales, \u00abque fungir\u00e1n como testigos especiales\u00bb de esta audiencia, en la cual se prev\u00e9 que \u00abv\u00edctimas del conflicto 2006 y 2007&#8243;, hagan uso de la palabra para relatar sus experiencias\u00bb.<\/p>\n<p>Lo anterior, fue informado mediante comunicado p\u00fablico fechado el lunes 1 de junio.<\/p>\n<p>Los invitados especiales se\u00f1alados son: Carmen Aristegui (periodista); Javier Hern\u00e1ndez (representante del Alto Comisionado de la Organizaci\u00f3n de Naciones Unidas en M\u00e9xico); as\u00ed como Arturo Peimbert (Defensor de los Derechos Humanos del Pueblo de Oaxaca).<\/p>\n<p>Cabe recordar que <a href=\"http:\/\/comisiondelaverdadoaxaca.org.mx\/\" target=\"_blank\">la Comisi\u00f3n de la Verdad<\/a> es un \u00f3rgano del Ejecutivo del Estado creado en septiembre de 2013 pero estructurado ya operativamente en 2014. Es \u201corganismo de inter\u00e9s p\u00fablico, con personalidad jur\u00eddica, patrimonio propio\u00bb, seg\u00fan se lee en su Decreto de Creaci\u00f3n.<\/p>\n<p>La sesi\u00f3n del 14 de junio pr\u00f3ximo es su primera sesi\u00f3n p\u00fablica. El escenario ser\u00e1 el Teatro Macedonio Alcal\u00e1 y\u00a0ser\u00e1 encabezada por la Secretaria Ejecutiva, Mar\u00eda Eugenia Mata, la comisionada Marina Patricia Jimenez, el comisionado Diego Enrique Osorno y el presidente de la Comisi\u00f3n de la Verdad, Alejandro Solalinde.<\/p>\n<p><a href=\"http:\/\/www.eloriente.net\/home\/wp-content\/uploads\/2015\/06\/@CarmenAristegui.jpg\"><img loading=\"lazy\" decoding=\"async\" class=\"alignnone size-medium wp-image-37382\" src=\"http:\/\/www.eloriente.net\/home\/wp-content\/uploads\/2015\/06\/@CarmenAristegui-300x136.jpg\" alt=\"@CarmenAristegui\" width=\"300\" height=\"136\" \/><\/a><\/p>\n<p>Foto: @CarmenAristegui<\/p>\n<p>&nbsp;<\/p>\n<p><strong>OTRAS ENTRADAS:<\/strong><\/p>\n<p>&nbsp;<\/p>\n<div id=\"post-31831\" class=\"post-31831 post type-post status-publish format-standard has-post-thumbnail hentry category-adrian-ortiz-romero category-colaboradores category-entradas category-lo-mas-reciente tag-adrian-ortiz-romero-2 entry loop-default border_bottom_30\">\n<h2 class=\"entry_title\"><a title=\"Enlace Permanente a \u00bfDe verdad querr\u00edamos de nuevo a PF en Oaxaca?\" href=\"http:\/\/www.eloriente.net\/home\/2014\/09\/03\/de-verdad-querriamos-de-nuevo-a-pf-en-oaxaca\/\" rel=\"bookmark\">\u00bfDe verdad querr\u00edamos de nuevo a PF en Oaxaca?<\/a><\/h2>\n<p><a href=\"http:\/\/www.eloriente.net\/home\/2014\/09\/03\/de-verdad-querriamos-de-nuevo-a-pf-en-oaxaca\/\" rel=\"bookmark\"><img decoding=\"async\" class=\"alignleft\" title=\"\u00bfDe verdad querr\u00edamos de nuevo a PF en Oaxaca?\" src=\"http:\/\/www.eloriente.net\/home\/wp-content\/themes\/city-desk\/timthumb.php?src=http%3A%2F%2Fwww.eloriente.net%2Fhome%2Fwp-content%2Fuploads%2F2014%2F06%2FPolic%C3%ADa-Por-GobOax-e1424046323877.jpg&amp;q=90&amp;w=160&amp;h=106&amp;zc=1\" alt=\"\u00bfDe verdad querr\u00edamos de nuevo a PF en Oaxaca?\" \/><\/a>eloriente.net 3\/septiembre\/2014 Escenario infundado: EPN, sin prisa por la entidad Ayer por la ma\u00f1ana, de paso, arrib\u00f3 a la capital oaxaque\u00f1a un convoy de la nueva Gendarmer\u00eda Nacional. De inmediato se formularon versiones que, en un tono irresponsable y poco anal\u00edtico, apuntaban a que los elementos federales hab\u00edan sido mandados a la ciudad para restablecer [\u2026]<\/p>\n<p class=\"postmeta\"><span class=\"meta_date\">septiembre 3, 2014<\/span><\/p>\n<\/div>\n<div id=\"post-30189\" class=\"post-30189 post type-post status-publish format-standard has-post-thumbnail hentry category-adrian-ortiz-romero category-colaboradores category-entradas category-lo-mas-reciente category-politica-y-gobierno tag-constitucion tag-corrupcion tag-estructurales tag-gobierno tag-legislacion tag-reformas tag-republica entry loop-default border_bottom_30\">\n<h2 class=\"entry_title\"><a title=\"Enlace Permanente a El verdadero reto: implementar las reformas\" href=\"http:\/\/www.eloriente.net\/home\/2014\/07\/28\/el-verdadero-reto-implementar-las-reformas\/\" rel=\"bookmark\">El verdadero reto: implementar las reformas<\/a><\/h2>\n<p><a href=\"http:\/\/www.eloriente.net\/home\/2014\/07\/28\/el-verdadero-reto-implementar-las-reformas\/\" rel=\"bookmark\"><img decoding=\"async\" class=\"alignleft\" title=\"El verdadero reto: implementar las reformas\" src=\"http:\/\/www.eloriente.net\/home\/wp-content\/themes\/city-desk\/timthumb.php?src=http%3A%2F%2Fwww.eloriente.net%2Fhome%2Fwp-content%2Fuploads%2F2014%2F05%2FRefiner%C3%ADa-Por-Petr%C3%B3leos-Mexicanos.jpg&amp;q=90&amp;w=160&amp;h=106&amp;zc=1\" alt=\"El verdadero reto: implementar las reformas\" \/><\/a>eloriente.net 28\/julio\/2014 Por: Adri\u00e1n Ort\u00edz Romero El verdadero reto: implementar las reformas Lo objetivo, hecho; falta enfrentar corrupci\u00f3n Es muy probable que en fechas cercanas quede finalizado el proceso de reformas estructurales que se plante\u00f3 el gobierno de la rep\u00fablica al inicio de su administraci\u00f3n. En todas las modificaciones constitucionales realizadas hasta ahora, la joya [\u2026]<\/p>\n<p class=\"postmeta\"><span class=\"meta_date\">julio 28, 2014<\/span><\/p>\n<\/div>\n\n\t\t\t  <div \n\t\t\t  \tclass = \"fb-comments\" \n\t\t\t  \tdata-href = \"https:\/\/www.eloriente.net\/home\/2015\/06\/02\/carmen-aristegui-y-javier-hernandez-presenciaran-sesion-en-oaxaca-el-domingo-14\/\"\n\t\t\t  \tdata-numposts = \"10\"\n\t\t\t\tdata-colorscheme = \"dark\"\n\t\t\t\tdata-order-by = \"social\"\n\t\t\t\tdata-mobile=true>\n\t\t\t  <\/div>\n\t\t  <style>\n\t\t\t.fb_iframe_widget_fluid_desktop iframe {\n\t\t\t    width: 100% !important;\n\t\t\t}\n\t\t  <\/style>\n\t\t  ","protected":false},"excerpt":{"rendered":"<p>(www.eloriente.net, M\u00e9xico, 2 de junio de 2015).- La Comisi\u00f3n de la Verdad de Oaxaca anunci\u00f3 que durante la sesi\u00f3n p\u00fablica que realizar\u00e1 el pr\u00f3ximo 14 de junio estar\u00e1n presentes, adem\u00e1s de sus miembros, algunos invitados especiales, \u00abque fungir\u00e1n como testigos especiales\u00bb de esta audiencia, en la cual se prev\u00e9 que \u00abv\u00edctimas del conflicto 2006 y [&hellip;]<\/p>\n","protected":false},"author":1,"featured_media":37382,"comment_status":"open","ping_status":"open","sticky":false,"template":"","format":"standard","meta":{"_jetpack_memberships_contains_paid_content":false,"footnotes":""},"categories":[8,29,22,49,32,63,464,21,31],"tags":[3452,3675,3676],"class_list":["post-37381","post","type-post","status-publish","format-standard","has-post-thumbnail","hentry","category-agenda","category-capital","category-derechos-humanos","category-destacadas","category-entradas","category-estados","category-oaxaca-estados","category-politica-y-gobierno","category-principal","tag-carmen-aristegui","tag-comision-de-la-verdad","tag-oaxaca-2006"],"jetpack_featured_media_url":"https:\/\/www.eloriente.net\/home\/wp-content\/uploads\/2015\/06\/@CarmenAristegui-e1433257273480.jpg","jetpack_sharing_enabled":true,"_links":{"self":[{"href":"https:\/\/www.eloriente.net\/home\/wp-json\/wp\/v2\/posts\/37381"}],"collection":[{"href":"https:\/\/www.eloriente.net\/home\/wp-json\/wp\/v2\/posts"}],"about":[{"href":"https:\/\/www.eloriente.net\/home\/wp-json\/wp\/v2\/types\/post"}],"author":[{"embeddable":true,"href":"https:\/\/www.eloriente.net\/home\/wp-json\/wp\/v2\/users\/1"}],"replies":[{"embeddable":true,"href":"https:\/\/www.eloriente.net\/home\/wp-json\/wp\/v2\/comments?post=37381"}],"version-history":[{"count":6,"href":"https:\/\/www.eloriente.net\/home\/wp-json\/wp\/v2\/posts\/37381\/revisions"}],"predecessor-version":[{"id":37630,"href":"https:\/\/www.eloriente.net\/home\/wp-json\/wp\/v2\/posts\/37381\/revisions\/37630"}],"wp:featuredmedia":[{"embeddable":true,"href":"https:\/\/www.eloriente.net\/home\/wp-json\/wp\/v2\/media\/37382"}],"wp:attachment":[{"href":"https:\/\/www.eloriente.net\/home\/wp-json\/wp\/v2\/media?parent=37381"}],"wp:term":[{"taxonomy":"category","embeddable":true,"href":"https:\/\/www.eloriente.net\/home\/wp-json\/wp\/v2\/categories?post=37381"},{"taxonomy":"post_tag","embeddable":true,"href":"https:\/\/www.eloriente.net\/home\/wp-json\/wp\/v2\/tags?post=37381"}],"curies":[{"name":"wp","href":"https:\/\/api.w.org\/{rel}","templated":true}]}}