{"id":37384,"date":"2015-06-02T10:37:32","date_gmt":"2015-06-02T16:37:32","guid":{"rendered":"http:\/\/www.eloriente.net\/home\/?p=37384"},"modified":"2015-06-02T10:38:20","modified_gmt":"2015-06-02T16:38:20","slug":"las-competencias-educativas-su-cuestionada-utilidad-por-diego-gonzalez","status":"publish","type":"post","link":"https:\/\/www.eloriente.net\/home\/2015\/06\/02\/las-competencias-educativas-su-cuestionada-utilidad-por-diego-gonzalez\/","title":{"rendered":"Las competencias educativas, su cuestionada utilidad, por Diego Gonz\u00e1lez"},"content":{"rendered":"<p><script src=\"\/\/pagead2.googlesyndication.com\/pagead\/js\/adsbygoogle.js\" async=\"\"><\/script><!-- BANNER ELORIENTE INCRUSTADO NOTAS --> <ins class=\"adsbygoogle\" style=\"display: inline-block; width: 300px; height: 250px;\" data-ad-client=\"ca-pub-1136171134853753\" data-ad-slot=\"7974633627\"><\/ins><script>\/\/ <![CDATA[\n(adsbygoogle = window.adsbygoogle || []).push({});\n\/\/ ]]><\/script><br \/>\n&nbsp;<\/p>\n<p>&nbsp;<\/p>\n<p>eloriente.net<\/p>\n<p>2 de junio de 2015<\/p>\n<p style=\"text-align: right;\">Por: Diego Gonz\u00e1lez Algara<\/p>\n<p><em>El presente art\u00edculo esboza a grandes rasgos el concepto de las competencias educativas, su utilidad en nuestra sociedad y sus posibles aplicaciones. Es el primero de dos art\u00edculos que pretender trazar una ruta hacia el desarrollo de las competencias.<\/em><\/p>\n<p><em>Palabras clave: competencias, sociedad.<\/em><\/p>\n<p><strong>Las competencias educativas, su cuestionada utilidad<\/strong><\/p>\n<p>\u00bfC\u00f3mo empezar con un primer art\u00edculo? \u00bfCon una idea? \u00bfCon un trabajo previo \u00bb actualizado\u00bb? \u00bfCon la \u00faltima noticia en los medios?<\/p>\n<p>Quiz\u00e1s una idea, un proyecto de largo plazo compuesto por peque\u00f1os eslabones, art\u00edculos que conformen ese proyecto.<\/p>\n<p>En este espacio period\u00edstico se encontrar\u00e1 ese proyecto que ofrece a los amables lectores algunos elementos que les permitan recorrer el camino de la educaci\u00f3n con mayor ligereza pero al mismo tiempo con profundidad, eso esperamos.<\/p>\n<p>Este primer art\u00edculo est\u00e1 dedicado a las \u201cmanoseadas\u201d competencias.<\/p>\n<p>\u00bfUsar o no usar las competencias? \u00bfSon buenas o malas? Los pros y contras \u00bfTienen beneficios para los alumnos, para los profesores, para la sociedad, o no?<\/p>\n<p>En la actualidad hay diferentes perspectivas al respecto del uso o no de las competencias. Pero antes de adentrarnos habr\u00eda que analizar \u00bfqu\u00e9 son ellas? \u00bfacaso se comen?.<\/p>\n<p>Retomo un concepto muy integral de las competencias publicado en el portal de la U.A.M. titulado \u201chabilidades docentes\u201d:<\/p>\n<p><em>El concepto de competencia es multidimensional e incluye distintos niveles como saber (datos, conceptos, conocimientos), saber hacer (habilidades, destrezas, m\u00e9todos de actuaci\u00f3n), saber ser (actitudes y valores que gu\u00edan el comportamiento) y saber estar (capacidad relacionada con la comunicaci\u00f3n interpersonal y el trabajo cooperativo). <\/em><\/p>\n<p>Entonces las competencias son habilidades, destrezas que desarrollamos a trav\u00e9s de nuestra vida cotidiana en nuestra casa, en la escuela y en la vida en general para poder lograr los objetivos que nos vamos proponiendo o los problemas que nos llaman a una soluci\u00f3n.<\/p>\n<p>En las escuelas los profesores nos apoyan a lograr desarrollar ciertas competencias en los diferentes grados educativos. En casa, los padres juegan un papel fundamental en el desarrollo de competencias de sus hijos.<\/p>\n<p>En M\u00e9xico en el a\u00f1o 2000, la Asociaci\u00f3n Nacional de Universidades e Instituciones a Nivel Superior explica que se busca:<\/p>\n<ul>\n<li>Un v\u00ednculo constante del sector productivo con el sistema educativo, que no puede estar separado del contexto regional, nacional e internacional.<\/li>\n<li>Una educaci\u00f3n ligada a las metas nacionales y al sector productivo.<\/li>\n<li>Unir, por medio de la educaci\u00f3n en competencias, los diferentes niveles de la educaci\u00f3n (b\u00e1sico, medio, medio superior) con la educaci\u00f3n superior para que exista una coherencia y articulaci\u00f3n.<\/li>\n<li>Identificar las necesidades del sector productivo.<\/li>\n<\/ul>\n<p>Las competencias, pues, buscan llevar a la pr\u00e1ctica todos los conocimientos aprendidos. Esto a trav\u00e9s de los conocimientos que incluyen el corpus te\u00f3rico-conceptual y de leyes; habilidades y destrezas, y la \u00faltima son actitudes, valores, intereses, motivos y modos de actuaci\u00f3n.<\/p>\n<p>Hasta aqu\u00ed, sabemos qu\u00e9 son las competencias, para qu\u00e9 sirven y de cierta manera nos damos cuenta de que son \u00fatiles para la comunidad ya que nos permiten movilizar los saberes, como mencionaba el soci\u00f3logo Philippe Perrenoud \u2014profesor en la Universidad de Ginebra\u2014 no basta con saber, es necesario saber hacer, saber ser, saber, convivir. Y quiz\u00e1s podr\u00edamos agregar aprender a aprender.<\/p>\n<p>Todo se escucha muy sencillo y claro. Pero \u00bfes as\u00ed en la vida diaria del docente, en la ense\u00f1anza en casa?. \u00bfC\u00f3mo podemos preparar a nuestros alumnos, hijos para hacerle frente a distintas circunstancias sociales, culturales, econ\u00f3micas, etc. que estar\u00e1n enfrentando en su vida diaria?. Parece una meta muy ambiciosa, casi imposible.<\/p>\n<p>En el siguiente art\u00edculo presentar\u00e9 algunas l\u00edneas de acci\u00f3n, casos de \u00e9xito y otros no tanto, en la aplicaci\u00f3n de competencias.<\/p>\n<p>Mientras tanto un saludo muy afectuoso.<\/p>\n<p>Para mayor informaci\u00f3n respecto al tema recomiendo consultar las siguientes fuentes:<\/p>\n<ol>\n<li>http:\/\/hadoc.azc.uam.mx\/enfoques\/competencia.htm<\/li>\n<li><a href=\"http:\/\/www.unesco.org\/new\/es\/santiago\/press-room\/newsletters\/newsletter-laboratory-for-assessment-of-the-quality-of-education-llece\/n12\/education-and-assessment-by-competences\/\">http:\/\/www.unesco.org\/new\/es\/santiago\/press-room\/newsletters\/newsletter-laboratory-for-assessment-of-the-quality-of-education-llece\/n12\/education-and-assessment-by-competences\/<\/a><\/li>\n<li>http:\/\/sincronia.cucsh.udg.mx\/pdf\/2013_a\/mercedes_chong_n62_2012.pdf<\/li>\n<\/ol>\n<p>&nbsp;<\/p>\n<p><a href=\"http:\/\/www.eloriente.net\/home\/wp-content\/uploads\/2015\/06\/Licencia-CC-Lake-Geneva-por-Amanda-Slater.jpg\"><img loading=\"lazy\" decoding=\"async\" class=\"alignnone size-medium wp-image-37385\" src=\"http:\/\/www.eloriente.net\/home\/wp-content\/uploads\/2015\/06\/Licencia-CC-Lake-Geneva-por-Amanda-Slater-300x225.jpg\" alt=\"OLYMPUS DIGITAL CAMERA\" width=\"300\" height=\"225\" srcset=\"https:\/\/www.eloriente.net\/home\/wp-content\/uploads\/2015\/06\/Licencia-CC-Lake-Geneva-por-Amanda-Slater-300x225.jpg 300w, https:\/\/www.eloriente.net\/home\/wp-content\/uploads\/2015\/06\/Licencia-CC-Lake-Geneva-por-Amanda-Slater-1024x768.jpg 1024w, https:\/\/www.eloriente.net\/home\/wp-content\/uploads\/2015\/06\/Licencia-CC-Lake-Geneva-por-Amanda-Slater-900x675.jpg 900w, https:\/\/www.eloriente.net\/home\/wp-content\/uploads\/2015\/06\/Licencia-CC-Lake-Geneva-por-Amanda-Slater.jpg 1280w\" sizes=\"(max-width: 300px) 100vw, 300px\" \/><\/a><\/p>\n<p>Imagen: Lake Geneva by Amanda Slater CC<\/p>\n<p><strong>OTRAS ENTRADAS:<\/strong><\/p>\n<div id=\"post-34225\" class=\"post-34225 post type-post status-publish format-standard has-post-thumbnail hentry category-entradas category-lo-mas-reciente category-oaxaca-estados category-turismo-y-negocios tag-turismo-academicos entry loop-default border_bottom_30\">\n<h2 class=\"entry_title\"><a title=\"Enlace Permanente a Las mujeres en las empresas tur\u00edsticas privadas y comunitarias\" href=\"http:\/\/www.eloriente.net\/home\/2014\/11\/27\/las-mujeres-en-las-empresas-turisticas-privadas-y-comunitarias\/\" rel=\"bookmark\">Las mujeres en las empresas tur\u00edsticas privadas y comunitarias<\/a><\/h2>\n<p><a href=\"http:\/\/www.eloriente.net\/home\/2014\/11\/27\/las-mujeres-en-las-empresas-turisticas-privadas-y-comunitarias\/\" rel=\"bookmark\"><img decoding=\"async\" class=\"alignleft\" title=\"Las mujeres en las empresas tur\u00edsticas privadas y comunitarias\" src=\"http:\/\/www.eloriente.net\/home\/wp-content\/themes\/city-desk\/timthumb.php?src=http%3A%2F%2Fwww.eloriente.net%2Fhome%2Fwp-content%2Fuploads%2F2014%2F11%2FCamarista-olinala.com_.jpg&amp;q=90&amp;w=160&amp;h=106&amp;zc=1\" alt=\"Las mujeres en las empresas tur\u00edsticas privadas y comunitarias\" \/><\/a>(www.eloriente.net, Oaxaca, M\u00e9xico, 27 de noviembre\/2014).-\u00a0La vida de las mujeres que forman parte de comunidades tradicionales se transforma con el desarrollo de un nuevo proyecto tur\u00edstico. En la literatura existe cierto consenso respecto a que el turismo tiene un impacto m\u00e1s positivo que negativo en el caso de las\u00a0mujeres, pues con las nuevas oportunidades de [\u2026]<\/p>\n<p class=\"postmeta\"><span class=\"meta_date\">noviembre 27, 2014<\/span><\/p>\n<\/div>\n<div id=\"post-34130\" class=\"post-34130 post type-post status-publish format-standard has-post-thumbnail hentry category-educacion-y-cultura category-entradas category-estados category-lo-mas-reciente category-oaxaca-estados category-puebla tag-investigacion-academica tag-sabado-academico entry loop-default border_bottom_30\">\n<h2 class=\"entry_title\"><a title=\"Enlace Permanente a V\u00ednculos entre empresarios de Puebla y Oaxaca (1879-1915)\" href=\"http:\/\/www.eloriente.net\/home\/2014\/11\/22\/vinculos-entre-empresarios-de-puebla-y-oaxaca-1879-1915\/\" rel=\"bookmark\">V\u00ednculos entre empresarios de Puebla y Oaxaca (1879-1915)<\/a><\/h2>\n<p><a href=\"http:\/\/www.eloriente.net\/home\/2014\/11\/22\/vinculos-entre-empresarios-de-puebla-y-oaxaca-1879-1915\/\" rel=\"bookmark\"><img decoding=\"async\" class=\"alignleft\" title=\"V\u00ednculos entre empresarios de Puebla y Oaxaca (1879-1915)\" src=\"http:\/\/www.eloriente.net\/home\/wp-content\/themes\/city-desk\/timthumb.php?src=http%3A%2F%2Fwww.eloriente.net%2Fhome%2Fwp-content%2Fuploads%2F2014%2F11%2FPuebla-commons.wikimedia.org_.jpg&amp;q=90&amp;w=160&amp;h=106&amp;zc=1\" alt=\"V\u00ednculos entre empresarios de Puebla y Oaxaca (1879-1915)\" \/><\/a>eloriente.net 22\/noviembre\/2014 Por razones de linderos y v\u00edas de comunicaci\u00f3n, desde la \u00e9poca colonial se dio un intenso tr\u00e1fico comercial entre los estados de Puebla y Oaxaca. Desde entonces y hasta hace apenas medio siglo, el movimiento fue principalmente promovido por los m\u00e1s acaudalados negociantes extranjeros, sobre todo nativos de Espa\u00f1a, y por sus hijos [\u2026]<\/p>\n<p class=\"postmeta\"><span class=\"meta_date\">noviembre 22, 2014<\/span><\/p>\n<\/div>\n<p>&nbsp;<\/p>\n\n\t\t\t  <div \n\t\t\t  \tclass = \"fb-comments\" \n\t\t\t  \tdata-href = \"https:\/\/www.eloriente.net\/home\/2015\/06\/02\/las-competencias-educativas-su-cuestionada-utilidad-por-diego-gonzalez\/\"\n\t\t\t  \tdata-numposts = \"10\"\n\t\t\t\tdata-colorscheme = \"dark\"\n\t\t\t\tdata-order-by = \"social\"\n\t\t\t\tdata-mobile=true>\n\t\t\t  <\/div>\n\t\t  <style>\n\t\t\t.fb_iframe_widget_fluid_desktop iframe {\n\t\t\t    width: 100% !important;\n\t\t\t}\n\t\t  <\/style>\n\t\t  ","protected":false},"excerpt":{"rendered":"<p>&nbsp; &nbsp; eloriente.net 2 de junio de 2015 Por: Diego Gonz\u00e1lez Algara El presente art\u00edculo esboza a grandes rasgos el concepto de las competencias educativas, su utilidad en nuestra sociedad y sus posibles aplicaciones. Es el primero de dos art\u00edculos que pretender trazar una ruta hacia el desarrollo de las competencias. Palabras clave: competencias, sociedad. [&hellip;]<\/p>\n","protected":false},"author":42,"featured_media":37385,"comment_status":"open","ping_status":"open","sticky":false,"template":"","format":"standard","meta":{"_jetpack_memberships_contains_paid_content":false,"footnotes":""},"categories":[624,11,3677,32,10,19],"tags":[3678,3679,184],"class_list":["post-37384","post","type-post","status-publish","format-standard","has-post-thumbnail","hentry","category-articulistas","category-colaboradores","category-diego-gonzalez-algara","category-entradas","category-lo-mas-reciente","category-turismo-y-negocios","tag-competencias-educativas","tag-diego-gonzalez","tag-educacion"],"jetpack_featured_media_url":"https:\/\/www.eloriente.net\/home\/wp-content\/uploads\/2015\/06\/Licencia-CC-Lake-Geneva-por-Amanda-Slater.jpg","jetpack_sharing_enabled":true,"_links":{"self":[{"href":"https:\/\/www.eloriente.net\/home\/wp-json\/wp\/v2\/posts\/37384"}],"collection":[{"href":"https:\/\/www.eloriente.net\/home\/wp-json\/wp\/v2\/posts"}],"about":[{"href":"https:\/\/www.eloriente.net\/home\/wp-json\/wp\/v2\/types\/post"}],"author":[{"embeddable":true,"href":"https:\/\/www.eloriente.net\/home\/wp-json\/wp\/v2\/users\/42"}],"replies":[{"embeddable":true,"href":"https:\/\/www.eloriente.net\/home\/wp-json\/wp\/v2\/comments?post=37384"}],"version-history":[{"count":1,"href":"https:\/\/www.eloriente.net\/home\/wp-json\/wp\/v2\/posts\/37384\/revisions"}],"predecessor-version":[{"id":37386,"href":"https:\/\/www.eloriente.net\/home\/wp-json\/wp\/v2\/posts\/37384\/revisions\/37386"}],"wp:featuredmedia":[{"embeddable":true,"href":"https:\/\/www.eloriente.net\/home\/wp-json\/wp\/v2\/media\/37385"}],"wp:attachment":[{"href":"https:\/\/www.eloriente.net\/home\/wp-json\/wp\/v2\/media?parent=37384"}],"wp:term":[{"taxonomy":"category","embeddable":true,"href":"https:\/\/www.eloriente.net\/home\/wp-json\/wp\/v2\/categories?post=37384"},{"taxonomy":"post_tag","embeddable":true,"href":"https:\/\/www.eloriente.net\/home\/wp-json\/wp\/v2\/tags?post=37384"}],"curies":[{"name":"wp","href":"https:\/\/api.w.org\/{rel}","templated":true}]}}