{"id":37544,"date":"2015-06-09T08:43:41","date_gmt":"2015-06-09T14:43:41","guid":{"rendered":"http:\/\/www.eloriente.net\/home\/?p=37544"},"modified":"2015-06-09T08:54:35","modified_gmt":"2015-06-09T14:54:35","slug":"de-la-nueva-espana-a-la-independencia-simbolos-religiosos-y-nacion-entrevista-con-historiador-alberto-soto-cortes","status":"publish","type":"post","link":"https:\/\/www.eloriente.net\/home\/2015\/06\/09\/de-la-nueva-espana-a-la-independencia-simbolos-religiosos-y-nacion-entrevista-con-historiador-alberto-soto-cortes\/","title":{"rendered":"De la Nueva Espa\u00f1a a la Independencia, s\u00edmbolos religiosos y naci\u00f3n: Entrevista con Historiador Alberto Soto Cort\u00e9s"},"content":{"rendered":"<p><script src=\"\/\/pagead2.googlesyndication.com\/pagead\/js\/adsbygoogle.js\" async=\"\"><\/script><!-- BANNER ELORIENTE INCRUSTADO NOTAS --> <ins class=\"adsbygoogle\" style=\"display: inline-block; width: 300px; height: 250px;\" data-ad-client=\"ca-pub-1136171134853753\" data-ad-slot=\"7974633627\"><\/ins><script>\/\/ <![CDATA[\n(adsbygoogle = window.adsbygoogle || []).push({});\n\/\/ ]]><\/script><\/p>\n<p>(<a href=\"http:\/\/www.eloriente.net\/home\/\" target=\"_blank\">eloriente.net<\/a>, M\u00e9xico, 9\u00a0de junio\u00a0de 2015. Por: Nadir Quiroz).- Como parte del \u00faltimo m\u00f3dulo\u00a0\u00a0del curso\u00a0<em>El Arte y la Construcci\u00f3n de la Patria: Oaxaca en la encrucijada<\/em>, el Doctor Alberto Soto Cort\u00e9s, imparti\u00f3 los temas <em>Entre siglos: De la Nueva Espa\u00f1a al M\u00e9xico Independiente <\/em>y<em> Pintores, impresores y sus referentes en M\u00e9xico y el Oaxaca, <\/em>con lo cual concluye una intensa y exhaustiva revisi\u00f3n hist\u00f3rica del contexto que a lo largo de 3 siglos nos queda como herencia cultural y art\u00edstica, sentando las bases para la construcci\u00f3n del concepto de patria.<\/p>\n<p>El curso impartido en el Centro Cultural San Pablo, permiti\u00f3 a ELORIENTE.NET entrevistar a los expositores que compartieron conocimientos\u00a0y puntos de vista para hacer part\u00edcipes a nuestros\u00a0lectores y lectoras, de otro punto de vista\u00a0que sin duda aporta una concepci\u00f3n\u00a0cr\u00edtica sobre este lapso en\u00a0la historia de nuestro pa\u00eds,\u00a0que generalmente la narrativa\u00a0oficial no retoma a profundidad.<\/p>\n<p>De esta manera, el tambi\u00e9n investigador\u00a0y coordinador de la Licenciatura de Historia del Arte por la Universidad Iberoamericana en la ciudad de M\u00e9xico, concedi\u00f3 la entrevista que titulamos: <em>De la Nueva Espa\u00f1a a la Independencia:\u00a0s\u00edmbolos\u00a0religiosos y<\/em> naci\u00f3n en la que hace una r\u00e1pida revisi\u00f3n desde el contexto geopol\u00edtico y que influy\u00f3 en el curso de la historia del virreinato, dando paso a\u00a0una transformaci\u00f3n\u00a0social que se reafirmar\u00e1 en s\u00edmbolos heredados de la \u00e9poca que persisten hasta nuestros d\u00edas.<\/p>\n<p>Para el Dr. Soto Cot\u00e9s \u00abHemos estigmatizado el conocimiento de cierto periodo, glorificamos a los ind\u00edgenas muertos, a los prehisp\u00e1nicos, de ah\u00ed nos vamos a hablar de las grandes gestas y defensas, tragedias nacionales del siglo XIX, la grandeza porfirista, la revoluci\u00f3n, el milagro mexicano&#8230; y no nos percatamos que precisamente durante los a\u00f1os de construcci\u00f3n de sociedades, ciudades, de una nacionalidad bajo el amparo de una idea mon\u00e1rquica, es donde realmente se fueron afinando y se fueron generando algunas caracterizaciones que hoy todav\u00eda siguen vigentes.\u00bb<\/p>\n<p>A continuaci\u00f3n, presentamos la entrevista otorgada para\u00a0ELORIENTE.NET con la esperanza de aperturar el debate sobre la construcci\u00f3n de nuestra patria, trasgrediendo el punto de vista \u00abtradicional\u00bb y replanteando los argumentos sobre los cuales pensamos se forja nuestra naci\u00f3n.<\/p>\n<p>&nbsp;<\/p>\n<p><iframe loading=\"lazy\" src=\"https:\/\/www.youtube.com\/embed\/wH13ITxwi1g\" width=\"560\" height=\"315\" frameborder=\"0\" allowfullscreen=\"allowfullscreen\"><\/iframe><\/p>\n<p>&nbsp;<\/p>\n<p><a href=\"http:\/\/www.eloriente.net\/home\/wp-content\/uploads\/2015\/06\/Portada-Soto-Cortes.jpg\"><img loading=\"lazy\" decoding=\"async\" class=\"alignnone  wp-image-37561\" src=\"http:\/\/www.eloriente.net\/home\/wp-content\/uploads\/2015\/06\/Portada-Soto-Cortes-1024x581.jpg\" alt=\"Portada Soto Cortes\" width=\"418\" height=\"237\" \/><\/a><\/p>\n<p>Imagen: eloriente.net<\/p>\n<p>OTRAS ENTRADAS:<\/p>\n<h2 class=\"entry_title\"><a title=\"Enlace Permanente a Influencia de la Iconograf\u00eda Novohispana y Colonial en la construcci\u00f3n de Naci\u00f3n: Entrevista con Historiadora Berta Gilabert\" href=\"http:\/\/www.eloriente.net\/home\/2015\/06\/03\/influencia-de-la-iconografia-novohispana-y-colonial-en-la-construccion-de-nacion-entrevista-con-historiadora-berta-gilabert\/\" rel=\"bookmark\">Influencia de la Iconograf\u00eda Novohispana y Colonial en la construcci\u00f3n de Naci\u00f3n: Entrevista con Historiadora Berta Gilabert<\/a><\/h2>\n<p><a href=\"http:\/\/www.eloriente.net\/home\/2015\/06\/03\/influencia-de-la-iconografia-novohispana-y-colonial-en-la-construccion-de-nacion-entrevista-con-historiadora-berta-gilabert\/\" rel=\"bookmark\"><img decoding=\"async\" class=\"alignleft\" title=\"Influencia de la Iconograf\u00eda Novohispana y Colonial en la construcci\u00f3n de Naci\u00f3n: Entrevista con Historiadora Berta Gilabert\" src=\"http:\/\/www.eloriente.net\/home\/wp-content\/themes\/city-desk\/timthumb.php?src=http%3A%2F%2Fwww.eloriente.net%2Fhome%2Fwp-content%2Fuploads%2F2015%2F06%2FDra.-Gilabert-e1433369849493.jpg&amp;q=90&amp;w=160&amp;h=106&amp;zc=1\" alt=\"Influencia de la Iconograf\u00eda Novohispana y Colonial en la construcci\u00f3n de Naci\u00f3n: Entrevista con Historiadora Berta Gilabert\" \/><\/a><\/p>\n<p>(eloriente.net, M\u00e9xico, 2 de junio\u00a0de 2015. Por: Nadir Quiroz).- Durante la impartici\u00f3n del segundo m\u00f3dulo\u00a0del curso\u00a0El Arte y la Construcci\u00f3n de la Patria: Oaxaca en la encrucijada, impartido en el Centro Cultural San Pablo, \u00a0ELORIENTE.NET entrevist\u00f3 a la Doctora\u00a0Berta Gilabert Hidalgo,\u00a0Directora del Centro de Ense\u00f1anza para Extranjeros Taxco, UNAM y Acad\u00e9mica del Departamento de Arte [\u2026]<\/p>\n<p class=\"postmeta\"><span class=\"meta_date\">junio 3, 2015\u00a0<\/span><span class=\"meta_permalink\"><a title=\"Enlace Permanente a Influencia de la Iconograf\u00eda Novohispana y Colonial en la construcci\u00f3n de Naci\u00f3n: Entrevista con Historiadora Berta Gilabert\" href=\"http:\/\/www.eloriente.net\/home\/2015\/06\/03\/influencia-de-la-iconografia-novohispana-y-colonial-en-la-construccion-de-nacion-entrevista-con-historiadora-berta-gilabert\/\" rel=\"bookmark\">Leer Mas<\/a><\/span><span class=\"meta_edit\"><a class=\"post-edit-link\" href=\"http:\/\/www.eloriente.net\/home\/wp-admin\/post.php?post=37387&amp;action=edit\">#<\/a><\/span><\/p>\n<h2 class=\"entry_title\"><a title=\"Enlace Permanente a Arte religioso y poder en la Oaxaca Colonial: Entrevista con Historiador Javier Cuesta Hern\u00e1ndez\" href=\"http:\/\/www.eloriente.net\/home\/2015\/05\/27\/arte-religioso-y-poder-en-la-oaxaca-colonial-entrevista-con-historiador-javier-cuesta-hernandez\/\" rel=\"bookmark\">Arte religioso y poder en la Oaxaca Colonial: Entrevista con Historiador Javier Cuesta Hern\u00e1ndez<\/a><\/h2>\n<p class=\"postmeta\"><a href=\"http:\/\/www.eloriente.net\/home\/2015\/05\/27\/arte-religioso-y-poder-en-la-oaxaca-colonial-entrevista-con-historiador-javier-cuesta-hernandez\/\" rel=\"bookmark\"><img decoding=\"async\" class=\"alignleft\" title=\"Arte religioso y poder en la Oaxaca Colonial: Entrevista con Historiador Javier Cuesta Hern\u00e1ndez\" src=\"http:\/\/www.eloriente.net\/home\/wp-content\/themes\/city-desk\/timthumb.php?src=http%3A%2F%2Fwww.eloriente.net%2Fhome%2Fwp-content%2Fuploads%2F2015%2F05%2FPortada.png&amp;q=90&amp;w=160&amp;h=106&amp;zc=1\" alt=\"Arte religioso y poder en la Oaxaca Colonial: Entrevista con Historiador Javier Cuesta Hern\u00e1ndez\" \/><\/a><\/p>\n<p>(eloriente.net, M\u00e9xico, 26 de mayo de 2015. Por: Nadir Quiroz).- En el marco del curso\u00a0El Arte y la Construcci\u00f3n de la Patria: Oaxaca en la encrucijada, impartido en el Centro Cultural San Pablo, \u00a0ELORIENTE.NET aprovech\u00f3 la c\u00e1tedra impartida por el Dr. Luis Javier Cuesta Hern\u00e1ndez, Director del Departamento de Arte en la Universidad Iberoamericana de [\u2026]<\/p>\n<p class=\"postmeta\"><span class=\"meta_date\">mayo 27, 2015\u00a0<\/span><span class=\"meta_permalink\"><a title=\"Enlace Permanente a Arte religioso y poder en la Oaxaca Colonial: Entrevista con Historiador Javier Cuesta Hern\u00e1ndez\" href=\"http:\/\/www.eloriente.net\/home\/2015\/05\/27\/arte-religioso-y-poder-en-la-oaxaca-colonial-entrevista-con-historiador-javier-cuesta-hernandez\/\" rel=\"bookmark\">Leer Mas<\/a><\/span><span class=\"meta_edit\"><a class=\"post-edit-link\" href=\"http:\/\/www.eloriente.net\/home\/wp-admin\/post.php?post=37270&amp;action=edit\">#<\/a><\/span><\/p>\n\n\t\t\t  <div \n\t\t\t  \tclass = \"fb-comments\" \n\t\t\t  \tdata-href = \"https:\/\/www.eloriente.net\/home\/2015\/06\/09\/de-la-nueva-espana-a-la-independencia-simbolos-religiosos-y-nacion-entrevista-con-historiador-alberto-soto-cortes\/\"\n\t\t\t  \tdata-numposts = \"10\"\n\t\t\t\tdata-colorscheme = \"dark\"\n\t\t\t\tdata-order-by = \"social\"\n\t\t\t\tdata-mobile=true>\n\t\t\t  <\/div>\n\t\t  <style>\n\t\t\t.fb_iframe_widget_fluid_desktop iframe {\n\t\t\t    width: 100% !important;\n\t\t\t}\n\t\t  <\/style>\n\t\t  ","protected":false},"excerpt":{"rendered":"<p>(eloriente.net, M\u00e9xico, 9\u00a0de junio\u00a0de 2015. Por: Nadir Quiroz).- Como parte del \u00faltimo m\u00f3dulo\u00a0\u00a0del curso\u00a0El Arte y la Construcci\u00f3n de la Patria: Oaxaca en la encrucijada, el Doctor Alberto Soto Cort\u00e9s, imparti\u00f3 los temas Entre siglos: De la Nueva Espa\u00f1a al M\u00e9xico Independiente y Pintores, impresores y sus referentes en M\u00e9xico y el Oaxaca, con lo [&hellip;]<\/p>\n","protected":false},"author":57,"featured_media":37565,"comment_status":"open","ping_status":"open","sticky":false,"template":"","format":"standard","meta":{"_jetpack_memberships_contains_paid_content":false,"footnotes":""},"categories":[18,13,31],"tags":[3656,3689,3711],"class_list":{"0":"post-37544","1":"post","2":"type-post","3":"status-publish","4":"format-standard","5":"has-post-thumbnail","6":"hentry","7":"category-educacion-y-cultura","8":"category-especiales","9":"category-principal","10":"tag-arte-religioso","12":"tag-virreinato"},"jetpack_featured_media_url":"https:\/\/www.eloriente.net\/home\/wp-content\/uploads\/2015\/06\/Alberto-Soto-.png","jetpack_sharing_enabled":true,"_links":{"self":[{"href":"https:\/\/www.eloriente.net\/home\/wp-json\/wp\/v2\/posts\/37544"}],"collection":[{"href":"https:\/\/www.eloriente.net\/home\/wp-json\/wp\/v2\/posts"}],"about":[{"href":"https:\/\/www.eloriente.net\/home\/wp-json\/wp\/v2\/types\/post"}],"author":[{"embeddable":true,"href":"https:\/\/www.eloriente.net\/home\/wp-json\/wp\/v2\/users\/57"}],"replies":[{"embeddable":true,"href":"https:\/\/www.eloriente.net\/home\/wp-json\/wp\/v2\/comments?post=37544"}],"version-history":[{"count":7,"href":"https:\/\/www.eloriente.net\/home\/wp-json\/wp\/v2\/posts\/37544\/revisions"}],"predecessor-version":[{"id":37566,"href":"https:\/\/www.eloriente.net\/home\/wp-json\/wp\/v2\/posts\/37544\/revisions\/37566"}],"wp:featuredmedia":[{"embeddable":true,"href":"https:\/\/www.eloriente.net\/home\/wp-json\/wp\/v2\/media\/37565"}],"wp:attachment":[{"href":"https:\/\/www.eloriente.net\/home\/wp-json\/wp\/v2\/media?parent=37544"}],"wp:term":[{"taxonomy":"category","embeddable":true,"href":"https:\/\/www.eloriente.net\/home\/wp-json\/wp\/v2\/categories?post=37544"},{"taxonomy":"post_tag","embeddable":true,"href":"https:\/\/www.eloriente.net\/home\/wp-json\/wp\/v2\/tags?post=37544"}],"curies":[{"name":"wp","href":"https:\/\/api.w.org\/{rel}","templated":true}]}}