{"id":37558,"date":"2015-06-08T16:13:25","date_gmt":"2015-06-08T22:13:25","guid":{"rendered":"http:\/\/www.eloriente.net\/home\/?p=37558"},"modified":"2015-06-08T16:13:25","modified_gmt":"2015-06-08T22:13:25","slug":"reforestacion-en-el-cerro-del-creston-mil-450-arboles-plantados","status":"publish","type":"post","link":"https:\/\/www.eloriente.net\/home\/2015\/06\/08\/reforestacion-en-el-cerro-del-creston-mil-450-arboles-plantados\/","title":{"rendered":"Reforestaci\u00f3n en el cerro del Crest\u00f3n: Mil 450 \u00e1rboles plantados"},"content":{"rendered":"<p><script src=\"\/\/pagead2.googlesyndication.com\/pagead\/js\/adsbygoogle.js\" async=\"\"><\/script><!-- BANNER ELORIENTE INCRUSTADO NOTAS --> <ins class=\"adsbygoogle\" style=\"display: inline-block; width: 300px; height: 250px;\" data-ad-client=\"ca-pub-1136171134853753\" data-ad-slot=\"7974633627\"><\/ins><script>\/\/ <![CDATA[\n(adsbygoogle = window.adsbygoogle || []).push({});\n\/\/ ]]><\/script><\/p>\n<p>eloriente.net\/INSO<\/p>\n<p>08 de junio de 2015<\/p>\n<p>En un ambiente festivo, dentro del marco del D\u00eda Mundial del Ambiente,\u00a0celebrado el 5 de junio pasado, m\u00e1s de 300 personas entusiastas\u00a0acudieron al llamado del Instituto Estatal de Ecolog\u00eda y Desarrollo\u00a0Sustentable, el Instituto de la Naturaleza y la Sociedad de Oaxaca, el\u00a0Foro Oaxaque\u00f1o del Agua y Amigos del Crest\u00f3n A. C., para participar en\u00a0la primera jornada de reforestaci\u00f3n del Cerro del Crest\u00f3n.<\/p>\n<p>Si bien la meta prevista era sembrar 1,000 \u00e1rboles, se logr\u00f3 plantar\u00a0un total de 1,450 plantas nativas como el huam\u00fachil, mezquite, huaje,\u00a0encino y pino. Tambi\u00e9n se plantaron hijuelos de pasto vetiver para\u00a0controlar la erosi\u00f3n del suelo y brotes de agave para crear un cerco\u00a0vivo en el lugar.<\/p>\n<p>La participaci\u00f3n de los voluntarios se caracteriz\u00f3 por su\u00a0colaboraci\u00f3n armoniosa a pesar de la amenazante lluvia al inicio de la\u00a0jornada. Ni\u00f1os, j\u00f3venes y adultos de la sociedad, colonias aleda\u00f1as y\u00a0organizaciones civiles trabajaron activamente desde las 8 hasta las 11\u00a0am en la reforestaci\u00f3n del Cerro del Crest\u00f3n, lo que ayudar\u00e1 a\u00a0disminuir riesgos de inundaciones en las colonias vecinas, infiltrar\u00a0agua en el subsuelo para su almacenamiento y recuperar el paisaje, las\u00a0plantas y los animales.<\/p>\n<p>Esta actividad cont\u00f3 con el apoyo del CIESAS, el municipio de Oaxaca de\u00a0Ju\u00e1rez, la Fundaci\u00f3n Gonzalo R\u00edo Arronte y la Fundaci\u00f3n Alfredo Harp\u00a0Hel\u00fa Oaxaca.<\/p>\n<p><a href=\"http:\/\/www.eloriente.net\/home\/wp-content\/uploads\/2015\/06\/Crest\u00f3n-reforesta1_117.jpg\"><img loading=\"lazy\" decoding=\"async\" class=\"alignnone  wp-image-37559\" src=\"http:\/\/www.eloriente.net\/home\/wp-content\/uploads\/2015\/06\/Crest\u00f3n-reforesta1_117-1024x680.jpg\" alt=\"Crest\u00f3n-reforesta1_117\" width=\"473\" height=\"314\" srcset=\"https:\/\/www.eloriente.net\/home\/wp-content\/uploads\/2015\/06\/Crest\u00f3n-reforesta1_117-1024x680.jpg 1024w, https:\/\/www.eloriente.net\/home\/wp-content\/uploads\/2015\/06\/Crest\u00f3n-reforesta1_117-300x199.jpg 300w, https:\/\/www.eloriente.net\/home\/wp-content\/uploads\/2015\/06\/Crest\u00f3n-reforesta1_117-900x598.jpg 900w, https:\/\/www.eloriente.net\/home\/wp-content\/uploads\/2015\/06\/Crest\u00f3n-reforesta1_117.jpg 1083w\" sizes=\"(max-width: 473px) 100vw, 473px\" \/><\/a><\/p>\n<p>OTRAS ENTRADAS:<\/p>\n<h2 class=\"entry_title\"><a title=\"Enlace Permanente a Monte Alb\u00e1n: Plan de manejo y participaci\u00f3n social\" href=\"http:\/\/www.eloriente.net\/home\/2014\/11\/15\/monte-alban-plan-de-manejo-y-participacion-social\/\" rel=\"bookmark\">Monte Alb\u00e1n: Plan de manejo y participaci\u00f3n social<\/a><\/h2>\n<p><a href=\"http:\/\/www.eloriente.net\/home\/2014\/11\/15\/monte-alban-plan-de-manejo-y-participacion-social\/\" rel=\"bookmark\"><img decoding=\"async\" class=\"alignleft\" title=\"Monte Alb\u00e1n: Plan de manejo y participaci\u00f3n social\" src=\"http:\/\/www.eloriente.net\/home\/wp-content\/themes\/city-desk\/timthumb.php?src=http%3A%2F%2Fwww.eloriente.net%2Fhome%2Fwp-content%2Fuploads%2F2014%2F11%2FMonte-Alb%C3%A1n-Alfredo-Gayou.jpg&amp;q=90&amp;w=160&amp;h=106&amp;zc=1\" alt=\"Monte Alb\u00e1n: Plan de manejo y participaci\u00f3n social\" \/><\/a><\/p>\n<p>eloriente.net 15\/noviembre\/2014 El plan de manejo de Monte Alb\u00e1n, que se implement\u00f3 originalmente en 1998, constituye una de las primeras experiencias pr\u00e1cticas en M\u00e9xico que integr\u00f3 la planeaci\u00f3n y acciones acad\u00e9micas especializadas en el manejo de sitios arqueol\u00f3gicos monumentales, espec\u00edficamente aquellos designados como Patrimonio Cultural de la Humanidad por la UNESCO. A partir de su [\u2026]<\/p>\n<p class=\"postmeta\"><span class=\"meta_date\">noviembre 15, 2014\u00a0<\/span><span class=\"meta_permalink\"><a title=\"Enlace Permanente a Monte Alb\u00e1n: Plan de manejo y participaci\u00f3n social\" href=\"http:\/\/www.eloriente.net\/home\/2014\/11\/15\/monte-alban-plan-de-manejo-y-participacion-social\/\" rel=\"bookmark\">Leer Mas<\/a><\/span><span class=\"meta_edit\"><a class=\"post-edit-link\" href=\"http:\/\/www.eloriente.net\/home\/wp-admin\/post.php?post=33969&amp;action=edit\">#<\/a><\/span><\/p>\n<h2 class=\"entry_title\"><a title=\"Enlace Permanente a Inicia campa\u00f1a nacional de reforestaci\u00f3n en M\u00e9xico\" href=\"http:\/\/www.eloriente.net\/home\/2014\/07\/10\/inicia-campana-nacional-de-reforestacion-en-mexico\/\" rel=\"bookmark\">Inicia campa\u00f1a nacional de reforestaci\u00f3n en M\u00e9xico<\/a><\/h2>\n<p class=\"postmeta\"><a href=\"http:\/\/www.eloriente.net\/home\/2014\/07\/10\/inicia-campana-nacional-de-reforestacion-en-mexico\/\" rel=\"bookmark\"><img decoding=\"async\" class=\"alignleft\" title=\"Inicia campa\u00f1a nacional de reforestaci\u00f3n en M\u00e9xico\" src=\"http:\/\/www.eloriente.net\/home\/wp-content\/themes\/city-desk\/timthumb.php?src=http%3A%2F%2Fwww.eloriente.net%2Fhome%2Fwp-content%2Fuploads%2F2014%2F07%2FBosques-Christian-Frausto-Bernal.jpg&amp;q=90&amp;w=160&amp;h=106&amp;zc=1\" alt=\"Inicia campa\u00f1a nacional de reforestaci\u00f3n en M\u00e9xico\" \/><\/a><\/p>\n<p>eloriente.net 10\/julio\/2014 Hoy se conmemora en M\u00e9xico el D\u00eda del \u00c1rbol; en el marco de dicha celebraci\u00f3n el presidente de la Rep\u00fablica, Enrique Pe\u00f1a Nieto, anunci\u00f3 el inicio de la Campa\u00f1a Nacional de Reforestaci\u00f3n 2014, la cual tiene como objetivo recuperar 170 mil hect\u00e1reas verdes en todo el pa\u00eds, con 190 millones plantas. Con un [\u2026]<\/p>\n<p class=\"postmeta\"><span class=\"meta_date\">julio 10, 2014\u00a0<\/span><span class=\"meta_permalink\"><a title=\"Enlace Permanente a Inicia campa\u00f1a nacional de reforestaci\u00f3n en M\u00e9xico\" href=\"http:\/\/www.eloriente.net\/home\/2014\/07\/10\/inicia-campana-nacional-de-reforestacion-en-mexico\/\" rel=\"bookmark\">Leer Mas<\/a><\/span><span class=\"meta_edit\"><a class=\"post-edit-link\" href=\"http:\/\/www.eloriente.net\/home\/wp-admin\/post.php?post=29314&amp;action=edit\">#<\/a><\/span><\/p>\n\n\t\t\t  <div \n\t\t\t  \tclass = \"fb-comments\" \n\t\t\t  \tdata-href = \"https:\/\/www.eloriente.net\/home\/2015\/06\/08\/reforestacion-en-el-cerro-del-creston-mil-450-arboles-plantados\/\"\n\t\t\t  \tdata-numposts = \"10\"\n\t\t\t\tdata-colorscheme = \"dark\"\n\t\t\t\tdata-order-by = \"social\"\n\t\t\t\tdata-mobile=true>\n\t\t\t  <\/div>\n\t\t  <style>\n\t\t\t.fb_iframe_widget_fluid_desktop iframe {\n\t\t\t    width: 100% !important;\n\t\t\t}\n\t\t  <\/style>\n\t\t  ","protected":false},"excerpt":{"rendered":"<p>eloriente.net\/INSO 08 de junio de 2015 En un ambiente festivo, dentro del marco del D\u00eda Mundial del Ambiente,\u00a0celebrado el 5 de junio pasado, m\u00e1s de 300 personas entusiastas\u00a0acudieron al llamado del Instituto Estatal de Ecolog\u00eda y Desarrollo\u00a0Sustentable, el Instituto de la Naturaleza y la Sociedad de Oaxaca, el\u00a0Foro Oaxaque\u00f1o del Agua y Amigos del Crest\u00f3n [&hellip;]<\/p>\n","protected":false},"author":57,"featured_media":37559,"comment_status":"open","ping_status":"open","sticky":false,"template":"","format":"standard","meta":{"_jetpack_memberships_contains_paid_content":false,"footnotes":""},"categories":[1588,63,20,464],"tags":[3710,1381,2934,3701],"class_list":["post-37558","post","type-post","status-publish","format-standard","has-post-thumbnail","hentry","category-comunicados-y-boletines","category-estados","category-medio-ambiente","category-oaxaca-estados","tag-cerro-del-creston","tag-fahho","tag-inso","tag-reforestacion"],"jetpack_featured_media_url":"https:\/\/www.eloriente.net\/home\/wp-content\/uploads\/2015\/06\/Crest\u00f3n-reforesta1_117.jpg","jetpack_sharing_enabled":true,"_links":{"self":[{"href":"https:\/\/www.eloriente.net\/home\/wp-json\/wp\/v2\/posts\/37558"}],"collection":[{"href":"https:\/\/www.eloriente.net\/home\/wp-json\/wp\/v2\/posts"}],"about":[{"href":"https:\/\/www.eloriente.net\/home\/wp-json\/wp\/v2\/types\/post"}],"author":[{"embeddable":true,"href":"https:\/\/www.eloriente.net\/home\/wp-json\/wp\/v2\/users\/57"}],"replies":[{"embeddable":true,"href":"https:\/\/www.eloriente.net\/home\/wp-json\/wp\/v2\/comments?post=37558"}],"version-history":[{"count":1,"href":"https:\/\/www.eloriente.net\/home\/wp-json\/wp\/v2\/posts\/37558\/revisions"}],"predecessor-version":[{"id":37560,"href":"https:\/\/www.eloriente.net\/home\/wp-json\/wp\/v2\/posts\/37558\/revisions\/37560"}],"wp:featuredmedia":[{"embeddable":true,"href":"https:\/\/www.eloriente.net\/home\/wp-json\/wp\/v2\/media\/37559"}],"wp:attachment":[{"href":"https:\/\/www.eloriente.net\/home\/wp-json\/wp\/v2\/media?parent=37558"}],"wp:term":[{"taxonomy":"category","embeddable":true,"href":"https:\/\/www.eloriente.net\/home\/wp-json\/wp\/v2\/categories?post=37558"},{"taxonomy":"post_tag","embeddable":true,"href":"https:\/\/www.eloriente.net\/home\/wp-json\/wp\/v2\/tags?post=37558"}],"curies":[{"name":"wp","href":"https:\/\/api.w.org\/{rel}","templated":true}]}}