{"id":37988,"date":"2015-06-01T21:01:38","date_gmt":"2015-06-02T03:01:38","guid":{"rendered":"http:\/\/www.eloriente.net\/home\/?p=37988"},"modified":"2015-07-15T13:17:15","modified_gmt":"2015-07-15T19:17:15","slug":"fuente-de-vida-doreli-rios","status":"publish","type":"post","link":"https:\/\/www.eloriente.net\/home\/2015\/06\/01\/fuente-de-vida-doreli-rios\/","title":{"rendered":"Fuente de Vida: Doreli R\u00edos"},"content":{"rendered":"<p><script src=\"\/\/pagead2.googlesyndication.com\/pagead\/js\/adsbygoogle.js\" async=\"\"><\/script><!-- BANNER ELORIENTE INCRUSTADO NOTAS --> <ins class=\"adsbygoogle\" style=\"display: inline-block; width: 300px; height: 250px;\" data-ad-client=\"ca-pub-1136171134853753\" data-ad-slot=\"7974633627\"><\/ins><script>\/\/ <![CDATA[\n(adsbygoogle = window.adsbygoogle || []).push({});\n\/\/ ]]><\/script><br \/>\n&nbsp;<\/p>\n<p>&nbsp;<\/p>\n<p>&nbsp;<\/p>\n<p>eloriente.net\/UABJO<\/p>\n<p>15 de julio de 2015<\/p>\n<p>Por segunda ocasi\u00f3n, la Galer\u00eda Central de la Facultad de Derecho y Ciencias Sociales de la Universidad Aut\u00f3noma \u201cBenito Ju\u00e1rez\u201d de Oaxaca (UABJO) se engalana con los trabajos realizados por la artista pl\u00e1stica Doreli R\u00edos, esta vez expone la obra \u201cFuente de Vida\u201d.<\/p>\n<p>El Coordinador de Cultura, Roberto V\u00e1squez Peralta, reafirm\u00f3 el compromiso que existe por parte de la universidad para darle difusi\u00f3n a las diversas expresiones art\u00edsticas existentes en nuestro estado, \u201cla Facultad de Derecho como pieza fundamental para el conocimiento jur\u00eddico y human\u00edstico, en los tiempos actuales que nos encontramos de zozobra, llevar el modernismo a las m\u00e1s altas esferas para el conocimiento y desarrollo del hombre es lo que genera este tipo de eventos culturales\u201d.<\/p>\n<p>Por su parte, la artista dijo que en sus 11 obras elaboradas con t\u00e9cnicas mixtas y con la utilizaci\u00f3n de encaustos, busca un trasfondo espiritual sin llegar al misticismo mediante la exposici\u00f3n de su ser, explic\u00f3 que Fuente de Vida tambi\u00e9n es una casa hogar que alberga a personas de escasos recursos y derivado de la venta de sus cuadros un porcentaje ser\u00e1 destinado para ayudar a los ni\u00f1os de este lugar.<\/p>\n<p><a href=\"http:\/\/www.eloriente.net\/home\/wp-content\/uploads\/2015\/07\/EXPOSICI\u00d3N-uabjo-Doreli-Rios-.jpg\"><img loading=\"lazy\" decoding=\"async\" class=\"alignnone size-medium wp-image-37989\" src=\"http:\/\/www.eloriente.net\/home\/wp-content\/uploads\/2015\/07\/EXPOSICI\u00d3N-uabjo-Doreli-Rios--300x200.jpg\" alt=\"EXPOSICI\u00d3N uabjo Doreli Rios\" width=\"300\" height=\"200\" srcset=\"https:\/\/www.eloriente.net\/home\/wp-content\/uploads\/2015\/07\/EXPOSICI\u00d3N-uabjo-Doreli-Rios--300x200.jpg 300w, https:\/\/www.eloriente.net\/home\/wp-content\/uploads\/2015\/07\/EXPOSICI\u00d3N-uabjo-Doreli-Rios--1024x682.jpg 1024w, https:\/\/www.eloriente.net\/home\/wp-content\/uploads\/2015\/07\/EXPOSICI\u00d3N-uabjo-Doreli-Rios--900x600.jpg 900w\" sizes=\"(max-width: 300px) 100vw, 300px\" \/><\/a><\/p>\n<p>Entre los invitados especiales tambi\u00e9n se cont\u00f3 con la presencia del Coordinador de Planeaci\u00f3n, H\u00e9ctor Aguilar; el Director de Responsabilidad UABJO, Alberto Ortiz Casta\u00f1eda; el maestro Jorge Pech Casanova; de la fundaci\u00f3n Amigos A.C., Denzil Hood y Rebeca Hood, entre otras personalidades.<\/p>\n<p>&nbsp;<\/p>\n\n\t\t\t  <div \n\t\t\t  \tclass = \"fb-comments\" \n\t\t\t  \tdata-href = \"https:\/\/www.eloriente.net\/home\/2015\/06\/01\/fuente-de-vida-doreli-rios\/\"\n\t\t\t  \tdata-numposts = \"10\"\n\t\t\t\tdata-colorscheme = \"dark\"\n\t\t\t\tdata-order-by = \"social\"\n\t\t\t\tdata-mobile=true>\n\t\t\t  <\/div>\n\t\t  <style>\n\t\t\t.fb_iframe_widget_fluid_desktop iframe {\n\t\t\t    width: 100% !important;\n\t\t\t}\n\t\t  <\/style>\n\t\t  ","protected":false},"excerpt":{"rendered":"<p>&nbsp; &nbsp; &nbsp; eloriente.net\/UABJO 15 de julio de 2015 Por segunda ocasi\u00f3n, la Galer\u00eda Central de la Facultad de Derecho y Ciencias Sociales de la Universidad Aut\u00f3noma \u201cBenito Ju\u00e1rez\u201d de Oaxaca (UABJO) se engalana con los trabajos realizados por la artista pl\u00e1stica Doreli R\u00edos, esta vez expone la obra \u201cFuente de Vida\u201d. El Coordinador de [&hellip;]<\/p>\n","protected":false},"author":1,"featured_media":37989,"comment_status":"open","ping_status":"open","sticky":false,"template":"","format":"standard","meta":{"_jetpack_memberships_contains_paid_content":false,"footnotes":""},"categories":[32,84],"tags":[],"class_list":["post-37988","post","type-post","status-publish","format-standard","has-post-thumbnail","hentry","category-entradas","category-universidades"],"jetpack_featured_media_url":"https:\/\/www.eloriente.net\/home\/wp-content\/uploads\/2015\/07\/EXPOSICI\u00d3N-uabjo-Doreli-Rios-.jpg","jetpack_sharing_enabled":true,"_links":{"self":[{"href":"https:\/\/www.eloriente.net\/home\/wp-json\/wp\/v2\/posts\/37988"}],"collection":[{"href":"https:\/\/www.eloriente.net\/home\/wp-json\/wp\/v2\/posts"}],"about":[{"href":"https:\/\/www.eloriente.net\/home\/wp-json\/wp\/v2\/types\/post"}],"author":[{"embeddable":true,"href":"https:\/\/www.eloriente.net\/home\/wp-json\/wp\/v2\/users\/1"}],"replies":[{"embeddable":true,"href":"https:\/\/www.eloriente.net\/home\/wp-json\/wp\/v2\/comments?post=37988"}],"version-history":[{"count":1,"href":"https:\/\/www.eloriente.net\/home\/wp-json\/wp\/v2\/posts\/37988\/revisions"}],"predecessor-version":[{"id":37990,"href":"https:\/\/www.eloriente.net\/home\/wp-json\/wp\/v2\/posts\/37988\/revisions\/37990"}],"wp:featuredmedia":[{"embeddable":true,"href":"https:\/\/www.eloriente.net\/home\/wp-json\/wp\/v2\/media\/37989"}],"wp:attachment":[{"href":"https:\/\/www.eloriente.net\/home\/wp-json\/wp\/v2\/media?parent=37988"}],"wp:term":[{"taxonomy":"category","embeddable":true,"href":"https:\/\/www.eloriente.net\/home\/wp-json\/wp\/v2\/categories?post=37988"},{"taxonomy":"post_tag","embeddable":true,"href":"https:\/\/www.eloriente.net\/home\/wp-json\/wp\/v2\/tags?post=37988"}],"curies":[{"name":"wp","href":"https:\/\/api.w.org\/{rel}","templated":true}]}}