{"id":38194,"date":"2015-08-04T18:07:39","date_gmt":"2015-08-05T00:07:39","guid":{"rendered":"http:\/\/www.eloriente.net\/home\/?p=38194"},"modified":"2015-08-04T18:07:39","modified_gmt":"2015-08-05T00:07:39","slug":"federales-solo-esperaban-la-orden-y-nunca-llego-ulises-ruiz-sobre-desalojo-2006","status":"publish","type":"post","link":"https:\/\/www.eloriente.net\/home\/2015\/08\/04\/federales-solo-esperaban-la-orden-y-nunca-llego-ulises-ruiz-sobre-desalojo-2006\/","title":{"rendered":"Federales solo esperaban la orden y nunca lleg\u00f3: Ulises Ruiz sobre desalojo 2006"},"content":{"rendered":"<p><script src=\"\/\/pagead2.googlesyndication.com\/pagead\/js\/adsbygoogle.js\" async=\"\"><\/script><!-- BANNER ELORIENTE INCRUSTADO NOTAS --> <ins class=\"adsbygoogle\" style=\"display: inline-block; width: 300px; height: 250px;\" data-ad-client=\"ca-pub-1136171134853753\" data-ad-slot=\"7974633627\"><\/ins><script>\/\/ <![CDATA[\n(adsbygoogle = window.adsbygoogle || []).push({});\n\/\/ ]]><\/script><br \/>\n&nbsp;<\/p>\n<p>(<a href=\"www.eloriente.net\" target=\"_blank\">www.eloriente.net<\/a>, M\u00e9xico, 4 de agosto de 2015).- Un libro que tiene aspectos filos\u00f3ficos y algunos otros que surgen de su gesti\u00f3n como gobernador de Oaxaca, as\u00ed describi\u00f3 el comunicador Sergio Sarmiento, el volumen de memorias que Ulises Ruiz Ortiz public\u00f3 recientemente y sobre el cual mantuvieron una conversaci\u00f3n en Radio Red.<\/p>\n<p>Se trata de un libro denominado \u00abGobernar Oaxaca. Bonapartismo, Parroquialismo, Mitos y Realidad Pol\u00edtica en un estado del Sur de M\u00e9xico\u00bb (Plaza y Vald\u00e9s) que contiene, seg\u00fan el autor, experiencias y conversaciones que sostuvo con personajes como Cipriano Flores y Ra\u00fal \u00c1vila, con pr\u00f3logo del periodista Carlos Ram\u00edrez, incluidas an\u00e9cdotas sobre su administraci\u00f3n y el conflicto de 2006.<\/p>\n<p>\u00abEra necesario meterle mano al asunto del magisterio en Oaxaca\u00bb, dijo Ruiz, al identificar en el 2006 <a href=\"http:\/\/www.eloriente.net\/home\/2013\/02\/10\/convoca-seccion-xxii-a-la-appo-para-que-se-integre-a-movimiento\/\" target=\"_blank\">la semilla de lo que hoy se comienza<\/a> a reflejar en los hechos, que es recuperar para el Estado la rector\u00eda educativa, terminar con los chantajes del magisterio, entre otras circunstancias.<\/p>\n<p>\u00abEllos estaban acostumbrados al chantaje, a la presi\u00f3n, a la movilizaci\u00f3n. Yo no \u00a0me dej\u00e9 presionar y de entrada retir\u00e9 400 millones de pesos que se entregaban en efectivo a los l\u00edderes\u00bb del magisterio, record\u00f3 Ulises. La situaci\u00f3n afect\u00f3 en ese momento los intereses espec\u00edficamente de los dirigentes.<\/p>\n<p>El ex gobernador de Oaxaca dijo que ten\u00eda orden de un Juez para desalojar a los maestros de las calles de la capital de estado, lo cual degener\u00f3 en participaci\u00f3n de pol\u00edticos oaxaque\u00f1os y el <a href=\"http:\/\/www.eloriente.net\/home\/2013\/06\/18\/anuncian-reconstitucion-de-la-appo\/\" target=\"_blank\">surgimiento de la APPO<\/a>, liderada por personajes corruptos.<\/p>\n<p>A pregunta expresa de Sarmiento sobre si es posible despedir a 80 mil maestros en Oaxaca, Ruiz respondi\u00f3 que los principales rehenes de los dirigentes de la Secci\u00f3n 22 son los propios maestros. La poblaci\u00f3n rechaza de manera total a lo que ellos hacen.<\/p>\n<p>Los anteriores gobernadores (a m\u00ed), continu\u00f3, por precauci\u00f3n, por cuidarse o por miedo incluso no tocaron el magisterio. \u00abYo no autoric\u00e9 ning\u00fan recursos estatal para salarios o prestaciones que no autorizara la federaci\u00f3n. Yo le quit\u00e9 los mandos a los dirigentes de la Secci\u00f3n 22 pero la Secretar\u00eda de Gobernaci\u00f3n de ese entonces se los devolvi\u00f3, por falta de solidaridad por parte del gobierno federal\u00bb.<\/p>\n<p>Ulises Ruiz mencion\u00f3 que aquel junio de 2006, cuando se decide el desalojo, el entonces secretario de gobernaci\u00f3n, Carlos Abascal, se comunic\u00f3 con \u00e9l para asegurarle que el uso de fuerzas federales estaba autorizado para efectuar dicho desalojo, haci\u00e9ndolo firmar un oficio del Poder Ejecutivo para solicitarlo, \u00aby a la mera hora no llegan las fuerzas federales\u00bb.<\/p>\n<p>\u00abIncluso a m\u00ed me habl\u00f3 el director de la Polic\u00eda Federal Preventiva en ese entonces, Ardelio Vargas, a las 5 y media, 6 de la ma\u00f1ana, dici\u00e9ndome que ya estaban todos en los aviones esperando la orden, y esa orden nunca lleg\u00f3 no entiendo porqu\u00e9. 5 meses y medio despu\u00e9s se presentaron las fuerzas federales\u00bb.<\/p>\n<p>Adicionalmente, Ruiz coment\u00f3 que el entonces rector de la UABJO, hoy diputado federal electo, le entreg\u00f3 la Universidad a la APPO.<\/p>\n<p>Para escuchar la entrevista completa, da click <a href=\"http:\/\/redfm.mx\/podcast\/lo-unico-que-hice-fue-aplicar-la-ley.html\" target=\"_blank\">AQU\u00cd<\/a>.<\/p>\n<p><a href=\"http:\/\/www.eloriente.net\/home\/wp-content\/uploads\/2015\/08\/@UlisesRuizOrtiz.jpg\"><img loading=\"lazy\" decoding=\"async\" class=\"alignnone size-medium wp-image-38203\" src=\"http:\/\/www.eloriente.net\/home\/wp-content\/uploads\/2015\/08\/@UlisesRuizOrtiz-300x200.jpg\" alt=\"@UlisesRuizOrtiz\" width=\"300\" height=\"200\" srcset=\"https:\/\/www.eloriente.net\/home\/wp-content\/uploads\/2015\/08\/@UlisesRuizOrtiz-300x200.jpg 300w, https:\/\/www.eloriente.net\/home\/wp-content\/uploads\/2015\/08\/@UlisesRuizOrtiz-1024x682.jpg 1024w, https:\/\/www.eloriente.net\/home\/wp-content\/uploads\/2015\/08\/@UlisesRuizOrtiz-900x600.jpg 900w, https:\/\/www.eloriente.net\/home\/wp-content\/uploads\/2015\/08\/@UlisesRuizOrtiz.jpg 1600w\" sizes=\"(max-width: 300px) 100vw, 300px\" \/><\/a><\/p>\n<p>Imagen: @UlisesRuizOrtiz<\/p>\n<p><strong>OTRAS ENTRADAS:<\/strong><\/p>\n<div class=\"featuredpost\">\n<div class=\"flow_hide\">\n<h2 class=\"posttitle bigposttitle\"><a title=\"Enlace Permanente a Con atentado, \u201cquieren detener mi carrera pol\u00edtica\u201d: Samuel Gurri\u00f3n\" href=\"http:\/\/www.eloriente.net\/home\/2015\/08\/04\/con-atentado-quieren-detener-mi-carrera-politica-samuel-gurrion\/\" rel=\"bookmark\">Con atentado, \u201cquieren detener mi carrera pol\u00edtica\u201d: Samuel Gurri\u00f3n<\/a><\/h2>\n<\/div>\n<p>Actualizaci\u00f3n 18:41 (www.eloriente.net, M\u00e9xico, 4 de agosto de 2015).- La Fiscal\u00eda General del Estado inform\u00f3 que ya su oficina en la costa se encuentra indagando este presunto atentado\u2026<\/p>\n<p class=\"postmeta\"><span class=\"meta_date\">agosto 4, 2015<\/span><\/p>\n<div class=\"toolbar-social\">\n<div class=\"social-widget\">\n<div id=\"sharing-widget\"><a class=\"button icon-share\">Compartir<\/a><span class=\"share-count\">6<\/span><\/div>\n<\/div>\n<\/div>\n<\/div>\n<div class=\"featuredpost\">\n<div class=\"flow_hide\"><a href=\"http:\/\/www.eloriente.net\/home\/2015\/08\/04\/educar-en-la-pobreza-por-diego-gonzalez-algara\/\" rel=\"bookmark\"><img decoding=\"async\" class=\"alignleft\" title=\"Educar en la pobreza, por Diego Gonz\u00e1lez Algara\" src=\"http:\/\/www.eloriente.net\/home\/wp-content\/themes\/city-desk\/timthumb.php?src=http%3A%2F%2Fwww.eloriente.net%2Fhome%2Fwp-content%2Fuploads%2F2014%2F05%2FLicencia-CC-derechos-reservados-por-M.-Martin-Vicente-Lapiz.jpg&amp;q=90&amp;w=70&amp;h=45&amp;zc=1\" alt=\"Educar en la pobreza, por Diego Gonz\u00e1lez Algara\" \/><\/a><\/p>\n<h2 class=\"posttitle \"><a title=\"Enlace Permanente a Educar en la pobreza, por Diego Gonz\u00e1lez Algara\" href=\"http:\/\/www.eloriente.net\/home\/2015\/08\/04\/educar-en-la-pobreza-por-diego-gonzalez-algara\/\" rel=\"bookmark\">Educar en la pobreza, por Diego Gonz\u00e1lez Algara<\/a><\/h2>\n<\/div>\n<p>En este art\u00edculo se muestran algunos elementos a considerar al momento de ense\u00f1ar en contextos, como el Mexicano, donde la pobreza afecta a uno se de\u2026<\/p>\n<p class=\"postmeta\"><span class=\"meta_date\">agosto 4, 2015<\/span><\/p>\n<div class=\"toolbar-social\">\n<div class=\"social-widget\">\n<div id=\"sharing-widget\"><a class=\"button icon-share\">Compartir<\/a><span class=\"share-count\">1<\/span><\/div>\n<\/div>\n<\/div>\n<\/div>\n<div class=\"featuredpost\">\n<div class=\"flow_hide\"><a href=\"http:\/\/www.eloriente.net\/home\/2015\/08\/04\/recibe-nombramiento-primer-fiscal-general-del-estado-de-oaxaca\/\" rel=\"bookmark\"><img decoding=\"async\" class=\"alignleft\" title=\"Recibe nombramiento primer Fiscal General del Estado de Oaxaca\" src=\"http:\/\/www.eloriente.net\/home\/wp-content\/themes\/city-desk\/timthumb.php?src=http%3A%2F%2Fwww.eloriente.net%2Fhome%2Fwp-content%2Fuploads%2F2015%2F08%2F62legisoax-joaquin-carrillo.jpg&amp;q=90&amp;w=70&amp;h=45&amp;zc=1\" alt=\"Recibe nombramiento primer Fiscal General del Estado de Oaxaca\" \/><\/a><\/p>\n<h2 class=\"posttitle \"><a title=\"Enlace Permanente a Recibe nombramiento primer Fiscal General del Estado de Oaxaca\" href=\"http:\/\/www.eloriente.net\/home\/2015\/08\/04\/recibe-nombramiento-primer-fiscal-general-del-estado-de-oaxaca\/\" rel=\"bookmark\">Recibe nombramiento primer Fiscal General del Estado de Oaxaca<\/a><\/h2>\n<\/div>\n<p>(www.eloriente.net, M\u00e9xico, 4 de agosto de 2015. por Gustavo Morales-Derecho El Oriente).- La transformaci\u00f3n del sistema de procuraci\u00f3n de justicia en Oaxaca tuvo ayer uno de sus episodios\u2026<\/p>\n<p class=\"postmeta\"><span class=\"meta_date\">agosto 4, 2015<\/span><\/p>\n<div class=\"toolbar-social\">\n<div class=\"social-widget\">\n<div id=\"sharing-widget\"><a class=\"button icon-share\">Compartir<\/a><span class=\"share-count\">1<\/span><\/div>\n<\/div>\n<\/div>\n<\/div>\n<p>&nbsp;<\/p>\n<p>&nbsp;<\/p>\n<p>&nbsp;<\/p>\n<p>&nbsp;<\/p>\n<p>&nbsp;<\/p>\n<p>&nbsp;<\/p>\n\n\t\t\t  <div \n\t\t\t  \tclass = \"fb-comments\" \n\t\t\t  \tdata-href = \"https:\/\/www.eloriente.net\/home\/2015\/08\/04\/federales-solo-esperaban-la-orden-y-nunca-llego-ulises-ruiz-sobre-desalojo-2006\/\"\n\t\t\t  \tdata-numposts = \"10\"\n\t\t\t\tdata-colorscheme = \"dark\"\n\t\t\t\tdata-order-by = \"social\"\n\t\t\t\tdata-mobile=true>\n\t\t\t  <\/div>\n\t\t  <style>\n\t\t\t.fb_iframe_widget_fluid_desktop iframe {\n\t\t\t    width: 100% !important;\n\t\t\t}\n\t\t  <\/style>\n\t\t  ","protected":false},"excerpt":{"rendered":"<p>&nbsp; (www.eloriente.net, M\u00e9xico, 4 de agosto de 2015).- Un libro que tiene aspectos filos\u00f3ficos y algunos otros que surgen de su gesti\u00f3n como gobernador de Oaxaca, as\u00ed describi\u00f3 el comunicador Sergio Sarmiento, el volumen de memorias que Ulises Ruiz Ortiz public\u00f3 recientemente y sobre el cual mantuvieron una conversaci\u00f3n en Radio Red. Se trata de [&hellip;]<\/p>\n","protected":false},"author":1,"featured_media":38203,"comment_status":"open","ping_status":"open","sticky":false,"template":"","format":"standard","meta":{"_jetpack_memberships_contains_paid_content":false,"footnotes":""},"categories":[2434,29,32,63,464,21],"tags":[1671,3200,73,3920],"class_list":["post-38194","post","type-post","status-publish","format-standard","has-post-thumbnail","hentry","category-lunesdepolitica","category-capital","category-entradas","category-estados","category-oaxaca-estados","category-politica-y-gobierno","tag-1671","tag-movimientos-sociales","tag-oaxaca","tag-ulises-ruiz-ortiz"],"jetpack_featured_media_url":"https:\/\/www.eloriente.net\/home\/wp-content\/uploads\/2015\/08\/@UlisesRuizOrtiz.jpg","jetpack_sharing_enabled":true,"_links":{"self":[{"href":"https:\/\/www.eloriente.net\/home\/wp-json\/wp\/v2\/posts\/38194"}],"collection":[{"href":"https:\/\/www.eloriente.net\/home\/wp-json\/wp\/v2\/posts"}],"about":[{"href":"https:\/\/www.eloriente.net\/home\/wp-json\/wp\/v2\/types\/post"}],"author":[{"embeddable":true,"href":"https:\/\/www.eloriente.net\/home\/wp-json\/wp\/v2\/users\/1"}],"replies":[{"embeddable":true,"href":"https:\/\/www.eloriente.net\/home\/wp-json\/wp\/v2\/comments?post=38194"}],"version-history":[{"count":2,"href":"https:\/\/www.eloriente.net\/home\/wp-json\/wp\/v2\/posts\/38194\/revisions"}],"predecessor-version":[{"id":38204,"href":"https:\/\/www.eloriente.net\/home\/wp-json\/wp\/v2\/posts\/38194\/revisions\/38204"}],"wp:featuredmedia":[{"embeddable":true,"href":"https:\/\/www.eloriente.net\/home\/wp-json\/wp\/v2\/media\/38203"}],"wp:attachment":[{"href":"https:\/\/www.eloriente.net\/home\/wp-json\/wp\/v2\/media?parent=38194"}],"wp:term":[{"taxonomy":"category","embeddable":true,"href":"https:\/\/www.eloriente.net\/home\/wp-json\/wp\/v2\/categories?post=38194"},{"taxonomy":"post_tag","embeddable":true,"href":"https:\/\/www.eloriente.net\/home\/wp-json\/wp\/v2\/tags?post=38194"}],"curies":[{"name":"wp","href":"https:\/\/api.w.org\/{rel}","templated":true}]}}