{"id":38243,"date":"2015-08-10T13:23:13","date_gmt":"2015-08-10T19:23:13","guid":{"rendered":"http:\/\/www.eloriente.net\/home\/?p=38243"},"modified":"2015-08-10T13:23:13","modified_gmt":"2015-08-10T19:23:13","slug":"andador-cruz-de-piedra-carmen-alto-en-oaxaca-por-concluirse-iniciara-allende-a-independencia","status":"publish","type":"post","link":"https:\/\/www.eloriente.net\/home\/2015\/08\/10\/andador-cruz-de-piedra-carmen-alto-en-oaxaca-por-concluirse-iniciara-allende-a-independencia\/","title":{"rendered":"Andador Cruz de Piedra-Carmen Alto en Oaxaca por concluirse; iniciar\u00e1 Allende a Independencia"},"content":{"rendered":"<p><script src=\"\/\/pagead2.googlesyndication.com\/pagead\/js\/adsbygoogle.js\" async=\"\"><\/script><!-- BANNER ELORIENTE INCRUSTADO NOTAS --> <ins class=\"adsbygoogle\" style=\"display: inline-block; width: 300px; height: 250px;\" data-ad-client=\"ca-pub-1136171134853753\" data-ad-slot=\"7974633627\"><\/ins><script>\/\/ <![CDATA[\n(adsbygoogle = window.adsbygoogle || []).push({});\n\/\/ ]]><\/script><\/p>\n<p>&nbsp;<\/p>\n<p>&nbsp;<\/p>\n<p>&nbsp;<\/p>\n<p>eloriente.net\/Gobierno Municipal<\/p>\n<p>10 de agosto de 2015<\/p>\n<p>La Directora del Centro Hist\u00f3rico y Patrimonio Edificado del Municipio de Oaxaca de Ju\u00e1rez, Ver\u00f3nica Arredondo Paul\u00edn inform\u00f3 que los trabajos de la primera etapa del Andador Semipeatonal Cruz de Piedra-Carmen Alto, que comprende la intervenci\u00f3n de 6 calles del primer cuadro de la Ciudad, presentan un avance del 85 por ciento, por lo que en las pr\u00f3ximas semanas podr\u00edan quedar concluidos.<\/p>\n<p>Arredondo Paul\u00edn precis\u00f3 que el proyecto integral comprende la calle de Macedonio Alcal\u00e1, en el tramo ubicado entre Berriozabal y Humboltl; mientras que sobre Garc\u00eda Vig\u00edl, abarca desde Allende hasta Cosijop\u00ed, vialidades donde se realiza la \u00faltima fase de los trabajos.<\/p>\n<p><a href=\"http:\/\/www.eloriente.net\/home\/wp-content\/uploads\/2015\/08\/3trabajos-del-Andador-semipetonal.jpg\"><img loading=\"lazy\" decoding=\"async\" class=\"alignnone size-full wp-image-38244\" src=\"http:\/\/www.eloriente.net\/home\/wp-content\/uploads\/2015\/08\/3trabajos-del-Andador-semipetonal.jpg\" alt=\"3trabajos del Andador semipetonal\" width=\"1000\" height=\"667\" srcset=\"https:\/\/www.eloriente.net\/home\/wp-content\/uploads\/2015\/08\/3trabajos-del-Andador-semipetonal.jpg 1000w, https:\/\/www.eloriente.net\/home\/wp-content\/uploads\/2015\/08\/3trabajos-del-Andador-semipetonal-300x200.jpg 300w, https:\/\/www.eloriente.net\/home\/wp-content\/uploads\/2015\/08\/3trabajos-del-Andador-semipetonal-900x600.jpg 900w\" sizes=\"(max-width: 1000px) 100vw, 1000px\" \/><\/a><\/p>\n<p>&nbsp;<\/p>\n<p>La servidora p\u00fablica explic\u00f3 que una vez concluida la primera etapa, comenzar\u00e1 la intervenci\u00f3n de las calles de Allende hacia Independencia, logrando cerrar el circuito que conectar\u00e1 al Z\u00f3calo con el Barrio de Xochimilco.<\/p>\n<p>La responsable de este proyecto, asegur\u00f3 que el Andador Semipeatonal, se convierte en un espacio m\u00e1s para el disfrute de ciudadanos y visitantes, una nueva alternativa para la sana convivencia, que adem\u00e1s permite el rescate y aprovechamiento de la belleza arquitect\u00f3nica y colonial de la ciudad.<\/p>\n<p>Cabe mencionar, que el circuito que integra el Andador Semipeatonal Cruz de Piedra- Carmen Alto, equivale a 400 metros lineales, as\u00ed como la rehabilitar\u00e1n de 3 mil 480 metros cuadrados de banquetas, 3 mil 321 metros cuadrados de arroyo vehicular, mil 235 metros cuadrados de guarniciones.<\/p>\n<p>Adem\u00e1s, de la siembra de 78 \u00e1rboles como huajes, primavera amarilla y palo mulato y la construcci\u00f3n de 62 bancas a base de concreto resistente. La construcci\u00f3n de islas de carga y descarga, as\u00ed como la colocaci\u00f3n de mobiliario urbano. Asimismo la instalaci\u00f3n de jardineras, bancas, papeleras y un carril exclusivo para ciclistas.<\/p>\n<p>Es importante se\u00f1alar que en un dise\u00f1o y construcci\u00f3n se dio una alta prioridad a la movilidad de las personas con discapacidad, a trav\u00e9s de la colocaci\u00f3n \u00a0con el uso de rampas y una l\u00ednea gu\u00eda para d\u00e9biles visuales, herramientas que permitir\u00e1n que transiten con seguridad, apoyando su integraci\u00f3n social.<\/p>\n<p>&nbsp;<\/p>\n<p><strong>OTRAS ENTRADAS:<\/strong><\/p>\n<div class=\"featuredpost\">\n<div class=\"flow_hide\">\n<p><a href=\"http:\/\/www.eloriente.net\/home\/2015\/08\/07\/serie-paisaje-cultural-no-2-cuevas-prehistoricas-de-yagul-y-mitla-por-antonio-morales\/\" rel=\"bookmark\"><img decoding=\"async\" class=\"alignleft\" title=\"Serie Paisaje Cultural No. 2: Cuevas Prehist\u00f3ricas de Yagul y Mitla, por Antonio Morales\" src=\"http:\/\/www.eloriente.net\/home\/wp-content\/themes\/city-desk\/timthumb.php?src=http%3A%2F%2Fwww.eloriente.net%2Fhome%2Fwp-content%2Fuploads%2F2015%2F08%2FYagul-CC-Kevin-Dooley.jpg&amp;q=90&amp;w=70&amp;h=45&amp;zc=1\" alt=\"Serie Paisaje Cultural No. 2: Cuevas Prehist\u00f3ricas de Yagul y Mitla, por Antonio Morales\" \/><\/a><\/p>\n<h2 class=\"posttitle \"><a title=\"Enlace Permanente a Serie Paisaje Cultural No. 2: Cuevas Prehist\u00f3ricas de Yagul y Mitla, por Antonio Morales\" href=\"http:\/\/www.eloriente.net\/home\/2015\/08\/07\/serie-paisaje-cultural-no-2-cuevas-prehistoricas-de-yagul-y-mitla-por-antonio-morales\/\" rel=\"bookmark\">Serie Paisaje Cultural No. 2: Cuevas Prehist\u00f3ricas de Yagul y Mitla, por Antonio Morales<\/a><\/h2>\n<\/div>\n<p>eloriente.net\/Seminario de Cultura Mexicana (Oaxaca) 7 de agosto de 2015 Por: Antonio A. Morales S\u00e1nchez I N T R O D U C C I O\u2026<\/p>\n<p class=\"postmeta\"><span class=\"meta_date\">agosto 7, 2015<\/span><\/p>\n<div class=\"toolbar-social\">\n<div class=\"social-widget\">\n<div id=\"sharing-widget\"><a class=\"button icon-share\">Compartir<\/a><span class=\"share-count\">6<\/span><\/div>\n<\/div>\n<\/div>\n<\/div>\n<div class=\"featuredpost\">\n<div class=\"flow_hide\">\n<p><a href=\"http:\/\/www.eloriente.net\/home\/2015\/08\/07\/el-uso-de-la-voz-alejandro-jodorowsky-2\/\" rel=\"bookmark\"><img decoding=\"async\" class=\"alignleft\" title=\"El uso de la voz: Alejandro Jodorowsky\" src=\"http:\/\/www.eloriente.net\/home\/wp-content\/themes\/city-desk\/timthumb.php?src=http%3A%2F%2Fwww.eloriente.net%2Fhome%2Fwp-content%2Fuploads%2F2013%2F08%2F%40AlejandroJodorowsky-e1376830468973.jpg&amp;q=90&amp;w=70&amp;h=45&amp;zc=1\" alt=\"El uso de la voz: Alejandro Jodorowsky\" \/><\/a><\/p>\n<h2 class=\"posttitle \"><a title=\"Enlace Permanente a El uso de la voz: Alejandro Jodorowsky\" href=\"http:\/\/www.eloriente.net\/home\/2015\/08\/07\/el-uso-de-la-voz-alejandro-jodorowsky-2\/\" rel=\"bookmark\">El uso de la voz: Alejandro Jodorowsky<\/a><\/h2>\n<\/div>\n<p>eloriente.net 19 de diciembre de 2014 La comunicaci\u00f3n, o el estudio y pr\u00e1ctica de la comunicaci\u00f3n, no se conforma \u00fanicamente de herramientas y t\u00e9cnicas duras, sino\u2026<\/p>\n<p class=\"postmeta\"><span class=\"meta_date\">agosto 7, 2015<\/span><\/p>\n<div class=\"toolbar-social\">\n<div class=\"social-widget\">\n<div id=\"sharing-widget\"><a class=\"button icon-share\">Compartir<\/a><span class=\"share-count\">11<\/span><\/div>\n<\/div>\n<\/div>\n<\/div>\n\n\t\t\t  <div \n\t\t\t  \tclass = \"fb-comments\" \n\t\t\t  \tdata-href = \"https:\/\/www.eloriente.net\/home\/2015\/08\/10\/andador-cruz-de-piedra-carmen-alto-en-oaxaca-por-concluirse-iniciara-allende-a-independencia\/\"\n\t\t\t  \tdata-numposts = \"10\"\n\t\t\t\tdata-colorscheme = \"dark\"\n\t\t\t\tdata-order-by = \"social\"\n\t\t\t\tdata-mobile=true>\n\t\t\t  <\/div>\n\t\t  <style>\n\t\t\t.fb_iframe_widget_fluid_desktop iframe {\n\t\t\t    width: 100% !important;\n\t\t\t}\n\t\t  <\/style>\n\t\t  ","protected":false},"excerpt":{"rendered":"<p>&nbsp; &nbsp; &nbsp; eloriente.net\/Gobierno Municipal 10 de agosto de 2015 La Directora del Centro Hist\u00f3rico y Patrimonio Edificado del Municipio de Oaxaca de Ju\u00e1rez, Ver\u00f3nica Arredondo Paul\u00edn inform\u00f3 que los trabajos de la primera etapa del Andador Semipeatonal Cruz de Piedra-Carmen Alto, que comprende la intervenci\u00f3n de 6 calles del primer cuadro de la Ciudad, [&hellip;]<\/p>\n","protected":false},"author":1,"featured_media":38244,"comment_status":"open","ping_status":"open","sticky":false,"template":"","format":"standard","meta":{"_jetpack_memberships_contains_paid_content":false,"footnotes":""},"categories":[29,1588,18,32,63,23,464,19],"tags":[3943,1682],"class_list":["post-38243","post","type-post","status-publish","format-standard","has-post-thumbnail","hentry","category-capital","category-comunicados-y-boletines","category-educacion-y-cultura","category-entradas","category-estados","category-municipios","category-oaxaca-estados","category-turismo-y-negocios","tag-andador-peatonal","tag-turismo-oaxaca"],"jetpack_featured_media_url":"https:\/\/www.eloriente.net\/home\/wp-content\/uploads\/2015\/08\/3trabajos-del-Andador-semipetonal.jpg","jetpack_sharing_enabled":true,"_links":{"self":[{"href":"https:\/\/www.eloriente.net\/home\/wp-json\/wp\/v2\/posts\/38243"}],"collection":[{"href":"https:\/\/www.eloriente.net\/home\/wp-json\/wp\/v2\/posts"}],"about":[{"href":"https:\/\/www.eloriente.net\/home\/wp-json\/wp\/v2\/types\/post"}],"author":[{"embeddable":true,"href":"https:\/\/www.eloriente.net\/home\/wp-json\/wp\/v2\/users\/1"}],"replies":[{"embeddable":true,"href":"https:\/\/www.eloriente.net\/home\/wp-json\/wp\/v2\/comments?post=38243"}],"version-history":[{"count":1,"href":"https:\/\/www.eloriente.net\/home\/wp-json\/wp\/v2\/posts\/38243\/revisions"}],"predecessor-version":[{"id":38245,"href":"https:\/\/www.eloriente.net\/home\/wp-json\/wp\/v2\/posts\/38243\/revisions\/38245"}],"wp:featuredmedia":[{"embeddable":true,"href":"https:\/\/www.eloriente.net\/home\/wp-json\/wp\/v2\/media\/38244"}],"wp:attachment":[{"href":"https:\/\/www.eloriente.net\/home\/wp-json\/wp\/v2\/media?parent=38243"}],"wp:term":[{"taxonomy":"category","embeddable":true,"href":"https:\/\/www.eloriente.net\/home\/wp-json\/wp\/v2\/categories?post=38243"},{"taxonomy":"post_tag","embeddable":true,"href":"https:\/\/www.eloriente.net\/home\/wp-json\/wp\/v2\/tags?post=38243"}],"curies":[{"name":"wp","href":"https:\/\/api.w.org\/{rel}","templated":true}]}}