{"id":38271,"date":"2015-08-11T15:21:13","date_gmt":"2015-08-11T21:21:13","guid":{"rendered":"http:\/\/www.eloriente.net\/home\/?p=38271"},"modified":"2015-08-11T15:23:42","modified_gmt":"2015-08-11T21:23:42","slug":"oaxaca-gobierno-federal-esta-de-veras-comprometido-con-rescate-del-ieepo","status":"publish","type":"post","link":"https:\/\/www.eloriente.net\/home\/2015\/08\/11\/oaxaca-gobierno-federal-esta-de-veras-comprometido-con-rescate-del-ieepo\/","title":{"rendered":"Oaxaca: \u00bfGobierno federal est\u00e1 de veras comprometido con rescate del IEEPO?"},"content":{"rendered":"<p><script src=\"\/\/pagead2.googlesyndication.com\/pagead\/js\/adsbygoogle.js\" async=\"\"><\/script><!-- BANNER ELORIENTE INCRUSTADO NOTAS --> <ins class=\"adsbygoogle\" style=\"display: inline-block; width: 300px; height: 250px;\" data-ad-client=\"ca-pub-1136171134853753\" data-ad-slot=\"7974633627\"><\/ins><script>\/\/ <![CDATA[\n(adsbygoogle = window.adsbygoogle || []).push({});\n\/\/ ]]><\/script><\/p>\n<p>&nbsp;<\/p>\n<p>&nbsp;<\/p>\n<p>&nbsp;<\/p>\n<p>(www.eloriente.net, M\u00e9xico, 11 de agosto de 2015. Por. Adri\u00e1n Ortiz Romero\/<a href=\"http:\/\/columnaalmargen.mx\/\" target=\"_blank\">Al Margen<\/a>).- El di\u00e1logo maniqueo que hoy sostienen el gobierno estatal y la Secci\u00f3n 22 del SNTE, les ha impedido reconocer que en los matices est\u00e1 la clave de lo que se est\u00e1 haciendo bien, pero sobre todo de lo que est\u00e1 fallando. En su di\u00e1logo de sordos no alcanzan a ver que el riesgo para todos se encuentra en el arranque del ciclo escolar. Pues si la 22 peca de ingenua al creer que habr\u00e1 boicot total al ciclo 2015-2016, el IEEPO \u2014y quienes est\u00e1n detr\u00e1s de \u00e9l, en su supuesta \u201creconformaci\u00f3n estrat\u00e9gica\u201d\u2014 fallan al suponer que el ciclo escolar irremediablemente iniciar\u00e1 sin contratiempos.<\/p>\n<p>En efecto, hoy el gobierno estatal y la dirigencia de la Secci\u00f3n 22 se encuentran trabados en un di\u00e1logo sin derroteros visibles. El gobierno estatal sostiene que no negociar\u00e1 nada con el magisterio, y que s\u00f3lo est\u00e1 dispuesto a dialogar con el sindicato siempre que \u00e9ste sea abierto y transparente; por su parte, la 22 insiste en su posici\u00f3n a\u00f1eja de oponerse a las reformas estructurales y a la reconformaci\u00f3n del IEEPO, \u00fanicamente como medio para esconder su verdadera intenci\u00f3n, que es la de doblar al gobierno estatal para que negocien cuestiones que ellos mismos no han especificado. En esas posiciones irreductibles ambos bloques parecen haber perdido toda capacidad de an\u00e1lisis.<\/p>\n<p>\u00bfDe qu\u00e9 hablamos? De que la principal preocupaci\u00f3n de ambos debe ser, primero, lo relacionado al inicio y desarrollo del ciclo escolar siguiente; y segundo, el futuro del IEEPO no \u00fanicamente por su funci\u00f3n administrativa, sino como el emblema de la afrenta entre el Estado mexicano y el magisterio por el control educativo.<\/p>\n<p>En lo relativo al inicio del ciclo escolar, hoy nadie tiene certeza porque tanto maestros como autoridades educativas tienen que esperar a la siguiente semana, cuando comienzan los preparativos del inicio de clases en los centros escolares. Hasta que eso no ocurra, y no vean \u2014gobierno y sindicato\u2014 cu\u00e1ntos profesores y personal administrativo verdaderamente llegan a trabajar, ni el gobierno ni la Secci\u00f3n 22 tendr\u00e1n certeza alguna de las acciones que emprender\u00e1n luego del 24 de agosto, o para declarar un paro general, o para conjurar las amenazas, o para iniciar las sanciones y traer personal sustituto de otras entidades federativas.<\/p>\n<p>Respecto al futuro del IEEPO, tanto el gobierno como la Secci\u00f3n 22 comienzan con sendos fracasos airados. \u00bfPor qu\u00e9? Porque, por ejemplo, si el magisterio pretende obligar al gobierno a negociar los t\u00e9rminos de la reforma al IEEPO con supuestos cercos de veinte personas \u2014como lo hizo en su reciente anuncio, materializado con todo fracaso en las acciones de ayer\u2014 lo \u00fanico que ser\u00e1 es provocar l\u00e1stima y seguir perdiendo fuerza y capacidad de negociaci\u00f3n, frente a un gobierno estatal que se siente \u201cfortalecido\u201d con esas acciones.<\/p>\n<p>Pero en esa misma l\u00f3gica, el gobierno estatal tambi\u00e9n debe ser m\u00e1s cuidadoso. Nada ha lastimado m\u00e1s a la nueva conformaci\u00f3n del IEEPO, que los se\u00f1alamientos por inexperiencia, por reciclaje y por amiguismos que han surgido en las \u00faltimas semanas. Pareciera que nadie se encarg\u00f3 de vigilar que la reformaci\u00f3n del IEEPO fuera verdaderamente un proceso cuidado e integral, que creara confianza a partir de su sola conformaci\u00f3n y de los nombres incluidos en su nueva estructura. El problema es que, de entrada, no hubo un solo nombre, uno, que generara certidumbre sobre la capacidad de relanzar al IEEPO hacia la expectativa generada, o que fuera indicio de que verdaderos expertos se estaban haciendo cargo del nuevo Instituto educativo.<\/p>\n<p>Nada en realidad. Lejos de eso, los nuevos funcionarios resultaron ser producto del reciclaje, electos a partir de criterios que nadie conoci\u00f3, y sin brindar certidumbre alguna de que pod\u00edan con la responsabilidad que se les encargaba. Por eso las primeras tareas del nuevo IEEPO han sido desastrosas, y han demostrado una incapacidad preocupante.<\/p>\n<p>Nadie ni nada exhibi\u00f3 m\u00e1s a los nuevos funcionarios del Instituto, ni los puso en la senda de la derrota, tanto como las filtraciones de la semana previa, los cuestionamientos imposibles de refutar, y la incertidumbre sobre el inicio escolar, que para ellos ha sido el com\u00fan denominador de las semanas recientes.<\/p>\n<p><b>\u00bfY EL GOBIERNO FEDERAL?<\/b><\/p>\n<p>Cuando se anunci\u00f3 la extinci\u00f3n del llamado \u201cviejo IEEPO\u201d vino a Oaxaca el Vocero de la Presidencia de la Rep\u00fablica, y los titulares de las Secretar\u00edas de Educaci\u00f3n P\u00fablica y Desarrollo Social, para respaldar la decisi\u00f3n anunciada por el gobernador Gabino Cu\u00e9 Monteagudo. Cuando se anunci\u00f3 la refundaci\u00f3n del Instituto, se dijo que esto se har\u00eda en un marco de coordinaci\u00f3n entre los dos niveles de gobierno, refrendando lo que dice la Constituci\u00f3n, en el sentido de que la educativa es una facultad concurrente de la federaci\u00f3n, los estados y los municipios. La pregunta, frente a todo esto, sigue siendo \u00bfd\u00f3nde qued\u00f3 el gobierno federal en este proceso que pol\u00edticamente es vital para el Estado mexicano?<\/p>\n<p>La pregunta no es ociosa. Pues no se trata de que la federaci\u00f3n venga a suplir las responsabilidades que le corresponden al gobierno estatal respecto a la reforma educativa, pero s\u00ed de que si este anuncio constitu\u00eda la respuesta del gobierno federal al cuestionamiento de d\u00f3nde hab\u00eda quedado la fuerza del Estado mexicano luego de la fuga del Chapo Guzm\u00e1n, lo menos que debi\u00f3 hacer es estar vigilando no s\u00f3lo el momento del anuncio, sino toda la implementaci\u00f3n del llamado \u201cnuevo IEEPO\u201d.<\/p>\n<p>Y es que muchos pensamos \u2014y no era una posibilidad descabellada\u2014 que el gobierno federal enviara personal espec\u00edfico para reforzar la ingenier\u00eda reconstitutiva del IEEPO. Esto, seg\u00fan los hechos, no ocurri\u00f3. Pues de haber sido as\u00ed, entonces el gobierno estatal no habr\u00eda cometido tantos errores como con los que ha venido trastabillando en su intento por echar a andar la maquinaria educativa teniendo a un sector \u2014el radical\u2014 de la Secci\u00f3n 22 en contra.<\/p>\n<p><b>CONTRADICCIONES<\/b><\/p>\n<p>Pareciera, entonces, que el gobierno federal toma y deja el federalismo seg\u00fan sus conveniencias. Lo asalt\u00f3, al forzar la decisi\u00f3n de la extinci\u00f3n del viejo IEEPO; pero ahora inusitadamente pretende \u201crespetarlo\u201d \u2014y dejar a Oaxaca a la deriva\u2014 ahora que se necesitaba m\u00e1s que nunca su colaboraci\u00f3n y vigilancia para asegurar la supervivencia y el \u00e9xito del nuevo instituto educativo, y para garantizar el arranque del pr\u00f3ximo ciclo escolar independientemente de las condiciones sociales o pol\u00edticas que se presenten. Pero todos parecen extraviados. \u00bfEntonces?<\/p>\n<p><a href=\"http:\/\/www.eloriente.net\/home\/wp-content\/uploads\/2015\/08\/s22-adrian-ortiz-romero.jpg\"><img loading=\"lazy\" decoding=\"async\" class=\"alignnone size-medium wp-image-38272\" src=\"http:\/\/www.eloriente.net\/home\/wp-content\/uploads\/2015\/08\/s22-adrian-ortiz-romero-300x200.jpg\" alt=\"s22 adrian ortiz romero\" width=\"300\" height=\"200\" srcset=\"https:\/\/www.eloriente.net\/home\/wp-content\/uploads\/2015\/08\/s22-adrian-ortiz-romero-300x200.jpg 300w, https:\/\/www.eloriente.net\/home\/wp-content\/uploads\/2015\/08\/s22-adrian-ortiz-romero.jpg 547w\" sizes=\"(max-width: 300px) 100vw, 300px\" \/><\/a><\/p>\n<p><strong>OTRAS ENTRADAS:<\/strong><\/p>\n<div class=\"featuredpost\">\n<div class=\"flow_hide\">\n<h2 class=\"posttitle bigposttitle\"><a title=\"Enlace Permanente a Discriminaci\u00f3n en Distrito Federal hacia mujeres a causa de su embarazo, por Ana Luisa Nerio\" href=\"http:\/\/www.eloriente.net\/home\/2015\/08\/11\/discriminacion-en-distrito-federal-hacia-mujeres-a-causa-de-su-embarazo-por-ana-luisa-nerio\/\" rel=\"bookmark\">Discriminaci\u00f3n en Distrito Federal hacia mujeres a causa de su embarazo, por Ana Luisa Nerio<\/a><\/h2>\n<\/div>\n<p>(www.eloriente.net, M\u00e9xico, 11 de agosto de 2015. Por. Ana Luisa Nerio Monroy @aluisanerio*).-El pasado 5 de agosto el Consejo para Prevenir y Eliminar la Discriminaci\u00f3n en la\u2026<\/p>\n<p class=\"postmeta\"><span class=\"meta_date\">agosto 11, 2015<\/span><\/p>\n<div class=\"toolbar-social\">\n<div class=\"social-widget\">\n<div id=\"sharing-widget\"><a class=\"button icon-share\">Compartir<\/a><span class=\"share-count\">1<\/span><\/div>\n<\/div>\n<\/div>\n<\/div>\n<div class=\"featuredpost\">\n<div class=\"flow_hide\">\n<p><a href=\"http:\/\/www.eloriente.net\/home\/2015\/08\/11\/relojes-solares-el-objeto-de-nuevo-concurso-para-ninos-mexicanos\/\" rel=\"bookmark\"><img decoding=\"async\" class=\"alignleft\" title=\"Relojes Solares, el objeto de nuevo concurso para ni\u00f1os mexicanos\" src=\"http:\/\/www.eloriente.net\/home\/wp-content\/themes\/city-desk\/timthumb.php?src=http%3A%2F%2Fwww.eloriente.net%2Fhome%2Fwp-content%2Fuploads%2F2015%2F08%2FReloj-Rellotge-de-sol-a-la-facana-de-can-mates-la-roca-del-valles-cc-Joan-Sorolla.jpg&amp;q=90&amp;w=70&amp;h=45&amp;zc=1\" alt=\"Relojes Solares, el objeto de nuevo concurso para ni\u00f1os mexicanos\" \/><\/a><\/p>\n<h2 class=\"posttitle \"><a title=\"Enlace Permanente a Relojes Solares, el objeto de nuevo concurso para ni\u00f1os mexicanos\" href=\"http:\/\/www.eloriente.net\/home\/2015\/08\/11\/relojes-solares-el-objeto-de-nuevo-concurso-para-ninos-mexicanos\/\" rel=\"bookmark\">Relojes Solares, el objeto de nuevo concurso para ni\u00f1os mexicanos<\/a><\/h2>\n<\/div>\n<p>eloriente.net\/CONACYT 11 de agosto de 2015* Desde \u00e9pocas muy remotas, la humanidad ha desarrollado instrumentos para medir el paso del tiempo. Cuando se dio cuenta de\u2026<\/p>\n<p class=\"postmeta\"><span class=\"meta_date\">agosto 11, 2015<\/span><\/p>\n<div class=\"toolbar-social\">\n<div class=\"social-widget\">\n<div id=\"sharing-widget\"><a class=\"button icon-share\">Compartir<\/a><span class=\"share-count\">0<\/span><\/div>\n<\/div>\n<\/div>\n<\/div>\n\n\t\t\t  <div \n\t\t\t  \tclass = \"fb-comments\" \n\t\t\t  \tdata-href = \"https:\/\/www.eloriente.net\/home\/2015\/08\/11\/oaxaca-gobierno-federal-esta-de-veras-comprometido-con-rescate-del-ieepo\/\"\n\t\t\t  \tdata-numposts = \"10\"\n\t\t\t\tdata-colorscheme = \"dark\"\n\t\t\t\tdata-order-by = \"social\"\n\t\t\t\tdata-mobile=true>\n\t\t\t  <\/div>\n\t\t  <style>\n\t\t\t.fb_iframe_widget_fluid_desktop iframe {\n\t\t\t    width: 100% !important;\n\t\t\t}\n\t\t  <\/style>\n\t\t  ","protected":false},"excerpt":{"rendered":"<p>&nbsp; &nbsp; &nbsp; (www.eloriente.net, M\u00e9xico, 11 de agosto de 2015. Por. Adri\u00e1n Ortiz Romero\/Al Margen).- El di\u00e1logo maniqueo que hoy sostienen el gobierno estatal y la Secci\u00f3n 22 del SNTE, les ha impedido reconocer que en los matices est\u00e1 la clave de lo que se est\u00e1 haciendo bien, pero sobre todo de lo que est\u00e1 [&hellip;]<\/p>\n","protected":false},"author":2,"featured_media":38272,"comment_status":"open","ping_status":"open","sticky":false,"template":"","format":"standard","meta":{"_jetpack_memberships_contains_paid_content":false,"footnotes":""},"categories":[2434,38,11,18,32,63,464,21],"tags":[3762,3954,374],"class_list":["post-38271","post","type-post","status-publish","format-standard","has-post-thumbnail","hentry","category-lunesdepolitica","category-adrian-ortiz-romero","category-colaboradores","category-educacion-y-cultura","category-entradas","category-estados","category-oaxaca-estados","category-politica-y-gobierno","tag-educacion-en-oaxaca","tag-educacion-sindicatos","tag-seccion-22"],"jetpack_featured_media_url":"https:\/\/www.eloriente.net\/home\/wp-content\/uploads\/2015\/08\/s22-adrian-ortiz-romero.jpg","jetpack_sharing_enabled":true,"_links":{"self":[{"href":"https:\/\/www.eloriente.net\/home\/wp-json\/wp\/v2\/posts\/38271"}],"collection":[{"href":"https:\/\/www.eloriente.net\/home\/wp-json\/wp\/v2\/posts"}],"about":[{"href":"https:\/\/www.eloriente.net\/home\/wp-json\/wp\/v2\/types\/post"}],"author":[{"embeddable":true,"href":"https:\/\/www.eloriente.net\/home\/wp-json\/wp\/v2\/users\/2"}],"replies":[{"embeddable":true,"href":"https:\/\/www.eloriente.net\/home\/wp-json\/wp\/v2\/comments?post=38271"}],"version-history":[{"count":1,"href":"https:\/\/www.eloriente.net\/home\/wp-json\/wp\/v2\/posts\/38271\/revisions"}],"predecessor-version":[{"id":38273,"href":"https:\/\/www.eloriente.net\/home\/wp-json\/wp\/v2\/posts\/38271\/revisions\/38273"}],"wp:featuredmedia":[{"embeddable":true,"href":"https:\/\/www.eloriente.net\/home\/wp-json\/wp\/v2\/media\/38272"}],"wp:attachment":[{"href":"https:\/\/www.eloriente.net\/home\/wp-json\/wp\/v2\/media?parent=38271"}],"wp:term":[{"taxonomy":"category","embeddable":true,"href":"https:\/\/www.eloriente.net\/home\/wp-json\/wp\/v2\/categories?post=38271"},{"taxonomy":"post_tag","embeddable":true,"href":"https:\/\/www.eloriente.net\/home\/wp-json\/wp\/v2\/tags?post=38271"}],"curies":[{"name":"wp","href":"https:\/\/api.w.org\/{rel}","templated":true}]}}