{"id":38504,"date":"2015-08-20T01:09:31","date_gmt":"2015-08-20T07:09:31","guid":{"rendered":"http:\/\/www.eloriente.net\/home\/?p=38504"},"modified":"2015-08-20T09:27:51","modified_gmt":"2015-08-20T15:27:51","slug":"quienes-se-perfilan-para-la-gubernatura-la-sucesion-en-oaxaca-2016-2nda-parte-por-rodrigo-pacheco","status":"publish","type":"post","link":"https:\/\/www.eloriente.net\/home\/2015\/08\/20\/quienes-se-perfilan-para-la-gubernatura-la-sucesion-en-oaxaca-2016-2nda-parte-por-rodrigo-pacheco\/","title":{"rendered":"\u00bfQui\u00e9nes se perfilan para la Gubernatura?  La sucesi\u00f3n en Oaxaca 2016 II, por Rodrigo Pacheco"},"content":{"rendered":"<p><script src=\"\/\/pagead2.googlesyndication.com\/pagead\/js\/adsbygoogle.js\" async=\"\"><\/script><!-- BANNER ELORIENTE INCRUSTADO NOTAS --> <ins class=\"adsbygoogle\" style=\"display: inline-block; width: 300px; height: 250px;\" data-ad-client=\"ca-pub-1136171134853753\" data-ad-slot=\"7974633627\"><\/ins><script>\/\/ <![CDATA[\n(adsbygoogle = window.adsbygoogle || []).push({});\n\/\/ ]]><\/script><\/p>\n<p>&nbsp;<\/p>\n<p>&nbsp;<\/p>\n<p>eloriente.net\/<a href=\"http:\/\/intencionpolitica.com\/\" target=\"_blank\">Intenci\u00f3n Pol\u00edtica<\/a><\/p>\n<p>20 de agosto<\/p>\n<p style=\"text-align: right;\">Por: Rodrigo Pacheco Peral<\/p>\n<p style=\"text-align: right;\">(Articulista Invitado)<\/p>\n<p><em>\u201cEl elector goza del sagrado privilegio de votar por un candidato que eligieron otros\u201d<\/em><\/p>\n<p><em>Ambrose Bierce<\/em><\/p>\n<p>Como abordamos en la 1era. parte, (EL RITMO AL QUE TODOS BAILAMOS: LA SUCESI\u00d3N 2016 EN OAXACA) la elecci\u00f3n a gobernador del pr\u00f3ximo a\u00f1o definir\u00e1 a Oaxaca en los meses que quedan hasta el d\u00eda de la elecci\u00f3n. Existen muchos factores que determinar\u00e1n que la pr\u00f3xima elecci\u00f3n a gobernador no ser\u00e1 como la de 2010, pero he aqu\u00ed los tres m\u00e1s relevantes:<\/p>\n<p>1.- PRI FUERTE HACIA AFUERA, RIESGO HACIA ADENTRO: El PRI se presenta como primera fuerza electoral en el Estado, gracias a su trabajo en elecciones intermedias adem\u00e1s del continuo desgaste del Gobierno de Gabino Cu\u00e9, lo cual pone al tricolor en una buena posici\u00f3n. La cuesti\u00f3n es que dentro del Revolucionario Institucional hay demasiados que quieren ser \u201cel bueno\u201d, y dif\u00edcilmente detendr\u00e1n sus aspiraciones sin dar pelea, lo cual nos da como resultado un PRI fuerte hacia afuera, pero con gran potencial de confrontaci\u00f3n interna, lo cual lo debilitar\u00e1, en los pr\u00f3ximos meses.<\/p>\n<p>2.- LA COALICI\u00d3N QUE YA NO EXISTE: La coalici\u00f3n con la que lleg\u00f3 Gabino Cu\u00e9 a la Gubernatura ya no existe, y dif\u00edcilmente se repetir\u00e1 en 2016. En primer lugar por los tiempos de los partidos que la conformaron, los cuales parecen tener otros intereses MUY DISTINTOS A LOS DE HACE 5 A\u00d1OS, adem\u00e1s del surgimiento de nuevos actores pol\u00edticos como MORENA, que ponen nuevas condiciones en la mesa. Lo m\u00e1s seguro es que s\u00ed existan alianzas, pero dif\u00edcilmente se lograr\u00e1 un frente amplio contra el PRI como en 2010.<\/p>\n<p>3. LOS INDEPENDIENTES COMO PLAN B: Las candidaturas independientes vienen tambi\u00e9n a modificar la manera en que se vivir\u00e1 la elecci\u00f3n. Y no porque muchos verdaderos candidatos independientes puedan realmente competir, sino porque seguramente muchos que aspiran a ser gobernadores, al no ser elegidos en sus partidos, opten por competir de manera independiente, a sabiendas de que si no ganan, al menos pueden determinar la elecci\u00f3n con su capital pol\u00edtico personal. En el PRI parece que ya algunos est\u00e1n planeando su candidatura independiente como plan B.<\/p>\n<p>Pero \u00bfQui\u00e9nes son los personajes que aspiran a competir por la Gubernatura? Pasaremos con los que se perfilan como posible candidatos:<\/p>\n<p>POR EL PRI TENEMOS A:<\/p>\n<p>ALEJANDRO MURAT: Hijo del ex gobernador Jos\u00e9 Murat Casab y actualmente Director General de INFONAVIT. Alejandro es uno de los personajes de quien m\u00e1s se habla para ser el pr\u00f3ximo gobernador de Oaxaca. Con presencia agresiva en medios, aprovecha cualquier oportunidad para aparecer en p\u00fablico, en una estrategia que muchos aseguran es impulsada mayormente por su padre.<\/p>\n<p>H\u00c9CTOR PABLO RAM\u00cdREZ PUGA: Actual Director General de LICONSA a nivel federal; se presume que tiene cercan\u00eda con el grupo del Secretario de Hacienda Luis Videgaray. Conocido por las siglas de su nombre: HP, ha estado en constante trabajo para hacerse notar. Es recordado por el papel que tuvo a cargo de la Coordinaci\u00f3n de Comunicaci\u00f3n Social en el estado durante el sexenio de Ulises Ruiz Ortiz.<\/p>\n<p>EVIEL P\u00c9REZ MAGA\u00d1A: Senador de la Rep\u00fablica. Eviel P\u00e9rez ya fue candidato a la Gubernatura en 2010 la cual perdi\u00f3 ante Gabino Cu\u00e9. Su imagen es conocida y est\u00e1 muy bien posicionado, sobre todo entre los pri\u00edstas y los seguidores de ese partido, aunque se le cuestiona su capacidad para poder ganar elecciones, ya que tambi\u00e9n perdi\u00f3 la campa\u00f1a para senador ante Benjam\u00edn Robles y ocupa entonces un puesto en la c\u00e1mara alta por minor\u00eda.<\/p>\n<p>SAMUEL GURRI\u00d3N: Mejor conocido como \u201cSamy\u201d y Diputado Federal, ha ganado notoriedad por su constante trabajo de gesti\u00f3n social, sobretodo en la regi\u00f3n del Istmo. Se ha esforzado por posicionarse en medios de comunicaci\u00f3n y portales digitales. Aunque tiene fuerza y trabajo de por medio, dentro de su partido parece no ser de los favoritos para aparecer en la boleta de 2016.<\/p>\n<p>JOS\u00c9 ANTONIO HERN\u00c1NDEZ FRAGUAS: Representante de PRI ante el INE, ex Presidente Municipal de la Ciudad de Oaxaca y con una carrera pol\u00edtica de muchos a\u00f1os, Hern\u00e1ndez Fraguas ha comentado en m\u00e1s de una ocasi\u00f3n el querer ser el pr\u00f3ximo gobernador de Oaxaca. Cuenta con experiencia y con fuertes alianzas en el PRI nacional, pero no est\u00e1 tan posicionado actualmente en el estado como algunos otros pri\u00edstas.<\/p>\n<p>MARIANA BEN\u00cdTEZ TIBURCIO: diputada electa, de manera plurinominal. Ben\u00edtez fue hasta hace poco Subprocuradora General de la Rep\u00fablica. Tiene a su favor el elemento de g\u00e9nero, siendo una de las pocas mujeres que se ven en la carrera a la gubernatura, aunque siendo sinceros, no tiene la fuerza, ni el equipo, ni el presupuesto de otros contendientes dentro del PRI. Esto la hace apostar por un escenario donde el PRI est\u00e9 poco unificado y se apueste por un candidato de unidad.<\/p>\n<p>POR OTROS PARTIDOS O COALICIONES:<\/p>\n<p>BENJAM\u00cdN ROBLES MONTOYA: Senador de la Rep\u00fablica por el Estado. Robles ha impulsado su imagen para posicionarse, primero para ganar su cargo en el senado, y ahora con miras para la gubernatura. Con una fuerte campa\u00f1a para publicitar su trabajo, el senador es uno de los personajes m\u00e1s reconocidos actualmente en las encuestas entre el electorado. Antes identificado como aliado del gobierno aliancista de Gabino Cu\u00e9, en el cual tuvo algunos cargos relevantes, es casi un hecho que lo veremos en las boletas, la cuesti\u00f3n ser\u00e1 saber por cu\u00e1l partido o coalici\u00f3n.<\/p>\n<p>JOS\u00c9 ANTONIO ESTEFAN GARFIAS: Diputado Federal Electo por el PRD en el Distrito de Tehuantepec en el PRD. Tiene una carrera pol\u00edtica extensa en el estado, siendo Secretario Transporte en la actual administraci\u00f3n y Secretario de Gobierno durante el Sexenio de Di\u00f3doro Carrasco. Su cercan\u00eda con Cu\u00e9 y Di\u00f3doro no es un secreto, por lo que apostar\u00eda a ir por la Gubernatura por el PRD, intentando hacer una alianza con el PAN.<\/p>\n<p>SALOM\u00d3N JARA: El ex Secretario de Desarrollo Agropecuario, Pesca y Acuacultura del gobierno del cambio, parece perfilarse como la carta que utilizar\u00e1 MORENA. Al menos eso se dej\u00f3 entrever en la \u00faltima visita hace unos d\u00edas de Andr\u00e9s Manuel L\u00f3pez Obrador, quien en todo momento estuvo acompa\u00f1ado de Jara, haciendo alianzas con grupos sociales, principalmente con la secci\u00f3n 22 de maestros de la CNTE. Aun cuando Salom\u00f3n es un personaje reconocido en la izquierda oaxaque\u00f1a, no parece un candidato con la fuerza para ganar la gubernatura.<\/p>\n<p>Existen algunos otros que tambi\u00e9n aspiran a quedar, pero parece dif\u00edcil que puedan competir con estos que aparecen ya m\u00e1s avanzados en su trabajo y posicionamiento, aunque en pol\u00edtica todo puede pasar. A un lado de quien quede en las boletas, lo que es real es que ser\u00e1 una elecci\u00f3n muy competida, con muchos aspirantes y grupos que fragmentar\u00e1n el voto. Atr\u00e1s quedaron los tiempos del candidato que arrasa o de solo tener 2 opciones desde mucho antes de la elecci\u00f3n. Vivimos en los tiempos de la competencia, y la pol\u00edtica oaxaque\u00f1a no est\u00e1 exenta de este fen\u00f3meno.<\/p>\n<p>En la 3era parte: \u00bfC\u00f3mo van las encuestas y las tendencias?<\/p>\n<p>Twitter: <a href=\"https:\/\/twitter.com\/pachecoperal\" target=\"_blank\">@pachecoperal<\/a><\/p>\n<p><a href=\"http:\/\/www.eloriente.net\/home\/wp-content\/uploads\/2015\/08\/Intenci\u00f3n-Pol\u00edtica-20-ago-2015.png\"><img loading=\"lazy\" decoding=\"async\" class=\"alignnone size-medium wp-image-38505\" src=\"http:\/\/www.eloriente.net\/home\/wp-content\/uploads\/2015\/08\/Intenci\u00f3n-Pol\u00edtica-20-ago-2015-300x166.png\" alt=\"Intenci\u00f3n Pol\u00edtica 20 ago 2015\" width=\"300\" height=\"166\" srcset=\"https:\/\/www.eloriente.net\/home\/wp-content\/uploads\/2015\/08\/Intenci\u00f3n-Pol\u00edtica-20-ago-2015-300x166.png 300w, https:\/\/www.eloriente.net\/home\/wp-content\/uploads\/2015\/08\/Intenci\u00f3n-Pol\u00edtica-20-ago-2015-1024x569.png 1024w, https:\/\/www.eloriente.net\/home\/wp-content\/uploads\/2015\/08\/Intenci\u00f3n-Pol\u00edtica-20-ago-2015-900x500.png 900w, https:\/\/www.eloriente.net\/home\/wp-content\/uploads\/2015\/08\/Intenci\u00f3n-Pol\u00edtica-20-ago-2015.png 1292w\" sizes=\"(max-width: 300px) 100vw, 300px\" \/><\/a><\/p>\n<p><strong>OTRAS ENTRADAS<\/strong><\/p>\n<div class=\"featuredpost\">\n<div class=\"flow_hide\">\n<h2 class=\"posttitle bigposttitle\"><a title=\"Enlace Permanente a Margo Glantz: Simple Perversi\u00f3n Oral (Video)\" href=\"http:\/\/www.eloriente.net\/home\/2015\/08\/19\/margo-glantz-simple-perversion-oral-video\/\" rel=\"bookmark\">Margo Glantz: Simple Perversi\u00f3n Oral (Video)<\/a><\/h2>\n<\/div>\n<p>eloriente.net 25 de mayo de 2014 Margo Glantz, escritora, catedr\u00e1tica de la UNAM, periodista, investigadora y miembro de La Academia Mexicana de la Lengua, present\u00f3 en\u2026<\/p>\n<p class=\"postmeta\"><span class=\"meta_date\">agosto 19, 2015<\/span><\/p>\n<\/div>\n<div class=\"featuredpost\">\n<div class=\"flow_hide\">\n<p><a href=\"http:\/\/www.eloriente.net\/home\/2015\/08\/19\/el-analisis-pest-en-la-planeacion-educativa-por-diego-gonzalez-algara\/\" rel=\"bookmark\"><img decoding=\"async\" class=\"alignleft\" title=\"El An\u00e1lisis PEST en la Planeaci\u00f3n Educativa, por Diego Gonz\u00e1lez Algara\" src=\"http:\/\/www.eloriente.net\/home\/wp-content\/themes\/city-desk\/timthumb.php?src=http%3A%2F%2Fwww.eloriente.net%2Fhome%2Fwp-content%2Fuploads%2F2015%2F08%2Fcomo_hacer_una_planeacion_fiscal_o_planeacion_financiera-grande-%40redemprendedor-e1439942650194.jpg&amp;q=90&amp;w=70&amp;h=45&amp;zc=1\" alt=\"El An\u00e1lisis PEST en la Planeaci\u00f3n Educativa, por Diego Gonz\u00e1lez Algara\" \/><\/a><\/p>\n<h2 class=\"posttitle \"><a title=\"Enlace Permanente a El An\u00e1lisis PEST en la Planeaci\u00f3n Educativa, por Diego Gonz\u00e1lez Algara\" href=\"http:\/\/www.eloriente.net\/home\/2015\/08\/19\/el-analisis-pest-en-la-planeacion-educativa-por-diego-gonzalez-algara\/\" rel=\"bookmark\">El An\u00e1lisis PEST en la Planeaci\u00f3n Educativa, por Diego Gonz\u00e1lez Algara<\/a><\/h2>\n<\/div>\n<p>En el presente art\u00edculo, segundo de cuatro, evaluamos otro de los elementos de la planeaci\u00f3n educativa. An\u00e1lisis de la naturaleza del problema. Retomamos una herramienta utilizada en\u2026<\/p>\n<p class=\"postmeta\"><span class=\"meta_date\">agosto 19, 2015<\/span><\/p>\n<\/div>\n<div class=\"featuredpost\">\n<div class=\"flow_hide\">\n<p><a href=\"http:\/\/www.eloriente.net\/home\/2015\/08\/18\/alejandro-magallanes-ilustra-hipotetica-portada-de-letras-libres\/\" rel=\"bookmark\"><img decoding=\"async\" class=\"alignleft\" title=\"Alejandro Magallanes ilustra hipot\u00e9tica portada de Letras Libres\" src=\"http:\/\/www.eloriente.net\/home\/wp-content\/themes\/city-desk\/timthumb.php?src=http%3A%2F%2Fwww.eloriente.net%2Fhome%2Fwp-content%2Fuploads%2F2015%2F08%2FAlejandro-Magallanes-video-Letras-Libres-agosto-2015.png&amp;q=90&amp;w=70&amp;h=45&amp;zc=1\" alt=\"Alejandro Magallanes ilustra hipot\u00e9tica portada de Letras Libres\" \/><\/a><\/p>\n<h2 class=\"posttitle \"><a title=\"Enlace Permanente a Alejandro Magallanes ilustra hipot\u00e9tica portada de Letras Libres\" href=\"http:\/\/www.eloriente.net\/home\/2015\/08\/18\/alejandro-magallanes-ilustra-hipotetica-portada-de-letras-libres\/\" rel=\"bookmark\">Alejandro Magallanes ilustra hipot\u00e9tica portada de Letras Libres<\/a><\/h2>\n<\/div>\n<p>(www.eloriente.net, M\u00e9xico, 18 de agosto de 2015).- La prestigiada revista Letras Libres pidi\u00f3 a Alejandro Magallanes que realizara algunos bocetos de una hipot\u00e9tica portada, una especial,\u2026<\/p>\n<p class=\"postmeta\"><span class=\"meta_date\">agosto 18, 2015<\/span><\/p>\n<\/div>\n\n\t\t\t  <div \n\t\t\t  \tclass = \"fb-comments\" \n\t\t\t  \tdata-href = \"https:\/\/www.eloriente.net\/home\/2015\/08\/20\/quienes-se-perfilan-para-la-gubernatura-la-sucesion-en-oaxaca-2016-2nda-parte-por-rodrigo-pacheco\/\"\n\t\t\t  \tdata-numposts = \"10\"\n\t\t\t\tdata-colorscheme = \"dark\"\n\t\t\t\tdata-order-by = \"social\"\n\t\t\t\tdata-mobile=true>\n\t\t\t  <\/div>\n\t\t  <style>\n\t\t\t.fb_iframe_widget_fluid_desktop iframe {\n\t\t\t    width: 100% !important;\n\t\t\t}\n\t\t  <\/style>\n\t\t  ","protected":false},"excerpt":{"rendered":"<p>&nbsp; &nbsp; eloriente.net\/Intenci\u00f3n Pol\u00edtica 20 de agosto Por: Rodrigo Pacheco Peral (Articulista Invitado) \u201cEl elector goza del sagrado privilegio de votar por un candidato que eligieron otros\u201d Ambrose Bierce Como abordamos en la 1era. parte, (EL RITMO AL QUE TODOS BAILAMOS: LA SUCESI\u00d3N 2016 EN OAXACA) la elecci\u00f3n a gobernador del pr\u00f3ximo a\u00f1o definir\u00e1 a [&hellip;]<\/p>\n","protected":false},"author":44,"featured_media":38505,"comment_status":"open","ping_status":"open","sticky":false,"template":"","format":"standard","meta":{"_jetpack_memberships_contains_paid_content":false,"footnotes":""},"categories":[11,71,32,63,464,21],"tags":[4052,3833,879,4044,4051,4045,4048,4050,4049,231,4046,4047],"class_list":["post-38504","post","type-post","status-publish","format-standard","has-post-thumbnail","hentry","category-colaboradores","category-elecciones","category-entradas","category-estados","category-oaxaca-estados","category-politica-y-gobierno","tag-alejandro-murat","tag-benjamin-robles-montoya","tag-columna","tag-gubertnatura","tag-hector-pablo-ramirez-puga","tag-intencion-politica","tag-jose-antonio-estefan-garfias","tag-jose-antonio-hernandez-fraguas","tag-mariana-benitez","tag-politica","tag-rodrigo-pacheco","tag-salomon-jara"],"jetpack_featured_media_url":"https:\/\/www.eloriente.net\/home\/wp-content\/uploads\/2015\/08\/Intenci\u00f3n-Pol\u00edtica-20-ago-2015.png","jetpack_sharing_enabled":true,"_links":{"self":[{"href":"https:\/\/www.eloriente.net\/home\/wp-json\/wp\/v2\/posts\/38504"}],"collection":[{"href":"https:\/\/www.eloriente.net\/home\/wp-json\/wp\/v2\/posts"}],"about":[{"href":"https:\/\/www.eloriente.net\/home\/wp-json\/wp\/v2\/types\/post"}],"author":[{"embeddable":true,"href":"https:\/\/www.eloriente.net\/home\/wp-json\/wp\/v2\/users\/44"}],"replies":[{"embeddable":true,"href":"https:\/\/www.eloriente.net\/home\/wp-json\/wp\/v2\/comments?post=38504"}],"version-history":[{"count":5,"href":"https:\/\/www.eloriente.net\/home\/wp-json\/wp\/v2\/posts\/38504\/revisions"}],"predecessor-version":[{"id":38510,"href":"https:\/\/www.eloriente.net\/home\/wp-json\/wp\/v2\/posts\/38504\/revisions\/38510"}],"wp:featuredmedia":[{"embeddable":true,"href":"https:\/\/www.eloriente.net\/home\/wp-json\/wp\/v2\/media\/38505"}],"wp:attachment":[{"href":"https:\/\/www.eloriente.net\/home\/wp-json\/wp\/v2\/media?parent=38504"}],"wp:term":[{"taxonomy":"category","embeddable":true,"href":"https:\/\/www.eloriente.net\/home\/wp-json\/wp\/v2\/categories?post=38504"},{"taxonomy":"post_tag","embeddable":true,"href":"https:\/\/www.eloriente.net\/home\/wp-json\/wp\/v2\/tags?post=38504"}],"curies":[{"name":"wp","href":"https:\/\/api.w.org\/{rel}","templated":true}]}}