{"id":38514,"date":"2015-08-24T09:35:53","date_gmt":"2015-08-24T15:35:53","guid":{"rendered":"http:\/\/www.eloriente.net\/home\/?p=38514"},"modified":"2015-08-24T09:35:53","modified_gmt":"2015-08-24T15:35:53","slug":"se-presenta-federacion-de-organizaciones-de-la-sociedad-civil-en-oaxaca","status":"publish","type":"post","link":"https:\/\/www.eloriente.net\/home\/2015\/08\/24\/se-presenta-federacion-de-organizaciones-de-la-sociedad-civil-en-oaxaca\/","title":{"rendered":"Se presenta Federaci\u00f3n de Organizaciones de la Sociedad Civil en Oaxaca"},"content":{"rendered":"<p><script src=\"\/\/pagead2.googlesyndication.com\/pagead\/js\/adsbygoogle.js\" async=\"\"><\/script><!-- BANNER ELORIENTE INCRUSTADO NOTAS --> <ins class=\"adsbygoogle\" style=\"display: inline-block; width: 300px; height: 250px;\" data-ad-client=\"ca-pub-1136171134853753\" data-ad-slot=\"7974633627\"><\/ins><script>\/\/ <![CDATA[\n(adsbygoogle = window.adsbygoogle || []).push({});\n\/\/ ]]><\/script><\/p>\n<p>&nbsp;<\/p>\n<p>(www.eloriente.net, a 20 de agosto de 2015, por Valery L\u00f3pez).- La profesora Catalina P\u00e9rez S\u00e1nchez present\u00f3 en la capital oaxaque\u00f1a, la nueva Federaci\u00f3n de Organizaciones de la Sociedad Civil y Grupos Organizados, \u00abImpulsando el Desarrollo de Oaxaca\u00bb, que re\u00fane grupos y activistas de al menos 30 municipios del estado para, dijo, implementar programas que apoyen la alimentaci\u00f3n, la educaci\u00f3n y la salud.<\/p>\n<p>En el evento de presentaci\u00f3n, que cont\u00f3 con la participaci\u00f3n de Marcos Trinidad Reyes Acoltzi, Delegado Federal de la Secretar\u00eda de Econom\u00eda, y de Le\u00f3nides Cervantes Contreras, representante de la Financiera Nacional de Desarrollo Agropecuario, la profesora expuso que la raz\u00f3n de ser de la Federaci\u00f3n es agrupar y organizar esfuerzos civiles aislados, presentes en toda la geograf\u00eda del estado.<\/p>\n<p>Se\u00f1al\u00f3 que los principales objetivos de la Federaci\u00f3n son:<\/p>\n<p>*Asesorar en la planeaci\u00f3n del desarrollo comunitario, municipal, regional, estatal y nacional, as\u00ed como en el manejo y aprovechamiento sustentable de los recursos naturales.<\/p>\n<p>*Generar y gestionar proyectos productivos ante dependencias federales, estatales y municipales.<\/p>\n<p>*Promover y difundir los valores y derechos humanos de mujeres, hombres,ni\u00f1as, ni\u00f1os, adolescentes y personas de la tercera edad, construyendo una cultura basada en el respeto y en la equidad de g\u00e9nero.<\/p>\n<p>*Brindar servicios gratuitos de car\u00e1cter social: Asesor\u00eda jur\u00eddica, contable y capacitaci\u00f3n t\u00e9cnica.<\/p>\n<p>Por su parte, Marcos Trinidad Reyes Acoltzi se comprometi\u00f3 a dar apoyo a las asociaciones civiles en lo que se refiere a capacitaciones sobre gesti\u00f3n de proyectos, las cuales comenzar\u00e1n con grupos de Putla de Guerrero.<\/p>\n<p>A manera de complemento, cabe recordar que el pasado mi\u00e9rcoles 12, en el programa <a href=\"http:\/\/todooaxacaradio.com\/scherezada-cruz-catalina-perez-marisol-ambrosio-y-eduardo-martinez-en-todo-oaxaca-radio\/\" target=\"_blank\">\u00abTodo Oaxaca Radio\u00bb<\/a>, la profesora Catalina P\u00e9rez expuso que con la Federaci\u00f3n: \u00abbuscamos consolidarnos como una nueva fuerza social a nivel estatal\u00bb. (Para escuchar, <a href=\"http:\/\/todooaxacaradio.com\/scherezada-cruz-catalina-perez-marisol-ambrosio-y-eduardo-martinez-en-todo-oaxaca-radio\/\" target=\"_blank\">dar click aqu\u00ed<\/a>)<\/p>\n<p>&nbsp;<\/p>\n<p><a href=\"http:\/\/www.eloriente.net\/home\/wp-content\/uploads\/2015\/08\/FOSCGOIDO.jpg\"><img loading=\"lazy\" decoding=\"async\" class=\"alignnone  wp-image-38524\" src=\"http:\/\/www.eloriente.net\/home\/wp-content\/uploads\/2015\/08\/FOSCGOIDO-300x193.jpg\" alt=\"FOSCGOIDO\" width=\"304\" height=\"196\" srcset=\"https:\/\/www.eloriente.net\/home\/wp-content\/uploads\/2015\/08\/FOSCGOIDO-300x193.jpg 300w, https:\/\/www.eloriente.net\/home\/wp-content\/uploads\/2015\/08\/FOSCGOIDO-900x580.jpg 900w, https:\/\/www.eloriente.net\/home\/wp-content\/uploads\/2015\/08\/FOSCGOIDO.jpg 1009w\" sizes=\"(max-width: 304px) 100vw, 304px\" \/><\/a><\/p>\n<p><a href=\"http:\/\/www.eloriente.net\/home\/wp-content\/uploads\/2015\/08\/Catalina-Pe\u0301rez.jpg\"><img loading=\"lazy\" decoding=\"async\" class=\"alignnone  wp-image-38598\" src=\"http:\/\/www.eloriente.net\/home\/wp-content\/uploads\/2015\/08\/Catalina-Pe\u0301rez-1024x768.jpg\" alt=\"Catalina Pe\u0301rez\" width=\"410\" height=\"307\" srcset=\"https:\/\/www.eloriente.net\/home\/wp-content\/uploads\/2015\/08\/Catalina-Pe\u0301rez-1024x768.jpg 1024w, https:\/\/www.eloriente.net\/home\/wp-content\/uploads\/2015\/08\/Catalina-Pe\u0301rez-300x225.jpg 300w, https:\/\/www.eloriente.net\/home\/wp-content\/uploads\/2015\/08\/Catalina-Pe\u0301rez-900x675.jpg 900w, https:\/\/www.eloriente.net\/home\/wp-content\/uploads\/2015\/08\/Catalina-Pe\u0301rez.jpg 2048w\" sizes=\"(max-width: 410px) 100vw, 410px\" \/><\/a><\/p>\n<div class=\"featuredpost\">\n<div class=\"flow_hide\">\n<h2 class=\"posttitle bigposttitle\"><a title=\"Enlace Permanente a Margo Glantz: Simple Perversi\u00f3n Oral (Video)\" href=\"http:\/\/www.eloriente.net\/home\/2015\/08\/19\/margo-glantz-simple-perversion-oral-video\/\" rel=\"bookmark\">Margo Glantz: Simple Perversi\u00f3n Oral (Video)<\/a><\/h2>\n<\/div>\n<p>eloriente.net 25 de mayo de 2014 Margo Glantz, escritora, catedr\u00e1tica de la UNAM, periodista, investigadora y miembro de La Academia Mexicana de la Lengua, present\u00f3 en\u2026<\/p>\n<p class=\"postmeta\"><span class=\"meta_date\">agosto 19, 2015<\/span><\/p>\n<\/div>\n<div class=\"featuredpost\">\n<div class=\"flow_hide\">\n<p><a href=\"http:\/\/www.eloriente.net\/home\/2015\/08\/19\/el-analisis-pest-en-la-planeacion-educativa-por-diego-gonzalez-algara\/\" rel=\"bookmark\"><img decoding=\"async\" class=\"alignleft\" title=\"El An\u00e1lisis PEST en la Planeaci\u00f3n Educativa, por Diego Gonz\u00e1lez Algara\" src=\"http:\/\/www.eloriente.net\/home\/wp-content\/themes\/city-desk\/timthumb.php?src=http%3A%2F%2Fwww.eloriente.net%2Fhome%2Fwp-content%2Fuploads%2F2015%2F08%2Fcomo_hacer_una_planeacion_fiscal_o_planeacion_financiera-grande-%40redemprendedor-e1439942650194.jpg&amp;q=90&amp;w=70&amp;h=45&amp;zc=1\" alt=\"El An\u00e1lisis PEST en la Planeaci\u00f3n Educativa, por Diego Gonz\u00e1lez Algara\" \/><\/a><\/p>\n<h2 class=\"posttitle \"><a title=\"Enlace Permanente a El An\u00e1lisis PEST en la Planeaci\u00f3n Educativa, por Diego Gonz\u00e1lez Algara\" href=\"http:\/\/www.eloriente.net\/home\/2015\/08\/19\/el-analisis-pest-en-la-planeacion-educativa-por-diego-gonzalez-algara\/\" rel=\"bookmark\">El An\u00e1lisis PEST en la Planeaci\u00f3n Educativa, por Diego Gonz\u00e1lez Algara<\/a><\/h2>\n<\/div>\n<p>En el presente art\u00edculo, segundo de cuatro, evaluamos otro de los elementos de la planeaci\u00f3n educativa. An\u00e1lisis de la naturaleza del problema. Retomamos una herramienta utilizada en\u2026<\/p>\n<p class=\"postmeta\"><span class=\"meta_date\">agosto 19, 2015<\/span><\/p>\n<\/div>\n<div class=\"featuredpost\">\n<div class=\"flow_hide\">\n<p><a href=\"http:\/\/www.eloriente.net\/home\/2015\/08\/18\/alejandro-magallanes-ilustra-hipotetica-portada-de-letras-libres\/\" rel=\"bookmark\"><img decoding=\"async\" class=\"alignleft\" title=\"Alejandro Magallanes ilustra hipot\u00e9tica portada de Letras Libres\" src=\"http:\/\/www.eloriente.net\/home\/wp-content\/themes\/city-desk\/timthumb.php?src=http%3A%2F%2Fwww.eloriente.net%2Fhome%2Fwp-content%2Fuploads%2F2015%2F08%2FAlejandro-Magallanes-video-Letras-Libres-agosto-2015.png&amp;q=90&amp;w=70&amp;h=45&amp;zc=1\" alt=\"Alejandro Magallanes ilustra hipot\u00e9tica portada de Letras Libres\" \/><\/a><\/p>\n<h2 class=\"posttitle \"><a title=\"Enlace Permanente a Alejandro Magallanes ilustra hipot\u00e9tica portada de Letras Libres\" href=\"http:\/\/www.eloriente.net\/home\/2015\/08\/18\/alejandro-magallanes-ilustra-hipotetica-portada-de-letras-libres\/\" rel=\"bookmark\">Alejandro Magallanes ilustra hipot\u00e9tica portada de Letras Libres<\/a><\/h2>\n<\/div>\n<p>(www.eloriente.net, M\u00e9xico, 18 de agosto de 2015).- La prestigiada revista Letras Libres pidi\u00f3 a Alejandro Magallanes que realizara algunos bocetos de una hipot\u00e9tica portada, una especial,\u2026<\/p>\n<p class=\"postmeta\"><span class=\"meta_date\">agosto 18, 2015<\/span><\/p>\n<\/div>\n\n\t\t\t  <div \n\t\t\t  \tclass = \"fb-comments\" \n\t\t\t  \tdata-href = \"https:\/\/www.eloriente.net\/home\/2015\/08\/24\/se-presenta-federacion-de-organizaciones-de-la-sociedad-civil-en-oaxaca\/\"\n\t\t\t  \tdata-numposts = \"10\"\n\t\t\t\tdata-colorscheme = \"dark\"\n\t\t\t\tdata-order-by = \"social\"\n\t\t\t\tdata-mobile=true>\n\t\t\t  <\/div>\n\t\t  <style>\n\t\t\t.fb_iframe_widget_fluid_desktop iframe {\n\t\t\t    width: 100% !important;\n\t\t\t}\n\t\t  <\/style>\n\t\t  ","protected":false},"excerpt":{"rendered":"<p>&nbsp; (www.eloriente.net, a 20 de agosto de 2015, por Valery L\u00f3pez).- La profesora Catalina P\u00e9rez S\u00e1nchez present\u00f3 en la capital oaxaque\u00f1a, la nueva Federaci\u00f3n de Organizaciones de la Sociedad Civil y Grupos Organizados, \u00abImpulsando el Desarrollo de Oaxaca\u00bb, que re\u00fane grupos y activistas de al menos 30 municipios del estado para, dijo, implementar programas que [&hellip;]<\/p>\n","protected":false},"author":44,"featured_media":38524,"comment_status":"open","ping_status":"open","sticky":false,"template":"","format":"standard","meta":{"_jetpack_memberships_contains_paid_content":false,"footnotes":""},"categories":[2434,32,63,464,21],"tags":[4067,4070,4068,4066,4069,4071,2567],"class_list":["post-38514","post","type-post","status-publish","format-standard","has-post-thumbnail","hentry","category-lunesdepolitica","category-entradas","category-estados","category-oaxaca-estados","category-politica-y-gobierno","tag-catalina-perez","tag-conferencia-de-prensa","tag-federacion-de-organizaciones-de-la-sociedad-civil-y-grupos-organizados","tag-foscgoido","tag-impulsando-el-desarrollo-de-oaxaca","tag-marcos-trinidad-reyes-acoltzi","tag-todo-oaxaca-radio-2"],"jetpack_featured_media_url":"https:\/\/www.eloriente.net\/home\/wp-content\/uploads\/2015\/08\/FOSCGOIDO.jpg","jetpack_sharing_enabled":true,"_links":{"self":[{"href":"https:\/\/www.eloriente.net\/home\/wp-json\/wp\/v2\/posts\/38514"}],"collection":[{"href":"https:\/\/www.eloriente.net\/home\/wp-json\/wp\/v2\/posts"}],"about":[{"href":"https:\/\/www.eloriente.net\/home\/wp-json\/wp\/v2\/types\/post"}],"author":[{"embeddable":true,"href":"https:\/\/www.eloriente.net\/home\/wp-json\/wp\/v2\/users\/44"}],"replies":[{"embeddable":true,"href":"https:\/\/www.eloriente.net\/home\/wp-json\/wp\/v2\/comments?post=38514"}],"version-history":[{"count":5,"href":"https:\/\/www.eloriente.net\/home\/wp-json\/wp\/v2\/posts\/38514\/revisions"}],"predecessor-version":[{"id":38599,"href":"https:\/\/www.eloriente.net\/home\/wp-json\/wp\/v2\/posts\/38514\/revisions\/38599"}],"wp:featuredmedia":[{"embeddable":true,"href":"https:\/\/www.eloriente.net\/home\/wp-json\/wp\/v2\/media\/38524"}],"wp:attachment":[{"href":"https:\/\/www.eloriente.net\/home\/wp-json\/wp\/v2\/media?parent=38514"}],"wp:term":[{"taxonomy":"category","embeddable":true,"href":"https:\/\/www.eloriente.net\/home\/wp-json\/wp\/v2\/categories?post=38514"},{"taxonomy":"post_tag","embeddable":true,"href":"https:\/\/www.eloriente.net\/home\/wp-json\/wp\/v2\/tags?post=38514"}],"curies":[{"name":"wp","href":"https:\/\/api.w.org\/{rel}","templated":true}]}}