{"id":38517,"date":"2015-08-20T16:07:36","date_gmt":"2015-08-20T22:07:36","guid":{"rendered":"http:\/\/www.eloriente.net\/home\/?p=38517"},"modified":"2015-08-20T16:25:55","modified_gmt":"2015-08-20T22:25:55","slug":"oaxaca-un-continente-relanzamiento-necesario-de-huatulco","status":"publish","type":"post","link":"https:\/\/www.eloriente.net\/home\/2015\/08\/20\/oaxaca-un-continente-relanzamiento-necesario-de-huatulco\/","title":{"rendered":"Oaxaca un continente: Relanzamiento necesario de Huatulco"},"content":{"rendered":"<p><script src=\"\/\/pagead2.googlesyndication.com\/pagead\/js\/adsbygoogle.js\" async=\"\"><\/script><!-- BANNER ELORIENTE INCRUSTADO NOTAS --> <ins class=\"adsbygoogle\" style=\"display: inline-block; width: 300px; height: 250px;\" data-ad-client=\"ca-pub-1136171134853753\" data-ad-slot=\"7974633627\"><\/ins><script>\/\/ <![CDATA[\n(adsbygoogle = window.adsbygoogle || []).push({});\n\/\/ ]]><\/script><\/p>\n<p>&nbsp;<\/p>\n<p>&nbsp;<\/p>\n<p>(<a href=\"http:\/\/www.eloriente.net\/home\/\" target=\"_blank\">www.eloriente.net<\/a>, M\u00e9xico, 13 de agosto de 2015. Por \u00c1ngel Osorio <a href=\"https:\/\/twitter.com\/senderosoax\" target=\"_blank\">@senderosoax<\/a>).- En esta semana estuvieron en Huatulco, la Secretaria de Turismo Federal, Claudia Ruiz Massieu y el Director General del Fondo Nacional de Fomento al Turismo acompa\u00f1ando al Gobernador Gabino Cu\u00e9 para la inauguraci\u00f3n y supervisi\u00f3n de avances de diversas obras que en conjunto alcanzan una inversi\u00f3n de arriba de 800 millones de pesos entre capital p\u00fablico y privado.<\/p>\n<p>Las obras son:<\/p>\n<ul>\n<li>Ampliaci\u00f3n y modernizaci\u00f3n de las salas internacional y dom\u00e9stica del Aeropuerto Internacional de Huatulco: 500 millones.<\/li>\n<li>Mantenimiento de la Quinta Avenida, el Andador Esc\u00e9nico y las obras complementarias en el destino: 273 millones.<\/li>\n<li>Hotel Holiday Inn Huatulco que representa una inversi\u00f3n de capital privado de: 100 millones.<\/li>\n<\/ul>\n<p>En el apartado de FONATUR para Huatulco, con actualizaci\u00f3n en junio de este a\u00f1o, alcanzamos a leer:<\/p>\n<p>\u201cConsiderando la gran rentabilidad que ofrece Huatulco, FONATUR se ha propuesto generar una nueva imagen para este destino, as\u00ed como reactivar su actividad econ\u00f3mica y tur\u00edstica con el fin de convertirlo en uno de los desarrollos tur\u00edsticos m\u00e1s exitosos de nuestro pa\u00eds.<\/p>\n<p>Para ello ha desarrollado una Estrategia de Relanzamiento a trav\u00e9s de un convenio interinstitucional en el que intervienen diversas instancias Federales, Estatales y Locales.\u201c *<\/p>\n<p>\u00bfPor qu\u00e9 hablamos de un relanzamiento necesario? En 1985 comenzaron las obras para convertir a Huatulco en el quinto Centro Integral Planeado (despu\u00e9s de Canc\u00fan, Ixtapa, Los Cabos, Loreto).<\/p>\n<p>Los n\u00fameros (v\u00e9ase nuestra colaboraci\u00f3n: \u00bfEn qu\u00e9 sexenio nos ha ido mejor en turismo?) apuntan a un crecimiento espectacular entre el sexenio de Carrasco Altamirano y Murat, entre este y Ulises Ruiz sigui\u00f3 un crecimiento moderado pero constante, sin embargo, hasta los primeros cuatro a\u00f1os de Gabino Cu\u00e9, se mantuvo un crecimiento muy modesto y, por el contrario, una p\u00e9rdida de turismo extranjero considerable.<\/p>\n<p>Sin duda, ante la fuerte inversi\u00f3n que representa Huatulco y los beneficios que aporta a la econom\u00eda estatal, es necesario relanzar este bell\u00edsimo polo de nuestra costa oaxaque\u00f1a. El impacto de este relanzamiento lo analizaremos despu\u00e9s.<\/p>\n<p>*<a href=\"http:\/\/www.fonatur.gob.mx\/es\/proyectos_desarrollos\/huatulco\/index.asp?modsec=01-ACC&amp;sec=4\" target=\"_blank\">http:\/\/www.fonatur.gob.mx\/es\/proyectos_desarrollos\/huatulco\/index.asp?modsec=01-ACC&amp;sec=4<\/a><\/p>\n<p><a href=\"http:\/\/www.eloriente.net\/home\/wp-content\/uploads\/2015\/08\/Relanzamiento-necesario-de-Huatulco-@SenderosOax.png\"><img loading=\"lazy\" decoding=\"async\" class=\"alignnone size-medium wp-image-38518\" src=\"http:\/\/www.eloriente.net\/home\/wp-content\/uploads\/2015\/08\/Relanzamiento-necesario-de-Huatulco-@SenderosOax-300x199.png\" alt=\"Relanzamiento necesario de Huatulco, @SenderosOax\" width=\"300\" height=\"199\" srcset=\"https:\/\/www.eloriente.net\/home\/wp-content\/uploads\/2015\/08\/Relanzamiento-necesario-de-Huatulco-@SenderosOax-300x199.png 300w, https:\/\/www.eloriente.net\/home\/wp-content\/uploads\/2015\/08\/Relanzamiento-necesario-de-Huatulco-@SenderosOax.png 852w\" sizes=\"(max-width: 300px) 100vw, 300px\" \/><\/a><\/p>\n<p><strong>OTRAS ENTRADAS<\/strong><\/p>\n<div class=\"featuredpost\">\n<div class=\"flow_hide\">\n<h2 class=\"posttitle bigposttitle\"><a title=\"Enlace Permanente a Margo Glantz: Simple Perversi\u00f3n Oral (Video)\" href=\"http:\/\/www.eloriente.net\/home\/2015\/08\/19\/margo-glantz-simple-perversion-oral-video\/\" rel=\"bookmark\">Margo Glantz: Simple Perversi\u00f3n Oral (Video)<\/a><\/h2>\n<\/div>\n<p>eloriente.net 25 de mayo de 2014 Margo Glantz, escritora, catedr\u00e1tica de la UNAM, periodista, investigadora y miembro de La Academia Mexicana de la Lengua, present\u00f3 en\u2026<\/p>\n<p class=\"postmeta\"><span class=\"meta_date\">agosto 19, 2015<\/span><\/p>\n<\/div>\n<div class=\"featuredpost\">\n<div class=\"flow_hide\">\n<p><a href=\"http:\/\/www.eloriente.net\/home\/2015\/08\/19\/el-analisis-pest-en-la-planeacion-educativa-por-diego-gonzalez-algara\/\" rel=\"bookmark\"><img decoding=\"async\" class=\"alignleft\" title=\"El An\u00e1lisis PEST en la Planeaci\u00f3n Educativa, por Diego Gonz\u00e1lez Algara\" src=\"http:\/\/www.eloriente.net\/home\/wp-content\/themes\/city-desk\/timthumb.php?src=http%3A%2F%2Fwww.eloriente.net%2Fhome%2Fwp-content%2Fuploads%2F2015%2F08%2Fcomo_hacer_una_planeacion_fiscal_o_planeacion_financiera-grande-%40redemprendedor-e1439942650194.jpg&amp;q=90&amp;w=70&amp;h=45&amp;zc=1\" alt=\"El An\u00e1lisis PEST en la Planeaci\u00f3n Educativa, por Diego Gonz\u00e1lez Algara\" \/><\/a><\/p>\n<h2 class=\"posttitle \"><a title=\"Enlace Permanente a El An\u00e1lisis PEST en la Planeaci\u00f3n Educativa, por Diego Gonz\u00e1lez Algara\" href=\"http:\/\/www.eloriente.net\/home\/2015\/08\/19\/el-analisis-pest-en-la-planeacion-educativa-por-diego-gonzalez-algara\/\" rel=\"bookmark\">El An\u00e1lisis PEST en la Planeaci\u00f3n Educativa, por Diego Gonz\u00e1lez Algara<\/a><\/h2>\n<\/div>\n<p>En el presente art\u00edculo, segundo de cuatro, evaluamos otro de los elementos de la planeaci\u00f3n educativa. An\u00e1lisis de la naturaleza del problema. Retomamos una herramienta utilizada en\u2026<\/p>\n<p class=\"postmeta\"><span class=\"meta_date\">agosto 19, 2015<\/span><\/p>\n<\/div>\n<div class=\"featuredpost\">\n<div class=\"flow_hide\">\n<p><a href=\"http:\/\/www.eloriente.net\/home\/2015\/08\/18\/alejandro-magallanes-ilustra-hipotetica-portada-de-letras-libres\/\" rel=\"bookmark\"><img decoding=\"async\" class=\"alignleft\" title=\"Alejandro Magallanes ilustra hipot\u00e9tica portada de Letras Libres\" src=\"http:\/\/www.eloriente.net\/home\/wp-content\/themes\/city-desk\/timthumb.php?src=http%3A%2F%2Fwww.eloriente.net%2Fhome%2Fwp-content%2Fuploads%2F2015%2F08%2FAlejandro-Magallanes-video-Letras-Libres-agosto-2015.png&amp;q=90&amp;w=70&amp;h=45&amp;zc=1\" alt=\"Alejandro Magallanes ilustra hipot\u00e9tica portada de Letras Libres\" \/><\/a><\/p>\n<h2 class=\"posttitle \"><a title=\"Enlace Permanente a Alejandro Magallanes ilustra hipot\u00e9tica portada de Letras Libres\" href=\"http:\/\/www.eloriente.net\/home\/2015\/08\/18\/alejandro-magallanes-ilustra-hipotetica-portada-de-letras-libres\/\" rel=\"bookmark\">Alejandro Magallanes ilustra hipot\u00e9tica portada de Letras Libres<\/a><\/h2>\n<\/div>\n<p>(www.eloriente.net, M\u00e9xico, 18 de agosto de 2015).- La prestigiada revista Letras Libres pidi\u00f3 a Alejandro Magallanes que realizara algunos bocetos de una hipot\u00e9tica portada, una especial,\u2026<\/p>\n<p class=\"postmeta\"><span class=\"meta_date\">agosto 18, 2015<\/span><\/p>\n<\/div>\n\n\t\t\t  <div \n\t\t\t  \tclass = \"fb-comments\" \n\t\t\t  \tdata-href = \"https:\/\/www.eloriente.net\/home\/2015\/08\/20\/oaxaca-un-continente-relanzamiento-necesario-de-huatulco\/\"\n\t\t\t  \tdata-numposts = \"10\"\n\t\t\t\tdata-colorscheme = \"dark\"\n\t\t\t\tdata-order-by = \"social\"\n\t\t\t\tdata-mobile=true>\n\t\t\t  <\/div>\n\t\t  <style>\n\t\t\t.fb_iframe_widget_fluid_desktop iframe {\n\t\t\t    width: 100% !important;\n\t\t\t}\n\t\t  <\/style>\n\t\t  ","protected":false},"excerpt":{"rendered":"<p>&nbsp; &nbsp; (www.eloriente.net, M\u00e9xico, 13 de agosto de 2015. Por \u00c1ngel Osorio @senderosoax).- En esta semana estuvieron en Huatulco, la Secretaria de Turismo Federal, Claudia Ruiz Massieu y el Director General del Fondo Nacional de Fomento al Turismo acompa\u00f1ando al Gobernador Gabino Cu\u00e9 para la inauguraci\u00f3n y supervisi\u00f3n de avances de diversas obras que en [&hellip;]<\/p>\n","protected":false},"author":40,"featured_media":38518,"comment_status":"open","ping_status":"open","sticky":false,"template":"","format":"standard","meta":{"_jetpack_memberships_contains_paid_content":false,"footnotes":""},"categories":[3387,11,32,63,3719,24,23,464,19],"tags":[3505,879,4038,785,4054,4053,4056,4055],"class_list":["post-38517","post","type-post","status-publish","format-standard","has-post-thumbnail","hentry","category-angel-osorio-morales","category-colaboradores","category-entradas","category-estados","category-huatulco-municipios","category-mexico-y-el-mundo","category-municipios","category-oaxaca-estados","category-turismo-y-negocios","tag-angel-osorio","tag-columna","tag-fonatur","tag-huatulco","tag-murat","tag-relanzamiento","tag-senderosoax","tag-ulises-ruiz"],"jetpack_featured_media_url":"https:\/\/www.eloriente.net\/home\/wp-content\/uploads\/2015\/08\/Relanzamiento-necesario-de-Huatulco-@SenderosOax.png","jetpack_sharing_enabled":true,"_links":{"self":[{"href":"https:\/\/www.eloriente.net\/home\/wp-json\/wp\/v2\/posts\/38517"}],"collection":[{"href":"https:\/\/www.eloriente.net\/home\/wp-json\/wp\/v2\/posts"}],"about":[{"href":"https:\/\/www.eloriente.net\/home\/wp-json\/wp\/v2\/types\/post"}],"author":[{"embeddable":true,"href":"https:\/\/www.eloriente.net\/home\/wp-json\/wp\/v2\/users\/40"}],"replies":[{"embeddable":true,"href":"https:\/\/www.eloriente.net\/home\/wp-json\/wp\/v2\/comments?post=38517"}],"version-history":[{"count":1,"href":"https:\/\/www.eloriente.net\/home\/wp-json\/wp\/v2\/posts\/38517\/revisions"}],"predecessor-version":[{"id":38520,"href":"https:\/\/www.eloriente.net\/home\/wp-json\/wp\/v2\/posts\/38517\/revisions\/38520"}],"wp:featuredmedia":[{"embeddable":true,"href":"https:\/\/www.eloriente.net\/home\/wp-json\/wp\/v2\/media\/38518"}],"wp:attachment":[{"href":"https:\/\/www.eloriente.net\/home\/wp-json\/wp\/v2\/media?parent=38517"}],"wp:term":[{"taxonomy":"category","embeddable":true,"href":"https:\/\/www.eloriente.net\/home\/wp-json\/wp\/v2\/categories?post=38517"},{"taxonomy":"post_tag","embeddable":true,"href":"https:\/\/www.eloriente.net\/home\/wp-json\/wp\/v2\/tags?post=38517"}],"curies":[{"name":"wp","href":"https:\/\/api.w.org\/{rel}","templated":true}]}}