{"id":38600,"date":"2015-08-24T10:14:30","date_gmt":"2015-08-24T16:14:30","guid":{"rendered":"http:\/\/www.eloriente.net\/home\/?p=38600"},"modified":"2015-08-24T10:14:30","modified_gmt":"2015-08-24T16:14:30","slug":"priistas-celebran-inicio-normal-de-clases-en-oaxaca","status":"publish","type":"post","link":"https:\/\/www.eloriente.net\/home\/2015\/08\/24\/priistas-celebran-inicio-normal-de-clases-en-oaxaca\/","title":{"rendered":"Pri\u00edstas celebran inicio normal de clases en Oaxaca"},"content":{"rendered":"<p><script src=\"\/\/pagead2.googlesyndication.com\/pagead\/js\/adsbygoogle.js\" async=\"\"><\/script><!-- BANNER ELORIENTE INCRUSTADO NOTAS --> <ins class=\"adsbygoogle\" style=\"display: inline-block; width: 300px; height: 250px;\" data-ad-client=\"ca-pub-1136171134853753\" data-ad-slot=\"7974633627\"><\/ins><script>\/\/ <![CDATA[\n(adsbygoogle = window.adsbygoogle || []).push({});\n\/\/ ]]><\/script><\/p>\n<p>(<a href=\"http:\/\/www.eloriente.net\">www.eloriente.net<\/a>, M\u00e9xico, 24 de agosto de 2015).- El gobernador de Oaxaca, Gabino Cu\u00e9, abri\u00f3 oficialmente el ciclo escolar en las escuelas p\u00fablicas del estado. Lo hizo en la primaria Patria Nueva donde se\u00f1al\u00f3 la importancia de este d\u00eda en el que estudiantes ser\u00e1n conducidos \u00abprofesional y comprometidamente\u00bb por m\u00e1s de 53 mil maestras y maestros.<\/p>\n<blockquote class=\"twitter-tweet\" lang=\"es\">\n<p dir=\"ltr\" lang=\"es\">Acudo a esta Esc. Prim. Patria Libre, en este d\u00eda que l@s estudiantes del nivel b\u00e1sico de <a href=\"https:\/\/twitter.com\/hashtag\/Oaxaca?src=hash\">#Oaxaca<\/a> regresan a clases. <a href=\"http:\/\/t.co\/ty2HTEdb8U\">pic.twitter.com\/ty2HTEdb8U<\/a><\/p>\n<p>\u2014 Gabino Cu\u00e9 (@GabinoCue) <a href=\"https:\/\/twitter.com\/GabinoCue\/status\/635814631274061824\">agosto 24, 2015<\/a><\/p><\/blockquote>\n<p><script src=\"\/\/platform.twitter.com\/widgets.js\" async=\"\" charset=\"utf-8\"><\/script>En este marco, en el \u00e1mbito p\u00fablico sobresali\u00f3 el apoyo y la postura de diversos miembros del Partido Revolucionario Institucional (PRI) hacia esta medida, inclusive, ocupando espacios en estaciones radiof\u00f3nicas y en redes sociales.<\/p>\n<p>El senador Eviel P\u00e9rez Maga\u00f1a, por ejemplo, fue enf\u00e1tico al declarar que \u00abhoy es el d\u00eda m\u00e1s importante de los \u00faltimos 25 a\u00f1os en el estado\u00bb. En una entrevista para el noticiario matutino de Humberto Cruz, P\u00e9rez celebr\u00f3 que hasta el momento no existan reportes de anomal\u00edas en el inicio del curso escolar. \u00a0 <\/p>\n<blockquote class=\"twitter-tweet\" lang=\"es\"><p>Este nuevo ciclo escolar tenemos la gran oportunidad de transformar positivamente la historia de la educaci\u00f3n en <a href=\"https:\/\/twitter.com\/hashtag\/Oaxaca?src=hash\">#Oaxaca<\/a>, buen d\u00eda. \u2014 Eviel P\u00e9rez Maga\u00f1a (@EvielPM) <a href=\"https:\/\/twitter.com\/EvielPM\/status\/635816357112639488\">agosto 24, 2015<\/a><\/p><\/blockquote>\n<p><script src=\"\/\/platform.twitter.com\/widgets.js\" async=\"\" charset=\"utf-8\"><\/script><br \/>\nPor su parte, la diputada federal electa, Mariana Benitez, distribuy\u00f3 ayer un texto que denomin\u00f3 \u00abde respaldo al gobierno federal y al Secretario de Gobernaci\u00f3n\u00bb, Miguel \u00c1ngel Osorio Chong, por inicio del ciclo escolar, y agradeci\u00f3 el \u00abrespaldo otorgado al gobierno estatal para ejecutar las medidas recientemente anunciadas\u00bb para poner en el centro de las prioridades a la educaci\u00f3n.<\/p>\n<p><script>\/\/ <![CDATA[\n(function(d, s, id) { var js, fjs = d.getElementsByTagName(s)[0]; if (d.getElementById(id)) return; js = d.createElement(s); js.id = id; js.src = \"\/\/connect.facebook.net\/es_LA\/sdk.js#xfbml=1&#038;version=v2.3\"; fjs.parentNode.insertBefore(js, fjs);}(document, 'script', 'facebook-jssdk'));\n\/\/ ]]><\/script><\/p>\n<div class=\"fb-post\" data-href=\"https:\/\/www.facebook.com\/MarianaBenitezT\/posts\/874501555919828:0\" data-width=\"500\">\n<div class=\"fb-xfbml-parse-ignore\">\n<blockquote cite=\"https:\/\/www.facebook.com\/MarianaBenitezT\/posts\/874501555919828:0\"><p>Hoy regresan a clases m\u00e1s de 1 mill\u00f3n de ni\u00f1os en Oaxaca. Les deseo un a\u00f1o lleno de aprendizajes y experiencias. #RegresoAClases<\/p>\n<p>Posted by <a href=\"https:\/\/www.facebook.com\/MarianaBenitezT\">Mariana Ben\u00edtez Tiburcio<\/a> on\u00a0<a href=\"https:\/\/www.facebook.com\/MarianaBenitezT\/posts\/874501555919828:0\">Lunes, 24 de agosto de 2015<\/a><\/p><\/blockquote>\n<\/div>\n<\/div>\n<p>&nbsp;<\/p>\n<p>El delegado nacional Fidel Herrera Beltr\u00e1n, igualmente esper\u00f3 a la ma\u00f1ana de este d\u00eda para desear un regreso a clases venturoso para quienes integran el ciclo escolar 2015-16.<\/p>\n<p>&nbsp;<\/p>\n<blockquote class=\"twitter-tweet\" lang=\"es\">\n<p dir=\"ltr\" lang=\"es\">Feliz <a href=\"https:\/\/twitter.com\/hashtag\/RegresoAClases?src=hash\">#RegresoAClases<\/a> a alumnos, maestros y padres de familia. <a href=\"http:\/\/t.co\/piHdvCwkcO\">pic.twitter.com\/piHdvCwkcO<\/a><\/p>\n<p>\u2014 Fidel Herrera B. (@FidelHerrera) <a href=\"https:\/\/twitter.com\/FidelHerrera\/status\/635821475233165313\">agosto 24, 2015<\/a><\/p><\/blockquote>\n<p><script src=\"\/\/platform.twitter.com\/widgets.js\" async=\"\" charset=\"utf-8\"><\/script>El pri\u00edsta presidente municipal de Juquila, Manuel Le\u00f3n, igualmente comparti\u00f3 algunas im\u00e1genes del regreso a clases, v\u00eda su cuenta de twitter: \u00a0 <\/p>\n<blockquote class=\"twitter-tweet\" lang=\"es\"><p>Ni\u00f1os de Juquila llegan a las escuelas acompa\u00f1ados de sus padres! <a href=\"https:\/\/twitter.com\/hashtag\/TierraDeFe?src=hash\">#TierraDeFe<\/a>! <a href=\"http:\/\/t.co\/cHJf4WQCAm\">pic.twitter.com\/cHJf4WQCAm<\/a> \u2014 Manolo Le\u00f3n (@manolo_leon) <a href=\"https:\/\/twitter.com\/manolo_leon\/status\/635800662278705152\">agosto 24, 2015<\/a><\/p><\/blockquote>\n<p><script src=\"\/\/platform.twitter.com\/widgets.js\" async=\"\" charset=\"utf-8\"><\/script><br \/>\nDe manera escueta, anoche, H\u00e9ctor Pablo Ram\u00edrez Puga, titular nacional de LICONSA, tambi\u00e9n se pronunci\u00f3 p\u00fablicamente:<\/p>\n<blockquote class=\"twitter-tweet\" lang=\"es\">\n<p dir=\"ltr\" lang=\"es\">Buena noche feliz regreso a clases!<\/p>\n<p>\u2014 H\u00e9ctor Pablo (@hectorpablo_) <a href=\"https:\/\/twitter.com\/hectorpablo_\/status\/635686807049404417\">agosto 24, 2015<\/a><\/p><\/blockquote>\n<p><script src=\"\/\/platform.twitter.com\/widgets.js\" async=\"\" charset=\"utf-8\"><\/script><br \/>\n<a href=\"http:\/\/www.eloriente.net\/home\/wp-content\/uploads\/2014\/03\/Captura-de-pantalla-2014-03-21-a-las-13.35.09.png\"><img loading=\"lazy\" decoding=\"async\" class=\"alignnone size-full wp-image-22966\" src=\"http:\/\/www.eloriente.net\/home\/wp-content\/uploads\/2014\/03\/Captura-de-pantalla-2014-03-21-a-las-13.35.09.png\" alt=\"Pantalla 2014-03-21 Eviel P\u00e9rez\" width=\"641\" height=\"347\" srcset=\"https:\/\/www.eloriente.net\/home\/wp-content\/uploads\/2014\/03\/Captura-de-pantalla-2014-03-21-a-las-13.35.09.png 641w, https:\/\/www.eloriente.net\/home\/wp-content\/uploads\/2014\/03\/Captura-de-pantalla-2014-03-21-a-las-13.35.09-300x162.png 300w\" sizes=\"(max-width: 641px) 100vw, 641px\" \/><\/a><\/p>\n<p><strong>OTRAS ENTRADAS:<\/strong><\/p>\n<div class=\"featuredpost\">\n<div class=\"flow_hide\">\n<h2 class=\"posttitle bigposttitle\"><a title=\"Enlace Permanente a Lecciones de Yucunicoco, por Gerardo Mart\u00ednez Ortega\" href=\"http:\/\/www.eloriente.net\/home\/2015\/08\/24\/lecciones-de-yucunicoco-por-gerardo-mendez-ortega\/\" rel=\"bookmark\"> Lecciones de Yucunicoco, por Gerardo Mart\u00ednez Ortega <\/a><\/h2>\n<\/div>\n<p>(www.eloriente.net, 24 de agosto de 2015, M\u00e9xico, por: Gerardo Mart\u00ednez Ortega*).- Lo ocurrido el fin de semana pasado en Santa Mar\u00eda Yucunicoco donde se detuvo a\u2026<\/p>\n<p class=\"postmeta\"><span class=\"meta_date\">agosto 24, 2015<\/span><\/p>\n<div class=\"toolbar-social\">\n<div class=\"social-widget\">\n<div id=\"sharing-widget\"><a class=\"button icon-share\">Compartir<\/a> <span class=\"share-count\">12<\/span><\/div>\n<\/div>\n<\/div>\n<\/div>\n<div class=\"featuredpost\">\n<div class=\"flow_hide\">\n<p><a href=\"http:\/\/www.eloriente.net\/home\/2015\/08\/21\/en-mexico-jovenes-sin-escritura-y-pobre-capacidad-de-expresion-flacso\/\" rel=\"bookmark\"><img decoding=\"async\" class=\"alignleft\" title=\"En M\u00e9xico j\u00f3venes sin escritura y pobre capacidad de expresi\u00f3n: FLACSO\" src=\"http:\/\/www.eloriente.net\/home\/wp-content\/themes\/city-desk\/timthumb.php?src=http%3A%2F%2Fwww.eloriente.net%2Fhome%2Fwp-content%2Fuploads%2F2015%2F08%2FFLACSO.jpg&amp;q=90&amp;w=70&amp;h=45&amp;zc=1\" alt=\"En M\u00e9xico j\u00f3venes sin escritura y pobre capacidad de expresi\u00f3n: FLACSO\" \/><\/a><\/p>\n<h2 class=\"posttitle \"><a title=\"Enlace Permanente a En M\u00e9xico j\u00f3venes sin escritura y pobre capacidad de expresi\u00f3n: FLACSO\" href=\"http:\/\/www.eloriente.net\/home\/2015\/08\/21\/en-mexico-jovenes-sin-escritura-y-pobre-capacidad-de-expresion-flacso\/\" rel=\"bookmark\"> En M\u00e9xico j\u00f3venes sin escritura y pobre capacidad de expresi\u00f3n: FLACSO <\/a><\/h2>\n<\/div>\n<p>eloriente.net\/Flacso 21 de agosto de 2015 Espa\u00f1a y M\u00e9xico presentan libro que aborda la importancia de la educaci\u00f3n ling\u00fc\u00edstica en Hispanoam\u00e9rica Habilidades del lenguaje: m\u00e1s all\u00e1 de\u2026<\/p>\n<p class=\"postmeta\"><span class=\"meta_date\">agosto 21, 2015<\/span><\/p>\n<div class=\"toolbar-social\"><\/div>\n<\/div>\n<p>&nbsp;<\/p>\n<p>&nbsp;<\/p>\n<p>&nbsp;<\/p>\n<p>&nbsp;<\/p>\n\n\t\t\t  <div \n\t\t\t  \tclass = \"fb-comments\" \n\t\t\t  \tdata-href = \"https:\/\/www.eloriente.net\/home\/2015\/08\/24\/priistas-celebran-inicio-normal-de-clases-en-oaxaca\/\"\n\t\t\t  \tdata-numposts = \"10\"\n\t\t\t\tdata-colorscheme = \"dark\"\n\t\t\t\tdata-order-by = \"social\"\n\t\t\t\tdata-mobile=true>\n\t\t\t  <\/div>\n\t\t  <style>\n\t\t\t.fb_iframe_widget_fluid_desktop iframe {\n\t\t\t    width: 100% !important;\n\t\t\t}\n\t\t  <\/style>\n\t\t  ","protected":false},"excerpt":{"rendered":"<p>(www.eloriente.net, M\u00e9xico, 24 de agosto de 2015).- El gobernador de Oaxaca, Gabino Cu\u00e9, abri\u00f3 oficialmente el ciclo escolar en las escuelas p\u00fablicas del estado. Lo hizo en la primaria Patria Nueva donde se\u00f1al\u00f3 la importancia de este d\u00eda en el que estudiantes ser\u00e1n conducidos \u00abprofesional y comprometidamente\u00bb por m\u00e1s de 53 mil maestras y maestros. [&hellip;]<\/p>\n","protected":false},"author":1,"featured_media":22966,"comment_status":"open","ping_status":"open","sticky":false,"template":"","format":"standard","meta":{"_jetpack_memberships_contains_paid_content":false,"footnotes":""},"categories":[29,71,32,63,464,21],"tags":[1459,4051,374],"class_list":["post-38600","post","type-post","status-publish","format-standard","has-post-thumbnail","hentry","category-capital","category-elecciones","category-entradas","category-estados","category-oaxaca-estados","category-politica-y-gobierno","tag-eviel-perez-magana","tag-hector-pablo-ramirez-puga","tag-seccion-22"],"jetpack_featured_media_url":"https:\/\/www.eloriente.net\/home\/wp-content\/uploads\/2014\/03\/Captura-de-pantalla-2014-03-21-a-las-13.35.09.png","jetpack_sharing_enabled":true,"_links":{"self":[{"href":"https:\/\/www.eloriente.net\/home\/wp-json\/wp\/v2\/posts\/38600"}],"collection":[{"href":"https:\/\/www.eloriente.net\/home\/wp-json\/wp\/v2\/posts"}],"about":[{"href":"https:\/\/www.eloriente.net\/home\/wp-json\/wp\/v2\/types\/post"}],"author":[{"embeddable":true,"href":"https:\/\/www.eloriente.net\/home\/wp-json\/wp\/v2\/users\/1"}],"replies":[{"embeddable":true,"href":"https:\/\/www.eloriente.net\/home\/wp-json\/wp\/v2\/comments?post=38600"}],"version-history":[{"count":1,"href":"https:\/\/www.eloriente.net\/home\/wp-json\/wp\/v2\/posts\/38600\/revisions"}],"predecessor-version":[{"id":38602,"href":"https:\/\/www.eloriente.net\/home\/wp-json\/wp\/v2\/posts\/38600\/revisions\/38602"}],"wp:featuredmedia":[{"embeddable":true,"href":"https:\/\/www.eloriente.net\/home\/wp-json\/wp\/v2\/media\/22966"}],"wp:attachment":[{"href":"https:\/\/www.eloriente.net\/home\/wp-json\/wp\/v2\/media?parent=38600"}],"wp:term":[{"taxonomy":"category","embeddable":true,"href":"https:\/\/www.eloriente.net\/home\/wp-json\/wp\/v2\/categories?post=38600"},{"taxonomy":"post_tag","embeddable":true,"href":"https:\/\/www.eloriente.net\/home\/wp-json\/wp\/v2\/tags?post=38600"}],"curies":[{"name":"wp","href":"https:\/\/api.w.org\/{rel}","templated":true}]}}