{"id":38855,"date":"2015-09-03T17:38:03","date_gmt":"2015-09-03T23:38:03","guid":{"rendered":"http:\/\/www.eloriente.net\/home\/?p=38855"},"modified":"2015-09-03T20:33:12","modified_gmt":"2015-09-04T02:33:12","slug":"reclama-mexico-erradicar-los-rostros-de-pobreza-y-discriminacion-alejandro-lagunas","status":"publish","type":"post","link":"https:\/\/www.eloriente.net\/home\/2015\/09\/03\/reclama-mexico-erradicar-los-rostros-de-pobreza-y-discriminacion-alejandro-lagunas\/","title":{"rendered":"Reclama M\u00e9xico erradicar los rostros de pobreza y discriminaci\u00f3n: Alfredo Lagunas"},"content":{"rendered":"<p><script src=\"\/\/pagead2.googlesyndication.com\/pagead\/js\/adsbygoogle.js\" async=\"\"><\/script><!-- BANNER ELORIENTE INCRUSTADO NOTAS --> <ins class=\"adsbygoogle\" style=\"display: inline-block; width: 300px; height: 250px;\" data-ad-client=\"ca-pub-1136171134853753\" data-ad-slot=\"7974633627\"><\/ins><script>\/\/ <![CDATA[\n(adsbygoogle = window.adsbygoogle || []).push({});\n\/\/ ]]><\/script><\/p>\n<p>&nbsp;<\/p>\n<p>eloriente.net\/TSJ<\/p>\n<p>03 de septiembre de 2015<\/p>\n<p>En el marco de la ceremonia de izamiento de la Bandera Nacional, el titular del Poder Judicial\u00a0dijo que la simbolog\u00eda del Mes de la Patria expresa revertir las condiciones desiguales para\u00a0cristalizar las libertades<\/p>\n<p>El Estado de la mano con la sociedad civil debe encontrar el camino en el escenario\u00a0de las complejidades, haciendo de lado la polaridad de la intriga y el conflicto para\u00a0consolidar un di\u00e1logo social donde se reconozcan los derechos, afirm\u00f3 el titular del\u00a0Poder Judicial, magistrado Alfredo Rodrigo Lagunas Rivera al encabezar, este\u00a0jueves, la ceremonia de izamiento de la Bandera Nacional, en la Alameda de Le\u00f3n.<\/p>\n<p>La simbolog\u00eda del Mes de la Patria expresa sus desaf\u00edos actuales, que sin\u00a0mutilaciones vienen a significar revertir las condiciones desiguales para cristalizar las\u00a0libertades, como conquistas de lo indisponible en lo arbitrario y una revoluci\u00f3n de\u00a0derechos humanos como instrumentos civilizados hacia la conformaci\u00f3n de una\u00a0sociedad decente, en el que la gobernabilidad sea favorable para erradicar los\u00a0rostros de pobreza y discriminaci\u00f3n en nuestro pa\u00eds, se\u00f1al\u00f3.<\/p>\n<p>En el marco del programa Septiembre, Mes de la Patria, y ante personal de la\u00a0instituci\u00f3n responsable de la administraci\u00f3n de justicia, indic\u00f3 que la historia exige de\u00a0las mujeres y hombres de Oaxaca, empu\u00f1ar y empujar hacia una cultura de\u00a0bienestar que mejore la calidad de vida de las personas sin empleo, en condiciones\u00a0de calle, de la infancia sin protecci\u00f3n, las mujeres en desventaja y los ind\u00edgenas que\u00a0buscan el respeto por su identidad.<\/p>\n<p>Consider\u00f3 que es necesario estimular una democracia que vaya m\u00e1s all\u00e1 de las\u00a0formas y procedimientos para traducirse en f\u00f3rmulas de inclusi\u00f3n, paridad y\u00a0sustentabilidad, innovando sobre est\u00e1ndares de calidad de vida. \u201cComo oaxaque\u00f1os\u00a0los exhorto a que nos solidarizarnos con estas causas\u201d, apunt\u00f3 el magistrado\u00a0Lagunas Rivera.<\/p>\n<p>En presencia de magistradas y magistrados del Tribunal Superior de Justicia y de\u00a0Tribunales Especializados del Poder Judicial, as\u00ed como Consejeros de la Judicatura\u00a0se pronunci\u00f3 por un Oaxaca con mejores est\u00e1ndares en las pol\u00edticas de desarrollo y\u00a0acceso a la justicia, donde \u201cla historia deje de escribirse como un manto de\u00a0sufrimientos, para conmemorarse como una plataforma de desarrollo para todas y\u00a0todos los que hoy la escribimos con nuestras acciones\u201d.<\/p>\n<p>Durante su intervenci\u00f3n como orador oficial en la ceremonia c\u00edvica, reiter\u00f3 tambi\u00e9n el\u00a0compromiso del Poder Judicial, sus juezas, jueces, consejera y consejeros,\u00a0magistradas, magistrados y funcionarios para mejorar cada d\u00eda las condiciones de\u00a0acceso a la justicia, refrendar el respeto por los derechos de las personas, aun\u00a0cuando se tengan que mover prejuicios hist\u00f3ricos que los han invisibilizado.<\/p>\n<p>Al inicio del acto oficial, luego de los honores correspondientes a la Bandera\u00a0Nacional, la secretaria ejecutiva del Consejo de la Judicatura, Leticia Garc\u00eda Soto dio\u00a0lectura a la Proclama de la Independencia de M\u00e9xico, dada a conocer el 16 de\u00a0septiembre de 1810 por Miguel Hidalgo y Costilla.<\/p>\n<p><a href=\"http:\/\/www.eloriente.net\/home\/wp-content\/uploads\/2015\/09\/El-Poder-Judicial-del-Estado-encabez\u00f3-la-ceremonia-c\u00edvica-de-izamiento-de-la-Bandera-Nacional-en-la-Alameda-de-Le\u00f3n-e1441323353163.jpg\"><img loading=\"lazy\" decoding=\"async\" class=\"alignnone size-full wp-image-38856\" src=\"http:\/\/www.eloriente.net\/home\/wp-content\/uploads\/2015\/09\/El-Poder-Judicial-del-Estado-encabez\u00f3-la-ceremonia-c\u00edvica-de-izamiento-de-la-Bandera-Nacional-en-la-Alameda-de-Le\u00f3n-e1441323353163.jpg\" alt=\"El Poder Judicial del Estado encabez\u00f3 la ceremonia c\u00edvica de izamiento de la Bandera Nacional en la Alameda de Le\u00f3n\" width=\"560\" height=\"373\" \/><\/a><\/p>\n<p>&nbsp;<\/p>\n<p><strong>OTRAS ENTRADAS<\/strong><\/p>\n<div class=\"featuredpost\">\n<div class=\"flow_hide\">\n<h2 class=\"posttitle bigposttitle\"><a title=\"Enlace Permanente a Recordamos a Germ\u00e1n Dehesa a cinco a\u00f1os de su fallecimiento\" href=\"http:\/\/www.eloriente.net\/home\/2015\/09\/02\/recordamos-a-german-dehesa-a-cinco-anos-de-su-fallecimiento\/\" rel=\"bookmark\">Recordamos a Germ\u00e1n Dehesa a cinco a\u00f1os de su fallecimiento<\/a><\/h2>\n<\/div>\n<p>(www.eloriente.net, M\u00e9xico, a 2 de septiembre de 2015, por Valery L\u00f3pez).- En un d\u00eda como hoy pero de 2010, fallece el escritor, periodista, locutor y cr\u00edtico\u2026<\/p>\n<p class=\"postmeta\"><span class=\"meta_date\">septiembre 2, 2015<\/span><\/p>\n<div class=\"toolbar-social\"><\/div>\n<\/div>\n<div class=\"featuredpost\">\n<div class=\"flow_hide\">\n<p><a href=\"http:\/\/www.eloriente.net\/home\/2015\/09\/02\/2sep15-en-vivo-mensaje-enrique-pena-nieto-tercerinforme\/\" rel=\"bookmark\"><img decoding=\"async\" class=\"alignleft\" title=\"Mensaje de Enrique Pe\u00f1a Nieto #TercerInforme (Video\/Infograf\u00eda)\" src=\"http:\/\/www.eloriente.net\/home\/wp-content\/themes\/city-desk\/timthumb.php?src=http%3A%2F%2Fwww.eloriente.net%2Fhome%2Fwp-content%2Fuploads%2F2012%2F09%2Fpe%C3%B1a-nieto.jpeg&amp;q=90&amp;w=70&amp;h=45&amp;zc=1\" alt=\"Mensaje de Enrique Pe\u00f1a Nieto #TercerInforme (Video\/Infograf\u00eda)\" \/><\/a><\/p>\n<h2 class=\"posttitle \"><a title=\"Enlace Permanente a Mensaje de Enrique Pe\u00f1a Nieto #TercerInforme (Video\/Infograf\u00eda)\" href=\"http:\/\/www.eloriente.net\/home\/2015\/09\/02\/2sep15-en-vivo-mensaje-enrique-pena-nieto-tercerinforme\/\" rel=\"bookmark\">Mensaje de Enrique Pe\u00f1a Nieto #TercerInforme (Video\/Infograf\u00eda)<\/a><\/h2>\n<\/div>\n<p>(www.eloriente.net, M\u00e9xico, 2 de septiembre de 2015).- En seguimiento a la entrega hecha ayer por el secretario de gobernaci\u00f3n, Miguel \u00c1ngel Osorio, del texto del Tercer Informe de\u2026<\/p>\n<p class=\"postmeta\"><span class=\"meta_date\">septiembre 2, 2015<\/span><\/p>\n<div class=\"toolbar-social\"><\/div>\n<\/div>\n<div class=\"featuredpost\">\n<div class=\"flow_hide\">\n<p><a href=\"http:\/\/www.eloriente.net\/home\/2015\/09\/02\/las-imagenes-de-la-estatua-de-porfirio-diaz-en-orizaba\/\" rel=\"bookmark\"><img decoding=\"async\" class=\"alignleft\" title=\"Las im\u00e1genes de la estatua de Porfirio D\u00edaz en Orizaba\" src=\"http:\/\/www.eloriente.net\/home\/wp-content\/themes\/city-desk\/timthumb.php?src=http%3A%2F%2Fwww.eloriente.net%2Fhome%2Fwp-content%2Fuploads%2F2015%2F09%2FEstatua-Porfirio-D%C3%ADaz-Ayuntamiento-Orizaba.jpg&amp;q=90&amp;w=70&amp;h=45&amp;zc=1\" alt=\"Las im\u00e1genes de la estatua de Porfirio D\u00edaz en Orizaba\" \/><\/a><\/p>\n<h2 class=\"posttitle \"><a title=\"Enlace Permanente a Las im\u00e1genes de la estatua de Porfirio D\u00edaz en Orizaba\" href=\"http:\/\/www.eloriente.net\/home\/2015\/09\/02\/las-imagenes-de-la-estatua-de-porfirio-diaz-en-orizaba\/\" rel=\"bookmark\">Las im\u00e1genes de la estatua de Porfirio D\u00edaz en Orizaba<\/a><\/h2>\n<\/div>\n<p>(www.eloriente.net, M\u00e9xico, 2 de septiembre de 2015).- Con motivo del centenario del fallecimiento del ex presidente de M\u00e9xico, Porfirio D\u00edaz Mori, el Ayuntamiento de la ciudad veracruzana\u2026<\/p>\n<p class=\"postmeta\"><span class=\"meta_date\">septiembre 2, 2015<\/span><\/p>\n<\/div>\n\n\t\t\t  <div \n\t\t\t  \tclass = \"fb-comments\" \n\t\t\t  \tdata-href = \"https:\/\/www.eloriente.net\/home\/2015\/09\/03\/reclama-mexico-erradicar-los-rostros-de-pobreza-y-discriminacion-alejandro-lagunas\/\"\n\t\t\t  \tdata-numposts = \"10\"\n\t\t\t\tdata-colorscheme = \"dark\"\n\t\t\t\tdata-order-by = \"social\"\n\t\t\t\tdata-mobile=true>\n\t\t\t  <\/div>\n\t\t  <style>\n\t\t\t.fb_iframe_widget_fluid_desktop iframe {\n\t\t\t    width: 100% !important;\n\t\t\t}\n\t\t  <\/style>\n\t\t  ","protected":false},"excerpt":{"rendered":"<p>&nbsp; eloriente.net\/TSJ 03 de septiembre de 2015 En el marco de la ceremonia de izamiento de la Bandera Nacional, el titular del Poder Judicial\u00a0dijo que la simbolog\u00eda del Mes de la Patria expresa revertir las condiciones desiguales para\u00a0cristalizar las libertades El Estado de la mano con la sociedad civil debe encontrar el camino en el [&hellip;]<\/p>\n","protected":false},"author":44,"featured_media":38856,"comment_status":"open","ping_status":"open","sticky":false,"template":"","format":"standard","meta":{"_jetpack_memberships_contains_paid_content":false,"footnotes":""},"categories":[1588,91,32,63,464,21],"tags":[3172,2318,225],"class_list":["post-38855","post","type-post","status-publish","format-standard","has-post-thumbnail","hentry","category-comunicados-y-boletines","category-congreso-y-justicia","category-entradas","category-estados","category-oaxaca-estados","category-politica-y-gobierno","tag-alfredo-lagunas","tag-tribunal-superior-de-justicia","tag-tsj"],"jetpack_featured_media_url":"https:\/\/www.eloriente.net\/home\/wp-content\/uploads\/2015\/09\/El-Poder-Judicial-del-Estado-encabez\u00f3-la-ceremonia-c\u00edvica-de-izamiento-de-la-Bandera-Nacional-en-la-Alameda-de-Le\u00f3n-e1441323353163.jpg","jetpack_sharing_enabled":true,"_links":{"self":[{"href":"https:\/\/www.eloriente.net\/home\/wp-json\/wp\/v2\/posts\/38855"}],"collection":[{"href":"https:\/\/www.eloriente.net\/home\/wp-json\/wp\/v2\/posts"}],"about":[{"href":"https:\/\/www.eloriente.net\/home\/wp-json\/wp\/v2\/types\/post"}],"author":[{"embeddable":true,"href":"https:\/\/www.eloriente.net\/home\/wp-json\/wp\/v2\/users\/44"}],"replies":[{"embeddable":true,"href":"https:\/\/www.eloriente.net\/home\/wp-json\/wp\/v2\/comments?post=38855"}],"version-history":[{"count":4,"href":"https:\/\/www.eloriente.net\/home\/wp-json\/wp\/v2\/posts\/38855\/revisions"}],"predecessor-version":[{"id":38875,"href":"https:\/\/www.eloriente.net\/home\/wp-json\/wp\/v2\/posts\/38855\/revisions\/38875"}],"wp:featuredmedia":[{"embeddable":true,"href":"https:\/\/www.eloriente.net\/home\/wp-json\/wp\/v2\/media\/38856"}],"wp:attachment":[{"href":"https:\/\/www.eloriente.net\/home\/wp-json\/wp\/v2\/media?parent=38855"}],"wp:term":[{"taxonomy":"category","embeddable":true,"href":"https:\/\/www.eloriente.net\/home\/wp-json\/wp\/v2\/categories?post=38855"},{"taxonomy":"post_tag","embeddable":true,"href":"https:\/\/www.eloriente.net\/home\/wp-json\/wp\/v2\/tags?post=38855"}],"curies":[{"name":"wp","href":"https:\/\/api.w.org\/{rel}","templated":true}]}}