{"id":38984,"date":"2015-09-15T01:00:23","date_gmt":"2015-09-15T07:00:23","guid":{"rendered":"http:\/\/www.eloriente.net\/home\/?p=38984"},"modified":"2015-09-15T10:30:32","modified_gmt":"2015-09-15T16:30:32","slug":"conoce-mas-sobre-el-metrobus-y-sus-10-anos-de-vida","status":"publish","type":"post","link":"https:\/\/www.eloriente.net\/home\/2015\/09\/15\/conoce-mas-sobre-el-metrobus-y-sus-10-anos-de-vida\/","title":{"rendered":"Conoce m\u00e1s sobre el Metrob\u00fas y sus 10 a\u00f1os de vida"},"content":{"rendered":"<p><script src=\"\/\/pagead2.googlesyndication.com\/pagead\/js\/adsbygoogle.js\" async=\"\"><\/script><!-- BANNER ELORIENTE INCRUSTADO NOTAS --> <ins class=\"adsbygoogle\" style=\"display: inline-block; width: 300px; height: 250px;\" data-ad-client=\"ca-pub-1136171134853753\" data-ad-slot=\"7974633627\"><\/ins><script>\/\/ <![CDATA[\n(adsbygoogle = window.adsbygoogle || []).push({});\n\/\/ ]]><\/script><\/p>\n<p>&nbsp;<\/p>\n<p>&nbsp;<\/p>\n<p>(www.eloriente.net, a 09 de septiembre de 2015, por Valery L\u00f3pez).- Han pasado m\u00e1s de 10 a\u00f1os desde que se inaugur\u00f3 el sistema de transporte Metrob\u00fas en la Ciudad de M\u00e9xico. A lo largo de todo este tiempo ha generado opiniones encontradas, sin embargo, se ha posicionado como un medio de transporte efectivo para los habitantes de la capital.<\/p>\n<p>Hoy en d\u00eda algunas ciudades de la rep\u00fablica han optado tambi\u00e9n por la alternativa Metrob\u00fas, y otras m\u00e1s, como es el caso de Oaxaca, est\u00e1n en v\u00edas de implementarlo. Ah\u00ed a donde es llevado, genera pol\u00e9mica entre los ciudadanos, por ello es importante informarse sobre el desarrollo que ha tenido en sus 10 a\u00f1os de vida el sistema de autob\u00fas de tr\u00e1nsito r\u00e1pido en la capital del pa\u00eds.<\/p>\n<p><a href=\"http:\/\/www.eloriente.net\/home\/wp-content\/uploads\/2015\/09\/Infograf\u00eda-Metrobus-2-e1442333503773.jpg\"><img loading=\"lazy\" decoding=\"async\" class=\"alignnone size-full wp-image-39136\" src=\"http:\/\/www.eloriente.net\/home\/wp-content\/uploads\/2015\/09\/Infograf\u00eda-Metrobus-2-e1442333503773.jpg\" alt=\"Infograf\u00eda Metrobus 2\" width=\"650\" height=\"661\" \/><\/a><\/p>\n<p>&nbsp;<\/p>\n<p>El 19 de junio de 2005 se inaugur\u00f3 el Metrob\u00fas, el cual surgi\u00f3 por la necesidad de la Ciudad de M\u00e9xico de contar con una alternativa de transporte p\u00fablico eficiente, de calidad, y que cuidara el ambiente. La L\u00ednea 1 en sus inicios cont\u00f3 con 80 autobuses articulados que recorr\u00edan el tramo Indios Verdes-Doctor G\u00e1lvez.<\/p>\n<p>Una de las consecuencias de la implementaci\u00f3n de \u00e9ste sistema fue que en rutas como: Av. Insurgentes, Eje 4 Sur y su prolongaci\u00f3n, Av. Vallejo, Av. Guerrero, Av. Cuauht\u00e9moc y Eje 3 Oriente &#8211; Av. Eduardo Molina\u00a0fueron retirados los microbuses y autobuses que transitaban por las mismas, algunos\u00a0de ellos fueron asignaron a rutas de mayor\u00a0demanda, pero la mayor\u00eda fueron chatarrizados.<\/p>\n<p>Los veh\u00edculos que utiliza Metrob\u00fas para su servicio son de alta tecnolog\u00eda y de 3 tipos. Los articulados son aquellos que consisten en 2 vagones tienen una capacidad aproximada de 160 pasajeros. Los biarticulados que cuentan con 3 vagones y su capacidad es de 240 pasajeros. Los autobuses que brindan servicio en L\u00ednea 4 tienen una capacidad para 90 pasajeros. Actualmente cuentan con\u00a0457 unidades de las cuales 41 son biarticulados, 361 articulados y 55 autob\u00fases de 11 metros.<\/p>\n<p>Metrob\u00fas cubre en la actualidad, con sus 5 l\u00edneas, 105 kil\u00f3metros de recorrido. Esto atendiendo las necesidades de 12 delegaciones. De \u00e9sta manera, brinda servicio a 950 mil personas diariamente.\u00a0Actualmente se tiene programado que la red de crezca a 200 km de longitud.<\/p>\n<p>El pago por el servicio se realiza mediante la Tarjeta Electr\u00f3nica Metrob\u00fas cuyo costo es de $16.00 e incluye el pago por tarjeta de $10.00 pesos y un viaje de $6.00 pesos.<\/p>\n<p>El organigrama que sustenta el Metrob\u00fas se encuentra conformado por un organismo p\u00fablico descentralizado (Metrob\u00fas) que es quien administra, planea y controla el sistema de corredores de transporte.<\/p>\n<p>Las empresas transportistas son las encargadas de comprar, operar y mantener los autobuses.<\/p>\n<p>Los fideicomisos privados son los que concentran y administran los recursos que se generan por el pago de tarifa. Es a trav\u00e9s de \u00e9stos que se realizan las instrucciones de pago entre las empresas prestadoras de servicios del sistema.<\/p>\n<p>Por \u00faltimo las empresas de recaudo se encargan de la instalaci\u00f3n, operaci\u00f3n y mantenimiento de los sistemas de recaudo (m\u00e1quinas expendedoras de tarjetas, torniquetes, validadores, c\u00e1maras de vigilancia y sistemas electr\u00f3nicos para el procesamiento de informaci\u00f3n, entre otros.<\/p>\n<p>Algunos de los beneficios del sistema Metrob\u00fas son: una mayor cobertura, rapidez y seguridad en el traslado, reducci\u00f3n de tiempos en los recorridos, ordenamiento vial, modernizaci\u00f3n de sem\u00e1foros\u00a0y cruces peatonales, reducci\u00f3n en la contaminaci\u00f3n, emitiendo 122,000 toneladas menos de emisiones de CO2 al a\u00f1o a la atm\u00f3sfera.<\/p>\n<p>A pesar de los beneficios mencionados, los habitantes de la Ciudad de M\u00e9xico criticaron el proyecto en su inicio debido al caos que generaban las obras. Hoy en d\u00eda, las criticas al servicio giran en torno a los atropellamientos y accidentes que protagonizan las unidades del Metrob\u00fas. <a href=\"http:\/\/archivo.eluniversal.com.mx\/ciudad-metropoli\/2015\/suman-57-choques-de-metrobus-desde-el-2014-1096530.html\" target=\"_blank\">Recientemente<\/a> se dio a conocer que de enero de 2014 a junio de 2015 se han contabilizado 57 choques y 42 atropellos de peatones, ciclistas y automovilistas que llegan a invadir el carril asignado al Metrob\u00fas.<\/p>\n<p><a href=\"http:\/\/www.eloriente.net\/home\/wp-content\/uploads\/2015\/09\/MB10-por-MetrobusCDMC-e1441837001557.jpg\"><img loading=\"lazy\" decoding=\"async\" class=\"alignnone size-medium wp-image-38993\" src=\"http:\/\/www.eloriente.net\/home\/wp-content\/uploads\/2015\/09\/MB10-por-MetrobusCDMC-e1441837001557-300x159.jpg\" alt=\"MB10 por MetrobusCDMC\" width=\"300\" height=\"159\" srcset=\"https:\/\/www.eloriente.net\/home\/wp-content\/uploads\/2015\/09\/MB10-por-MetrobusCDMC-e1441837001557-300x159.jpg 300w, https:\/\/www.eloriente.net\/home\/wp-content\/uploads\/2015\/09\/MB10-por-MetrobusCDMC-e1441837001557-1024x543.jpg 1024w, https:\/\/www.eloriente.net\/home\/wp-content\/uploads\/2015\/09\/MB10-por-MetrobusCDMC-e1441837001557-900x477.jpg 900w, https:\/\/www.eloriente.net\/home\/wp-content\/uploads\/2015\/09\/MB10-por-MetrobusCDMC-e1441837001557.jpg 1273w\" sizes=\"(max-width: 300px) 100vw, 300px\" \/><\/a><\/p>\n<p><strong>OTRAS ENTRADAS<\/strong><\/p>\n<div class=\"featuredpost\">\n<div class=\"flow_hide\">\n<h2 class=\"posttitle bigposttitle\"><a title=\"Enlace Permanente a 9\/Sep\/15 En Vivo: Informe de Grupo de Expertos sobre #Ayotzinapa\" href=\"http:\/\/www.eloriente.net\/home\/2015\/09\/09\/9sep15-en-vivo-informe-de-grupo-de-expertos-sobre-ayotzinapa\/\" rel=\"bookmark\">9\/Sep\/15 En Vivo: Informe de Grupo de Expertos sobre #Ayotzinapa<\/a><\/h2>\n<\/div>\n<p>eloriente.net\/Senado Mexicano 9 de septiembre de 2015 Presentaci\u00f3n del Grupo Interdisciplinario de Expertos Independientes de la Comisi\u00f3n Interamericana de Derechos Humanos de su informe de seis meses de\u2026<\/p>\n<p class=\"postmeta\"><span class=\"meta_date\">septiembre 9, 2015<\/span><\/p>\n<div class=\"toolbar-social\"><\/div>\n<\/div>\n<div class=\"featuredpost\">\n<div class=\"flow_hide\">\n<p><a href=\"http:\/\/www.eloriente.net\/home\/2015\/09\/07\/10-balazos-precisos-de-enrique-vilas-mata-por-mauricio-montiel\/\" rel=\"bookmark\"><img decoding=\"async\" class=\"alignleft\" title=\"10 balazos precisos de Enrique Vila-Matas, por Mauricio Montiel\" src=\"http:\/\/www.eloriente.net\/home\/wp-content\/themes\/city-desk\/timthumb.php?src=http%3A%2F%2Fwww.eloriente.net%2Fhome%2Fwp-content%2Fuploads%2F2015%2F09%2FEnrique-Vila-Matas.jpg&amp;q=90&amp;w=70&amp;h=45&amp;zc=1\" alt=\"10 balazos precisos de Enrique Vila-Matas, por Mauricio Montiel\" \/><\/a><\/p>\n<h2 class=\"posttitle \"><a title=\"Enlace Permanente a 10 balazos precisos de Enrique Vila-Matas, por Mauricio Montiel\" href=\"http:\/\/www.eloriente.net\/home\/2015\/09\/07\/10-balazos-precisos-de-enrique-vilas-mata-por-mauricio-montiel\/\" rel=\"bookmark\">10 balazos precisos de Enrique Vila-Matas, por Mauricio Montiel<\/a><\/h2>\n<\/div>\n<p>eloriente.net\/@Elhombredetweed (Cuenta creada y administrada por Mauricio Montiel Figueiras, escritor mexicano) 07 de septiembre de 2015 \u00a0 [Para empezar la semana, diez balazos precisos de Enrique\u2026<\/p>\n<p class=\"postmeta\"><span class=\"meta_date\">septiembre 7, 2015<\/span><\/p>\n<div class=\"toolbar-social\"><\/div>\n<\/div>\n<div class=\"featuredpost\">\n<div class=\"flow_hide\">\n<p><a href=\"http:\/\/www.eloriente.net\/home\/2015\/09\/07\/los-desaparecidos-de-iguala-crimen-de-lesa-humanidad-por-adrian-ortiz-romero\/\" rel=\"bookmark\"><img decoding=\"async\" class=\"alignleft\" title=\"Los desaparecidos de Iguala: crimen de lesa humanidad, por Adri\u00e1n Ortiz Romero\" src=\"http:\/\/www.eloriente.net\/home\/wp-content\/themes\/city-desk\/timthumb.php?src=http%3A%2F%2Fwww.eloriente.net%2Fhome%2Fwp-content%2Fuploads%2F2015%2F09%2Fayotzinapa-Al-Margen.jpg&amp;q=90&amp;w=70&amp;h=45&amp;zc=1\" alt=\"Los desaparecidos de Iguala: crimen de lesa humanidad, por Adri\u00e1n Ortiz Romero\" \/><\/a><\/p>\n<h2 class=\"posttitle \"><a title=\"Enlace Permanente a Los desaparecidos de Iguala: crimen de lesa humanidad, por Adri\u00e1n Ortiz Romero\" href=\"http:\/\/www.eloriente.net\/home\/2015\/09\/07\/los-desaparecidos-de-iguala-crimen-de-lesa-humanidad-por-adrian-ortiz-romero\/\" rel=\"bookmark\">Los desaparecidos de Iguala: crimen de lesa humanidad, por Adri\u00e1n Ortiz Romero<\/a><\/h2>\n<\/div>\n<p>(www.eloriente.net, M\u00e9xico, 07 de septiembre de 2015. Por Adri\u00e1n Ortiz Romero\/Al Margen).-\u00a0Estamos a escasas tres semanas de que se cumpla el primer a\u00f1o de la detenci\u00f3n-desaparici\u00f3n\u2026<\/p>\n<p class=\"postmeta\"><span class=\"meta_date\">septiembre 7, 2015<\/span><\/p>\n<\/div>\n\n\t\t\t  <div \n\t\t\t  \tclass = \"fb-comments\" \n\t\t\t  \tdata-href = \"https:\/\/www.eloriente.net\/home\/2015\/09\/15\/conoce-mas-sobre-el-metrobus-y-sus-10-anos-de-vida\/\"\n\t\t\t  \tdata-numposts = \"10\"\n\t\t\t\tdata-colorscheme = \"dark\"\n\t\t\t\tdata-order-by = \"social\"\n\t\t\t\tdata-mobile=true>\n\t\t\t  <\/div>\n\t\t  <style>\n\t\t\t.fb_iframe_widget_fluid_desktop iframe {\n\t\t\t    width: 100% !important;\n\t\t\t}\n\t\t  <\/style>\n\t\t  ","protected":false},"excerpt":{"rendered":"<p>&nbsp; &nbsp; (www.eloriente.net, a 09 de septiembre de 2015, por Valery L\u00f3pez).- Han pasado m\u00e1s de 10 a\u00f1os desde que se inaugur\u00f3 el sistema de transporte Metrob\u00fas en la Ciudad de M\u00e9xico. A lo largo de todo este tiempo ha generado opiniones encontradas, sin embargo, se ha posicionado como un medio de transporte efectivo para [&hellip;]<\/p>\n","protected":false},"author":44,"featured_media":38993,"comment_status":"open","ping_status":"open","sticky":false,"template":"","format":"standard","meta":{"_jetpack_memberships_contains_paid_content":false,"footnotes":""},"categories":[64,32,63,24,464,31],"tags":[4234,4236,4233,314,4235,1462,73],"class_list":["post-38984","post","type-post","status-publish","format-standard","has-post-thumbnail","hentry","category-distrito-federal","category-entradas","category-estados","category-mexico-y-el-mundo","category-oaxaca-estados","category-principal","tag-10-anos-de-vida","tag-cdmx","tag-datos","tag-informacion","tag-mb10","tag-metrobus","tag-oaxaca"],"jetpack_featured_media_url":"https:\/\/www.eloriente.net\/home\/wp-content\/uploads\/2015\/09\/MB10-por-MetrobusCDMC-e1441837001557.jpg","jetpack_sharing_enabled":true,"_links":{"self":[{"href":"https:\/\/www.eloriente.net\/home\/wp-json\/wp\/v2\/posts\/38984"}],"collection":[{"href":"https:\/\/www.eloriente.net\/home\/wp-json\/wp\/v2\/posts"}],"about":[{"href":"https:\/\/www.eloriente.net\/home\/wp-json\/wp\/v2\/types\/post"}],"author":[{"embeddable":true,"href":"https:\/\/www.eloriente.net\/home\/wp-json\/wp\/v2\/users\/44"}],"replies":[{"embeddable":true,"href":"https:\/\/www.eloriente.net\/home\/wp-json\/wp\/v2\/comments?post=38984"}],"version-history":[{"count":5,"href":"https:\/\/www.eloriente.net\/home\/wp-json\/wp\/v2\/posts\/38984\/revisions"}],"predecessor-version":[{"id":39137,"href":"https:\/\/www.eloriente.net\/home\/wp-json\/wp\/v2\/posts\/38984\/revisions\/39137"}],"wp:featuredmedia":[{"embeddable":true,"href":"https:\/\/www.eloriente.net\/home\/wp-json\/wp\/v2\/media\/38993"}],"wp:attachment":[{"href":"https:\/\/www.eloriente.net\/home\/wp-json\/wp\/v2\/media?parent=38984"}],"wp:term":[{"taxonomy":"category","embeddable":true,"href":"https:\/\/www.eloriente.net\/home\/wp-json\/wp\/v2\/categories?post=38984"},{"taxonomy":"post_tag","embeddable":true,"href":"https:\/\/www.eloriente.net\/home\/wp-json\/wp\/v2\/tags?post=38984"}],"curies":[{"name":"wp","href":"https:\/\/api.w.org\/{rel}","templated":true}]}}