{"id":39108,"date":"2015-09-15T01:00:04","date_gmt":"2015-09-15T07:00:04","guid":{"rendered":"http:\/\/www.eloriente.net\/home\/?p=39108"},"modified":"2015-09-15T08:26:14","modified_gmt":"2015-09-15T14:26:14","slug":"5-vacantes-para-contadores-martesdevacantes","status":"publish","type":"post","link":"https:\/\/www.eloriente.net\/home\/2015\/09\/15\/5-vacantes-para-contadores-martesdevacantes\/","title":{"rendered":"5 Vacantes para Contadores #MartesdeVacantes"},"content":{"rendered":"<p><script src=\"\/\/pagead2.googlesyndication.com\/pagead\/js\/adsbygoogle.js\" async=\"\"><\/script><!-- BANNER ELORIENTE INCRUSTADO NOTAS --> <ins class=\"adsbygoogle\" style=\"display: inline-block; width: 300px; height: 250px;\" data-ad-client=\"ca-pub-1136171134853753\" data-ad-slot=\"7974633627\"><\/ins><script>\/\/ <![CDATA[\n(adsbygoogle = window.adsbygoogle || []).push({});\n\/\/ ]]><\/script><\/p>\n<p>&nbsp;<\/p>\n<p>&nbsp;<\/p>\n<p>(www.eloriente.net, M\u00e9xico, a 15 de septiembre de 2015, por Valery L\u00f3pez).-\u00a0Conscientes de la importancia para la ciudadan\u00eda en general de la b\u00fasqueda de nuevas oportunidades de crecimiento profesional, ponemos a tu disposici\u00f3n semanalmente ofertas de empleo disponibles\u00a0por profesi\u00f3n en cualquier parte de M\u00e9xico y del mundo o, cuando as\u00ed lo amerita, exclusivamente en Oaxaca.<\/p>\n<p>En esta ocasi\u00f3n, ELORIENTE.NET comparte cinco vacantes en contadur\u00eda, donde predominan las que rebasan las fronteras del estado.<\/p>\n<p>Si deseas aplicar para alguna de las vacantes, deber\u00e1s darle clic al t\u00edtulo de esta y te llevar\u00e1 al sitio que te pondr\u00e1 en contacto con los empleadores. No olvides comentar que la oportunidad la has encontrado con nosotros en el Martes de Vacantes de ELORIENTE.NET. \u00a1\u00c9xito!<\/p>\n<p>&nbsp;<\/p>\n<p><a href=\"https:\/\/mx.linkedin.com\/jobs2\/view\/84484406?trk=jserp_seo_page\" target=\"_blank\">1.- CONTADOR P\u00daBLICO EN QUERETARO<\/a><\/p>\n<p>Asesor\u00eda Integral, S.C. es un grupo de profesionales que ofrecen servicios jur\u00eddicos, fiscales, contables, laborales, administraci\u00f3n de fincas, gestor\u00eda administrativa y corredur\u00eda de seguros. Ellos ofrecen empleo de Contador P\u00fablico en el estado de Quer\u00e9taro.<\/p>\n<p>El trabajo es de tiempo completo, de lunes a viernes de 9:00 a 18:00 hrs. y los s\u00e1bados de 9:00 a 14:00 hrs. El sueldo publicado oscila entre los $5000 y $10,000 pesos mexicanos.<\/p>\n<p>Algunas requisitos para aplicar en esta propuesta son: ser Licenciado en Contadur\u00eda P\u00fablica, experiencia en el manejo de la paqueter\u00eda de Office, CONTPAQi, SUA e IDSE. Experiencia m\u00ednima de 1 a\u00f1o.<\/p>\n<p>&nbsp;<\/p>\n<p><a href=\"http:\/\/www.computrabajo.com.mx\/ofertas-de-trabajo\/oferta-de-trabajo-de-contador-general-en-cuauhtemoc-B9EE615E699B72B5\" target=\"_blank\">2.- CONTADOR GENERAL EN EL DISTRITO FEDERAL<\/a><\/p>\n<p>La empresa Global Administration Business, dedicada a buscar esquemas para la optimizaci\u00f3n de recursos humanos, est\u00e1 en la b\u00fasqueda de un Contador General con\u00a08 a\u00f1os de experiencia o m\u00e1s en un puesto similar.<\/p>\n<p>Algunos requisitos son:\u00a0Amplios conocimientos de finanzas, impuestos, contabilidad general, n\u00f3minas, cobranza, costos, facturaci\u00f3n y control interno, edad de 35 a 55 a\u00f1os.<\/p>\n<p>El sueldo ofrecido es de $13,000 pesos mensuales m\u00e1s prestaciones de ley. El horario es de lunes a viernes de 8:30 a 18:30 hrs.<\/p>\n<p>El 18 de septiembre es la fecha l\u00edmite para postularse en \u00e9sta vacante.<\/p>\n<p>&nbsp;<\/p>\n<p><a href=\"http:\/\/www.bumeran.com.mx\/empleos\/coordinador-de-compras-oaxaca-evolucione-1110349952.html\" target=\"_blank\">3.-COORDINADOR DE COMPRAS EN OAXACA<\/a><\/p>\n<p>EVOLUCIONE, empresa dedicada a la gesti\u00f3n y mejoramiento del capital humano ofrece empleo de Coordinador de compras en la ciudad de Oaxaca.<\/p>\n<p>Las funciones del puesto son atender a los proveedores locales, atenci\u00f3n a los proveedores de Puebla, gestionar precios correctos, generar reportes y estad\u00edsticas, expansi\u00f3n de marca entre otras.<\/p>\n<p>Es requisito ser Licenciado en Contadur\u00eda P\u00fablica, Administraci\u00f3n o af\u00edn, experiencia m\u00ednima de 3 a\u00f1os en el \u00e1rea de compras.<\/p>\n<p>El salario es a convenir en entrevista y se ofrecen prestaciones de ley.<\/p>\n<p><script src=\"\/\/pagead2.googlesyndication.com\/pagead\/js\/adsbygoogle.js\" async=\"\"><\/script><!-- BANNER PEQUE\u00d1O PARA ENTRENOTAS EL ORIENTE --> <ins class=\"adsbygoogle\" style=\"display: inline-block; width: 468px; height: 60px;\" data-ad-client=\"ca-pub-1136171134853753\" data-ad-slot=\"4953536424\"><\/ins><script>\/\/ <![CDATA[\n(adsbygoogle = window.adsbygoogle || []).push({});\n\/\/ ]]><\/script><\/p>\n<p><a href=\"http:\/\/app.empleo.gob.mx\/STPSEmpleoWebBack\/detalleoferta.do?method=init&amp;id_oferta_empleo=1908670\" target=\"_blank\">4.- CONTADOR P\u00daBLICO EN OAXACA<\/a><\/p>\n<p>La compa\u00f1\u00eda SINVACREM S.C de R.L busca Contador P\u00fablico titulado para realizar el cierre del d\u00eda, contabilizar los movimientos diarios, contabilizar facturas, entre otras tareas relacionadas al \u00e1rea.<\/p>\n<p>Se requiere una edad de entre 18 y 25 a\u00f1os, experiencia en contabilidad de 1 a dos a\u00f1os, trabajo en equipo, tolerancia a la presi\u00f3n y buena comunicaci\u00f3n.<\/p>\n<p>El horario es de 9:00 a 19:00 hrs. de lunes a s\u00e1bado, el sueldo de $6000, y adem\u00e1s se ofrecen bonos de asistencia, prestaciones de ley, bono por puntualidad y seguro de gastos m\u00e9dicos mayores.<\/p>\n<p>&nbsp;<\/p>\n<p><a href=\"http:\/\/app.empleo.gob.mx\/STPSEmpleoWebBack\/detalleoferta.do?method=init&amp;id_oferta_empleo=1907432\" target=\"_blank\">5.- CONTADOR P\u00daBLICO EN OAXACA<\/a><\/p>\n<p>Grupo Comercial Meraz S.A de C.V est\u00e1 contratando Contador P\u00fablico para planificar y coordinar todas las funciones relacionadas con el \u00e1rea contable, elaborar estados financieros, mantener en orden y actualizado el archivo de documentos contables, preparar los pagos de servicios y de n\u00f3mina.<\/p>\n<p>Como requisito la empresa pide conocimientos b\u00e1sicos en programas contables, edad entre 22 y 30 a\u00f1os, y trabajo en equipo, no es necesario estar titulado.<\/p>\n<p>El sueldo es de $5000 pesos mexicanos, m\u00e1s bono de productividad y prestaciones de Ley, el horario es de lunes a viernes de 8:00 a 17 hrs. y s\u00e1bados de 8:00 a 15:00 hrs.<\/p>\n<p><a href=\"http:\/\/www.eloriente.net\/home\/wp-content\/uploads\/2014\/05\/martes-de-vacantes.jpg\"><img loading=\"lazy\" decoding=\"async\" class=\"alignnone size-medium wp-image-25869\" src=\"http:\/\/www.eloriente.net\/home\/wp-content\/uploads\/2014\/05\/martes-de-vacantes-300x199.jpg\" alt=\"martes de vacantes\" width=\"300\" height=\"199\" srcset=\"https:\/\/www.eloriente.net\/home\/wp-content\/uploads\/2014\/05\/martes-de-vacantes-300x199.jpg 300w, https:\/\/www.eloriente.net\/home\/wp-content\/uploads\/2014\/05\/martes-de-vacantes.jpg 1024w\" sizes=\"(max-width: 300px) 100vw, 300px\" \/><\/a><\/p>\n<p>&nbsp;<\/p>\n<p><strong>OTRAS ENTRADAS<\/strong><\/p>\n<div class=\"featuredpost\">\n<div class=\"flow_hide\">\n<h2 class=\"posttitle bigposttitle\"><a title=\"Enlace Permanente a Final LMB 2015, por Jaime Palau\" href=\"http:\/\/www.eloriente.net\/home\/2015\/09\/14\/final-lmb-2015-por-jaime-palau\/\" rel=\"bookmark\">Final LMB 2015, por Jaime Palau<\/a><\/h2>\n<\/div>\n<p>(www.eloriente.net, M\u00e9xico, a 14 de septiembre de 2015, por Jaime Palau Ranz).- \u00a0Ya inici\u00f3 esta semana la gran final, la Serie del Rey, se enfrentan los\u2026<\/p>\n<p class=\"postmeta\"><span class=\"meta_date\">septiembre 14, 2015<\/span><\/p>\n<div class=\"toolbar-social\"><\/div>\n<\/div>\n<div class=\"featuredpost\">\n<div class=\"flow_hide\">\n<p><a href=\"http:\/\/www.eloriente.net\/home\/2015\/09\/14\/con-bombas-lanzadas-via-aerea-fueron-atacados-turistas-mexicanos-en-egipto-ruiz-massieu\/\" rel=\"bookmark\"><img decoding=\"async\" class=\"alignleft\" title=\"Con bombas lanzadas v\u00eda a\u00e9rea fueron atacados turistas mexicanos en Egipto: Ruiz Massieu\" src=\"http:\/\/www.eloriente.net\/home\/wp-content\/themes\/city-desk\/timthumb.php?src=http%3A%2F%2Fwww.eloriente.net%2Fhome%2Fwp-content%2Fuploads%2F2015%2F09%2FClaudia-Ruiz-Massieu-SRE.jpg&amp;q=90&amp;w=70&amp;h=45&amp;zc=1\" alt=\"Con bombas lanzadas v\u00eda a\u00e9rea fueron atacados turistas mexicanos en Egipto: Ruiz Massieu\" \/><\/a><\/p>\n<h2 class=\"posttitle \"><a title=\"Enlace Permanente a Con bombas lanzadas v\u00eda a\u00e9rea fueron atacados turistas mexicanos en Egipto: Ruiz Massieu\" href=\"http:\/\/www.eloriente.net\/home\/2015\/09\/14\/con-bombas-lanzadas-via-aerea-fueron-atacados-turistas-mexicanos-en-egipto-ruiz-massieu\/\" rel=\"bookmark\">Con bombas lanzadas v\u00eda a\u00e9rea fueron atacados turistas mexicanos en Egipto: Ruiz Massieu<\/a><\/h2>\n<\/div>\n<p>eloriente.net\/SRE 14 de septiembre de 2015 (A continuaci\u00f3n la versi\u00f3n estenogr\u00e1fica del mensaje de la Secretaria de Relaciones Exteriores, Claudia Ruiz Massieu, sobre el ataque en contra de\u2026<\/p>\n<p class=\"postmeta\"><span class=\"meta_date\">septiembre 14, 2015<\/span><\/p>\n<div class=\"toolbar-social\"><\/div>\n<\/div>\n<div class=\"featuredpost\">\n<div class=\"flow_hide\">\n<p><a href=\"http:\/\/www.eloriente.net\/home\/2015\/09\/13\/en-10-o-20-anos-mexico-sera-pais-bilingue-aurelio-nuno-titular-sep\/\" rel=\"bookmark\"><img decoding=\"async\" class=\"alignleft\" title=\"En 10 o 20 a\u00f1os M\u00e9xico ser\u00e1 pa\u00eds Biling\u00fce: Aurelio Nu\u00f1o, titular SEP\" src=\"http:\/\/www.eloriente.net\/home\/wp-content\/themes\/city-desk\/timthumb.php?src=http%3A%2F%2Fwww.eloriente.net%2Fhome%2Fwp-content%2Fuploads%2F2015%2F09%2FConvenio-SEP-Semar.png&amp;q=90&amp;w=70&amp;h=45&amp;zc=1\" alt=\"En 10 o 20 a\u00f1os M\u00e9xico ser\u00e1 pa\u00eds Biling\u00fce: Aurelio Nu\u00f1o, titular SEP\" \/><\/a><\/p>\n<h2 class=\"posttitle \"><a title=\"Enlace Permanente a En 10 o 20 a\u00f1os M\u00e9xico ser\u00e1 pa\u00eds Biling\u00fce: Aurelio Nu\u00f1o, titular SEP\" href=\"http:\/\/www.eloriente.net\/home\/2015\/09\/13\/en-10-o-20-anos-mexico-sera-pais-bilingue-aurelio-nuno-titular-sep\/\" rel=\"bookmark\">En 10 o 20 a\u00f1os M\u00e9xico ser\u00e1 pa\u00eds Biling\u00fce: Aurelio Nu\u00f1o, titular SEP<\/a><\/h2>\n<\/div>\n<p>(www.eloriente.net, M\u00e9xico, a 14 de septiembre de 2015, por Valery L\u00f3pez).- El Secretario de Educaci\u00f3n P\u00fablica (SEP), Aurelio Nu\u00f1o Mayer, anunci\u00f3 que el gobierno federal prepara un\u2026<\/p>\n<p class=\"postmeta\"><span class=\"meta_date\">septiembre 13, 2015<\/span><\/p>\n<\/div>\n\n\t\t\t  <div \n\t\t\t  \tclass = \"fb-comments\" \n\t\t\t  \tdata-href = \"https:\/\/www.eloriente.net\/home\/2015\/09\/15\/5-vacantes-para-contadores-martesdevacantes\/\"\n\t\t\t  \tdata-numposts = \"10\"\n\t\t\t\tdata-colorscheme = \"dark\"\n\t\t\t\tdata-order-by = \"social\"\n\t\t\t\tdata-mobile=true>\n\t\t\t  <\/div>\n\t\t  <style>\n\t\t\t.fb_iframe_widget_fluid_desktop iframe {\n\t\t\t    width: 100% !important;\n\t\t\t}\n\t\t  <\/style>\n\t\t  ","protected":false},"excerpt":{"rendered":"<p>&nbsp; &nbsp; (www.eloriente.net, M\u00e9xico, a 15 de septiembre de 2015, por Valery L\u00f3pez).-\u00a0Conscientes de la importancia para la ciudadan\u00eda en general de la b\u00fasqueda de nuevas oportunidades de crecimiento profesional, ponemos a tu disposici\u00f3n semanalmente ofertas de empleo disponibles\u00a0por profesi\u00f3n en cualquier parte de M\u00e9xico y del mundo o, cuando as\u00ed lo amerita, exclusivamente en [&hellip;]<\/p>\n","protected":false},"author":44,"featured_media":25869,"comment_status":"open","ping_status":"open","sticky":false,"template":"","format":"standard","meta":{"_jetpack_memberships_contains_paid_content":false,"footnotes":""},"categories":[942,26,32,13,19],"tags":[411,4282,4283,2014,73,2878],"class_list":["post-39108","post","type-post","status-publish","format-standard","has-post-thumbnail","hentry","category-martesdevacantes","category-convocatorias","category-entradas","category-especiales","category-turismo-y-negocios","tag-administracion","tag-contador-publico","tag-contadores","tag-distrito-federal-2","tag-oaxaca","tag-queretaro"],"jetpack_featured_media_url":"https:\/\/www.eloriente.net\/home\/wp-content\/uploads\/2014\/05\/martes-de-vacantes.jpg","jetpack_sharing_enabled":true,"_links":{"self":[{"href":"https:\/\/www.eloriente.net\/home\/wp-json\/wp\/v2\/posts\/39108"}],"collection":[{"href":"https:\/\/www.eloriente.net\/home\/wp-json\/wp\/v2\/posts"}],"about":[{"href":"https:\/\/www.eloriente.net\/home\/wp-json\/wp\/v2\/types\/post"}],"author":[{"embeddable":true,"href":"https:\/\/www.eloriente.net\/home\/wp-json\/wp\/v2\/users\/44"}],"replies":[{"embeddable":true,"href":"https:\/\/www.eloriente.net\/home\/wp-json\/wp\/v2\/comments?post=39108"}],"version-history":[{"count":3,"href":"https:\/\/www.eloriente.net\/home\/wp-json\/wp\/v2\/posts\/39108\/revisions"}],"predecessor-version":[{"id":39125,"href":"https:\/\/www.eloriente.net\/home\/wp-json\/wp\/v2\/posts\/39108\/revisions\/39125"}],"wp:featuredmedia":[{"embeddable":true,"href":"https:\/\/www.eloriente.net\/home\/wp-json\/wp\/v2\/media\/25869"}],"wp:attachment":[{"href":"https:\/\/www.eloriente.net\/home\/wp-json\/wp\/v2\/media?parent=39108"}],"wp:term":[{"taxonomy":"category","embeddable":true,"href":"https:\/\/www.eloriente.net\/home\/wp-json\/wp\/v2\/categories?post=39108"},{"taxonomy":"post_tag","embeddable":true,"href":"https:\/\/www.eloriente.net\/home\/wp-json\/wp\/v2\/tags?post=39108"}],"curies":[{"name":"wp","href":"https:\/\/api.w.org\/{rel}","templated":true}]}}