{"id":39126,"date":"2015-09-14T17:41:16","date_gmt":"2015-09-14T23:41:16","guid":{"rendered":"http:\/\/www.eloriente.net\/home\/?p=39126"},"modified":"2015-09-15T09:00:47","modified_gmt":"2015-09-15T15:00:47","slug":"de-estadisticas-emociones-in-seguridad-y-ciudadania-por-victor-leonel-juan-martinez","status":"publish","type":"post","link":"https:\/\/www.eloriente.net\/home\/2015\/09\/14\/de-estadisticas-emociones-in-seguridad-y-ciudadania-por-victor-leonel-juan-martinez\/","title":{"rendered":"De estad\u00edsticas, emociones, (in) seguridad y ciudadan\u00eda, por V\u00edctor Leonel Juan Mart\u00ednez"},"content":{"rendered":"<p><script src=\"\/\/pagead2.googlesyndication.com\/pagead\/js\/adsbygoogle.js\" async=\"\"><\/script><!-- BANNER ELORIENTE INCRUSTADO NOTAS --> <ins class=\"adsbygoogle\" style=\"display: inline-block; width: 300px; height: 250px;\" data-ad-client=\"ca-pub-1136171134853753\" data-ad-slot=\"7974633627\"><\/ins><script>\/\/ <![CDATA[\n(adsbygoogle = window.adsbygoogle || []).push({});\n\/\/ ]]><\/script><\/p>\n<p>(www.eloriente.net, M\u00e9xico, a 14 de septiembre de 2015, por V\u00edctor Leonel Juan Mart\u00ednez).- \u00a0Hace algunos d\u00edas, pas\u00e9 a formar parte de las estad\u00edsticas de quienes han sido v\u00edctimas de la\u00a0delincuencia. A plena luz del d\u00eda, mi casa fue \u201cvisitada\u201d por ladrones. Di parte del hecho a las\u00a0autoridades competentes dado que considero que es un deber ciudadano hacerlo, de paso evit\u00e9\u00a0engrosar la estad\u00edstica de quienes no denuncian pues, de acuerdo a la Encuesta Nacional de\u00a0Victimizaci\u00f3n y Percepci\u00f3n sobre Seguridad P\u00fablica (ENVIPE 2014, INEGI), un 93.8% de los delitos\u00a0que se cometen en el pa\u00eds no se denuncian o no se inicia una averiguaci\u00f3n previa (la cifra crece al\u00a094.8% en el caso de Oaxaca). Los hechos dieron pie a reflexi\u00f3n en tres aspectos:<\/p>\n<p>I. Los extremos a los que hemos llegado. Sentir violentada la intimidad del hogar, nos equipara a\u00a0miles de familias m\u00e1s. No quiero caer en lugares comunes. Y sin embargo, en el clima de\u00a0hostigamiento y represi\u00f3n a la libertad de expresi\u00f3n, es al menos de tomar en cuenta que lo \u00fanico\u00a0que se llevaron los ladrones fueron mi computadora, mi Tablet y mi c\u00e1mara fotogr\u00e1fica; justo los\u00a0instrumentos de trabajo de quien se dedica a la academia y el periodismo.<\/p>\n<p>Pese al desorden encontrado en casa no hubo m\u00e1s. En parte porque fue lo \u00fanico valioso que\u00a0hab\u00eda, pero llama a suspicacias, cuando menos, el desinter\u00e9s por algunas cosas m\u00e1s a la mano de\u00a0lo que se llevaron.<\/p>\n<p>Es por eso que, en ese sentimiento de incertidumbre, hemos preferido acu\u00f1ar al hurto como parte\u00a0de una oleada de robos que se presentaron en el mismo d\u00eda \u2013al menos seis denuncias\u2014, en\u00a0distintos domicilios del \u00e1rea metropolitana de la capital estatal. \u00bfHemos llegado al extremo de\u00a0preferir ser v\u00edctimas de un robo de la delincuencia organizada que de un hecho de represi\u00f3n? Mal\u00a0de muchos, \u00bfconsuelo de tontos?<\/p>\n<p>Y, hablando de lugares comunes, esta oleada se da justo en el contexto de la mayor presencia\u00a0policial federal y estatal en la capital y zona conurbada de la que se tenga memoria. Como en el\u00a0viejo chiste, en descargo de la polic\u00eda, \u00bfes que fueron enviados a cuidar el orden, no a solucionar el\u00a0desorden?<\/p>\n<p>II. La respuesta de vecinos y amigos ha sido generosa y solidaria. En la colonia en que vivimos, en\u00a0pocos d\u00edas se ha gestado una creciente organizaci\u00f3n buscando prevenir y evitar m\u00e1s hechos\u00a0delictivos \u2013otros similares hab\u00edan acaecido en los \u00faltimos meses. En contraparte, desde las\u00a0autoridades hemos escuchado la retah\u00edla de la responsabilidad que tenemos en nuestra propia\u00a0seguridad; sin obviar que es necesario un incremento de medidas precautorias, el discurso parece\u00a0una aceptaci\u00f3n t\u00e1cita de la debilidad del Estado en una de sus tareas sustantivas: la seguridad\u00a0p\u00fablica. \u00bfHasta d\u00f3nde quieren descargar ahora tal responsabilidad en la ciudadan\u00eda que tiene\u00a0ahora que agruparse para vigilar su colonia y, en casos extremos habr\u00e1 de defenderse e incluso\u00a0atrapar a los maleantes? \u00bfD\u00f3nde nos perdimos de este redise\u00f1o estatal?<\/p>\n<p><script src=\"\/\/pagead2.googlesyndication.com\/pagead\/js\/adsbygoogle.js\" async=\"\"><\/script><!-- BANNER PEQUE\u00d1O PARA ENTRENOTAS EL ORIENTE --> <ins class=\"adsbygoogle\" style=\"display: inline-block; width: 468px; height: 60px;\" data-ad-client=\"ca-pub-1136171134853753\" data-ad-slot=\"4953536424\"><\/ins><script>\/\/ <![CDATA[\n(adsbygoogle = window.adsbygoogle || []).push({});\n\/\/ ]]><\/script><\/p>\n<p>Se fomenta por un lado la organizaci\u00f3n vecinal y, de facto entonces, mecanismos de autodefensa,\u00a0y, por el otro, se anatemiza y reprime ejercicios como las polic\u00edas comunitarias \u2013las establecidas\u00a0por tradici\u00f3n de la comunidad, como los topiles en Oaxaca, no las guardias blancas que aparecen\u00a0de esa forma escudados.<\/p>\n<p>Y sin embargo, en hechos recientes tambi\u00e9n en un municipio circunvecino, pobladores reunidos en\u00a0asamblea, ante la oleada de robos sufridos y la evidencia de sus autores, atraparon a los ladrones\u00a0con un sinn\u00famero de art\u00edculos robados. M\u00e1s tarde que temprano estos saldr\u00edan de la c\u00e1rcel pues\u00a0los vecinos no contaban con mandato judicial para tal acci\u00f3n; y el temor por represalias en su\u00a0contra se ha incrementado. Se asemejan a las Estampas de Liliputh, con las que Escalante\u00a0Gonzalbo ironiza sobre la omnipresencia del Estado.<\/p>\n<p>III. Otro lugar com\u00fan es decir que lo material poco importa, siempre y cuando no haya pasado a\u00a0mayores. Una ambig\u00fcedad cierta ante la posibilidad de un mal mayor, pero que implica desajustes\u00a0y p\u00e9rdidas no s\u00f3lo por lo hurtado, tambi\u00e9n de otras posibilidades que se cancelan ante la\u00a0necesidad de restituirlo.<\/p>\n<p>Pero a\u00fan m\u00e1s. El equipo robado concentra el trabajo intelectual \u2013bueno, regular, pobre, como\u00a0sea\u2014 de cinco a\u00f1os. Bases de datos, informaci\u00f3n, textos publicados y en proceso, archivos\u00a0construidos tras largas jornadas de trabajo, datos conseguidos tras desgastantes tareas\u00a0investigativas, reflexiones construidas en m\u00faltiples horas, en un sinn\u00famero de desvelos. Esa\u00a0p\u00e9rdida, \u00bfc\u00f3mo se mide?, \u00bfc\u00f3mo se recupera?<\/p>\n<p>\u00bfMaterial para plagiarios? Ellos lo hurtan de informes y textos p\u00fablicos, lo que les cuesta es\u00a0elaborar sus reflexiones propias. El material in\u00e9dito, afortunadamente, hab\u00eda sido enviado a\u00a0instancias arbitrales, por tanto no habr\u00eda dudas de su autor\u00eda.<\/p>\n<p>\u00bfY las emociones? Confieso que soy un sentimental que gusta tomar fotograf\u00edas a diestra y\u00a0siniestra de lugares visitados, de encuentros amistosos, de fiestas y tradiciones, de vivencias\u00a0personales y familiares. Recordar es volver a vivir, dice el dicho, y a quienes tenemos la memoria\u00a0limitada, nos place revivir los momentos a partir de esas im\u00e1genes. Cierto, uno no es sino la vida\u00a0que te has construido y la suma de esas experiencias, pero me han quitado el derecho a recrearlas\u00a0a partir de im\u00e1genes concretas. \u00bfEso c\u00f3mo se aquilata? \u00bfC\u00f3mo recupero el alma, la risa, los\u00a0sue\u00f1os, las emociones capturadas en esas fotos?<\/p>\n<p>Concluyo hablando de estad\u00edsticas: dado que s\u00f3lo el 50 por ciento de los casos en que se inicia una\u00a0Averiguaci\u00f3n Previa se resuelven de alguna forma \u2013lo que representa el 1.3% de los delitos\u00a0cometidos (ENVIPE 2014, INEGI)\u2014, me temo que mi caso engrosar\u00e1 la que se refiere a los\u00a0misterios sin resolver.<\/p>\n<p>Correo: victorleoneljuan.m@gmail.com<\/p>\n<p>Twitter: <a href=\"https:\/\/twitter.com\/VictorLeonlJuan\" target=\"_blank\">@victorleonljuan<\/a><\/p>\n<p>FB: <a href=\"https:\/\/www.facebook.com\/victor.leonel.92\" target=\"_blank\">\/victor.leonel.92<\/a><\/p>\n<p><a href=\"http:\/\/www.eloriente.net\/home\/wp-content\/uploads\/2014\/06\/Polic\u00eda-Por-GobOax-e1424046323877.jpg\"><img loading=\"lazy\" decoding=\"async\" class=\"alignnone size-medium wp-image-28662\" src=\"http:\/\/www.eloriente.net\/home\/wp-content\/uploads\/2014\/06\/Polic\u00eda-Por-GobOax-e1424046323877-300x154.jpg\" alt=\"Polic\u00eda-Por GobOax\" width=\"300\" height=\"154\" srcset=\"https:\/\/www.eloriente.net\/home\/wp-content\/uploads\/2014\/06\/Polic\u00eda-Por-GobOax-e1424046323877-300x154.jpg 300w, https:\/\/www.eloriente.net\/home\/wp-content\/uploads\/2014\/06\/Polic\u00eda-Por-GobOax-e1424046323877-1024x526.jpg 1024w, https:\/\/www.eloriente.net\/home\/wp-content\/uploads\/2014\/06\/Polic\u00eda-Por-GobOax-e1424046323877.jpg 1588w\" sizes=\"(max-width: 300px) 100vw, 300px\" \/><\/a><\/p>\n<p>&nbsp;<\/p>\n<p><strong>OTRAS ENTRADAS<\/strong><\/p>\n<div class=\"featuredpost\">\n<div class=\"flow_hide\">\n<h2 class=\"posttitle bigposttitle\"><a title=\"Enlace Permanente a Final LMB 2015, por Jaime Palau\" href=\"http:\/\/www.eloriente.net\/home\/2015\/09\/14\/final-lmb-2015-por-jaime-palau\/\" rel=\"bookmark\">Final LMB 2015, por Jaime Palau<\/a><\/h2>\n<\/div>\n<p>(www.eloriente.net, M\u00e9xico, a 14 de septiembre de 2015, por Jaime Palau Ranz).- \u00a0Ya inici\u00f3 esta semana la gran final, la Serie del Rey, se enfrentan los\u2026<\/p>\n<p class=\"postmeta\"><span class=\"meta_date\">septiembre 14, 2015<\/span><\/p>\n<div class=\"toolbar-social\"><\/div>\n<\/div>\n<div class=\"featuredpost\">\n<div class=\"flow_hide\">\n<p><a href=\"http:\/\/www.eloriente.net\/home\/2015\/09\/14\/con-bombas-lanzadas-via-aerea-fueron-atacados-turistas-mexicanos-en-egipto-ruiz-massieu\/\" rel=\"bookmark\"><img decoding=\"async\" class=\"alignleft\" title=\"Con bombas lanzadas v\u00eda a\u00e9rea fueron atacados turistas mexicanos en Egipto: Ruiz Massieu\" src=\"http:\/\/www.eloriente.net\/home\/wp-content\/themes\/city-desk\/timthumb.php?src=http%3A%2F%2Fwww.eloriente.net%2Fhome%2Fwp-content%2Fuploads%2F2015%2F09%2FClaudia-Ruiz-Massieu-SRE.jpg&amp;q=90&amp;w=70&amp;h=45&amp;zc=1\" alt=\"Con bombas lanzadas v\u00eda a\u00e9rea fueron atacados turistas mexicanos en Egipto: Ruiz Massieu\" \/><\/a><\/p>\n<h2 class=\"posttitle \"><a title=\"Enlace Permanente a Con bombas lanzadas v\u00eda a\u00e9rea fueron atacados turistas mexicanos en Egipto: Ruiz Massieu\" href=\"http:\/\/www.eloriente.net\/home\/2015\/09\/14\/con-bombas-lanzadas-via-aerea-fueron-atacados-turistas-mexicanos-en-egipto-ruiz-massieu\/\" rel=\"bookmark\">Con bombas lanzadas v\u00eda a\u00e9rea fueron atacados turistas mexicanos en Egipto: Ruiz Massieu<\/a><\/h2>\n<\/div>\n<p>eloriente.net\/SRE 14 de septiembre de 2015 (A continuaci\u00f3n la versi\u00f3n estenogr\u00e1fica del mensaje de la Secretaria de Relaciones Exteriores, Claudia Ruiz Massieu, sobre el ataque en contra de\u2026<\/p>\n<p class=\"postmeta\"><span class=\"meta_date\">septiembre 14, 2015<\/span><\/p>\n<div class=\"toolbar-social\"><\/div>\n<\/div>\n<div class=\"featuredpost\">\n<div class=\"flow_hide\">\n<p><a href=\"http:\/\/www.eloriente.net\/home\/2015\/09\/13\/en-10-o-20-anos-mexico-sera-pais-bilingue-aurelio-nuno-titular-sep\/\" rel=\"bookmark\"><img decoding=\"async\" class=\"alignleft\" title=\"En 10 o 20 a\u00f1os M\u00e9xico ser\u00e1 pa\u00eds Biling\u00fce: Aurelio Nu\u00f1o, titular SEP\" src=\"http:\/\/www.eloriente.net\/home\/wp-content\/themes\/city-desk\/timthumb.php?src=http%3A%2F%2Fwww.eloriente.net%2Fhome%2Fwp-content%2Fuploads%2F2015%2F09%2FConvenio-SEP-Semar.png&amp;q=90&amp;w=70&amp;h=45&amp;zc=1\" alt=\"En 10 o 20 a\u00f1os M\u00e9xico ser\u00e1 pa\u00eds Biling\u00fce: Aurelio Nu\u00f1o, titular SEP\" \/><\/a><\/p>\n<h2 class=\"posttitle \"><a title=\"Enlace Permanente a En 10 o 20 a\u00f1os M\u00e9xico ser\u00e1 pa\u00eds Biling\u00fce: Aurelio Nu\u00f1o, titular SEP\" href=\"http:\/\/www.eloriente.net\/home\/2015\/09\/13\/en-10-o-20-anos-mexico-sera-pais-bilingue-aurelio-nuno-titular-sep\/\" rel=\"bookmark\">En 10 o 20 a\u00f1os M\u00e9xico ser\u00e1 pa\u00eds Biling\u00fce: Aurelio Nu\u00f1o, titular SEP<\/a><\/h2>\n<\/div>\n<p>(www.eloriente.net, M\u00e9xico, a 14 de septiembre de 2015, por Valery L\u00f3pez).- El Secretario de Educaci\u00f3n P\u00fablica (SEP), Aurelio Nu\u00f1o Mayer, anunci\u00f3 que el gobierno federal prepara un\u2026<\/p>\n<p class=\"postmeta\"><span class=\"meta_date\">septiembre 13, 2015<\/span><\/p>\n<\/div>\n\n\t\t\t  <div \n\t\t\t  \tclass = \"fb-comments\" \n\t\t\t  \tdata-href = \"https:\/\/www.eloriente.net\/home\/2015\/09\/14\/de-estadisticas-emociones-in-seguridad-y-ciudadania-por-victor-leonel-juan-martinez\/\"\n\t\t\t  \tdata-numposts = \"10\"\n\t\t\t\tdata-colorscheme = \"dark\"\n\t\t\t\tdata-order-by = \"social\"\n\t\t\t\tdata-mobile=true>\n\t\t\t  <\/div>\n\t\t  <style>\n\t\t\t.fb_iframe_widget_fluid_desktop iframe {\n\t\t\t    width: 100% !important;\n\t\t\t}\n\t\t  <\/style>\n\t\t  ","protected":false},"excerpt":{"rendered":"<p>(www.eloriente.net, M\u00e9xico, a 14 de septiembre de 2015, por V\u00edctor Leonel Juan Mart\u00ednez).- \u00a0Hace algunos d\u00edas, pas\u00e9 a formar parte de las estad\u00edsticas de quienes han sido v\u00edctimas de la\u00a0delincuencia. A plena luz del d\u00eda, mi casa fue \u201cvisitada\u201d por ladrones. Di parte del hecho a las\u00a0autoridades competentes dado que considero que es un deber [&hellip;]<\/p>\n","protected":false},"author":44,"featured_media":28662,"comment_status":"open","ping_status":"open","sticky":false,"template":"","format":"standard","meta":{"_jetpack_memberships_contains_paid_content":false,"footnotes":""},"categories":[624,32,63,464,21,65,3443],"tags":[879,1887,73,197,4287,1801,206,4286],"class_list":["post-39126","post","type-post","status-publish","format-standard","has-post-thumbnail","hentry","category-articulistas","category-entradas","category-estados","category-oaxaca-estados","category-politica-y-gobierno","category-puebla","category-victor-leonel-juan","tag-columna","tag-inseguridad","tag-oaxaca","tag-opinion","tag-policia-federal","tag-robo","tag-seguridad","tag-victor-leonel-juan-martinez"],"jetpack_featured_media_url":"https:\/\/www.eloriente.net\/home\/wp-content\/uploads\/2014\/06\/Polic\u00eda-Por-GobOax-e1424046323877.jpg","jetpack_sharing_enabled":true,"_links":{"self":[{"href":"https:\/\/www.eloriente.net\/home\/wp-json\/wp\/v2\/posts\/39126"}],"collection":[{"href":"https:\/\/www.eloriente.net\/home\/wp-json\/wp\/v2\/posts"}],"about":[{"href":"https:\/\/www.eloriente.net\/home\/wp-json\/wp\/v2\/types\/post"}],"author":[{"embeddable":true,"href":"https:\/\/www.eloriente.net\/home\/wp-json\/wp\/v2\/users\/44"}],"replies":[{"embeddable":true,"href":"https:\/\/www.eloriente.net\/home\/wp-json\/wp\/v2\/comments?post=39126"}],"version-history":[{"count":3,"href":"https:\/\/www.eloriente.net\/home\/wp-json\/wp\/v2\/posts\/39126\/revisions"}],"predecessor-version":[{"id":39135,"href":"https:\/\/www.eloriente.net\/home\/wp-json\/wp\/v2\/posts\/39126\/revisions\/39135"}],"wp:featuredmedia":[{"embeddable":true,"href":"https:\/\/www.eloriente.net\/home\/wp-json\/wp\/v2\/media\/28662"}],"wp:attachment":[{"href":"https:\/\/www.eloriente.net\/home\/wp-json\/wp\/v2\/media?parent=39126"}],"wp:term":[{"taxonomy":"category","embeddable":true,"href":"https:\/\/www.eloriente.net\/home\/wp-json\/wp\/v2\/categories?post=39126"},{"taxonomy":"post_tag","embeddable":true,"href":"https:\/\/www.eloriente.net\/home\/wp-json\/wp\/v2\/tags?post=39126"}],"curies":[{"name":"wp","href":"https:\/\/api.w.org\/{rel}","templated":true}]}}