{"id":39191,"date":"2015-09-18T11:57:58","date_gmt":"2015-09-18T17:57:58","guid":{"rendered":"http:\/\/www.eloriente.net\/home\/?p=39191"},"modified":"2015-09-18T11:57:58","modified_gmt":"2015-09-18T17:57:58","slug":"oaxaca-adios-a-los-partidos","status":"publish","type":"post","link":"https:\/\/www.eloriente.net\/home\/2015\/09\/18\/oaxaca-adios-a-los-partidos\/","title":{"rendered":"Oaxaca: Adi\u00f3s a los partidos"},"content":{"rendered":"<p><script src=\"\/\/pagead2.googlesyndication.com\/pagead\/js\/adsbygoogle.js\" async=\"\"><\/script><!-- BANNER ELORIENTE INCRUSTADO NOTAS --> <ins class=\"adsbygoogle\" style=\"display: inline-block; width: 300px; height: 250px;\" data-ad-client=\"ca-pub-1136171134853753\" data-ad-slot=\"7974633627\"><\/ins><script>\/\/ <![CDATA[\n(adsbygoogle = window.adsbygoogle || []).push({});\n\/\/ ]]><\/script><br \/>\neloriente.net<\/p>\n<p>18 de septiembre de 2015<\/p>\n<p>Editorial<\/p>\n<p>Nuestra \u00e9poca es la del ritmo fren\u00e9tico, la de las transformaciones vertiginosas.<\/p>\n<p>Y <strong>en \u00e9poca de transformaciones no hay tiempo para casarse con las ideas de siempre<\/strong>, sino hay que tener buenos reflejos y quitarse\u00a0la idea de que las cosas tienen que hacerse\u00a0como\u00a0tradicionalmente se han hecho.<\/p>\n<p>M\u00e1s a\u00fan cuando ese modo tradicional no ha dado los resultados esperados.<\/p>\n<p>En nuestra \u00e9poca hay que estar en todo momento <strong>preparado para que los esquemas cambien<\/strong>. Y en la medida en que somos capaces de reaccionar bien y r\u00e1pido est\u00e1 la habilidad m\u00e1s preciada.<\/p>\n<p>Tambi\u00e9n es verdad que lo anterior se dice f\u00e1cil pero encuentra en los hechos y en las mentes una enorme resistencia. Sin embargo, esto es como es:\u00a0<strong>quien no est\u00e1 dispuesto a escuchar las exigencias de su tiempo, corre el riesgo de la obsolescencia y la caducidad.<\/strong> Se quedar\u00e1 en el pasado, en la nostalgia del pasado.<\/p>\n<p>Esto no quiere decir tampoco s\u00f3lo guiarse por modas, abandonar los principios, moverse como veletas hacia donde el viento sople. Quiere decir aguzar los sentidos y estar atentos, es decir, <strong>sensibles al mensaje que la sociedad y el contexto est\u00e1n emitiendo<\/strong> para asimilar, evaluar y actuar en consecuencia.<\/p>\n<p><strong>Un buen ejemplo sobre permanecer ajenos e insomnes al tiempo que nos ha tocado, son los partidos pol\u00edticos.<\/strong><\/p>\n<p><strong>La sociedad les exige candidatos honestos<\/strong>, probos y arraigados, <strong>y los partidos responden con la f\u00f3rmula de siempre<\/strong>, la imposici\u00f3n de sus fuerzas intestinas.<\/p>\n<p><strong>La sociedad les exige mensajes claros y constructivos<\/strong>, lejan\u00eda de la arenga y m\u00e1s propuestas, <strong>y los partidos responden con los t\u00e1cticas de siempre,<\/strong> palabras y actitudes que nada tienen que ver con el bien com\u00fan sino en el acomodo de fuerzas y estructuras.<\/p>\n<p><strong>La sociedad les exige discreci\u00f3n, austeridad<\/strong> y un modo honesto de vivir, <strong>y los partidos responden con mayores lujos<\/strong>, publicidad omnipresente y gasto.<\/p>\n<p>Es decir, <strong>ensimismados por una l\u00f3gica de marketing y lucha encarnizada por las posiciones<\/strong>, los partidos son como boxeadores en el ring, a quienes la gente va dejando solos poco a poco hasta quedarse abandonados en una arena vac\u00eda. Boxeadores que, sin embargo, siguen lanz\u00e1ndose golpes al por mayor sin darse cuenta que ya nadie los ve, nadie los oye, pues han perdido estilo, credibilidad y atractivo.<\/p>\n<p>Por eso es que en el pa\u00eds entero, en Oaxaca en particular, va tomando fuerza la idea de que <strong>el escenario para 2016 no necesariamente tendr\u00e1 a los mismos participantes y actores dominantes de siempre<\/strong>, sino que es necesario voltear hacia nuevas figuras.<\/p>\n<p><strong>Las candidaturas independientes es una de ellas.<\/strong> Una opci\u00f3n que ya funcion\u00f3 en Nuevo Le\u00f3n y en otros distritos electorales en este 2015, y que puso de manifiesto, otra vez, lo que la inmensa mayor\u00eda de las personas piensan sobre los partidos y, m\u00e1s a\u00fan, sobre el modo en que act\u00faan.<\/p>\n<p><strong>Porque no es tanto el desencanto hacia los partidos pol\u00edticos el sello de nuestro tiempo, sino la p\u00e9rdida de fe en que los partidos son capaces de transformarse.<\/strong><\/p>\n<p>Varios han tenido ya la oportunidad de hacerlo y han persistido en los mismos errores: construcci\u00f3n de estructuras sin sentido social s\u00f3lo electoral; cierre de espacios para liderazgos no asimilados a los factores de poder interiores; ausencia de proyecto real.<\/p>\n<p>Por eso, nuestro tiempo, <strong>nuestra \u00e9poca, est\u00e1 diciendo: \u00faltima llamada. Los partidos deben cimbrarse. \u00bfTendr\u00e1n actores y candidatos capaces de responder a las exigencias de nuestro tiempo? \u00bfCon la habilidad para cambiar y dejar atr\u00e1s las ideas tradicionales?<\/strong><\/p>\n<p><strong>Si no hay transformaci\u00f3n, flexibilidad y sensibilidad por parte de ustedes, posiblemente en Oaxaca se escuche al m\u00e1ximo nivel: \u00a1Adi\u00f3s a los partidos!<\/strong><\/p>\n<p><strong>direccioneditorial@eloriente.net<\/strong><\/p>\n<p>&nbsp;<\/p>\n<p><a href=\"http:\/\/www.eloriente.net\/home\/wp-content\/uploads\/2015\/09\/Adios-CC-Comunidad-Crep\u00fasculo.jpg\"><img loading=\"lazy\" decoding=\"async\" class=\"alignnone wp-image-39204\" src=\"http:\/\/www.eloriente.net\/home\/wp-content\/uploads\/2015\/09\/Adios-CC-Comunidad-Crep\u00fasculo-1024x725.jpg\" alt=\"Adios CC Comunidad Crep\u00fasculo\" width=\"277\" height=\"196\" srcset=\"https:\/\/www.eloriente.net\/home\/wp-content\/uploads\/2015\/09\/Adios-CC-Comunidad-Crep\u00fasculo.jpg 1024w, https:\/\/www.eloriente.net\/home\/wp-content\/uploads\/2015\/09\/Adios-CC-Comunidad-Crep\u00fasculo-300x212.jpg 300w, https:\/\/www.eloriente.net\/home\/wp-content\/uploads\/2015\/09\/Adios-CC-Comunidad-Crep\u00fasculo-900x637.jpg 900w\" sizes=\"(max-width: 277px) 100vw, 277px\" \/><\/a><\/p>\n<p>Imagen:<\/p>\n<div id=\"yui_3_16_0_1_1442598261660_4664\" class=\"view attribution-view clear-float photo-attribution\">\n<div class=\"attribution-info\">\n<p><a class=\"owner-name truncate\" title=\"Ir a la galer\u00eda de COMUNIDAD CREP\u00daSCULO\" href=\"https:\/\/www.flickr.com\/photos\/fotocrepusculo\/\" data-track=\"attributionNameClick\" data-rapid_p=\"95\">COMUNIDAD CREP\u00daSCULO<\/a><\/p>\n<div id=\"yui_3_16_0_1_1442598261660_4917\" class=\"view follow-view clear-float photo-attribution\"><span class=\"relationship\"><button class=\"unfluid follow ui-button ui-button-icon\" data-rapid_p=\"97\">Seguir<\/button><\/span><\/div>\n<\/div>\n<\/div>\n<div id=\"yui_3_16_0_1_1442598261660_4663\" class=\"view sub-photo-title-desc-view\"><\/div>\n<p><strong>OTRAS ENTRADAS:<\/strong><\/p>\n<div class=\"featuredpost\">\n<p><a href=\"http:\/\/www.eloriente.net\/home\/2015\/09\/18\/conoce-a-fondo-el-paquete-economico-2016\/\" rel=\"bookmark\"><img decoding=\"async\" class=\"alignleft\" title=\"Conoce a fondo el Paquete Econ\u00f3mico 2016\" src=\"http:\/\/www.eloriente.net\/home\/wp-content\/themes\/city-desk\/timthumb.php?src=http%3A%2F%2Fwww.eloriente.net%2Fhome%2Fwp-content%2Fuploads%2F2015%2F09%2FEntrega-paquete-econ%C3%B3mico-2016.png&amp;q=90&amp;w=90&amp;h=83&amp;zc=1\" alt=\"Conoce a fondo el Paquete Econ\u00f3mico 2016\" \/><\/a><\/p>\n<h2 class=\"posttitle bigposttitle\"><a title=\"Enlace Permanente a Conoce a fondo el Paquete Econ\u00f3mico 2016\" href=\"http:\/\/www.eloriente.net\/home\/2015\/09\/18\/conoce-a-fondo-el-paquete-economico-2016\/\" rel=\"bookmark\">Conoce a fondo el Paquete Econ\u00f3mico 2016<\/a><\/h2>\n<p>eloriente.net\/ciep 18 de septiembre de 2015 El Paquete Econ\u00f3mico 2016 hace un esfuerzo por reestructurar el gasto p\u00fablico, aunque dista de ser base cero, ya que propone modificar\u2026<\/p>\n<p class=\"postmeta\"><span class=\"meta_date\">septiembre 18, 2015<\/span><\/p>\n<div class=\"toolbar-social\">\n<div class=\"social-widget\">\n<div id=\"sharing-widget\"><a class=\"button icon-share\">Compartir<\/a><span class=\"share-count\">0<\/span><\/div>\n<\/div>\n<\/div>\n<\/div>\n<div class=\"featuredpost\">\n<p><a href=\"http:\/\/www.eloriente.net\/home\/2015\/09\/08\/suicidios-representan-el-1-de-las-muertes-registradas-en-mexico\/\" rel=\"bookmark\"><img decoding=\"async\" class=\"alignleft\" title=\"Suicidios representan el 1% de las muertes registradas en M\u00e9xico\" src=\"http:\/\/www.eloriente.net\/home\/wp-content\/themes\/city-desk\/timthumb.php?src=http%3A%2F%2Fwww.eloriente.net%2Fhome%2Fwp-content%2Fuploads%2F2015%2F09%2FLicencia-CC-Daniel-Lobo-Georgetwon-Canal.jpg&amp;q=90&amp;w=90&amp;h=83&amp;zc=1\" alt=\"Suicidios representan el 1% de las muertes registradas en M\u00e9xico\" \/><\/a><\/p>\n<h2 class=\"posttitle \"><a title=\"Enlace Permanente a Suicidios representan el 1% de las muertes registradas en M\u00e9xico\" href=\"http:\/\/www.eloriente.net\/home\/2015\/09\/08\/suicidios-representan-el-1-de-las-muertes-registradas-en-mexico\/\" rel=\"bookmark\">Suicidios representan el 1% de las muertes registradas en M\u00e9xico<\/a><\/h2>\n<p>(www.eloriente.net, a 08 de septiembre de 2015, por Valery L\u00f3pez).- Con el fin de realizar acciones de orientaci\u00f3n\u00a0a las personas que tienen la intenci\u00f3n de quitarse la vida,\u2026<\/p>\n<p class=\"postmeta\"><span class=\"meta_date\">septiembre 8, 2015<\/span><\/p>\n<div class=\"toolbar-social\">\n<div class=\"social-widget\">\n<div id=\"sharing-widget\"><a class=\"button icon-share\">Compartir<\/a><span class=\"share-count\">7<\/span><\/div>\n<\/div>\n<\/div>\n<\/div>\n<p>&nbsp;<\/p>\n<p>&nbsp;<\/p>\n\n\t\t\t  <div \n\t\t\t  \tclass = \"fb-comments\" \n\t\t\t  \tdata-href = \"https:\/\/www.eloriente.net\/home\/2015\/09\/18\/oaxaca-adios-a-los-partidos\/\"\n\t\t\t  \tdata-numposts = \"10\"\n\t\t\t\tdata-colorscheme = \"dark\"\n\t\t\t\tdata-order-by = \"social\"\n\t\t\t\tdata-mobile=true>\n\t\t\t  <\/div>\n\t\t  <style>\n\t\t\t.fb_iframe_widget_fluid_desktop iframe {\n\t\t\t    width: 100% !important;\n\t\t\t}\n\t\t  <\/style>\n\t\t  ","protected":false},"excerpt":{"rendered":"<p>eloriente.net 18 de septiembre de 2015 Editorial Nuestra \u00e9poca es la del ritmo fren\u00e9tico, la de las transformaciones vertiginosas. Y en \u00e9poca de transformaciones no hay tiempo para casarse con las ideas de siempre, sino hay que tener buenos reflejos y quitarse\u00a0la idea de que las cosas tienen que hacerse\u00a0como\u00a0tradicionalmente se han hecho. M\u00e1s a\u00fan [&hellip;]<\/p>\n","protected":false},"author":1,"featured_media":39204,"comment_status":"open","ping_status":"open","sticky":false,"template":"","format":"standard","meta":{"_jetpack_memberships_contains_paid_content":false,"footnotes":""},"categories":[29,9,32,63,21],"tags":[3739,3702,73,4324,3427,4325],"class_list":["post-39191","post","type-post","status-publish","format-standard","has-post-thumbnail","hentry","category-capital","category-editorial","category-entradas","category-estados","category-politica-y-gobierno","tag-elecciones-2016","tag-gobierno-oaxaca","tag-oaxaca","tag-partidos-politicos-oaxaca","tag-politica-oaxaca","tag-reforma-partidos"],"jetpack_featured_media_url":"https:\/\/www.eloriente.net\/home\/wp-content\/uploads\/2015\/09\/Adios-CC-Comunidad-Crep\u00fasculo.jpg","jetpack_sharing_enabled":true,"_links":{"self":[{"href":"https:\/\/www.eloriente.net\/home\/wp-json\/wp\/v2\/posts\/39191"}],"collection":[{"href":"https:\/\/www.eloriente.net\/home\/wp-json\/wp\/v2\/posts"}],"about":[{"href":"https:\/\/www.eloriente.net\/home\/wp-json\/wp\/v2\/types\/post"}],"author":[{"embeddable":true,"href":"https:\/\/www.eloriente.net\/home\/wp-json\/wp\/v2\/users\/1"}],"replies":[{"embeddable":true,"href":"https:\/\/www.eloriente.net\/home\/wp-json\/wp\/v2\/comments?post=39191"}],"version-history":[{"count":1,"href":"https:\/\/www.eloriente.net\/home\/wp-json\/wp\/v2\/posts\/39191\/revisions"}],"predecessor-version":[{"id":39205,"href":"https:\/\/www.eloriente.net\/home\/wp-json\/wp\/v2\/posts\/39191\/revisions\/39205"}],"wp:featuredmedia":[{"embeddable":true,"href":"https:\/\/www.eloriente.net\/home\/wp-json\/wp\/v2\/media\/39204"}],"wp:attachment":[{"href":"https:\/\/www.eloriente.net\/home\/wp-json\/wp\/v2\/media?parent=39191"}],"wp:term":[{"taxonomy":"category","embeddable":true,"href":"https:\/\/www.eloriente.net\/home\/wp-json\/wp\/v2\/categories?post=39191"},{"taxonomy":"post_tag","embeddable":true,"href":"https:\/\/www.eloriente.net\/home\/wp-json\/wp\/v2\/tags?post=39191"}],"curies":[{"name":"wp","href":"https:\/\/api.w.org\/{rel}","templated":true}]}}