{"id":39592,"date":"2015-10-05T17:20:12","date_gmt":"2015-10-05T23:20:12","guid":{"rendered":"http:\/\/www.eloriente.net\/home\/?p=39592"},"modified":"2015-10-05T18:27:55","modified_gmt":"2015-10-06T00:27:55","slug":"conoce-las-30-ciudades-mas-caras-del-mundo-para-vivir","status":"publish","type":"post","link":"https:\/\/www.eloriente.net\/home\/2015\/10\/05\/conoce-las-30-ciudades-mas-caras-del-mundo-para-vivir\/","title":{"rendered":"Conoce las 30 ciudades m\u00e1s caras del mundo para vivir"},"content":{"rendered":"<p><script src=\"\/\/pagead2.googlesyndication.com\/pagead\/js\/adsbygoogle.js\" async=\"\"><\/script><!-- BANNER ELORIENTE INCRUSTADO NOTAS --> <ins class=\"adsbygoogle\" style=\"display: inline-block; width: 300px; height: 250px;\" data-ad-client=\"ca-pub-1136171134853753\" data-ad-slot=\"7974633627\"><\/ins><script>\/\/ <![CDATA[\n(adsbygoogle = window.adsbygoogle || []).push({});\n\/\/ ]]><\/script><\/p>\n<p>&nbsp;<\/p>\n<p>(www.eloriente.net, M\u00e9xico, 05 de octubre de 2015, por Valery L\u00f3pez).- Hace un par de meses ECA International, una empresa de consultor\u00eda global, dio a conocer los resultados de su ranking anual de las 30 ciudades m\u00e1s caras para vivir.<\/p>\n<p>Dicho listado se realiza comparando las tasas de inflaci\u00f3n y el tipo de cambio, as\u00ed como los costos de art\u00edculos y servicios necesarios para mantener el mismo tipo de vida en cada ciudad.<\/p>\n<p>Es por ello que por ejemplo\u00a0Zurich, en Suiza,\u00a0entra en el tercer puesto del listado debido a lo caro que resulta vivir en la ciudad, aunado al tipo de cambio desfavorable del pa\u00eds. Sin embargo, el primer lugar le pertenece a Juba, capital de Sud\u00e1n del Sur, que a pesar de ser una ciudad mucho m\u00e1s pobre que Zurich, se queda con el primer puesto debido a que sus precios son muy altos a consecuencia\u00a0de que es un pa\u00eds de reciente creaci\u00f3n, y por ello se ve obligado a importar pr\u00e1cticamente todos los art\u00edculos de uso cotidiano, lo cual los encarece.<\/p>\n<p><script src=\"\/\/pagead2.googlesyndication.com\/pagead\/js\/adsbygoogle.js\" async=\"\"><\/script><!-- BANNER PEQUE\u00d1O PARA ENTRENOTAS EL ORIENTE --> <ins class=\"adsbygoogle\" style=\"display: inline-block; width: 468px; height: 60px;\" data-ad-client=\"ca-pub-1136171134853753\" data-ad-slot=\"4953536424\"><\/ins><script>\/\/ <![CDATA[\n(adsbygoogle = window.adsbygoogle || []).push({});\n\/\/ ]]><\/script><\/p>\n<p>Este estudio se realiza con el fin de ayudar a los compa\u00f1\u00edas a conocer los costos que tendr\u00edan que asumir sus empleados para vivir en determinada ciudad, y con base a ello evitar enviarlos a alg\u00fan pa\u00eds que\u00a0salga de su presupuesto.<\/p>\n<p><a href=\"http:\/\/www.eloriente.net\/home\/wp-content\/uploads\/2015\/10\/30-ciudades-m\u00e1s-caras.png\"><img loading=\"lazy\" decoding=\"async\" class=\"alignnone size-full wp-image-39599\" src=\"http:\/\/www.eloriente.net\/home\/wp-content\/uploads\/2015\/10\/30-ciudades-m\u00e1s-caras.png\" alt=\"30 ciudades m\u00e1s caras\" width=\"546\" height=\"434\" srcset=\"https:\/\/www.eloriente.net\/home\/wp-content\/uploads\/2015\/10\/30-ciudades-m\u00e1s-caras.png 546w, https:\/\/www.eloriente.net\/home\/wp-content\/uploads\/2015\/10\/30-ciudades-m\u00e1s-caras-300x238.png 300w\" sizes=\"(max-width: 546px) 100vw, 546px\" \/><\/a><\/p>\n<p>Cabe se\u00f1alar que Caracas, Venezuela, que en 2014 y 2013 figur\u00f3 como la ciudad m\u00e1s cara del mundo, no fue incluida en el ranking de este a\u00f1o debido a su econom\u00eda vol\u00e1til y a su tipo de cambio m\u00faltiple.<\/p>\n<p>Adjunto al ranking de las 30 ciudades m\u00e1s caras del mundo, ECA International publica el listado de las 59 ciudades m\u00e1s caras para vivir de Am\u00e9rica, en donde la ciudades de M\u00e9xico, Guadalajara y Monterrey hacen su aparici\u00f3n en los lugares 55, 58 y 59 respectivamente. Las mismas ciudades ocupan los puestos 228, 246 y 247 en el ranking mundial.<\/p>\n<p><a href=\"http:\/\/www.eloriente.net\/home\/wp-content\/uploads\/2015\/10\/Zurich.jpg\"><img loading=\"lazy\" decoding=\"async\" class=\"alignnone size-medium wp-image-39598\" src=\"http:\/\/www.eloriente.net\/home\/wp-content\/uploads\/2015\/10\/Zurich-300x199.jpg\" alt=\"Zurich\" width=\"300\" height=\"199\" srcset=\"https:\/\/www.eloriente.net\/home\/wp-content\/uploads\/2015\/10\/Zurich-300x199.jpg 300w, https:\/\/www.eloriente.net\/home\/wp-content\/uploads\/2015\/10\/Zurich.jpg 1024w, https:\/\/www.eloriente.net\/home\/wp-content\/uploads\/2015\/10\/Zurich-900x598.jpg 900w\" sizes=\"(max-width: 300px) 100vw, 300px\" \/><\/a><\/p>\n<p><strong>OTRAS ENTRADAS<\/strong><\/p>\n<div class=\"featuredpost\">\n<div class=\"flow_hide\">\n<h2 class=\"posttitle bigposttitle\"><a title=\"Enlace Permanente a Aret\u00e9 Digital: Reporte sobre gesti\u00f3n cultural, octubre 2015\" href=\"http:\/\/www.eloriente.net\/home\/2015\/10\/05\/arete-digital-reporte-sobre-gestion-cultural-octubre-2015\/\" rel=\"bookmark\">Aret\u00e9 Digital: Reporte sobre gesti\u00f3n cultural, octubre 2015<\/a><\/h2>\n<\/div>\n<p>(www.eloriente.net, M\u00e9xico, 05 de octubre de 2015).-\u00a0La Asociaci\u00f3n Espa\u00f1ola de Gestores de Patrimonio Cultural (AEGPC) public\u00f3 su reporte mensual sobre gesti\u00f3n cultural, Aret\u00e9 Digital, octubre\u00a02015, en el cual\u2026<\/p>\n<p class=\"postmeta\"><span class=\"meta_date\">octubre 5, 2015<\/span><\/p>\n<div class=\"toolbar-social\"><\/div>\n<\/div>\n<div class=\"featuredpost\">\n<div class=\"flow_hide\">\n<p><a href=\"http:\/\/www.eloriente.net\/home\/2015\/10\/05\/dificil-de-ver-3-por-jaime-palau\/\" rel=\"bookmark\"><img decoding=\"async\" class=\"alignleft\" title=\"Cr\u00f3nicas Beisboleras: Dif\u00edcil de ver III, por Jaime Palau\" src=\"http:\/\/www.eloriente.net\/home\/wp-content\/themes\/city-desk\/timthumb.php?src=http%3A%2F%2Fwww.eloriente.net%2Fhome%2Fwp-content%2Fuploads%2F2014%2F10%2FCr%C3%B3nicas-Beisboleras.jpg&amp;q=90&amp;w=70&amp;h=45&amp;zc=1\" alt=\"Cr\u00f3nicas Beisboleras: Dif\u00edcil de ver III, por Jaime Palau\" \/><\/a><\/p>\n<h2 class=\"posttitle \"><a title=\"Enlace Permanente a Cr\u00f3nicas Beisboleras: Dif\u00edcil de ver III, por Jaime Palau\" href=\"http:\/\/www.eloriente.net\/home\/2015\/10\/05\/dificil-de-ver-3-por-jaime-palau\/\" rel=\"bookmark\">Cr\u00f3nicas Beisboleras: Dif\u00edcil de ver III, por Jaime Palau<\/a><\/h2>\n<\/div>\n<p>(www.eloriente.net, M\u00e9xico, a 05 de octubre de 2015, por Jaime Palau Ranz).-\u00a0Hemos estado analizando las jugadas ofensivas con dificultad de ver en un juego as\u00ed como\u00a0los r\u00e9cords que\u2026<\/p>\n<p class=\"postmeta\"><span class=\"meta_date\">octubre 5, 2015<\/span><\/p>\n<div class=\"toolbar-social\"><\/div>\n<\/div>\n<div class=\"featuredpost\">\n<div class=\"flow_hide\">\n<p><a href=\"http:\/\/www.eloriente.net\/home\/2015\/10\/04\/problematico-inicio-del-nuevo-sistema-de-emision-de-pasaportes\/\" rel=\"bookmark\"><img decoding=\"async\" class=\"alignleft\" title=\"Problem\u00e1tico inicio del nuevo sistema de emisi\u00f3n de pasaportes\" src=\"http:\/\/www.eloriente.net\/home\/wp-content\/themes\/city-desk\/timthumb.php?src=http%3A%2F%2Fwww.eloriente.net%2Fhome%2Fwp-content%2Fuploads%2F2015%2F10%2FAtenci%C3%B3n-al-p%C3%BAblico-en-oficinas-de-pasaporte-de-la-SRE.jpg&amp;q=90&amp;w=70&amp;h=45&amp;zc=1\" alt=\"Problem\u00e1tico inicio del nuevo sistema de emisi\u00f3n de pasaportes\" \/><\/a><\/p>\n<h2 class=\"posttitle \"><a title=\"Enlace Permanente a Problem\u00e1tico inicio del nuevo sistema de emisi\u00f3n de pasaportes\" href=\"http:\/\/www.eloriente.net\/home\/2015\/10\/04\/problematico-inicio-del-nuevo-sistema-de-emision-de-pasaportes\/\" rel=\"bookmark\">Problem\u00e1tico inicio del nuevo sistema de emisi\u00f3n de pasaportes<\/a><\/h2>\n<\/div>\n<p>Actualizaci\u00f3n (www.eloriente.net, M\u00e9xico a 05 de octubre de 2015, por Valery L\u00f3pez).- Una gran cantidad de mexicanos que esperaban con ansias poder tramitar su pasaporte de manera m\u00e1s\u2026<\/p>\n<p class=\"postmeta\"><span class=\"meta_date\">octubre 4, 2015<\/span><\/p>\n<\/div>\n\n\t\t\t  <div \n\t\t\t  \tclass = \"fb-comments\" \n\t\t\t  \tdata-href = \"https:\/\/www.eloriente.net\/home\/2015\/10\/05\/conoce-las-30-ciudades-mas-caras-del-mundo-para-vivir\/\"\n\t\t\t  \tdata-numposts = \"10\"\n\t\t\t\tdata-colorscheme = \"dark\"\n\t\t\t\tdata-order-by = \"social\"\n\t\t\t\tdata-mobile=true>\n\t\t\t  <\/div>\n\t\t  <style>\n\t\t\t.fb_iframe_widget_fluid_desktop iframe {\n\t\t\t    width: 100% !important;\n\t\t\t}\n\t\t  <\/style>\n\t\t  ","protected":false},"excerpt":{"rendered":"<p>&nbsp; (www.eloriente.net, M\u00e9xico, 05 de octubre de 2015, por Valery L\u00f3pez).- Hace un par de meses ECA International, una empresa de consultor\u00eda global, dio a conocer los resultados de su ranking anual de las 30 ciudades m\u00e1s caras para vivir. Dicho listado se realiza comparando las tasas de inflaci\u00f3n y el tipo de cambio, as\u00ed [&hellip;]<\/p>\n","protected":false},"author":44,"featured_media":39598,"comment_status":"open","ping_status":"open","sticky":false,"template":"","format":"standard","meta":{"_jetpack_memberships_contains_paid_content":false,"footnotes":""},"categories":[32,35,10,24,19],"tags":[3257,4535,4533,4532,553,4534,1009,2943,4531],"class_list":["post-39592","post","type-post","status-publish","format-standard","has-post-thumbnail","hentry","category-entradas","category-secciones-oriente","category-lo-mas-reciente","category-mexico-y-el-mundo","category-turismo-y-negocios","tag-3257","tag-30-ciudades","tag-anual","tag-ciudades-mas-caras","tag-estudio","tag-listado","tag-ranking","tag-suiza","tag-zurich"],"jetpack_featured_media_url":"https:\/\/www.eloriente.net\/home\/wp-content\/uploads\/2015\/10\/Zurich.jpg","jetpack_sharing_enabled":true,"_links":{"self":[{"href":"https:\/\/www.eloriente.net\/home\/wp-json\/wp\/v2\/posts\/39592"}],"collection":[{"href":"https:\/\/www.eloriente.net\/home\/wp-json\/wp\/v2\/posts"}],"about":[{"href":"https:\/\/www.eloriente.net\/home\/wp-json\/wp\/v2\/types\/post"}],"author":[{"embeddable":true,"href":"https:\/\/www.eloriente.net\/home\/wp-json\/wp\/v2\/users\/44"}],"replies":[{"embeddable":true,"href":"https:\/\/www.eloriente.net\/home\/wp-json\/wp\/v2\/comments?post=39592"}],"version-history":[{"count":4,"href":"https:\/\/www.eloriente.net\/home\/wp-json\/wp\/v2\/posts\/39592\/revisions"}],"predecessor-version":[{"id":39606,"href":"https:\/\/www.eloriente.net\/home\/wp-json\/wp\/v2\/posts\/39592\/revisions\/39606"}],"wp:featuredmedia":[{"embeddable":true,"href":"https:\/\/www.eloriente.net\/home\/wp-json\/wp\/v2\/media\/39598"}],"wp:attachment":[{"href":"https:\/\/www.eloriente.net\/home\/wp-json\/wp\/v2\/media?parent=39592"}],"wp:term":[{"taxonomy":"category","embeddable":true,"href":"https:\/\/www.eloriente.net\/home\/wp-json\/wp\/v2\/categories?post=39592"},{"taxonomy":"post_tag","embeddable":true,"href":"https:\/\/www.eloriente.net\/home\/wp-json\/wp\/v2\/tags?post=39592"}],"curies":[{"name":"wp","href":"https:\/\/api.w.org\/{rel}","templated":true}]}}