{"id":40106,"date":"2015-10-30T11:39:13","date_gmt":"2015-10-30T17:39:13","guid":{"rendered":"http:\/\/www.eloriente.net\/home\/?p=40106"},"modified":"2015-10-30T11:39:43","modified_gmt":"2015-10-30T17:39:43","slug":"nueve-anos-de-la-crisis-magisterial-los-cambios-minimos-por-adrian-ortiz","status":"publish","type":"post","link":"https:\/\/www.eloriente.net\/home\/2015\/10\/30\/nueve-anos-de-la-crisis-magisterial-los-cambios-minimos-por-adrian-ortiz\/","title":{"rendered":"Nueve a\u00f1os de la crisis magisterial. Los cambios, m\u00ednimos. Por Adri\u00e1n Ortiz"},"content":{"rendered":"<p><script src=\"\/\/pagead2.googlesyndication.com\/pagead\/js\/adsbygoogle.js\" async=\"\"><\/script><!-- BANNER ELORIENTE INCRUSTADO NOTAS --> <ins class=\"adsbygoogle\" style=\"display: inline-block; width: 300px; height: 250px;\" data-ad-client=\"ca-pub-1136171134853753\" data-ad-slot=\"7974633627\"><\/ins><script>\/\/ <![CDATA[\n(adsbygoogle = window.adsbygoogle || []).push({});\n\/\/ ]]><\/script><\/p>\n<p>&nbsp;<\/p>\n<p>(www.eloriente.net, M\u00e9xico, a 30 de octubre de 2015, por Adri\u00e1n Ortiz Romero\/<a href=\"http:\/\/columnaalmargen.mx\/\" target=\"_blank\">Al Margen<\/a>).-\u00a0Han pasado exactamente nueve a\u00f1os de la incursi\u00f3n de la entonces denominada Polic\u00eda Federal Preventiva a la capital oaxaque\u00f1a, para disolver los disturbios que encabezaban los profesores de la Secci\u00f3n 22 del SNTE, e integrantes de la Asamblea Popular del Pueblo de Oaxaca. En aquel momento, un mes y medio de presencia policiaca termin\u00f3 con las afectaciones a terceros, y desactiv\u00f3 las acciones de los inconformes. Pero a la distancia, tendr\u00edamos que preguntarnos en d\u00f3nde quedaron los postulados y aspiraciones que dieron vida a este movimiento social y, a la luz de los hechos recientes, en qu\u00e9 deriv\u00f3 aquella hist\u00f3rica protesta magisterial.<\/p>\n<p>Las preguntas no son ociosas. Porque si alguien pag\u00f3 los costos y las consecuencias de ese movimiento, fueron no s\u00f3lo el gobierno estatal (que habiendo o no raz\u00f3n, fue vilipendiado y linchado de todas las formas posibles ante la opini\u00f3n nacional e internacional), la administraci\u00f3n federal (que fue la encargada de decidir la presencia policiaca, y quien carg\u00f3 con el costo pol\u00edtico de diversos actos calificados como \u201crepresi\u00f3n\u201d), la Secci\u00f3n 22 (que puso las bases de organizaci\u00f3n, y que sostuvo su presencia a\u00fan en los momentos de mayor incertidumbre), y la Asamblea Popular, que fue el \u00f3rgano que abander\u00f3 protestas, que gener\u00f3 el emblema del movimiento, y que aport\u00f3 a los reprimidos de ese conflicto.<\/p>\n<p>En realidad, lo que se ha reconocido poco pero ha sido una gran carga para Oaxaca, es que quien pag\u00f3 los mayores costos por ese turbulento episodio, fue la ciudadan\u00eda. Y, en todo caso, es a \u00e9sta a quien se le tendr\u00eda que ofrecer por lo menos una explicaci\u00f3n de d\u00f3nde qued\u00f3 la secuela de aquellos aciagos momentos.<\/p>\n<p>Pues contrario a lo que muchos consideran hoy, el conflicto magisterial de 2006 no se gener\u00f3 a partir de demandas de democratizaci\u00f3n. En realidad, la pugna entre el magisterio de la Secci\u00f3n 22 del SNTE y el Gobierno del Estado, comenz\u00f3 cuando hubo un desacuerdo en los arreglos econ\u00f3micos a los que anualmente llegaban. Una vez agotadas las posibilidades de negociaci\u00f3n, cada uno comenz\u00f3 a mover sus propias piezas pol\u00edticas para obligar al adversario a cumplir con sus pretensiones.<\/p>\n<p>Visto a la distancia, es claramente perceptible que cuando se agotaron los canales de di\u00e1logo entre el magisterio democr\u00e1tico y el gobierno estatal \u2014y ante la total inacci\u00f3n federal que asum\u00eda que el tema magisterial era local\u2014 comenz\u00f3 a rondar el fantasma de la acci\u00f3n policiaca. Y parad\u00f3jicamente, la represi\u00f3n fue buscada por ambos grupos: el Gobierno del Estado consider\u00f3 la intervenci\u00f3n de las fuerzas del orden, para dar una imagen p\u00fablica de autoridad y determinaci\u00f3n; y la Secci\u00f3n 22, para tener motivos con los cuales hacer escalar sus protestas, hasta lograr los objetivos inicialmente trazados.<\/p>\n<p>Esa represi\u00f3n ocurri\u00f3 el 14 de junio de 2006. Un desastroso operativo policiaco enfrent\u00f3 a los profesores que se manten\u00edan en plant\u00f3n en el primer cuadro del Centro Hist\u00f3rico en la capital oaxaque\u00f1a. Los mentores terminaron replegando a los elementos de la entonces Polic\u00eda Preventiva del Estado. Y al ser derrotadas las fuerzas del Estado, los profesores tuvieron la posibilidad de comenzar a ondear banderas de tipo pol\u00edtico, que hasta entonces se encontraban ausentes de cualquier protesta o inconformidad magisterial o de los grupos que luego se unieron para encabezar las exigencias del conflicto social.<\/p>\n<p><script src=\"\/\/pagead2.googlesyndication.com\/pagead\/js\/adsbygoogle.js\" async=\"\"><\/script><!-- BANNER PEQUE\u00d1O PARA ENTRENOTAS EL ORIENTE --> <ins class=\"adsbygoogle\" style=\"display: inline-block; width: 468px; height: 60px;\" data-ad-client=\"ca-pub-1136171134853753\" data-ad-slot=\"4953536424\"><\/ins><script>\/\/ <![CDATA[\n(adsbygoogle = window.adsbygoogle || []).push({});\n\/\/ ]]><\/script><\/p>\n<p><strong>\u00bfLUCHA POR EL BIEN COM\u00daN?<\/strong><\/p>\n<p>Te\u00f3ricamente, un hecho que implica la necesidad de buscar y obtener el bien com\u00fan, adquiere la calidad de \u201checho pol\u00edtico\u201d y, por lo tanto, es de la incumbencia de toda la comunidad en la que ocurre. Si esa concepci\u00f3n la llevamos a los ejemplos tangibles, basados en la realidad, y los sometemos a cuestionamiento, entonces podremos concluir si \u00e9stos tienen una connotaci\u00f3n de b\u00fasqueda del bien com\u00fan en sus aspiraciones y poseen la capacidad de llevarlos a los hechos, o si todo se queda en simples ideales o cuestiones sin sustento.<\/p>\n<p>Habr\u00eda que pasar por ese tamiz lo ocurrido en 2006. Nueve a\u00f1os despu\u00e9s, puede verse con total claridad que lo que fue un movimiento que verdaderamente tuvo respaldo social, y que gracias a ello abander\u00f3 causas de democratizaci\u00f3n y replanteamiento de los l\u00edmites y las pr\u00e1cticas abusivas del gobierno, hoy no parece ser sino un mal chiste de lo que, en otros tiempos, fue un aut\u00e9ntico dique de resistencia que, adem\u00e1s, promet\u00eda plantear los cambios pol\u00edticos, legales y democr\u00e1ticos que eran urgentes para nuestra entidad.<\/p>\n<p>No est\u00e1 de m\u00e1s seguirlo preguntando. Lo real, m\u00e1s all\u00e1 de los idealismos, radica en que ni los profesores de la Secci\u00f3n 22, ni quienes integraron la APPO, tuvieron los elementos y la lucidez suficiente para entender que los cambios de fondo para beneficio de la sociedad, no ocurren cerrando calles o encabezando protestas o acciones de lucha, que luego son reproducidas por la prensa nacional e internacional y merecen la solidaridad de grupos disidentes de otros pa\u00edses. Esos cambios ocurren, fr\u00edamente, cuando se puede comprender de modo eficaz la l\u00f3gica del poder, y se decide actuar dentro de ella para \u2014como dicen los cl\u00e1sicos\u2014 generar los cambios desde dentro.<\/p>\n<p>Uno y otro grupo, en estos \u00faltimos a\u00f1os, han sido incapaces de comprender que los cambios reales, para bien o para mal, ocurren \u00fanicamente por la v\u00eda institucional, o por los caminos de la verdadera violencia insurreccional. Todos sus postulados y aspiraciones se quedaron simplemente en eso, porque fueron incapaces de sumarse a las fuerzas que representan el acceso al poder.<\/p>\n<p>As\u00ed, tal parece que su desconfianza y lejan\u00eda hacia los partidos pol\u00edticos, su \u00e1nimo poco racional por criticar sin construir, y sus anhelos infundados de conseguir todo lo que se propon\u00edan, o simular que lo buscaban, a trav\u00e9s de marchas, plantones y pancartas, los llevaron \u00fanicamente a dejar constancia de c\u00f3mo se puede llegar a nada cuando una parte importante de una comunidad le apuesta a un todo.<\/p>\n<p><strong>CAMBIOS POSPUESTOS<\/strong><\/p>\n<p>Finalmente, es imposible decir que las cosas no han cambiado de 2006 a la fecha en la vida institucional y pol\u00edtica de Oaxaca. Pero pudo haber evolucionado m\u00e1s si hubiera habido mayor compromiso tanto de los partidos en el poder, como del magisterio, por privilegiar la evoluci\u00f3n p\u00fablica a la satisfacci\u00f3n de sus intereses. Esos cambios pudieron haber sido impulsados y concretados por quienes encabezaron una lucha que para muchos era genuina, y no otorgados como una concesi\u00f3n graciosa del r\u00e9gimen de gobierno en turno, a los que en los \u00faltimos cinco a\u00f1os muchas de sus grandes promesas democratizadoras terminaron haciendo agua.<\/p>\n<figure id=\"attachment_40107\" aria-describedby=\"caption-attachment-40107\" style=\"width: 300px\" class=\"wp-caption alignnone\"><a href=\"http:\/\/www.eloriente.net\/home\/wp-content\/uploads\/2015\/10\/desalojo-14-jun.jpg\"><img loading=\"lazy\" decoding=\"async\" class=\"size-medium wp-image-40107\" src=\"http:\/\/www.eloriente.net\/home\/wp-content\/uploads\/2015\/10\/desalojo-14-jun-300x219.jpg\" alt=\"Fuente: Al Margen\" width=\"300\" height=\"219\" srcset=\"https:\/\/www.eloriente.net\/home\/wp-content\/uploads\/2015\/10\/desalojo-14-jun-300x219.jpg 300w, https:\/\/www.eloriente.net\/home\/wp-content\/uploads\/2015\/10\/desalojo-14-jun.jpg 640w\" sizes=\"(max-width: 300px) 100vw, 300px\" \/><\/a><figcaption id=\"caption-attachment-40107\" class=\"wp-caption-text\">Fuente: Al Margen<\/figcaption><\/figure>\n<p><strong>OTRAS ENTRADAS<\/strong><\/p>\n<div class=\"featuredpost\">\n<div class=\"flow_hide\">\n<h2 class=\"posttitle bigposttitle\"><a title=\"Enlace Permanente a Extranjeros prefieren Guanajuato\" href=\"http:\/\/www.eloriente.net\/home\/2015\/10\/28\/extranjeros-prefieren-guanajuato\/\" rel=\"bookmark\">Extranjeros prefieren Guanajuato<\/a><\/h2>\n<\/div>\n<p>eloriente.net\/SECTUR 28 de octubre de 2015 \u2022En Guanajuato se increment\u00f3 5% la llegada de turistas nacionales y 6.4% arribo de internacionales en lo que va de 2015. \u2022Entre\u2026<\/p>\n<p class=\"postmeta\"><span class=\"meta_date\">octubre 28, 2015<\/span><\/p>\n<\/div>\n<div class=\"featuredpost\">\n<div class=\"flow_hide\">\n<p><a href=\"http:\/\/www.eloriente.net\/home\/2015\/10\/27\/ley-general-de-juventud-por-alejandra-silva-soriano\/\" rel=\"bookmark\"><img decoding=\"async\" class=\"alignleft\" title=\"Ley General de Juventud, por Alejandra Silva Soriano\" src=\"http:\/\/www.eloriente.net\/home\/wp-content\/themes\/city-desk\/timthumb.php?src=http%3A%2F%2Fwww.eloriente.net%2Fhome%2Fwp-content%2Fuploads%2F2015%2F10%2FJ%C3%B3venes.jpg&amp;q=90&amp;w=70&amp;h=45&amp;zc=1\" alt=\"Ley General de Juventud, por Alejandra Silva Soriano\" \/><\/a><\/p>\n<h2 class=\"posttitle \"><a title=\"Enlace Permanente a Ley General de Juventud, por Alejandra Silva Soriano\" href=\"http:\/\/www.eloriente.net\/home\/2015\/10\/27\/ley-general-de-juventud-por-alejandra-silva-soriano\/\" rel=\"bookmark\">Ley General de Juventud, por Alejandra Silva Soriano<\/a><\/h2>\n<\/div>\n<p>(www.eloriente.net, M\u00e9xico a 27 de octubre de 2015, por Alejandra Silva Soriano).- Durante a\u00f1os, desde la trinchera ciudadana, se ha analizado la situaci\u00f3n en\u00a0que nos encontramos las y\u2026<\/p>\n<p class=\"postmeta\"><span class=\"meta_date\">octubre 27, 2015<\/span><\/p>\n<\/div>\n<div class=\"featuredpost\">\n<div class=\"flow_hide\">\n<p><a href=\"http:\/\/www.eloriente.net\/home\/2015\/10\/26\/pobreza-y-desarrollo-social-en-revista-clacso-consultala-integra\/\" rel=\"bookmark\"><img decoding=\"async\" class=\"alignleft\" title=\"Pobreza y Desarrollo Social en Revista CLACSO; cons\u00faltala \u00edntegra\" src=\"http:\/\/www.eloriente.net\/home\/wp-content\/themes\/city-desk\/timthumb.php?src=http%3A%2F%2Fwww.eloriente.net%2Fhome%2Fwp-content%2Fuploads%2F2015%2F10%2FRevista-latinoamericana-de-investigaci%C3%B3n-cr%C3%ADtica-3.png&amp;q=90&amp;w=70&amp;h=45&amp;zc=1\" alt=\"Pobreza y Desarrollo Social en Revista CLACSO; cons\u00faltala \u00edntegra\" \/><\/a><\/p>\n<h2 class=\"posttitle \"><a title=\"Enlace Permanente a Pobreza y Desarrollo Social en Revista CLACSO; cons\u00faltala \u00edntegra\" href=\"http:\/\/www.eloriente.net\/home\/2015\/10\/26\/pobreza-y-desarrollo-social-en-revista-clacso-consultala-integra\/\" rel=\"bookmark\">Pobreza y Desarrollo Social en Revista CLACSO; cons\u00faltala \u00edntegra<\/a><\/h2>\n<\/div>\n<p>(www.eloriente.net, M\u00e9xico, a 26 de octubre de 2015, por Valery L\u00f3pez).- De la mano del Consejo Latinoamericano de Ciencias Sociales (CLACSO), nos llega el tercer n\u00famero de\u2026<\/p>\n<p class=\"postmeta\"><span class=\"meta_date\">octubre 26, 2015<\/span><\/p>\n<\/div>\n\n\t\t\t  <div \n\t\t\t  \tclass = \"fb-comments\" \n\t\t\t  \tdata-href = \"https:\/\/www.eloriente.net\/home\/2015\/10\/30\/nueve-anos-de-la-crisis-magisterial-los-cambios-minimos-por-adrian-ortiz\/\"\n\t\t\t  \tdata-numposts = \"10\"\n\t\t\t\tdata-colorscheme = \"dark\"\n\t\t\t\tdata-order-by = \"social\"\n\t\t\t\tdata-mobile=true>\n\t\t\t  <\/div>\n\t\t  <style>\n\t\t\t.fb_iframe_widget_fluid_desktop iframe {\n\t\t\t    width: 100% !important;\n\t\t\t}\n\t\t  <\/style>\n\t\t  ","protected":false},"excerpt":{"rendered":"<p>&nbsp; (www.eloriente.net, M\u00e9xico, a 30 de octubre de 2015, por Adri\u00e1n Ortiz Romero\/Al Margen).-\u00a0Han pasado exactamente nueve a\u00f1os de la incursi\u00f3n de la entonces denominada Polic\u00eda Federal Preventiva a la capital oaxaque\u00f1a, para disolver los disturbios que encabezaban los profesores de la Secci\u00f3n 22 del SNTE, e integrantes de la Asamblea Popular del Pueblo de [&hellip;]<\/p>\n","protected":false},"author":2,"featured_media":40107,"comment_status":"open","ping_status":"open","sticky":false,"template":"","format":"standard","meta":{"_jetpack_memberships_contains_paid_content":false,"footnotes":""},"categories":[38,11,32,63,464,21],"tags":[1671,1717,2391,4906,879,277,4907,73,374,373],"class_list":["post-40106","post","type-post","status-publish","format-standard","has-post-thumbnail","hentry","category-adrian-ortiz-romero","category-colaboradores","category-entradas","category-estados","category-oaxaca-estados","category-politica-y-gobierno","tag-1671","tag-adrian-ortiz-romero-2","tag-appo","tag-asamblea-popular-de-los-pueblos-de-oaxaca","tag-columna","tag-gobierno","tag-movimiento","tag-oaxaca","tag-seccion-22","tag-snte"],"jetpack_featured_media_url":"https:\/\/www.eloriente.net\/home\/wp-content\/uploads\/2015\/10\/desalojo-14-jun.jpg","jetpack_sharing_enabled":true,"_links":{"self":[{"href":"https:\/\/www.eloriente.net\/home\/wp-json\/wp\/v2\/posts\/40106"}],"collection":[{"href":"https:\/\/www.eloriente.net\/home\/wp-json\/wp\/v2\/posts"}],"about":[{"href":"https:\/\/www.eloriente.net\/home\/wp-json\/wp\/v2\/types\/post"}],"author":[{"embeddable":true,"href":"https:\/\/www.eloriente.net\/home\/wp-json\/wp\/v2\/users\/2"}],"replies":[{"embeddable":true,"href":"https:\/\/www.eloriente.net\/home\/wp-json\/wp\/v2\/comments?post=40106"}],"version-history":[{"count":2,"href":"https:\/\/www.eloriente.net\/home\/wp-json\/wp\/v2\/posts\/40106\/revisions"}],"predecessor-version":[{"id":40109,"href":"https:\/\/www.eloriente.net\/home\/wp-json\/wp\/v2\/posts\/40106\/revisions\/40109"}],"wp:featuredmedia":[{"embeddable":true,"href":"https:\/\/www.eloriente.net\/home\/wp-json\/wp\/v2\/media\/40107"}],"wp:attachment":[{"href":"https:\/\/www.eloriente.net\/home\/wp-json\/wp\/v2\/media?parent=40106"}],"wp:term":[{"taxonomy":"category","embeddable":true,"href":"https:\/\/www.eloriente.net\/home\/wp-json\/wp\/v2\/categories?post=40106"},{"taxonomy":"post_tag","embeddable":true,"href":"https:\/\/www.eloriente.net\/home\/wp-json\/wp\/v2\/tags?post=40106"}],"curies":[{"name":"wp","href":"https:\/\/api.w.org\/{rel}","templated":true}]}}