{"id":40658,"date":"2015-11-13T08:57:28","date_gmt":"2015-11-13T14:57:28","guid":{"rendered":"http:\/\/www.eloriente.net\/home\/?p=40658"},"modified":"2015-11-13T08:57:28","modified_gmt":"2015-11-13T14:57:28","slug":"autopista-a-puerto-escondido-y-huatulco-tendra-presupuesto-2016-85-mmdp-para-oaxaca","status":"publish","type":"post","link":"https:\/\/www.eloriente.net\/home\/2015\/11\/13\/autopista-a-puerto-escondido-y-huatulco-tendra-presupuesto-2016-85-mmdp-para-oaxaca\/","title":{"rendered":"Autopista a Puerto Escondido y Huatulco tendr\u00e1 presupuesto 2016; 85 MMDP para #Oaxaca"},"content":{"rendered":"<p><script src=\"\/\/pagead2.googlesyndication.com\/pagead\/js\/adsbygoogle.js\" async=\"\"><\/script><!-- BANNER ELORIENTE INCRUSTADO NOTAS --> <ins class=\"adsbygoogle\" style=\"display: inline-block; width: 300px; height: 250px;\" data-ad-client=\"ca-pub-1136171134853753\" data-ad-slot=\"7974633627\"><\/ins><script>\/\/ <![CDATA[\n(adsbygoogle = window.adsbygoogle || []).push({});\n\/\/ ]]><\/script><br \/>\neloriente.net\/GobOax<\/p>\n<p>13 de noviembre de 2015<\/p>\n<p class=\"\"><b>Ciudad de M\u00e9xico, D.F.-<\/b>\u00a0El Pleno de la Sexag\u00e9sima Tercera Legislatura del Congreso de la Uni\u00f3n, autoriz\u00f3 al filo de la media noche el Presupuesto de Egresos de la Federaci\u00f3n (PEF) correspondiente al a\u00f1o fiscal 2016, asignando al Estado de Oaxaca un monto de 85 mil 500 millones de pesos, lo que representa 2.3% m\u00e1s que el presupuesto autorizado para el ejercicio 2015, el cual ascendi\u00f3 a 83 mil millones de pesos.<\/p>\n<p class=\"\">Este hist\u00f3rico presupuesto es resultado del trabajo conjunto y coordinado entre el Gobierno del Estado y los legisladores federales oaxaque\u00f1os, cuya suma de esfuerzos y al margen de ideolog\u00edas partidistas, se ha visto reflejado en el significativo incremento presupuestal asignado a diversos programas y proyectos que impactar\u00e1n eficazmente en el abatimiento de rezagos y carencias de los oaxaque\u00f1os, coincidieron en se\u00f1alar el Representante del Gobierno del Estado en el Distrito Federal, Hugo Tulio F\u00e9lix Cl\u00edmaco y el Subsecretario de Planeaci\u00f3n e Inversi\u00f3n P\u00fablica de la Secretar\u00eda de Finanzas (SEFIN), Alberto Ben\u00edtez Tiburcio.<\/p>\n<p class=\"\">Los funcionarios, quienes estuvieron presentes a lo largo del proceso de integraci\u00f3n presupuestal 2016, precisaron que pese a que el gasto neto nacional del Presupuesto de Egresos de la Federaci\u00f3n disminuy\u00f3 un 1.9%, el Congreso de la Uni\u00f3n, lejos de disminuir los recursos federales a la entidad, aument\u00f3 dos mil 500 millones de pesos m\u00e1s que en 2015, alcanzando un presupuesto de 85 mil 500 millones de pesos para el pr\u00f3ximo a\u00f1o.<\/p>\n<p class=\"\">Al conocer el monto presupuestal asignado a Oaxaca, el Gobernador Gabino Cu\u00e9 Monteagudo expres\u00f3 su satisfacci\u00f3n por la decisi\u00f3n legislativa, al tiempo de agradecer la gesti\u00f3n y acompa\u00f1amiento de las y los diputados de la LXIII Legislatura del Congreso de la Uni\u00f3n -sobre todo- a la suma de esfuerzos y voluntades de la bancada oaxaque\u00f1a representada en la C\u00e1mara de Diputados y el Senado de la Rep\u00fablica, cuya respaldo fue decisivo para alcanzar un presupuesto federal acorde a las necesidades de la entidad.<\/p>\n<p class=\"\">Asimismo, el Jefe del Poder Ejecutivo Estatal expres\u00f3 a nombre del Pueblo y Gobierno de Oaxaca, el reconocimiento y gratitud al Gobierno del Presidente Enrique Pe\u00f1a Nieto, cuya voluntad pol\u00edtica y colaboraci\u00f3n institucional con Oaxaca, ha sido evidente con la asignaci\u00f3n presupuestal otorgada a la entidad.<\/p>\n<p class=\"\">Al igual que en los ejercicios anteriores, el Gobernador Gabino Cu\u00e9 afirm\u00f3 que el presupuesto para 2016, ser\u00e1 ejercido de manera transparente, eficiente y con responsabilidad, sin m\u00e1s prop\u00f3sito que continuar y concluir importantes obras de infraestructura social y productiva que se realizan en la entidad, as\u00ed como un conjunto de proyectos estrat\u00e9gicos que se desarrollan a lo largo y ancho del territorio estatal.<\/p>\n<p><script src=\"\/\/pagead2.googlesyndication.com\/pagead\/js\/adsbygoogle.js\" async=\"\"><\/script><!-- BANNER PEQUE\u00d1O PARA ENTRENOTAS EL ORIENTE --> <ins class=\"adsbygoogle\" style=\"display: inline-block; width: 468px; height: 60px;\" data-ad-client=\"ca-pub-1136171134853753\" data-ad-slot=\"4953536424\"><\/ins><script>\/\/ <![CDATA[\n(adsbygoogle = window.adsbygoogle || []).push({});\n\/\/ ]]><\/script><\/p>\n<p class=\"\" align=\"center\"><b>Integraci\u00f3n Presupuestal 2016<\/b><\/p>\n<p class=\"\">Es de se\u00f1alar que para el ejercicio fiscal 2016, el sector carretero logr\u00f3 recursos del orden de los 1,500 millones de pesos, para la continuaci\u00f3n de la autopista Oaxaca- Puerto Escondido-Huatulco, as\u00ed como para el Eje 15 y la Carretera Trans\u00edstmica (Tramo Acayucan-La Ventosa), lo que permitir\u00e1 la modernizaci\u00f3n y conclusi\u00f3n de \u00e9stas y otras v\u00edas de comunicaci\u00f3n.<\/p>\n<p class=\"\">Asimismo, la iniciativa del Gobierno de la Rep\u00fablica de apuntalar la Zona Econ\u00f3mica Especial del Istmo de Tehuantepec, se vio reflejada con la asignaci\u00f3n en 2016, de 5 mil millones de pesos asignados a proyectos estrat\u00e9gicos en esta importante regi\u00f3n de la entidad.<\/p>\n<p class=\"\">La bolsa global de estos recursos se destinar\u00e1, entre otros proyectos, a la modernizaci\u00f3n del Aeropuerto de Ciudad Ixtepec; el proyecto de infraestructura ferroviaria; la culminaci\u00f3n de la carretera Mitla \u2013Tehuantepec, adem\u00e1s de la modernizaci\u00f3n de la refiner\u00eda \u00abAntonio Doval\u00ed\u00bb de Salina Cruz.<\/p>\n<p class=\"\">El Ramo 33 registr\u00f3 un importante crecimiento del 10% respecto al a\u00f1o anterior, equivalentes a cerca de 3 mil millones de pesos m\u00e1s, los cuales se emplear\u00e1n para obras de desarrollo social, como infraestructura educativa, salud, combate a la pobreza y asistencia social, entre otras.<\/p>\n<p class=\"\">En tanto que el Ramo 20 increment\u00f3 un 3% respecto al a\u00f1o anterior, con lo cual se dar\u00e1 continuidad a los programas sociales para disminuir las brechas de desigualdad y combatir los rezagos hist\u00f3ricos de Oaxaca.<\/p>\n<p class=\"\"><a href=\"http:\/\/www.eloriente.net\/home\/wp-content\/uploads\/2013\/03\/san-lazaro.jpg\"><img loading=\"lazy\" decoding=\"async\" class=\"alignnone size-medium wp-image-9647\" src=\"http:\/\/www.eloriente.net\/home\/wp-content\/uploads\/2013\/03\/san-lazaro-235x300.jpg\" alt=\"San Lazaro\" width=\"235\" height=\"300\" srcset=\"https:\/\/www.eloriente.net\/home\/wp-content\/uploads\/2013\/03\/san-lazaro-235x300.jpg 235w, https:\/\/www.eloriente.net\/home\/wp-content\/uploads\/2013\/03\/san-lazaro-804x1024.jpg 804w, https:\/\/www.eloriente.net\/home\/wp-content\/uploads\/2013\/03\/san-lazaro.jpg 1006w\" sizes=\"(max-width: 235px) 100vw, 235px\" \/><\/a><\/p>\n<p class=\"\"><strong>OTRAS ENTRADAS:<\/strong><\/p>\n<div class=\"featuredpost\">\n<div class=\"flow_hide\">\n<h2 class=\"posttitle bigposttitle\"><a title=\"Enlace Permanente a Mexicano Fernando del Paso es Premio Cervantes 2015\" href=\"http:\/\/www.eloriente.net\/home\/2015\/11\/12\/mexicano-fernando-del-paso-es-premio-cervantes-2015\/\" rel=\"bookmark\">Mexicano Fernando del Paso es Premio Cervantes 2015<\/a><\/h2>\n<\/div>\n<p>eloriente.net\/MECD 12 de noviembre de 2015 Fernando del Paso ha sido galardonado hoy con el Premio de Literatura en Lengua Castellana Miguel de Cervantes 2015. El fallo del\u2026<\/p>\n<p class=\"postmeta\"><span class=\"meta_date\">noviembre 12, 2015<\/span><\/p>\n<div class=\"toolbar-social\">\n<div class=\"social-widget\">\n<div id=\"sharing-widget\"><a class=\"button icon-share\">Compartir<\/a><span class=\"share-count\">0<\/span><\/div>\n<\/div>\n<\/div>\n<\/div>\n<div class=\"featuredpost\">\n<div class=\"flow_hide\"><a href=\"http:\/\/www.eloriente.net\/home\/2015\/11\/12\/149-mil-docentes-a-evaluacion-educativa-sep\/\" rel=\"bookmark\"><img decoding=\"async\" class=\"alignleft\" title=\"149 mil docentes a evaluaci\u00f3n educativa: SEP\" src=\"http:\/\/www.eloriente.net\/home\/wp-content\/themes\/city-desk\/timthumb.php?src=http%3A%2F%2Fwww.eloriente.net%2Fhome%2Fwp-content%2Fuploads%2F2015%2F11%2FNu%C3%B1o-Pe%C3%B1a-Castro-SEP-facebook.png&amp;q=90&amp;w=70&amp;h=45&amp;zc=1\" alt=\"149 mil docentes a evaluaci\u00f3n educativa: SEP\" \/><\/a><\/p>\n<h2 class=\"posttitle \"><a title=\"Enlace Permanente a 149 mil docentes a evaluaci\u00f3n educativa: SEP\" href=\"http:\/\/www.eloriente.net\/home\/2015\/11\/12\/149-mil-docentes-a-evaluacion-educativa-sep\/\" rel=\"bookmark\">149 mil docentes a evaluaci\u00f3n educativa: SEP<\/a><\/h2>\n<\/div>\n<p>eloriente.net\/SEP 12 de noviembre de 2015 \u2022 Del 14 de noviembre al 13 de diciembre se aplicar\u00e1n los instrumentos de la evaluaci\u00f3n del desempe\u00f1o para docentes y directores\u2026<\/p>\n<p class=\"postmeta\"><span class=\"meta_date\">noviembre 12, 2015<\/span><\/p>\n<div class=\"toolbar-social\">\n<div class=\"social-widget\">\n<div id=\"sharing-widget\"><a class=\"button icon-share\">Compartir<\/a><span class=\"share-count\">0<\/span><\/div>\n<\/div>\n<\/div>\n<\/div>\n\n\t\t\t  <div \n\t\t\t  \tclass = \"fb-comments\" \n\t\t\t  \tdata-href = \"https:\/\/www.eloriente.net\/home\/2015\/11\/13\/autopista-a-puerto-escondido-y-huatulco-tendra-presupuesto-2016-85-mmdp-para-oaxaca\/\"\n\t\t\t  \tdata-numposts = \"10\"\n\t\t\t\tdata-colorscheme = \"dark\"\n\t\t\t\tdata-order-by = \"social\"\n\t\t\t\tdata-mobile=true>\n\t\t\t  <\/div>\n\t\t  <style>\n\t\t\t.fb_iframe_widget_fluid_desktop iframe {\n\t\t\t    width: 100% !important;\n\t\t\t}\n\t\t  <\/style>\n\t\t  ","protected":false},"excerpt":{"rendered":"<p>eloriente.net\/GobOax 13 de noviembre de 2015 Ciudad de M\u00e9xico, D.F.-\u00a0El Pleno de la Sexag\u00e9sima Tercera Legislatura del Congreso de la Uni\u00f3n, autoriz\u00f3 al filo de la media noche el Presupuesto de Egresos de la Federaci\u00f3n (PEF) correspondiente al a\u00f1o fiscal 2016, asignando al Estado de Oaxaca un monto de 85 mil 500 millones de pesos, [&hellip;]<\/p>\n","protected":false},"author":1,"featured_media":2127,"comment_status":"open","ping_status":"open","sticky":false,"template":"","format":"standard","meta":{"_jetpack_memberships_contains_paid_content":false,"footnotes":""},"categories":[29,1588,91,32,63,24,464,21],"tags":[5047,2449,5048],"class_list":["post-40658","post","type-post","status-publish","format-standard","has-post-thumbnail","hentry","category-capital","category-comunicados-y-boletines","category-congreso-y-justicia","category-entradas","category-estados","category-mexico-y-el-mundo","category-oaxaca-estados","category-politica-y-gobierno","tag-camara-de-diputados-y-presupuesto","tag-congreso-de-la-union","tag-presupuesto-de-egresos-2016"],"jetpack_featured_media_url":"https:\/\/www.eloriente.net\/home\/wp-content\/uploads\/2012\/08\/palacio-de-san-lazaro-flickr.jpg","jetpack_sharing_enabled":true,"_links":{"self":[{"href":"https:\/\/www.eloriente.net\/home\/wp-json\/wp\/v2\/posts\/40658"}],"collection":[{"href":"https:\/\/www.eloriente.net\/home\/wp-json\/wp\/v2\/posts"}],"about":[{"href":"https:\/\/www.eloriente.net\/home\/wp-json\/wp\/v2\/types\/post"}],"author":[{"embeddable":true,"href":"https:\/\/www.eloriente.net\/home\/wp-json\/wp\/v2\/users\/1"}],"replies":[{"embeddable":true,"href":"https:\/\/www.eloriente.net\/home\/wp-json\/wp\/v2\/comments?post=40658"}],"version-history":[{"count":1,"href":"https:\/\/www.eloriente.net\/home\/wp-json\/wp\/v2\/posts\/40658\/revisions"}],"predecessor-version":[{"id":40659,"href":"https:\/\/www.eloriente.net\/home\/wp-json\/wp\/v2\/posts\/40658\/revisions\/40659"}],"wp:featuredmedia":[{"embeddable":true,"href":"https:\/\/www.eloriente.net\/home\/wp-json\/wp\/v2\/media\/2127"}],"wp:attachment":[{"href":"https:\/\/www.eloriente.net\/home\/wp-json\/wp\/v2\/media?parent=40658"}],"wp:term":[{"taxonomy":"category","embeddable":true,"href":"https:\/\/www.eloriente.net\/home\/wp-json\/wp\/v2\/categories?post=40658"},{"taxonomy":"post_tag","embeddable":true,"href":"https:\/\/www.eloriente.net\/home\/wp-json\/wp\/v2\/tags?post=40658"}],"curies":[{"name":"wp","href":"https:\/\/api.w.org\/{rel}","templated":true}]}}