{"id":40824,"date":"2015-11-19T16:24:34","date_gmt":"2015-11-19T22:24:34","guid":{"rendered":"http:\/\/www.eloriente.net\/home\/?p=40824"},"modified":"2015-11-19T16:24:34","modified_gmt":"2015-11-19T22:24:34","slug":"buscan-autoridades-mejorar-imparticion-de-justicia-en-comunidades","status":"publish","type":"post","link":"https:\/\/www.eloriente.net\/home\/2015\/11\/19\/buscan-autoridades-mejorar-imparticion-de-justicia-en-comunidades\/","title":{"rendered":"Buscan autoridades mejorar impartici\u00f3n de justicia en comunidades"},"content":{"rendered":"<p><script src=\"\/\/pagead2.googlesyndication.com\/pagead\/js\/adsbygoogle.js\" async=\"\"><\/script><!-- BANNER ELORIENTE INCRUSTADO NOTAS --> <ins class=\"adsbygoogle\" style=\"display: inline-block; width: 300px; height: 250px;\" data-ad-client=\"ca-pub-1136171134853753\" data-ad-slot=\"7974633627\"><\/ins><script>\/\/ <![CDATA[\n(adsbygoogle = window.adsbygoogle || []).push({});\n\/\/ ]]><\/script><\/p>\n<p>&nbsp;<\/p>\n<p>eloriente.net\/CEPIADET<\/p>\n<p>19 de noviembre de 2015<\/p>\n<p>En el marco de la realizaci\u00f3n de la reuni\u00f3n de\u00a0autoridades denominada \u201cDialogando entre justicias\u201d, Rosario G\u00f3mez Hern\u00e1ndez,\u00a0autoridad del municipio San Crist\u00f3bal Amoltepec, perteneciente al distrito de\u00a0Tlaxiaco, Oaxaca, manifest\u00f3 que \u201cnos ponen en un lugar m\u00e1s peque\u00f1o pero yo no\u00a0comparto esa opini\u00f3n; porque nosotros (las comunidades) hemos sido durante\u00a0muchos a\u00f1os, durante mucho tiempo, capaces de resolver nuestros propios conflictos\u00bb.<\/p>\n<p>Explic\u00f3 que desde la ley se considera a las autoridades de los pueblos y comunidades\u00a0ind\u00edgenas, en especial al s\u00edndico y alcalde como \u201cauxiliares\u201d del agente del ministerio\u00a0p\u00fablico y del juez, y esto impl\u00edcitamente coloca a las autoridades en un nivel de\u00a0subordinaci\u00f3n respecto de las otras pero realmente son autoridades iguales que ellos\u00a0y que hist\u00f3ricamente han resuelto conflictos.<\/p>\n<p>Por su parte, el s\u00edndico de Santo Tom\u00e1s Ocototepec, Godofredo Vidal Silva Ram\u00edrez,\u00a0resalt\u00f3 que a ra\u00edz de los conflictos que se han presentado recientemente en la regi\u00f3n\u00a0como Santa Mar\u00eda Yucunicoco, Juxtlahuaca, por la incursi\u00f3n polic\u00edaca en la comunidad,\u00a0\u201ces importante generar una comunicaci\u00f3n entre nosotros como autoridades que\u00a0impartimos justicia para llegar a una coordinaci\u00f3n y atender estos asuntos\u201d.<\/p>\n<p>De esta forma, Ren\u00e9 Javier P\u00e9rez Medina, s\u00edndico de Santa Mar\u00eda Yucuiti, Tlaxiaco,\u00a0Oaxaca, resalt\u00f3 que \u201cno estamos peleados\u201d y por ello es necesario establecer\u00a0mecanismos de coordinaci\u00f3n de las autoridades ind\u00edgenas con los agentes del\u00a0ministerio p\u00fablico y jueces, para as\u00ed aplicar justicia que es el principal reclamo de la ciudadan\u00eda.<\/p>\n<p><script src=\"\/\/pagead2.googlesyndication.com\/pagead\/js\/adsbygoogle.js\" async=\"\"><\/script><!-- BANNER PEQUE\u00d1O PARA ENTRENOTAS EL ORIENTE --> <ins class=\"adsbygoogle\" style=\"display: inline-block; width: 468px; height: 60px;\" data-ad-client=\"ca-pub-1136171134853753\" data-ad-slot=\"4953536424\"><\/ins><script>\/\/ <![CDATA[\n(adsbygoogle = window.adsbygoogle || []).push({});\n\/\/ ]]><\/script><\/p>\n<p>Las anteriores afirmaciones se dieron en la reuni\u00f3n de autoridades denominada\u00a0\u201cDialogando entre justicias\u201d que fue convocada y realizada este d\u00eda por el Centro\u00a0Profesional Ind\u00edgena de Asesor\u00eda, Defensa y Traducci\u00f3n, Asociaci\u00f3n Civil (CEPIADET\u00a0A.C.). Al evento asistieron autoridades de Santo Tom\u00e1s Ocototepec, Santa Mar\u00eda\u00a0Yucuiti, San Crist\u00f3bal Amoltepec, Santiago Nuyoo, Santiago Yosond\u00faa, Magdalena\u00a0Pe\u00f1asco, as\u00ed como, Gonzalo Alav\u00e9z Mart\u00ednez, Guillermina Ortega Dom\u00ednguez, Alicia\u00a0Magali Medina, fiscal en jefe, juez de garant\u00edas y juez mixto de primera instancia, todos\u00a0con residencia en Tlaxiaco, respectivamente. Tambi\u00e9n particip\u00f3 Elizabeth M\u00e1rquez\u00a0Gonz\u00e1lez, jefa del departamento de prevenci\u00f3n de la violencia de g\u00e9nero del Instituto\u00a0de la Mujer Oaxaque\u00f1a (IMO) y Katia Itzel Hern\u00e1ndez V\u00e1squez, capacitadora de la\u00a0Oficina Regional de la Defensor\u00eda de Derechos Humanos del Pueblo de Oaxaca (DDHPO).<\/p>\n<p>Esta actividad se debe a que en las giras regionales que desarroll\u00f3 el CEPIADET el a\u00f1o\u00a0pasado, las autoridades ind\u00edgenas manifestaron que \u201comiten resolver asuntos por el\u00a0temor a futuras demandas en su contra o por la intervenci\u00f3n de instancias estatales o\u00a0federales\u201d. Sin embargo, en todos los casos, hay un inter\u00e9s en encontrar posibilidades\u00a0de mejorar las condiciones de la impartici\u00f3n de justicia en sus comunidades; y por lo\u00a0tanto, en mejorar la vida en general de sus comunidades.<\/p>\n<p>En este contexto, la existencia en Oaxaca de un pluralismo jur\u00eddico que se traduce en\u00a0una multiplicidad de sistemas de justicias que coexisten en un mismo espacio, el\u00a0funcionamiento de uno y otro debe ir aparejado de una coordinaci\u00f3n para hacerlos\u00a0m\u00e1s eficaces y garantistas de los derechos humanos que constituye condici\u00f3n\u00a0necesaria de toda sociedad democr\u00e1tica, as\u00ed como garantizar el pleno acceso de los\u00a0ind\u00edgenas a la justicia. De otra forma, habr\u00eda invasi\u00f3n de competencias, subordinaci\u00f3n\u00a0de sistemas, doble juzgamiento, entre otros aspectos que son contrarios a derecho.<\/p>\n<p>Las actividades se desarrollar\u00e1n en las regiones Mixteca, Cuenca del Papaloap\u00e1n,\u00a0Istmo y Costa, y fungen como facilitadores la Maestra Judith Bautista P\u00e9rez, del\u00a0Colectivo para Eliminar el Racismo en M\u00e9xico, y el Lic. Gerardo Mart\u00ednez Ortega,\u00a0integrante del CEPIADET.<\/p>\n<p><a href=\"http:\/\/www.eloriente.net\/home\/wp-content\/uploads\/2015\/11\/IMG_8388.jpg\"><img loading=\"lazy\" decoding=\"async\" class=\"alignnone size-medium wp-image-40825\" src=\"http:\/\/www.eloriente.net\/home\/wp-content\/uploads\/2015\/11\/IMG_8388-300x200.jpg\" alt=\"IMG_8388\" width=\"300\" height=\"200\" srcset=\"https:\/\/www.eloriente.net\/home\/wp-content\/uploads\/2015\/11\/IMG_8388-300x200.jpg 300w, https:\/\/www.eloriente.net\/home\/wp-content\/uploads\/2015\/11\/IMG_8388-1024x683.jpg 1024w, https:\/\/www.eloriente.net\/home\/wp-content\/uploads\/2015\/11\/IMG_8388-900x600.jpg 900w\" sizes=\"(max-width: 300px) 100vw, 300px\" \/><\/a><\/p>\n<p><strong>OTRAS ENTRADAS<\/strong><\/p>\n<div class=\"featuredpost\">\n<div class=\"flow_hide\">\n<h2 class=\"posttitle bigposttitle\"><a title=\"Enlace Permanente a Amplia presencia oaxaque\u00f1a en la Segunda Muestra Internacional de Cine y Video Ind\u00edgena\" href=\"http:\/\/www.eloriente.net\/home\/2015\/11\/19\/amplia-presencia-oaxaquena-en-la-segunda-muestra-internacional-de-cine-y-video-indigena\/\" rel=\"bookmark\">Amplia presencia oaxaque\u00f1a en la Segunda Muestra Internacional de Cine y Video Ind\u00edgena<\/a><\/h2>\n<\/div>\n<p>(www.eloriente.net, M\u00e9xico, a 19 de noviembre de 2015, por Valery L\u00f3pez).- Del 18 al 29 de noviembre se realizar\u00e1 la segunda Muestra Internacional de Cine y Video\u2026<\/p>\n<p class=\"postmeta\"><span class=\"meta_date\">noviembre 19, 2015<\/span><\/p>\n<div class=\"toolbar-social\"><\/div>\n<\/div>\n<div class=\"featuredpost\">\n<div class=\"flow_hide\"><a href=\"http:\/\/www.eloriente.net\/home\/2015\/11\/17\/escribir-un-paper-ultima-parte-por-diego-gonzalez-algara\/\" rel=\"bookmark\"><img decoding=\"async\" class=\"alignleft\" title=\"Escribir un Paper: \u00faltima parte. Por Diego Gonz\u00e1lez Algara\" src=\"http:\/\/www.eloriente.net\/home\/wp-content\/themes\/city-desk\/timthumb.php?src=http%3A%2F%2Fwww.eloriente.net%2Fhome%2Fwp-content%2Fuploads%2F2015%2F11%2Ffoto-ensayo.jpg&amp;q=90&amp;w=70&amp;h=45&amp;zc=1\" alt=\"Escribir un Paper: \u00faltima parte. Por Diego Gonz\u00e1lez Algara\" \/><\/a><\/p>\n<h2 class=\"posttitle \"><a title=\"Enlace Permanente a Escribir un Paper: \u00faltima parte. Por Diego Gonz\u00e1lez Algara\" href=\"http:\/\/www.eloriente.net\/home\/2015\/11\/17\/escribir-un-paper-ultima-parte-por-diego-gonzalez-algara\/\" rel=\"bookmark\">Escribir un Paper: \u00faltima parte. Por Diego Gonz\u00e1lez Algara<\/a><\/h2>\n<\/div>\n<p>(www.eloriente.net, M\u00e9xico, a 17 de noviembre de 2015, por Diego Gonz\u00e1lez Algara).-\u00a0En este texto continuamos con algunas recomendaciones para escribir un Art\u00edculo Acad\u00e9mico\u00a0(AA) o paper. En el\u2026<\/p>\n<p class=\"postmeta\"><span class=\"meta_date\">noviembre 17, 2015<\/span><\/p>\n<div class=\"toolbar-social\"><\/div>\n<\/div>\n<div class=\"featuredpost\">\n<div class=\"flow_hide\"><a href=\"http:\/\/www.eloriente.net\/home\/2015\/11\/17\/video-gol-de-cortes-por-mexico-el-mejor-de-mundial-sub-17\/\" rel=\"bookmark\"><img decoding=\"async\" class=\"alignleft\" title=\"Video: Gol de Cort\u00e9s por M\u00e9xico, el mejor de Mundial Sub-17\" src=\"http:\/\/www.eloriente.net\/home\/wp-content\/themes\/city-desk\/timthumb.php?src=http%3A%2F%2Fwww.eloriente.net%2Fhome%2Fwp-content%2Fuploads%2F2015%2F11%2FDiego-Cort%C3%A9s-%40seleccion-nacional-de-mexico.jpg&amp;q=90&amp;w=70&amp;h=45&amp;zc=1\" alt=\"Video: Gol de Cort\u00e9s por M\u00e9xico, el mejor de Mundial Sub-17\" \/><\/a><\/p>\n<h2 class=\"posttitle \"><a title=\"Enlace Permanente a Video: Gol de Cort\u00e9s por M\u00e9xico, el mejor de Mundial Sub-17\" href=\"http:\/\/www.eloriente.net\/home\/2015\/11\/17\/video-gol-de-cortes-por-mexico-el-mejor-de-mundial-sub-17\/\" rel=\"bookmark\">Video: Gol de Cort\u00e9s por M\u00e9xico, el mejor de Mundial Sub-17<\/a><\/h2>\n<\/div>\n<p>(www.eloriente.net, M\u00e9xico,\u00a017 de noviembre de 2015. Por: Fernando Cabral).- \u00a0 \u00a1Elegido c\u00f3mo el mejor gol del #MundialSub17 en #Chile!Disfruten esta obra de arte de Diego Cort\u00e9s.\u00a1Gracias por su\u2026<\/p>\n<p class=\"postmeta\"><span class=\"meta_date\">noviembre 17, 2015<\/span><\/p>\n<\/div>\n\n\t\t\t  <div \n\t\t\t  \tclass = \"fb-comments\" \n\t\t\t  \tdata-href = \"https:\/\/www.eloriente.net\/home\/2015\/11\/19\/buscan-autoridades-mejorar-imparticion-de-justicia-en-comunidades\/\"\n\t\t\t  \tdata-numposts = \"10\"\n\t\t\t\tdata-colorscheme = \"dark\"\n\t\t\t\tdata-order-by = \"social\"\n\t\t\t\tdata-mobile=true>\n\t\t\t  <\/div>\n\t\t  <style>\n\t\t\t.fb_iframe_widget_fluid_desktop iframe {\n\t\t\t    width: 100% !important;\n\t\t\t}\n\t\t  <\/style>\n\t\t  ","protected":false},"excerpt":{"rendered":"<p>&nbsp; eloriente.net\/CEPIADET 19 de noviembre de 2015 En el marco de la realizaci\u00f3n de la reuni\u00f3n de\u00a0autoridades denominada \u201cDialogando entre justicias\u201d, Rosario G\u00f3mez Hern\u00e1ndez,\u00a0autoridad del municipio San Crist\u00f3bal Amoltepec, perteneciente al distrito de\u00a0Tlaxiaco, Oaxaca, manifest\u00f3 que \u201cnos ponen en un lugar m\u00e1s peque\u00f1o pero yo no\u00a0comparto esa opini\u00f3n; porque nosotros (las comunidades) hemos sido durante\u00a0muchos [&hellip;]<\/p>\n","protected":false},"author":44,"featured_media":40825,"comment_status":"open","ping_status":"open","sticky":false,"template":"","format":"standard","meta":{"_jetpack_memberships_contains_paid_content":false,"footnotes":""},"categories":[1588,32,63,23,464,21],"tags":[5146,4724,3215,318,4725,5144,1579,5145,4587],"class_list":["post-40824","post","type-post","status-publish","format-standard","has-post-thumbnail","hentry","category-comunicados-y-boletines","category-entradas","category-estados","category-municipios","category-oaxaca-estados","category-politica-y-gobierno","tag-asociacion-civil","tag-centro-profesional-indigena-de-asesoria","tag-cepiadet","tag-comunidades","tag-defensa-y-traduccion","tag-dialogando-entre-justicias","tag-reunion","tag-santa-maria-yucuiti","tag-tlaxiaco"],"jetpack_featured_media_url":"https:\/\/www.eloriente.net\/home\/wp-content\/uploads\/2015\/11\/IMG_8388.jpg","jetpack_sharing_enabled":true,"_links":{"self":[{"href":"https:\/\/www.eloriente.net\/home\/wp-json\/wp\/v2\/posts\/40824"}],"collection":[{"href":"https:\/\/www.eloriente.net\/home\/wp-json\/wp\/v2\/posts"}],"about":[{"href":"https:\/\/www.eloriente.net\/home\/wp-json\/wp\/v2\/types\/post"}],"author":[{"embeddable":true,"href":"https:\/\/www.eloriente.net\/home\/wp-json\/wp\/v2\/users\/44"}],"replies":[{"embeddable":true,"href":"https:\/\/www.eloriente.net\/home\/wp-json\/wp\/v2\/comments?post=40824"}],"version-history":[{"count":1,"href":"https:\/\/www.eloriente.net\/home\/wp-json\/wp\/v2\/posts\/40824\/revisions"}],"predecessor-version":[{"id":40826,"href":"https:\/\/www.eloriente.net\/home\/wp-json\/wp\/v2\/posts\/40824\/revisions\/40826"}],"wp:featuredmedia":[{"embeddable":true,"href":"https:\/\/www.eloriente.net\/home\/wp-json\/wp\/v2\/media\/40825"}],"wp:attachment":[{"href":"https:\/\/www.eloriente.net\/home\/wp-json\/wp\/v2\/media?parent=40824"}],"wp:term":[{"taxonomy":"category","embeddable":true,"href":"https:\/\/www.eloriente.net\/home\/wp-json\/wp\/v2\/categories?post=40824"},{"taxonomy":"post_tag","embeddable":true,"href":"https:\/\/www.eloriente.net\/home\/wp-json\/wp\/v2\/tags?post=40824"}],"curies":[{"name":"wp","href":"https:\/\/api.w.org\/{rel}","templated":true}]}}