{"id":40871,"date":"2015-11-20T18:46:31","date_gmt":"2015-11-21T00:46:31","guid":{"rendered":"http:\/\/www.eloriente.net\/home\/?p=40871"},"modified":"2015-11-23T14:36:23","modified_gmt":"2015-11-23T20:36:23","slug":"alebrijes-a-un-paso-de-la-semifinales-en-la-liga-de-ascenso-mx","status":"publish","type":"post","link":"https:\/\/www.eloriente.net\/home\/2015\/11\/20\/alebrijes-a-un-paso-de-la-semifinales-en-la-liga-de-ascenso-mx\/","title":{"rendered":"Alebrijes a un paso de la semifinales en la Liga de Ascenso MX"},"content":{"rendered":"<p>&nbsp;<\/p>\n<p>&nbsp;<\/p>\n<p>&nbsp;<\/p>\n<p>(www.eloriente.net, M\u00e9xico, a 20 de noviembre de 2015, por Valery L\u00f3pez).-\u00a0Alebrijes tiene un paso en las semifinales de la liga de Ascenso MX, luego de vencer en su propia casa al Atlante por marcador de 2 goles a 0, en el partido de ida correspondiente a los cuartos de final.<\/p>\n<p><iframe loading=\"lazy\" src=\"https:\/\/www.youtube.com\/embed\/UibnAWfucPY\" width=\"560\" height=\"315\" frameborder=\"0\" allowfullscreen=\"allowfullscreen\"><\/iframe><\/p>\n<p>Como siempre el f\u00fatbol, tan lleno de contrastes. Mientras la afici\u00f3n oaxaque\u00f1a desborda orgullo y pasi\u00f3n por el equipo que representa a su estado.<\/p>\n<p>&nbsp;<\/p>\n<blockquote class=\"twitter-tweet\" lang=\"es\">\n<p dir=\"ltr\" lang=\"es\"><a href=\"https:\/\/twitter.com\/sanroman_san\">@sanroman_san<\/a> simplemente agradecer que siempre ponen en alto a nuestro estado, ya se va ganando el RESPETO, PURO ALEBRIJES!!!<\/p>\n<p>\u2014 Eder Reyes Quintero (@EderAzulR) <a href=\"https:\/\/twitter.com\/EderAzulR\/status\/667382400230428672\">noviembre 19, 2015<\/a><\/p><\/blockquote>\n<p><script src=\"\/\/platform.twitter.com\/widgets.js\" async=\"\" charset=\"utf-8\"><\/script>Por el otro, comentaristas deportivos (y aficionados del Atlante) como Ra\u00fal Orva\u00f1anos, Antonio de Vald\u00e9s y Antonio \u00abel Rudo\u00bb Rivera, siguen sin reponerse del golpe an\u00edmico que les provoc\u00f3 la derrota de su equipo. Sin embargo, se aferran a la esperanza de que los potros puedan remontar, mientras tanto, reconocen que el partido ser\u00e1 dif\u00edcil y que el encuentro de ida fue bien ganado por el cuadro oaxaque\u00f1o. \u00a0<\/p>\n<blockquote class=\"twitter-tweet\" lang=\"es\"><p>\n<a href=\"https:\/\/twitter.com\/Felixatlante12\">@Felixatlante12<\/a> Contra Alebrijes empezamos bien se descompuso el equipo, despues dos errores de marcacion y adios. Despues fallamosvarias<\/p>\n<p>\u2014 Ra\u00fal Orva\u00f1anos (@RaulOrvananos) <a href=\"https:\/\/twitter.com\/RaulOrvananos\/status\/667200481115017216\">noviembre 19, 2015<\/a>\n<\/p><\/blockquote>\n<p><script src=\"\/\/platform.twitter.com\/widgets.js\" async=\"\" charset=\"utf-8\"><\/script><\/p>\n<blockquote class=\"twitter-tweet\" lang=\"es\">\n<p dir=\"ltr\" lang=\"es\">Todav\u00eda sin digerir la derrota <a href=\"https:\/\/twitter.com\/Atlante\">@Atlante<\/a> <a href=\"https:\/\/twitter.com\/hashtag\/VamosAtlante?src=hash\">#VamosAtlante<\/a> <a href=\"https:\/\/twitter.com\/hashtag\/SiemprePotros?src=hash\">#SiemprePotros<\/a> <a href=\"https:\/\/twitter.com\/hashtag\/TenemosFe?src=hash\">#TenemosFe<\/a><\/p>\n<p>\u2014 Antonio de Vald\u00e9s (@adevaldes) <a href=\"https:\/\/twitter.com\/adevaldes\/status\/667315971682504704\">noviembre 19, 2015<\/a><\/p><\/blockquote>\n<p><script src=\"\/\/platform.twitter.com\/widgets.js\" async=\"\" charset=\"utf-8\"><\/script><\/p>\n<blockquote class=\"twitter-tweet\" lang=\"es\"><p>\nA todos los aficionados a los Alebrijes de Oaxaca, felicidades por el triunfo. No todo est\u00e1 escrito, dif\u00edcil si, imposible no.<\/p>\n<p>\u2014 Arturo Rivera (@rudorivera) <a href=\"https:\/\/twitter.com\/rudorivera\/status\/667321889333710848\">noviembre 19, 2015<\/a>\n<\/p><\/blockquote>\n<p><script src=\"\/\/platform.twitter.com\/widgets.js\" async=\"\" charset=\"utf-8\"><\/script><\/p>\n<p>El partido de vuelta se jugar\u00e1 este s\u00e1bado 21 de noviembre en punto de las 17:00 horas en el estadio Benito Ju\u00e1rez de Oaxaca. Alebrijes accede a las semifinales si gana, empata, o inclusive perdiendo por no m\u00e1s de 2 goles. Mientras que Atlante requiere anotar 3 goles en la casa de los oaxaque\u00f1os, y no recibir m\u00e1s de dos.<\/p>\n<p><a href=\"http:\/\/www.eloriente.net\/home\/wp-content\/uploads\/2015\/11\/Atlante-vs-alebrijes-foto-por-@alebrijes.jpg\"><img loading=\"lazy\" decoding=\"async\" class=\"alignnone size-medium wp-image-40872\" src=\"http:\/\/www.eloriente.net\/home\/wp-content\/uploads\/2015\/11\/Atlante-vs-alebrijes-foto-por-@alebrijes-300x214.jpg\" alt=\"Atlante vs alebrijes foto por @alebrijes\" width=\"300\" height=\"214\" srcset=\"https:\/\/www.eloriente.net\/home\/wp-content\/uploads\/2015\/11\/Atlante-vs-alebrijes-foto-por-@alebrijes-300x214.jpg 300w, https:\/\/www.eloriente.net\/home\/wp-content\/uploads\/2015\/11\/Atlante-vs-alebrijes-foto-por-@alebrijes-1024x731.jpg 1024w, https:\/\/www.eloriente.net\/home\/wp-content\/uploads\/2015\/11\/Atlante-vs-alebrijes-foto-por-@alebrijes-900x643.jpg 900w, https:\/\/www.eloriente.net\/home\/wp-content\/uploads\/2015\/11\/Atlante-vs-alebrijes-foto-por-@alebrijes.jpg 1063w\" sizes=\"(max-width: 300px) 100vw, 300px\" \/><\/a><\/p>\n<p><strong>OTRAS ENTRADAS<\/strong><\/p>\n<div class=\"featuredpost\">\n<div class=\"flow_hide\">\n<h2 class=\"posttitle bigposttitle\"><a title=\"Enlace Permanente a Participa en el concurso de fotograf\u00eda deportiva de la UNESCO\" href=\"http:\/\/www.eloriente.net\/home\/2015\/11\/20\/participa-en-el-concurso-de-fotografia-deportiva-de-la-unesco\/\" rel=\"bookmark\">Participa en el concurso de fotograf\u00eda deportiva de la UNESCO<\/a><\/h2>\n<\/div>\n<p>(www.eloriente.net, M\u00e9xico, a 20 de noviembre de 2015, por Valery L\u00f3pez).- \u201c\u00bfUsted cree en el poder del deporte? \u00bfHa notado el impacto de los valores del deporte\u2026<\/p>\n<p class=\"postmeta\"><span class=\"meta_date\">noviembre 20, 2015<\/span><\/p>\n<div class=\"toolbar-social\"><\/div>\n<\/div>\n<div class=\"featuredpost\">\n<div class=\"flow_hide\">\n<p><a href=\"http:\/\/www.eloriente.net\/home\/2015\/11\/20\/las-canciones-mas-virales-de-spotify-wtf-where-they-from-de-missy-elliott\/\" rel=\"bookmark\"><img decoding=\"async\" class=\"alignleft\" title=\"Las canciones m\u00e1s virales de Spotify: \u201cWTF (Where They From)\u201d de Missy Elliott\" src=\"http:\/\/www.eloriente.net\/home\/wp-content\/themes\/city-desk\/timthumb.php?src=http%3A%2F%2Fwww.eloriente.net%2Fhome%2Fwp-content%2Fuploads%2F2015%2F11%2FMissy-Elliott-WTF.jpg&amp;q=90&amp;w=70&amp;h=45&amp;zc=1\" alt=\"Las canciones m\u00e1s virales de Spotify: \u201cWTF (Where They From)\u201d de Missy Elliott\" \/><\/a><\/p>\n<h2 class=\"posttitle \"><a title=\"Enlace Permanente a Las canciones m\u00e1s virales de Spotify: \u201cWTF (Where They From)\u201d de Missy Elliott\" href=\"http:\/\/www.eloriente.net\/home\/2015\/11\/20\/las-canciones-mas-virales-de-spotify-wtf-where-they-from-de-missy-elliott\/\" rel=\"bookmark\">Las canciones m\u00e1s virales de Spotify: \u201cWTF (Where They From)\u201d de Missy Elliott<\/a><\/h2>\n<\/div>\n<p>(www.eloriente.net, M\u00e9xico, a 20 de noviembre de 2015, por Valery L\u00f3pez).-\u00a0Spotify cuenta con un gran n\u00famero de listas dise\u00f1adas para ayudar a que sus usuarios conozcan m\u00fasica\u2026<\/p>\n<p class=\"postmeta\"><span class=\"meta_date\">noviembre 20, 2015<\/span><\/p>\n<div class=\"toolbar-social\"><\/div>\n<\/div>\n<div class=\"featuredpost\">\n<div class=\"flow_hide\">\n<p><a href=\"http:\/\/www.eloriente.net\/home\/2015\/11\/20\/20nov15-1030-papa-francisco-y-sus-contradicciones-en-teologia-moral-roberto-plancarte\/\" rel=\"bookmark\"><img decoding=\"async\" class=\"alignleft\" title=\"20\/Nov\/15 10:30 Papa Francisco y sus contradicciones en teolog\u00eda moral: Roberto Plancarte\" src=\"http:\/\/www.eloriente.net\/home\/wp-content\/themes\/city-desk\/timthumb.php?src=http%3A%2F%2Fwww.eloriente.net%2Fhome%2Fwp-content%2Fuploads%2F2015%2F11%2Fseminario-unam.jpg&amp;q=90&amp;w=70&amp;h=45&amp;zc=1\" alt=\"20\/Nov\/15 10:30 Papa Francisco y sus contradicciones en teolog\u00eda moral: Roberto Plancarte\" \/><\/a><\/p>\n<h2 class=\"posttitle \"><a title=\"Enlace Permanente a 20\/Nov\/15 10:30 Papa Francisco y sus contradicciones en teolog\u00eda moral: Roberto Plancarte\" href=\"http:\/\/www.eloriente.net\/home\/2015\/11\/20\/20nov15-1030-papa-francisco-y-sus-contradicciones-en-teologia-moral-roberto-plancarte\/\" rel=\"bookmark\">20\/Nov\/15 10:30 Papa Francisco y sus contradicciones en teolog\u00eda moral: Roberto Plancarte<\/a><\/h2>\n<\/div>\n<p>eloriente..net\/IISUNAM 20 de noviembre de 2015 La problem\u00e1tica sociol\u00f3gica de la religi\u00f3n, es la materia central de este espacio denominado Cultura y representaciones sociales, que el Instituto de\u2026<\/p>\n<p class=\"postmeta\"><span class=\"meta_date\">noviembre 20, 2015<\/span><\/p>\n<\/div>\n\n\t\t\t  <div \n\t\t\t  \tclass = \"fb-comments\" \n\t\t\t  \tdata-href = \"https:\/\/www.eloriente.net\/home\/2015\/11\/20\/alebrijes-a-un-paso-de-la-semifinales-en-la-liga-de-ascenso-mx\/\"\n\t\t\t  \tdata-numposts = \"10\"\n\t\t\t\tdata-colorscheme = \"dark\"\n\t\t\t\tdata-order-by = \"social\"\n\t\t\t\tdata-mobile=true>\n\t\t\t  <\/div>\n\t\t  <style>\n\t\t\t.fb_iframe_widget_fluid_desktop iframe {\n\t\t\t    width: 100% !important;\n\t\t\t}\n\t\t  <\/style>\n\t\t  ","protected":false},"excerpt":{"rendered":"<p>&nbsp; &nbsp; &nbsp; (www.eloriente.net, M\u00e9xico, a 20 de noviembre de 2015, por Valery L\u00f3pez).-\u00a0Alebrijes tiene un paso en las semifinales de la liga de Ascenso MX, luego de vencer en su propia casa al Atlante por marcador de 2 goles a 0, en el partido de ida correspondiente a los cuartos de final. Como siempre [&hellip;]<\/p>\n","protected":false},"author":44,"featured_media":40872,"comment_status":"open","ping_status":"open","sticky":false,"template":"","format":"standard","meta":{"_jetpack_memberships_contains_paid_content":false,"footnotes":""},"categories":[15,32],"tags":[1214,741,5183,5178,5181,5180,451,266,5182,5179],"class_list":["post-40871","post","type-post","status-publish","format-standard","has-post-thumbnail","hentry","category-deportes","category-entradas","tag-aficion","tag-alebrijes","tag-antonio-de-valdes","tag-atlante","tag-comentaristas","tag-cuartos-de-final","tag-deportes-2","tag-futbol","tag-raul-orvananos","tag-semifinales"],"jetpack_featured_media_url":"https:\/\/www.eloriente.net\/home\/wp-content\/uploads\/2015\/11\/Atlante-vs-alebrijes-foto-por-@alebrijes.jpg","jetpack_sharing_enabled":true,"_links":{"self":[{"href":"https:\/\/www.eloriente.net\/home\/wp-json\/wp\/v2\/posts\/40871"}],"collection":[{"href":"https:\/\/www.eloriente.net\/home\/wp-json\/wp\/v2\/posts"}],"about":[{"href":"https:\/\/www.eloriente.net\/home\/wp-json\/wp\/v2\/types\/post"}],"author":[{"embeddable":true,"href":"https:\/\/www.eloriente.net\/home\/wp-json\/wp\/v2\/users\/44"}],"replies":[{"embeddable":true,"href":"https:\/\/www.eloriente.net\/home\/wp-json\/wp\/v2\/comments?post=40871"}],"version-history":[{"count":2,"href":"https:\/\/www.eloriente.net\/home\/wp-json\/wp\/v2\/posts\/40871\/revisions"}],"predecessor-version":[{"id":40874,"href":"https:\/\/www.eloriente.net\/home\/wp-json\/wp\/v2\/posts\/40871\/revisions\/40874"}],"wp:featuredmedia":[{"embeddable":true,"href":"https:\/\/www.eloriente.net\/home\/wp-json\/wp\/v2\/media\/40872"}],"wp:attachment":[{"href":"https:\/\/www.eloriente.net\/home\/wp-json\/wp\/v2\/media?parent=40871"}],"wp:term":[{"taxonomy":"category","embeddable":true,"href":"https:\/\/www.eloriente.net\/home\/wp-json\/wp\/v2\/categories?post=40871"},{"taxonomy":"post_tag","embeddable":true,"href":"https:\/\/www.eloriente.net\/home\/wp-json\/wp\/v2\/tags?post=40871"}],"curies":[{"name":"wp","href":"https:\/\/api.w.org\/{rel}","templated":true}]}}