{"id":41372,"date":"2015-12-17T13:14:15","date_gmt":"2015-12-17T19:14:15","guid":{"rendered":"http:\/\/www.eloriente.net\/home\/?p=41372"},"modified":"2015-12-18T17:03:46","modified_gmt":"2015-12-18T23:03:46","slug":"5-actividades-culturales-en-oaxaca-que-no-te-puedes-perder-18-23-de-diciembre","status":"publish","type":"post","link":"https:\/\/www.eloriente.net\/home\/2015\/12\/17\/5-actividades-culturales-en-oaxaca-que-no-te-puedes-perder-18-23-de-diciembre\/","title":{"rendered":"5 actividades culturales en Oaxaca que no te puedes perder (18\u201323 de diciembre)"},"content":{"rendered":"<p><script src=\"\/\/pagead2.googlesyndication.com\/pagead\/js\/adsbygoogle.js\" async=\"\"><\/script><!-- BANNER ELORIENTE INCRUSTADO NOTAS --> <ins class=\"adsbygoogle\" style=\"display: inline-block; width: 300px; height: 250px;\" data-ad-client=\"ca-pub-1136171134853753\" data-ad-slot=\"7974633627\"><\/ins><script>\/\/ <![CDATA[\n(adsbygoogle = window.adsbygoogle || []).push({});\n\/\/ ]]><\/script><\/p>\n<p>&nbsp;<\/p>\n<p>(www.eloriente.net, M\u00e9xico, a 17 de diciembre de 2015, por Valery L\u00f3pez).-\u00a0Como cada semana, en EL ORIENTE nos dimos a la tarea de buscar las actividades culturales que no puedes dejar pasar en los pr\u00f3ximos d\u00edas. En esta ocasi\u00f3n te presentamos encuentros art\u00edsticos, eventos tradicionales\u00a0y un paseo cultural.<\/p>\n<p><strong>1.- NOCHE DE ARTE \u00abINVENCIONES DE LA EMOCI\u00d3N\u00bb<\/strong><\/p>\n<p>El pr\u00f3ximo 18 de diciembre se realizar\u00e1 un encuentro art\u00edstico que llevar\u00e1 por t\u00edtulo \u00abInvenciones de la Emoci\u00f3n\u00bb, se trata de una noche de arte donde creadores de diversas disciplinas compartir\u00e1n parte de su obra con los asistentes.<\/p>\n<p>La escultura expuesta ser\u00e1 obra de <strong>\u00abToroloco\u00bb<\/strong>, la cer\u00e1mica estar\u00e1 a cargo de <strong>Claudio Jer\u00f3nimo<\/strong>, la gr\u00e1fica y pintura por<a href=\"https:\/\/www.facebook.com\/spencer.farias.54?fref=ts\" target=\"_blank\"> <strong>Spencer Farias<\/strong><\/a> y <strong>\u00abViyegax\u00bb<\/strong>, por \u00faltimo se contar\u00e1 con una proyecci\u00f3n visual que correr\u00e1 a cargo de <strong><a href=\"https:\/\/www.facebook.com\/oeli1?fref=ts\" target=\"_blank\">Omar El<\/a>\u00ed<\/strong>.<\/p>\n<p>El evento ser\u00e1 musicalizado por <strong>Silvia Mar\u00eda<\/strong>, la <strong>banda de m\u00fasica Guelaguetza<\/strong> y por <strong>Edgar Segura<\/strong> quien se encargar\u00e1 del clarinete y el saxof\u00f3n.<\/p>\n<p>La cita es el viernes 18 de diciembre a las 19:00 horas en el <strong><a href=\"https:\/\/www.facebook.com\/Circulo-Gastron%C3%B3mico-Oaxaque%C3%B1o-487313461317296\/?fref=ts\" target=\"_blank\">Espacio Cultural C\u00edrculo Gastron\u00f3mico<\/a>,<\/strong> ubicado en la calle 5 de mayo #303, barrio de Jalatlaco (frente a la Curtidur\u00eda).<\/p>\n<p><a href=\"http:\/\/www.eloriente.net\/home\/wp-content\/uploads\/2015\/12\/Invenciones-de-la-emocii\u0301n-e1450379299992.jpeg\"><img loading=\"lazy\" decoding=\"async\" class=\"alignnone size-full wp-image-41374\" src=\"http:\/\/www.eloriente.net\/home\/wp-content\/uploads\/2015\/12\/Invenciones-de-la-emocii\u0301n-e1450379299992.jpeg\" alt=\"Invenciones de la emocii\u0301n\" width=\"516\" height=\"653\" srcset=\"https:\/\/www.eloriente.net\/home\/wp-content\/uploads\/2015\/12\/Invenciones-de-la-emocii\u0301n-e1450379299992.jpeg 516w, https:\/\/www.eloriente.net\/home\/wp-content\/uploads\/2015\/12\/Invenciones-de-la-emocii\u0301n-e1450379299992-237x300.jpeg 237w\" sizes=\"(max-width: 516px) 100vw, 516px\" \/><\/a><\/p>\n<p><strong><a href=\"https:\/\/www.facebook.com\/FestivalGlobosNazareno\/timeline\" target=\"_blank\">2.- NOCHE M\u00c1GICA DE LUCES EN EL CIELO\u00a0<\/a><\/strong><\/p>\n<p>Es la primera edici\u00f3n de este evento que busca se inolvidable, en \u00e9l se realizar\u00e1n actividades relacionadas con los globos de papel de china.<\/p>\n<p>Esta actividad se llevar\u00e1 a cabo el 19 de diciembre y comenzar\u00e1 a las 16 horas con talleres para elaborar globos de cantolla, posteriormente a las 19 horas se har\u00e1 la suelta masiva de este tipo de globos. A partir de las 8 de la noche se soltar\u00e1n y exhibir\u00e1n globos gigantes, a las 21 horas se lanzar\u00e1\u00a0globos gigantes con linternas y finalmente a las 10 de la noche ser\u00e1 la suelta de globos gigantes con pirotecnia.<\/p>\n<p>El evento se realizar\u00e1 en el globodromo \u00abLa Naza\u00bb ubicado en el Paraje Sector La Raya en Nazareno Etla.<\/p>\n<p><a href=\"http:\/\/www.eloriente.net\/home\/wp-content\/uploads\/2015\/12\/GLOBO-CANTOLLA.jpg\"><img loading=\"lazy\" decoding=\"async\" class=\"alignnone size-full wp-image-41377\" src=\"http:\/\/www.eloriente.net\/home\/wp-content\/uploads\/2015\/12\/GLOBO-CANTOLLA.jpg\" alt=\"GLOBO CANTOLLA\" width=\"480\" height=\"480\" srcset=\"https:\/\/www.eloriente.net\/home\/wp-content\/uploads\/2015\/12\/GLOBO-CANTOLLA.jpg 480w, https:\/\/www.eloriente.net\/home\/wp-content\/uploads\/2015\/12\/GLOBO-CANTOLLA-150x150.jpg 150w, https:\/\/www.eloriente.net\/home\/wp-content\/uploads\/2015\/12\/GLOBO-CANTOLLA-300x300.jpg 300w, https:\/\/www.eloriente.net\/home\/wp-content\/uploads\/2015\/12\/GLOBO-CANTOLLA-50x50.jpg 50w, https:\/\/www.eloriente.net\/home\/wp-content\/uploads\/2015\/12\/GLOBO-CANTOLLA-144x144.jpg 144w\" sizes=\"(max-width: 480px) 100vw, 480px\" \/><\/a><\/p>\n<p><script src=\"\/\/pagead2.googlesyndication.com\/pagead\/js\/adsbygoogle.js\" async=\"\"><\/script><!-- BANNER PEQUE\u00d1O PARA ENTRENOTAS EL ORIENTE --> <ins class=\"adsbygoogle\" style=\"display: inline-block; width: 468px; height: 60px;\" data-ad-client=\"ca-pub-1136171134853753\" data-ad-slot=\"4953536424\"><\/ins><script>\/\/ <![CDATA[\n(adsbygoogle = window.adsbygoogle || []).push({});\n\/\/ ]]><\/script><\/p>\n<p><strong><a href=\"https:\/\/www.facebook.com\/BibliotecadeInvestigacionJuandeCordova\/?fref=ts\" target=\"_blank\">3.- POSADA DEL CACAO<\/a><\/strong><\/p>\n<p>La Biblioteca de Investigaci\u00f3n Juan de C\u00f3rdova en colaboraci\u00f3n con la Fundaci\u00f3n Alfredo Harp Hel\u00fa y Chocolate Mayordomo, invitan a la quinta edici\u00f3n de la ya tradicional Posada del Cacao, en la cual se llevar\u00e1n a cabo diferentes tipos de actividades que girar\u00e1n en torno al cacao.<\/p>\n<p>El evento comenzar\u00e1 el viernes 18 de diciembre a las 18:30 horas con una calenda en la que participar\u00e1n los zancudos de Zaachila y la banda de Teotitl\u00e1n del Valle, la misma partir\u00e1 del atrio de Santo Domingo y finalizar\u00e1 en el Centro Cultural San Pablo.<\/p>\n<p>Luego de la calenda se realizar\u00e1 la primera degustaci\u00f3n\u00a0en la que se podr\u00e1n probar 10 bebidas de cacao que son: <em><strong>Chocolate<\/strong> <\/em>y <em><strong>Champurrado<\/strong><\/em> de Oaxaca de Ju\u00e1rez, <em><strong>Siaab Gez<\/strong><\/em> de Teotitl\u00e1n del Valle,<em><strong> Popo<\/strong> <\/em>de San Felipe Usila, <em><strong>Chau popox<\/strong><\/em> de San Mateo del Mar, <em><strong>Ponzontle<\/strong><\/em> de San Bartolom\u00e9 Zoogocho,<em><strong> Kuxatsy<\/strong><\/em> de San Juan Juquila Mixes, <em><strong>Pinol<\/strong><\/em> de Santa Catarina Ixtepeji, <em><strong>Chilate<\/strong> <\/em>de Santiago Pinotepa Nacional, y <em><strong>Agua de cacao<\/strong> <\/em>de Soconusco, Chiapas, que participa en esta degustaci\u00f3n como bebida invitada.<\/p>\n<p>Las actividades continuar\u00e1n el s\u00e1bado 19 de diciembre con un taller gratuito para ni\u00f1os en el que se les ense\u00f1ar\u00e1 a decorar su j\u00edcara laqueada, el mismo se llevar\u00e1 a cabo a las 11 horas. A las 12 del medio d\u00eda se ofrecer\u00e1 la conferencia titulada \u00abEl cacao en las culturas de Am\u00e9rica y un ejemplo de diversificaci\u00f3n productiva en el Estado de Oaxaca\u00bb, la cual ser\u00e1 impartida por Nisao Ogata de la Universidad Veracruzana, esta actividad se realizar\u00e1 en el claustro del Centro Cultural San Pablo.<\/p>\n<p>A las 16 horas se llevar\u00e1 a cabo el taller gastron\u00f3mico y degustaci\u00f3n del <em><strong>Pataxte<\/strong> <\/em>con el chef Rodolfo Castellanos del Restaurante Origen.<\/p>\n<p>Finalmente a las 18 horas se realizar\u00e1 la segunda degustaci\u00f3n de bebidas de caco, que en esta ocasi\u00f3n ser\u00e1n: <em><strong>Chocolote<\/strong><\/em> y <em><strong>Champurrado<\/strong><\/em> de Oaxaca de Ju\u00e1rez, <em><strong>Bupu<\/strong><\/em> de Juchit\u00e1n de Zaragoza,<em><strong> Tejate<\/strong><\/em> de San Andr\u00e9s Huayapan, <em><strong>W\u00efnxatsy<\/strong><\/em> de Santa Mar\u00eda Tlahuitoltepec, <em><strong>Pozontle<\/strong><\/em> de Villa Hidalgo Yal\u00e1lag, <em><strong>Chone<\/strong><\/em> de San Bartolo Coyotepec, <em><strong>Chone<\/strong><\/em> de Santa Mar\u00eda Atzompa y <em><strong>Tejate con pulque<\/strong><\/em> de San Lucas Quiavin\u00ed.<\/p>\n<p>Para conocer m\u00e1s sobre el caco y sobre las actividades de la posada del cacao, te sugerimos escuchar la reciente emisi\u00f3n del programa <strong><a href=\"http:\/\/www.eloriente.net\/home\/2015\/12\/16\/armando-hermida-jessica-munive-yair-alejandro-gregorio-desgarennes-y-nicholas-johnson-en-todo-oaxaca-radio\/\" target=\"_blank\">Todo Oaxaca Radio<\/a><\/strong>.<\/p>\n<p><a href=\"http:\/\/www.eloriente.net\/home\/wp-content\/uploads\/2015\/12\/Posada-del-cacao.jpg\"><img loading=\"lazy\" decoding=\"async\" class=\"alignnone size-full wp-image-41378\" src=\"http:\/\/www.eloriente.net\/home\/wp-content\/uploads\/2015\/12\/Posada-del-cacao.jpg\" alt=\"Posada del cacao\" width=\"656\" height=\"960\" srcset=\"https:\/\/www.eloriente.net\/home\/wp-content\/uploads\/2015\/12\/Posada-del-cacao.jpg 656w, https:\/\/www.eloriente.net\/home\/wp-content\/uploads\/2015\/12\/Posada-del-cacao-205x300.jpg 205w\" sizes=\"(max-width: 656px) 100vw, 656px\" \/><\/a><\/p>\n<p><strong><a href=\"https:\/\/www.facebook.com\/events\/1545659912391513\/\" target=\"_blank\">4.- PASEO CULTURAL \u00abTRAYECTIVO\u00bb<\/a><\/strong><\/p>\n<p>\u00abTrayectivo\u00bb es un paseo cultural que busca promover los espacios culturales que tenemos en la ciudad, en esta segunda edici\u00f3n se proyectar\u00e1n una selecci\u00f3n de cortos proporcionados por el Campamento Audiovisual Itinerante.<\/p>\n<p>El punto de reuni\u00f3n ser\u00e1 en frente de la BS Biblioteca Infantil y de ah\u00ed se iniciar\u00e1 el recorrido hacia la galer\u00eda de arte\u00a0El Huacal donde se proyectar\u00e1 el primer cortometraje que se titula \u00abJacinto\u00bb. El segundo punto de destino ser\u00e1 A.M. Siempre caf\u00e9, despu\u00e9s el recorrido continuar\u00e1 en La J\u00edcara, El Foco Rojo, IAGO y finalizar\u00e1 en el Colectivo Tutuma.<\/p>\n<p>Cabe se\u00f1alar que todo el paseo se har\u00e1 a pie por lo que se recomienda llevar zapatos y ropa c\u00f3moda.<\/p>\n<p>Para conocer m\u00e1s de este evento escucha la reciente emisi\u00f3n de <strong><a href=\"http:\/\/www.eloriente.net\/home\/2015\/12\/16\/armando-hermida-jessica-munive-yair-alejandro-gregorio-desgarennes-y-nicholas-johnson-en-todo-oaxaca-radio\/\" target=\"_blank\">Todo Oaxaca Radio<\/a><\/strong> donde se abord\u00f3 el tema.<\/p>\n<p><a href=\"http:\/\/www.eloriente.net\/home\/wp-content\/uploads\/2015\/12\/Trayectivo.jpg\"><img loading=\"lazy\" decoding=\"async\" class=\"alignnone size-full wp-image-41376\" src=\"http:\/\/www.eloriente.net\/home\/wp-content\/uploads\/2015\/12\/Trayectivo.jpg\" alt=\"Trayectivo\" width=\"685\" height=\"960\" srcset=\"https:\/\/www.eloriente.net\/home\/wp-content\/uploads\/2015\/12\/Trayectivo.jpg 685w, https:\/\/www.eloriente.net\/home\/wp-content\/uploads\/2015\/12\/Trayectivo-214x300.jpg 214w\" sizes=\"(max-width: 685px) 100vw, 685px\" \/><\/a><\/p>\n<p><strong><a href=\"https:\/\/www.facebook.com\/GobCdOax\/?fref=ts\" target=\"_blank\">5.- NOCHE DE R\u00c1BANOS<\/a><\/strong><\/p>\n<p>La Noche de R\u00e1banos es una tradici\u00f3n oaxaque\u00f1a que se realiza cada a\u00f1o, en la cual hortelanos y floricultores de diversas partes del estado se dan cita para exhibir sus mejores esculturas creadas a partir del r\u00e1bano, flor inmortal y totomoxtle.<\/p>\n<p>Se realiza cada 23 de diciembre y congrega a una gran cantidad de personas que asisten para ver las esculturas que se exhiben en el Z\u00f3calo de la ciudad. As\u00ed mismo, se premia a las mejores creaciones. Al final del evento se realiza un espect\u00e1culo de fuegos pirot\u00e9cnicos.<\/p>\n<p><a href=\"http:\/\/www.eloriente.net\/home\/wp-content\/uploads\/2015\/12\/Noche-de-rabanos-e1450379473719.jpg\"><img loading=\"lazy\" decoding=\"async\" class=\"alignnone size-full wp-image-41375\" src=\"http:\/\/www.eloriente.net\/home\/wp-content\/uploads\/2015\/12\/Noche-de-rabanos-e1450379473719.jpg\" alt=\"Noche de rabanos\" width=\"700\" height=\"1082\" \/><\/a><\/p>\n<p><strong>OTRAS ENTRADAS<\/strong><\/p>\n<div class=\"featuredpost\">\n<div class=\"flow_hide\">\n<h2 class=\"posttitle bigposttitle\"><a title=\"Enlace Permanente a ELECCIONES OAXACA: Encuesta da a Benjam\u00edn Robles 17 puntos de ventaja sobre coalicionistas\" href=\"http:\/\/www.eloriente.net\/home\/2015\/12\/17\/elecciones-oaxaca-encuesta-da-a-benjamin-robles-17-puntos-de-ventaja-sobre-coalicionistas\/\" rel=\"bookmark\">ELECCIONES OAXACA: Encuesta da a Benjam\u00edn Robles 17 puntos de ventaja sobre coalicionistas<\/a><\/h2>\n<\/div>\n<p>(www.eloriente.net, M\u00e9xico, 17 de diciembre de 2015).- Con una ventaja de 17 puntos sobre otros aspirantes del Partido de la Revoluci\u00f3n Democr\u00e1tica, se ubicar\u00eda el senador Benjam\u00edn Robles\u2026<\/p>\n<p class=\"postmeta\"><span class=\"meta_date\">diciembre 17, 2015<\/span><\/p>\n<div class=\"toolbar-social\"><\/div>\n<\/div>\n<div class=\"featuredpost\">\n<div class=\"flow_hide\">\n<p><a href=\"http:\/\/www.eloriente.net\/home\/2015\/12\/16\/cultura-crean-secretaria-de-cultura-consulta-aqui-dictamen-integro\/\" rel=\"bookmark\"><img decoding=\"async\" class=\"alignleft\" title=\"CULTURA: Crean Secretar\u00eda de Cultura; consulta aqu\u00ed dictamen \u00edntegro\" src=\"http:\/\/www.eloriente.net\/home\/wp-content\/themes\/city-desk\/timthumb.php?src=http%3A%2F%2Fwww.eloriente.net%2Fhome%2Fwp-content%2Fuploads%2F2015%2F12%2FAnalisis-creacio%CC%81n-secretari%CC%81a-de-cultura.jpg&amp;q=90&amp;w=70&amp;h=45&amp;zc=1\" alt=\"CULTURA: Crean Secretar\u00eda de Cultura; consulta aqu\u00ed dictamen \u00edntegro\" \/><\/a><\/p>\n<h2 class=\"posttitle \"><a title=\"Enlace Permanente a CULTURA: Crean Secretar\u00eda de Cultura; consulta aqu\u00ed dictamen \u00edntegro\" href=\"http:\/\/www.eloriente.net\/home\/2015\/12\/16\/cultura-crean-secretaria-de-cultura-consulta-aqui-dictamen-integro\/\" rel=\"bookmark\">CULTURA: Crean Secretar\u00eda de Cultura; consulta aqu\u00ed dictamen \u00edntegro<\/a><\/h2>\n<\/div>\n<p>(www.eloriente.net, M\u00e9xico, a 16 de diciembre de 2015, por Valery L\u00f3pez).- Durante el \u00faltimo d\u00eda del periodo ordinario de sesiones, el Senado de la Rep\u00fablica aprob\u00f3 de\u2026<\/p>\n<p class=\"postmeta\"><span class=\"meta_date\">diciembre 16, 2015<\/span><\/p>\n<div class=\"toolbar-social\"><\/div>\n<\/div>\n<div class=\"featuredpost\">\n<div class=\"flow_hide\">\n<p><a href=\"http:\/\/www.eloriente.net\/home\/2015\/12\/16\/venezuela-despues-del-6d-por-leopoldo-lopez\/\" rel=\"bookmark\"><img decoding=\"async\" class=\"alignleft\" title=\"VENEZUELA despu\u00e9s del 6D, por Leopoldo L\u00f3pez\" src=\"http:\/\/www.eloriente.net\/home\/wp-content\/themes\/city-desk\/timthumb.php?src=http%3A%2F%2Fwww.eloriente.net%2Fhome%2Fwp-content%2Fuploads%2F2015%2F12%2F%40LEOPOLDO-LOPEZ.jpg&amp;q=90&amp;w=70&amp;h=45&amp;zc=1\" alt=\"VENEZUELA despu\u00e9s del 6D, por Leopoldo L\u00f3pez\" \/><\/a><\/p>\n<h2 class=\"posttitle \"><a title=\"Enlace Permanente a VENEZUELA despu\u00e9s del 6D, por Leopoldo L\u00f3pez\" href=\"http:\/\/www.eloriente.net\/home\/2015\/12\/16\/venezuela-despues-del-6d-por-leopoldo-lopez\/\" rel=\"bookmark\">VENEZUELA despu\u00e9s del 6D, por Leopoldo L\u00f3pez<\/a><\/h2>\n<\/div>\n<p>eloriente.net\/Leopoldo L\u00f3pez 16 de diciembre de 2015 Ese d\u00eda, luego de dos semanas exigiendo mi derecho a votar, pude hacerlo en horas de la tarde. Pese al\u2026<\/p>\n<p class=\"postmeta\"><span class=\"meta_date\">diciembre 16, 2015<\/span><\/p>\n<\/div>\n\n\t\t\t  <div \n\t\t\t  \tclass = \"fb-comments\" \n\t\t\t  \tdata-href = \"https:\/\/www.eloriente.net\/home\/2015\/12\/17\/5-actividades-culturales-en-oaxaca-que-no-te-puedes-perder-18-23-de-diciembre\/\"\n\t\t\t  \tdata-numposts = \"10\"\n\t\t\t\tdata-colorscheme = \"dark\"\n\t\t\t\tdata-order-by = \"social\"\n\t\t\t\tdata-mobile=true>\n\t\t\t  <\/div>\n\t\t  <style>\n\t\t\t.fb_iframe_widget_fluid_desktop iframe {\n\t\t\t    width: 100% !important;\n\t\t\t}\n\t\t  <\/style>\n\t\t  ","protected":false},"excerpt":{"rendered":"<p>&nbsp; (www.eloriente.net, M\u00e9xico, a 17 de diciembre de 2015, por Valery L\u00f3pez).-\u00a0Como cada semana, en EL ORIENTE nos dimos a la tarea de buscar las actividades culturales que no puedes dejar pasar en los pr\u00f3ximos d\u00edas. En esta ocasi\u00f3n te presentamos encuentros art\u00edsticos, eventos tradicionales\u00a0y un paseo cultural. 1.- NOCHE DE ARTE \u00abINVENCIONES DE LA [&hellip;]<\/p>\n","protected":false},"author":44,"featured_media":41373,"comment_status":"open","ping_status":"open","sticky":false,"template":"","format":"standard","meta":{"_jetpack_memberships_contains_paid_content":false,"footnotes":""},"categories":[8,18,32,63,464,31],"tags":[3648,3093,5500,3086,73,3092],"class_list":["post-41372","post","type-post","status-publish","format-standard","has-post-thumbnail","hentry","category-agenda","category-educacion-y-cultura","category-entradas","category-estados","category-oaxaca-estados","category-principal","tag-actividades-culturales","tag-cacao","tag-noche-de-arte","tag-noche-de-rabanos","tag-oaxaca","tag-posada-del-cacao"],"jetpack_featured_media_url":"https:\/\/www.eloriente.net\/home\/wp-content\/uploads\/2015\/12\/Noche-de-ra\u0301banos-e1450379618454.jpg","jetpack_sharing_enabled":true,"_links":{"self":[{"href":"https:\/\/www.eloriente.net\/home\/wp-json\/wp\/v2\/posts\/41372"}],"collection":[{"href":"https:\/\/www.eloriente.net\/home\/wp-json\/wp\/v2\/posts"}],"about":[{"href":"https:\/\/www.eloriente.net\/home\/wp-json\/wp\/v2\/types\/post"}],"author":[{"embeddable":true,"href":"https:\/\/www.eloriente.net\/home\/wp-json\/wp\/v2\/users\/44"}],"replies":[{"embeddable":true,"href":"https:\/\/www.eloriente.net\/home\/wp-json\/wp\/v2\/comments?post=41372"}],"version-history":[{"count":3,"href":"https:\/\/www.eloriente.net\/home\/wp-json\/wp\/v2\/posts\/41372\/revisions"}],"predecessor-version":[{"id":41381,"href":"https:\/\/www.eloriente.net\/home\/wp-json\/wp\/v2\/posts\/41372\/revisions\/41381"}],"wp:featuredmedia":[{"embeddable":true,"href":"https:\/\/www.eloriente.net\/home\/wp-json\/wp\/v2\/media\/41373"}],"wp:attachment":[{"href":"https:\/\/www.eloriente.net\/home\/wp-json\/wp\/v2\/media?parent=41372"}],"wp:term":[{"taxonomy":"category","embeddable":true,"href":"https:\/\/www.eloriente.net\/home\/wp-json\/wp\/v2\/categories?post=41372"},{"taxonomy":"post_tag","embeddable":true,"href":"https:\/\/www.eloriente.net\/home\/wp-json\/wp\/v2\/tags?post=41372"}],"curies":[{"name":"wp","href":"https:\/\/api.w.org\/{rel}","templated":true}]}}