{"id":41742,"date":"2016-01-13T18:32:35","date_gmt":"2016-01-14T00:32:35","guid":{"rendered":"http:\/\/www.eloriente.net\/home\/?p=41742"},"modified":"2016-01-14T10:52:27","modified_gmt":"2016-01-14T16:52:27","slug":"cultura-en-enero-oaxacacine-presenta-la-muestra-internacional-de-cine-de-la-cineteca-nacional","status":"publish","type":"post","link":"https:\/\/www.eloriente.net\/home\/2016\/01\/13\/cultura-en-enero-oaxacacine-presenta-la-muestra-internacional-de-cine-de-la-cineteca-nacional\/","title":{"rendered":"CULTURA: En enero OaxacaCine presenta la Muestra Internacional de la Cineteca Nacional"},"content":{"rendered":"<p><script src=\"\/\/pagead2.googlesyndication.com\/pagead\/js\/adsbygoogle.js\" async=\"\"><\/script><!-- BANNER ELORIENTE INCRUSTADO NOTAS --> <ins class=\"adsbygoogle\" style=\"display: inline-block; width: 300px; height: 250px;\" data-ad-client=\"ca-pub-1136171134853753\" data-ad-slot=\"7974633627\"><\/ins><script>\/\/ <![CDATA[\n(adsbygoogle = window.adsbygoogle || []).push({});\n\/\/ ]]><\/script><\/p>\n<p>&nbsp;<\/p>\n<p>eloriente.net\/<a href=\"http:\/\/oaxacacine.com\/web\/\" target=\"_blank\">OaxacaCine<\/a><\/p>\n<p>13 de enero de 2016<\/p>\n<p>Por quinto a\u00f1o consecutivo OaxacaCine presentar\u00e1 en el Teatro Macedonio Alcal\u00e1\u00a0una selecci\u00f3n de pel\u00edculas de la <strong>Muestra Internacional de Cine de la Cineteca\u00a0Nacional<\/strong>. Durante el mes de enero, se exhibir\u00e1 una primera parte de la\u00a0quincuag\u00e9sima novena edici\u00f3n de la Muestra los d\u00edas: <strong>25, 26, 27, 29 y 30<\/strong>. La\u00a0segunda parte se presentar\u00e1 en febrero.<\/p>\n<p>La programaci\u00f3n de este mes re\u00fane cinco largometrajes procedentes de Reino\u00a0Unido, Turqu\u00eda, Suecia, Italia, Francia, Estados Unidos e Ir\u00e1n. Tres t\u00edtulos forman\u00a0parte de la 59 Muestra y dos son exhibiciones en colaboraci\u00f3n con las distribuidoras\u00a0Interior XIII y Cine Tonal\u00e1.<\/p>\n<p>La Muestra comenzar\u00e1 el 25 de enero con 45 a\u00f1os (45 Years) tercer largometraje\u00a0del brit\u00e1nico Andrew Haigh. Kate (Charlotte Rampling) est\u00e1 a mitad de los\u00a0preparativos del 45 aniversario de su boda con Geoff (Tom Courtenay), cuando de\u00a0repente, \u00e9l recibe una noticia que lo arroja al pasado. Hace 50 a\u00f1os su entonces\u00a0novia tuvo un accidente en los Alpes suizos; finalmente su cuerpo ha sido\u00a0encontrado, congelado y perfectamente preservado. La pareja est\u00e1 en shock, pero\u00a0mientras Geoff se sumerge en un distante universo de recuerdos, Kate se empe\u00f1a\u00a0en reprimir su ansiedad y sus celos crecientes. A partir de la historia de dos\u00a0personas enfrentadas a sentimientos extra\u00f1os, 45 a\u00f1os explora la manera en que\u00a0una tranquila coexistencia puede salirse de control. Charlotte Rampling y Tom\u00a0Courtenay, dos magn\u00edficas actuaciones, en una de las mejores cintas de la Muestra.<\/p>\n<p>La programaci\u00f3n contin\u00faa con Mustang, belleza salvaje (Mustang), primer\u00a0largometraje de la realizadora franco-turca Deniz Gamze Erg\u00fcven. Es la historia de\u00a0cinco hermanas hu\u00e9rfanas que quedan bajo la tutela de un t\u00edo autoritario y una\u00a0abuela sumisa, en un pueblo en el norte de Turqu\u00eda. Obligadas a prepararse para el\u00a0matrimonio, la casa de la familia se transforma progresivamente en una prisi\u00f3n para\u00a0ellas. Las hermanas, que comparten una pasi\u00f3n com\u00fan por la libertad, encontrar\u00e1n\u00a0la manera de librarse de las restricciones que la sociedad les impone. El t\u00edtulo de la\u00a0pel\u00edcula se refiere a los mustangos, caballos salvajes capaces de derribar\u00a0violentamente el encierro prolongado.<\/p>\n<p>Tambi\u00e9n se exhibir\u00e1 Una paloma reflexiona sobre la existencia desde la rama de un\u00a0\u00e1rbol, escrita y dirigida por Roy Andersson. Sam y Jonathan, un par de\u00a0desventurados vendedores de art\u00edculos de diversi\u00f3n, nos llevan en un viaje\u00a0caleidosc\u00f3pico a trav\u00e9s de una serie de episodios donde salen a relucir los absurdos\u00a0de la condici\u00f3n humana. Con un estilo que recuerda los tableaux vivants, cada\u00a0vi\u00f1eta que compone la pel\u00edcula est\u00e1 poblada por extra\u00f1os personajes en situaciones\u00a0singulares que revelan la belleza, el humor y la tragedia de la vida. Antecedida por\u00a0Canciones del segundo piso (2000) y T\u00fa que est\u00e1s vivo (2007), esta pel\u00edcula culmina\u00a0\u201cLa trilog\u00eda viva\u201d del director Roy Andersson, dedicada a mirar la tragicomedia en\u00a0que consiste la existencia de los seres humanos.<\/p>\n<p><script src=\"\/\/pagead2.googlesyndication.com\/pagead\/js\/adsbygoogle.js\" async=\"\"><\/script><!-- BANNER PEQUE\u00d1O PARA ENTRENOTAS EL ORIENTE --> <ins class=\"adsbygoogle\" style=\"display: inline-block; width: 468px; height: 60px;\" data-ad-client=\"ca-pub-1136171134853753\" data-ad-slot=\"4953536424\"><\/ins><script>\/\/ <![CDATA[\n(adsbygoogle = window.adsbygoogle || []).push({});\n\/\/ ]]><\/script><\/p>\n<p>En colaboraci\u00f3n con la distribuidora Interior XIII se presentar\u00e1 Incomprendida\u00a0(Incompresa), tercer largometraje como directora de Asia Argento, una pel\u00edcula\u00a0semiautobiogr\u00e1fica que tuvo su estreno internacional en la secci\u00f3n Una cierta mirada\u00a0del festival de Cannes del 2014.<\/p>\n<p>La temporada concluir\u00e1 el 30 de enero con la proyecci\u00f3n de Una chica regresa sola\u00a0a casa de noche, funci\u00f3n en colaboraci\u00f3n con Cine Tonal\u00e1 Distribuci\u00f3n. La pel\u00edcula\u00a0es el primer western de vampiros iran\u00ed y \u00f3pera prima de Ana Lily Amirpour. Se trata\u00a0de una alegre mezcla de g\u00e9neros, arquetipos e iconograf\u00edas cuyas influencias\u00a0abarcan desde el spaghetti western hasta novelas gr\u00e1ficas, pel\u00edculas de terror y la\u00a0nueva ola iran\u00ed. Esta cinta evoca una mezcla de rock iran\u00ed, techno, riffs inspirados en\u00a0Morricone, la tensi\u00f3n latente de Sergio Leone y el surrealismo de David Lynch pero\u00a0con un toque violentamente fresco.<\/p>\n<p>Con esta oferta f\u00edlmica OaxacaCine invita al p\u00fablico a iniciar un a\u00f1o cin\u00e9filo, con lo\u00a0mejor de la cinematograf\u00eda mundial reciente.<\/p>\n<p>La entrada a las funciones tiene un costo de $30 pesos general y $20 con descuento\u00a0para estudiantes, maestros y adultos mayores presentando credencial vigente. Los\u00a0boletos estar\u00e1n a la venta en la taquilla de OaxacaCine del Teatro Macedonio Alcal\u00e1\u00a0(Independencia 900 esquina Armenta y L\u00f3pez) en un horario de 16 a 19 horas todos\u00a0los d\u00edas que haya funci\u00f3n de cine.<\/p>\n<p>Cartelera completa en <a href=\"http:\/\/oaxacacine.com\/web\/\" target=\"_blank\">www.oaxacacine.com<\/a><\/p>\n<p>Facebook <a href=\"https:\/\/www.facebook.com\/OaxacaCine-252231284816349\/?fref=ts\" target=\"_blank\">@OaxacaCine<\/a><\/p>\n<p>Twitter <a href=\"https:\/\/twitter.com\/OaxacaCine\" target=\"_blank\">@OaxacaCine<\/a><\/p>\n<p>Para recibir boletines con la programaci\u00f3n mensual y noticias de OaxacaCine\u00a0pueden suscribirse en: <a href=\"http:\/\/oaxacacine.com\/web\/contacto\/\" target=\"_blank\">http:\/\/oaxacacine.com\/web\/contacto\/<\/a><\/p>\n<p>Para mayor informaci\u00f3n contactar a:\u00a0Isabel Rojas (tel. 5163668 \/ cel. 951 188 7084 isabel@oaxacacine.com)<\/p>\n<p>M\u00f3nica Barroso (tel. 5163668 \/ cel. 951 187 8889 monica@oaxacacine.com)<\/p>\n<p><a href=\"http:\/\/todooaxacaradio.com\/wp-content\/uploads\/2016\/01\/OaxacaCine-Cartelera.jpeg\"><img loading=\"lazy\" decoding=\"async\" class=\"alignnone size-medium wp-image-3255\" src=\"http:\/\/todooaxacaradio.com\/wp-content\/uploads\/2016\/01\/OaxacaCine-Cartelera-300x200.jpeg\" alt=\"OaxacaCine Cartelera\" width=\"300\" height=\"200\" \/><\/a><\/p>\n<p><strong>OTRAS ENTRADAS<\/strong><\/p>\n<div class=\"featuredpost\">\n<div class=\"flow_hide\">\n<h2 class=\"posttitle bigposttitle\"><a title=\"Enlace Permanente a EDUCACI\u00d3N: Ense\u00f1anza y aprendizaje del ingl\u00e9s en M\u00e9xico. Por Diego Gonz\u00e1lez Algara\" href=\"http:\/\/www.eloriente.net\/home\/2016\/01\/13\/educacion-ensenanza-y-aprendizaje-del-ingles-en-mexico-por-diego-gonzalez-algara\/\" rel=\"bookmark\">EDUCACI\u00d3N: Ense\u00f1anza y aprendizaje del ingl\u00e9s en M\u00e9xico. Por Diego Gonz\u00e1lez Algara<\/a><\/h2>\n<\/div>\n<p>(www.eloriente.net, M\u00e9xico, a 13 de enero de 2016, por Diego Gonz\u00e1lez Algara).- Este art\u00edculo es el segundo de cuatro acerca de las pol\u00edticas educativas en la\u00a0ense\u00f1anza de\u2026<\/p>\n<p class=\"postmeta\"><span class=\"meta_date\">enero 13, 2016<\/span><\/p>\n<div class=\"toolbar-social\"><\/div>\n<\/div>\n<div class=\"featuredpost\">\n<div class=\"flow_hide\">\n<p><a href=\"http:\/\/www.eloriente.net\/home\/2016\/01\/12\/internacional-en-eu-mexicanos-son-el-grupo-mas-numeroso-de-migrantes-en-33-estados\/\" rel=\"bookmark\"><img decoding=\"async\" class=\"alignleft\" title=\"INTERNACIONAL: En EU, mexicanos son el grupo m\u00e1s numeroso de migrantes en 33 de 50 estados\" src=\"http:\/\/www.eloriente.net\/home\/wp-content\/themes\/city-desk\/timthumb.php?src=http%3A%2F%2Fwww.eloriente.net%2Fhome%2Fwp-content%2Fuploads%2F2016%2F01%2F4816608544_acb0bc2034_b.jpg&amp;q=90&amp;w=70&amp;h=45&amp;zc=1\" alt=\"INTERNACIONAL: En EU, mexicanos son el grupo m\u00e1s numeroso de migrantes en 33 de 50 estados\" \/><\/a><\/p>\n<h2 class=\"posttitle \"><a title=\"Enlace Permanente a INTERNACIONAL: En EU, mexicanos son el grupo m\u00e1s numeroso de migrantes en 33 de 50 estados\" href=\"http:\/\/www.eloriente.net\/home\/2016\/01\/12\/internacional-en-eu-mexicanos-son-el-grupo-mas-numeroso-de-migrantes-en-33-estados\/\" rel=\"bookmark\">INTERNACIONAL: En EU, mexicanos son el grupo m\u00e1s numeroso de migrantes en 33 de 50 estados<\/a><\/h2>\n<\/div>\n<p>eloriente.net\/Parametr\u00eda 12 de enero de 2016 Uno de los institutos de opini\u00f3n p\u00fablica m\u00e1s recocidos en Estados Unidos, el PEW Research Center dio a conocer un estudio\u2026<\/p>\n<p class=\"postmeta\"><span class=\"meta_date\">enero 12, 2016<\/span><\/p>\n<div class=\"toolbar-social\"><\/div>\n<\/div>\n<div class=\"featuredpost\">\n<div class=\"flow_hide\">\n<p><a href=\"http:\/\/www.eloriente.net\/home\/2016\/01\/12\/musica-escucha-la-obra-de-francisco-lopez-capillas-primer-gran-compositor-de-america\/\" rel=\"bookmark\"><img decoding=\"async\" class=\"alignleft\" title=\"M\u00daSICA: Escucha obra de Francisco L\u00f3pez Capillas, primer gran compositor de Am\u00e9rica\" src=\"http:\/\/www.eloriente.net\/home\/wp-content\/themes\/city-desk\/timthumb.php?src=http%3A%2F%2Fwww.eloriente.net%2Fhome%2Fwp-content%2Fuploads%2F2016%2F01%2F5409242492_4eae3d39e7_b.jpg&amp;q=90&amp;w=70&amp;h=45&amp;zc=1\" alt=\"M\u00daSICA: Escucha obra de Francisco L\u00f3pez Capillas, primer gran compositor de Am\u00e9rica\" \/><\/a><\/p>\n<h2 class=\"posttitle \"><a title=\"Enlace Permanente a M\u00daSICA: Escucha obra de Francisco L\u00f3pez Capillas, primer gran compositor de Am\u00e9rica\" href=\"http:\/\/www.eloriente.net\/home\/2016\/01\/12\/musica-escucha-la-obra-de-francisco-lopez-capillas-primer-gran-compositor-de-america\/\" rel=\"bookmark\">M\u00daSICA: Escucha obra de Francisco L\u00f3pez Capillas, primer gran compositor de Am\u00e9rica<\/a><\/h2>\n<\/div>\n<p>(www.eloriente.net, M\u00e9xico, a 12 de enero de 2016).- \u00a0De acuerdo con el music\u00f3logo, organista y director de coro, Juan Manuel Lara C\u00e1rdenas, Francisco L\u00f3pez Capillas es considerado\u2026<\/p>\n<p class=\"postmeta\"><span class=\"meta_date\">enero 12, 2016<\/span><\/p>\n<\/div>\n\n\t\t\t  <div \n\t\t\t  \tclass = \"fb-comments\" \n\t\t\t  \tdata-href = \"https:\/\/www.eloriente.net\/home\/2016\/01\/13\/cultura-en-enero-oaxacacine-presenta-la-muestra-internacional-de-cine-de-la-cineteca-nacional\/\"\n\t\t\t  \tdata-numposts = \"10\"\n\t\t\t\tdata-colorscheme = \"dark\"\n\t\t\t\tdata-order-by = \"social\"\n\t\t\t\tdata-mobile=true>\n\t\t\t  <\/div>\n\t\t  <style>\n\t\t\t.fb_iframe_widget_fluid_desktop iframe {\n\t\t\t    width: 100% !important;\n\t\t\t}\n\t\t  <\/style>\n\t\t  ","protected":false},"excerpt":{"rendered":"<p>&nbsp; eloriente.net\/OaxacaCine 13 de enero de 2016 Por quinto a\u00f1o consecutivo OaxacaCine presentar\u00e1 en el Teatro Macedonio Alcal\u00e1\u00a0una selecci\u00f3n de pel\u00edculas de la Muestra Internacional de Cine de la Cineteca\u00a0Nacional. Durante el mes de enero, se exhibir\u00e1 una primera parte de la\u00a0quincuag\u00e9sima novena edici\u00f3n de la Muestra los d\u00edas: 25, 26, 27, 29 y 30. [&hellip;]<\/p>\n","protected":false},"author":37,"featured_media":41743,"comment_status":"open","ping_status":"open","sticky":false,"template":"","format":"standard","meta":{"_jetpack_memberships_contains_paid_content":false,"footnotes":""},"categories":[8,56,11,1588,18,32,63,464,2703],"tags":[5669,4428,4076,5668,4195,3355,241,5671,5670,73,2366],"class_list":["post-41742","post","type-post","status-publish","format-standard","has-post-thumbnail","hentry","category-agenda","category-cine","category-colaboradores","category-comunicados-y-boletines","category-educacion-y-cultura","category-entradas","category-estados","category-oaxaca-estados","category-oaxacacine","tag-agenda-cultural","tag-boletin","tag-cine","tag-cineteca-nacional","tag-comunicado","tag-cortometrajes","tag-cultura","tag-largometrajes","tag-muestra-internacional-de-cine-de-la-cineteca-nacional","tag-oaxaca","tag-oaxaca-cine"],"jetpack_featured_media_url":"https:\/\/www.eloriente.net\/home\/wp-content\/uploads\/2016\/01\/OaxacaCine-cartelera-enero.jpeg","jetpack_sharing_enabled":true,"_links":{"self":[{"href":"https:\/\/www.eloriente.net\/home\/wp-json\/wp\/v2\/posts\/41742"}],"collection":[{"href":"https:\/\/www.eloriente.net\/home\/wp-json\/wp\/v2\/posts"}],"about":[{"href":"https:\/\/www.eloriente.net\/home\/wp-json\/wp\/v2\/types\/post"}],"author":[{"embeddable":true,"href":"https:\/\/www.eloriente.net\/home\/wp-json\/wp\/v2\/users\/37"}],"replies":[{"embeddable":true,"href":"https:\/\/www.eloriente.net\/home\/wp-json\/wp\/v2\/comments?post=41742"}],"version-history":[{"count":2,"href":"https:\/\/www.eloriente.net\/home\/wp-json\/wp\/v2\/posts\/41742\/revisions"}],"predecessor-version":[{"id":41746,"href":"https:\/\/www.eloriente.net\/home\/wp-json\/wp\/v2\/posts\/41742\/revisions\/41746"}],"wp:featuredmedia":[{"embeddable":true,"href":"https:\/\/www.eloriente.net\/home\/wp-json\/wp\/v2\/media\/41743"}],"wp:attachment":[{"href":"https:\/\/www.eloriente.net\/home\/wp-json\/wp\/v2\/media?parent=41742"}],"wp:term":[{"taxonomy":"category","embeddable":true,"href":"https:\/\/www.eloriente.net\/home\/wp-json\/wp\/v2\/categories?post=41742"},{"taxonomy":"post_tag","embeddable":true,"href":"https:\/\/www.eloriente.net\/home\/wp-json\/wp\/v2\/tags?post=41742"}],"curies":[{"name":"wp","href":"https:\/\/api.w.org\/{rel}","templated":true}]}}