{"id":42392,"date":"2016-02-23T01:00:22","date_gmt":"2016-02-23T07:00:22","guid":{"rendered":"http:\/\/www.eloriente.net\/home\/?p=42392"},"modified":"2016-02-22T15:41:56","modified_gmt":"2016-02-22T21:41:56","slug":"vacantes-para-administradores-martesdevacantes","status":"publish","type":"post","link":"https:\/\/www.eloriente.net\/home\/2016\/02\/23\/vacantes-para-administradores-martesdevacantes\/","title":{"rendered":"Vacantes para Administradores #MartesDeVacantes"},"content":{"rendered":"<p><script src=\"\/\/pagead2.googlesyndication.com\/pagead\/js\/adsbygoogle.js\" async=\"\"><\/script><!-- BANNER ELORIENTE INCRUSTADO NOTAS --> <ins class=\"adsbygoogle\" style=\"display: inline-block; width: 300px; height: 250px;\" data-ad-client=\"ca-pub-1136171134853753\" data-ad-slot=\"7974633627\"><\/ins><script>\/\/ <![CDATA[\n(adsbygoogle = window.adsbygoogle || []).push({});\n\/\/ ]]><\/script><\/p>\n<p>&nbsp;<\/p>\n<p>www.eloriente.net, M\u00e9xico, a 23 de febrero de 2016).-\u00a0Conscientes de la importancia para la ciudadan\u00eda en general de la b\u00fasqueda de nuevas oportunidades de crecimiento profesional, ponemos a tu disposici\u00f3n semanalmente ofertas de empleo disponibles\u00a0por profesi\u00f3n en cualquier parte de M\u00e9xico y del mundo o, cuando as\u00ed lo amerita, exclusivamente en Oaxaca.<\/p>\n<p>En esta ocasi\u00f3n, ELORIENTE.NET comparte cinco vacantes para Administradores.<\/p>\n<p>Si deseas aplicar para alguna de las vacantes, deber\u00e1s darle clic al t\u00edtulo de esta y te llevar\u00e1 al sitio que te pondr\u00e1 en contacto con los empleadores. No olvides comentar que la oportunidad la has encontrado con nosotros en el Martes de Vacantes de ELORIENTE.NET. \u00a1\u00c9xito!<\/p>\n<p><strong><a href=\"http:\/\/www.computrabajo.com.mx\/ofertas-de-trabajo\/oferta-de-trabajo-de-auxiliar-administrativo-matias-romero-en-matias-romero-avendano-A5D9F01791604F38\" target=\"_blank\">1.- AUXILIAR ADMINISTRATIVO<\/a><\/strong><\/p>\n<p>La empresa Compartamos Banco solicita una persona para el pues de Auxiliar Administrativo en la zona de Mat\u00edas Romero en Oaxaca.<\/p>\n<p><strong>Escolaridad<\/strong>: Licenciatura terminada en \u00e1reas econ\u00f3mico &#8211; administrativas.<\/p>\n<p><strong>G\u00e9nero:<\/strong>\u00a0Indistinto<\/p>\n<p><strong>Requisitos:<\/strong>\u00a0Ser originario de Mat\u00edas Romero o poblados cercanos. Disponibilidad de tiempo, conocimientos de office, servicio al cliente, excelente presentaci\u00f3n.<\/p>\n<p><strong>Funciones:<\/strong>\u00a0Controlar los expedientes y pagar\u00e9s de los clientes, verificando que la documentaci\u00f3n incluida est\u00e9 de acuerdo a la metodolog\u00eda, as\u00ed como, realizar la captura de informaci\u00f3n al sistema y colaborar en equipo con todos los integrantes de la sucursal, apoyando en actividades administrativas que se requieran, con la finalidad de generar la informaci\u00f3n necesaria para que los colaboradores de la Sucursal tomen las decisiones adecuadas y puedan prever situaciones de alto riesgo.<\/p>\n<p><strong>Salario<\/strong>: $6,500 mensuales. Se ofrecen tambi\u00e9n prestaciones superiores a las de la ley, capacitaci\u00f3n, uniforme, crecimiento laboral y vales de despensa.<\/p>\n<p><strong>Horario:<\/strong>\u00a0No se especifica (Tiempo completo)<\/p>\n<p><strong><a href=\"http:\/\/www.bumeran.com.mx\/empleos\/analista-administrativo-aseguradora-qualitas-1110752228.html\" target=\"_blank\">2.- ANALISTA ADMINISTRATIVO<\/a><\/strong><\/p>\n<p>La empresa Qualitas, l\u00edder en el mercado de seguros automotrices solicita un Auxiliar Administrativo.<\/p>\n<p><strong>Escolaridad<\/strong>: M\u00ednimo bachillerato o carrera t\u00e9cnica<\/p>\n<p><strong>G\u00e9nero:<\/strong>\u00a0Indistinto<\/p>\n<p><strong>Requisitos:<\/strong>\u00a0Conocimientos en excel, experiencia de 6 meses en actividades administrativas o servicio social.<\/p>\n<p><strong>Funciones:\u00a0<\/strong>Proceso administrativo de generaci\u00f3n de p\u00f3lizas de autos.<\/p>\n<p><strong>Salario<\/strong>: No especificado. Prestaciones de ley.<\/p>\n<p><strong>Horario:<\/strong>\u00a0No especificado.<\/p>\n<p><script src=\"\/\/pagead2.googlesyndication.com\/pagead\/js\/adsbygoogle.js\" async=\"\"><\/script><!-- BANNER PEQUE\u00d1O PARA ENTRENOTAS EL ORIENTE --> <ins class=\"adsbygoogle\" style=\"display: inline-block; width: 468px; height: 60px;\" data-ad-client=\"ca-pub-1136171134853753\" data-ad-slot=\"4953536424\"><\/ins><script>\/\/ <![CDATA[\n(adsbygoogle = window.adsbygoogle || []).push({});\n\/\/ ]]><\/script><\/p>\n<p><strong><a href=\"https:\/\/www.occ.com.mx\/Empleo\/Oferta\/8735772-coord-administrativo-de-unidad-de-negocio-base-pinotepa\" target=\"_blank\">3.- COORDINADOR ADMINISTRATIVO DE UNIDAD DE NEGOCIO<\/a><\/strong><\/p>\n<p>Agriestar M\u00e9xico se encuentra en b\u00fasqueda de una persona para ocupar el cargo de Coordinador Administrativo de Unidad de Negocio.<\/p>\n<p><strong>Escolaridad<\/strong>: Licenciatura en Administraci\u00f3n de Empresas o afines.<\/p>\n<p><strong>G\u00e9nero:<\/strong>\u00a0Indistinto<\/p>\n<p><strong>Requisitos:<\/strong>\u00a0Edad de 28 a 40 a\u00f1os, experiencia de 3 a 5 a\u00f1os en pagos de cr\u00e9ditos, orientaci\u00f3n a resultados, orientaci\u00f3n a la innovaci\u00f3n, trabajo en equipo, pensamiento anal\u00edtico, negociaci\u00f3n, planeaci\u00f3n y organizaci\u00f3n, trabajo bajo presi\u00f3n, sentido de urgencia, tolerancia a la frustraci\u00f3n.<\/p>\n<p><strong>Funciones: <\/strong>Generaci\u00f3n de\u00a0notas de cr\u00e9dito, facturaci\u00f3n,\u00a0traspasos, cobranza, reembolsos, pagos, entradas y salidas de almac\u00e9n; manejo de presupuestos, manejo de cartera, cobranza, almacenes, activos fijos, manejo de personal.<\/p>\n<p><strong>Salario<\/strong>: No especificado<\/p>\n<p><strong>Horario:<\/strong>\u00a0Tiempo completo (No se especifica)<\/p>\n<p><strong><a href=\"http:\/\/app.empleo.gob.mx\/STPSEmpleoWebBack\/detalleoferta.do?method=init&amp;id_oferta_empleo=2191159\" target=\"_blank\">4.- ADMINISTRADOR GENERAL<\/a><\/strong><\/p>\n<p>Arrendadores y Transportes de Oaxaca solicitad dos personas para el cargo de Administrador General.<\/p>\n<p><strong>Escolaridad<\/strong>:\u00a0Licenciatura en Administraci\u00f3n, Mercadotecnia y ventas (pasante)<\/p>\n<p><strong>G\u00e9nero:<\/strong>\u00a0Indistinto<\/p>\n<p><strong>Requisitos:<\/strong>\u00a0Experiencia de 6 meses a un a\u00f1o en puestos similares, conocimientos b\u00e1sicos de ingl\u00e9s, autonom\u00eda, negociaci\u00f3n, proactividad, orientaci\u00f3n a resultados, compromiso; conocimientos en procesadores de texto, hojas de c\u00e1lculo; manejo de internet, correo electr\u00f3nico, redes sociales, suite de Adobe; conocimientos b\u00e1sicos de \u00a0ERP.<\/p>\n<p><strong>Funciones:\u00a0<\/strong>Ventas, cierre de contratos, supervisi\u00f3n\u00a0de clientes, contacto con nuevos clientes. Tendr\u00e1 a cargo la administraci\u00f3n y productividad en oficina.<\/p>\n<p><strong>Salario<\/strong>: $10,000 mensuales, prestaciones de ley, bono por productividad.<\/p>\n<p><strong>Horario:<\/strong>\u00a0Lunes a s\u00e1bado, de 9:00 a 19:00 horas.<\/p>\n<p><strong><a href=\"http:\/\/www.indeed.com.mx\/cmp\/Los-Danzantes\/jobs\/Administrador-general-5b59cf67bf6a5cbb?q=administracion\" target=\"_blank\">5.- ADMINISTRADOR GENERAL\u00a0<\/a><\/strong><\/p>\n<p>Los Danzantes, grupo restaurantero, solicita una persona para ocupar el puesto de Administrador General<\/p>\n<p>&nbsp;<\/p>\n<p><strong>Escolaridad<\/strong>: Licenciatura en Contadur\u00eda, Finanzas o Administraci\u00f3n<\/p>\n<p><strong>G\u00e9nero:<\/strong>\u00a0Indistinto<\/p>\n<p><strong>Requisitos:<\/strong>\u00a03 a\u00f1os de experiencia como Administrador General, hablar el idioma ingl\u00e9s,<\/p>\n<p><strong>Funciones:\u00a0<\/strong>Recuperaci\u00f3n cartera vencida, realizar reportes de ventas y an\u00e1lisis por tipo de producto y canal.\u00a0Realizar an\u00e1lisis y proyecciones. Ser\u00e1 el responsable directo de mantener la proyecci\u00f3n de flujo de efectivo actualizado y considerando dentro del mismo datos hist\u00f3ricos reales.\u00a0Dar seguimiento a las inspecciones gubernamentales y presentar la documentaci\u00f3n requerida.\u00a0Concentrar la Informaci\u00f3n Financiera de la compa\u00f1\u00eda para que sea sujeta a an\u00e1lisis y proyecciones, garantizando su fiabilidad y certidumbre.\u00a0Comparar y reportar avances o retrocesos en funci\u00f3n del presupuesto establecido.\u00a0Explicar a la Direcci\u00f3n Financiera las desviaciones que puedan surgir de la comparaci\u00f3n con el presupuesto establecido.\u00a0Implementaci\u00f3n de procesos contables en el \u00e1rea, su correcto seguimiento y en caso necesario adecuaci\u00f3n o ajuste previa autorizaci\u00f3n de Direcci\u00f3n de Finanzas.\u00a0Implementar la homologaci\u00f3n de los procesos corporativos a los procesos locales, previa autorizaci\u00f3n de Direcci\u00f3n de Finanzas.\u00a0Identificar oportunidades de mejora en los \u00e1reas; contable, fiscal, costos, tesorer\u00eda, cuentas por pagar y administraci\u00f3n y proponer nuevos procesos a la Direcci\u00f3n Financiera.\u00a0Compilar la informaci\u00f3n con las distintas unidades de Negocio.<\/p>\n<p><strong>Salario<\/strong>: No especificado<\/p>\n<p><strong>Horario:<\/strong>\u00a0Tiempo completo<\/p>\n<p><a href=\"http:\/\/www.eloriente.net\/home\/wp-content\/uploads\/2014\/05\/martes-de-vacantes.jpg\" rel=\"attachment wp-att-25869\"><img loading=\"lazy\" decoding=\"async\" class=\"alignnone wp-image-25869\" src=\"http:\/\/www.eloriente.net\/home\/wp-content\/uploads\/2014\/05\/martes-de-vacantes.jpg\" alt=\"martes de vacantes\" width=\"600\" height=\"398\" srcset=\"https:\/\/www.eloriente.net\/home\/wp-content\/uploads\/2014\/05\/martes-de-vacantes.jpg 1024w, https:\/\/www.eloriente.net\/home\/wp-content\/uploads\/2014\/05\/martes-de-vacantes-300x199.jpg 300w\" sizes=\"(max-width: 600px) 100vw, 600px\" \/><\/a><\/p>\n<p><strong>OTRAS ENTRADAS<\/strong><\/p>\n<div class=\"featuredpost\">\n<div class=\"flow_hide\">\n<h2 class=\"posttitle bigposttitle\"><a title=\"Enlace Permanente a COLUMNA: Cr\u00f3nicas beisboleras. Por Jaime Palau\" href=\"http:\/\/www.eloriente.net\/home\/2016\/02\/22\/columna-cronicas-beisboleras-por-jaime-palau\/\" rel=\"bookmark\">COLUMNA: Cr\u00f3nicas beisboleras. Por Jaime Palau<\/a><\/h2>\n<\/div>\n<p>(www.eloriente.net, M\u00e9xico, a 22 de febrero de 2016, por Jaime Palau).- La pregunta \u00bfQu\u00e9 peloteros profesionales nacidos en Oaxaca obtuvieron el reconocimiento a\u00a0\u201cNovato del A\u00f1o\u201d en la\u2026<\/p>\n<p class=\"postmeta\"><span class=\"meta_date\">febrero 22, 2016<\/span><\/p>\n<div class=\"toolbar-social\"><\/div>\n<\/div>\n<div class=\"featuredpost\">\n<div class=\"flow_hide\">\n<p><a href=\"http:\/\/www.eloriente.net\/home\/2016\/02\/20\/internet-los-temas-mas-buscados-en-mexico-13-19-de-febrero\/\" rel=\"bookmark\"><img decoding=\"async\" class=\"alignleft\" title=\"INTERNET: Los temas m\u00e1s buscados en M\u00e9xico (13-19 de febrero)\" src=\"http:\/\/www.eloriente.net\/home\/wp-content\/themes\/city-desk\/timthumb.php?src=http%3A%2F%2Fwww.eloriente.net%2Fhome%2Fwp-content%2Fuploads%2F2016%2F02%2F8472416695_9e509f3d55_k.jpg&amp;q=90&amp;w=70&amp;h=45&amp;zc=1\" alt=\"INTERNET: Los temas m\u00e1s buscados en M\u00e9xico (13-19 de febrero)\" \/><\/a><\/p>\n<h2 class=\"posttitle \"><a title=\"Enlace Permanente a INTERNET: Los temas m\u00e1s buscados en M\u00e9xico (13-19 de febrero)\" href=\"http:\/\/www.eloriente.net\/home\/2016\/02\/20\/internet-los-temas-mas-buscados-en-mexico-13-19-de-febrero\/\" rel=\"bookmark\">INTERNET: Los temas m\u00e1s buscados en M\u00e9xico (13-19 de febrero)<\/a><\/h2>\n<\/div>\n<p>(www.eloriente.net, M\u00e9xico, 20 de febrero de 2016, por Valery L\u00f3pez).- Una semana m\u00e1s llega a su fin, y con ello el repaso de lo que sucedi\u00f3 en\u2026<\/p>\n<p class=\"postmeta\"><span class=\"meta_date\">febrero 20, 2016<\/span><\/p>\n<div class=\"toolbar-social\"><\/div>\n<\/div>\n<div class=\"featuredpost\">\n<div class=\"flow_hide\">\n<p><a href=\"http:\/\/www.eloriente.net\/home\/2016\/02\/18\/convocatorias-5-becas-de-apoyo-artistico\/\" rel=\"bookmark\"><img decoding=\"async\" class=\"alignleft\" title=\"CONVOCATORIAS: 5 becas de apoyo art\u00edstico\" src=\"http:\/\/www.eloriente.net\/home\/wp-content\/themes\/city-desk\/timthumb.php?src=http%3A%2F%2Fwww.eloriente.net%2Fhome%2Fwp-content%2Fuploads%2F2016%2F02%2FKorean-Dance-por-%40Brendan.jpg&amp;q=90&amp;w=70&amp;h=45&amp;zc=1\" alt=\"CONVOCATORIAS: 5 becas de apoyo art\u00edstico\" \/><\/a><\/p>\n<h2 class=\"posttitle \"><a title=\"Enlace Permanente a CONVOCATORIAS: 5 becas de apoyo art\u00edstico\" href=\"http:\/\/www.eloriente.net\/home\/2016\/02\/18\/convocatorias-5-becas-de-apoyo-artistico\/\" rel=\"bookmark\">CONVOCATORIAS: 5 becas de apoyo art\u00edstico<\/a><\/h2>\n<\/div>\n<p>(www.eloriente.net, M\u00e9xico, a 17 de febrero de 2016, por Valery L\u00f3pez).- Ser artista puede ser un camino duro de recorrer. Sin embargo, existen diversas instituciones que buscan apoyar\u2026<\/p>\n<p class=\"postmeta\"><span class=\"meta_date\">febrero 18, 2016<\/span><\/p>\n<\/div>\n\n\t\t\t  <div \n\t\t\t  \tclass = \"fb-comments\" \n\t\t\t  \tdata-href = \"https:\/\/www.eloriente.net\/home\/2016\/02\/23\/vacantes-para-administradores-martesdevacantes\/\"\n\t\t\t  \tdata-numposts = \"10\"\n\t\t\t\tdata-colorscheme = \"dark\"\n\t\t\t\tdata-order-by = \"social\"\n\t\t\t\tdata-mobile=true>\n\t\t\t  <\/div>\n\t\t  <style>\n\t\t\t.fb_iframe_widget_fluid_desktop iframe {\n\t\t\t    width: 100% !important;\n\t\t\t}\n\t\t  <\/style>\n\t\t  ","protected":false},"excerpt":{"rendered":"<p>&nbsp; www.eloriente.net, M\u00e9xico, a 23 de febrero de 2016).-\u00a0Conscientes de la importancia para la ciudadan\u00eda en general de la b\u00fasqueda de nuevas oportunidades de crecimiento profesional, ponemos a tu disposici\u00f3n semanalmente ofertas de empleo disponibles\u00a0por profesi\u00f3n en cualquier parte de M\u00e9xico y del mundo o, cuando as\u00ed lo amerita, exclusivamente en Oaxaca. En esta ocasi\u00f3n, [&hellip;]<\/p>\n","protected":false},"author":44,"featured_media":25869,"comment_status":"open","ping_status":"open","sticky":false,"template":"","format":"standard","meta":{"_jetpack_memberships_contains_paid_content":false,"footnotes":""},"categories":[32,13,63,464],"tags":[4080,6011,5410,347,6012,2420,211,889],"class_list":["post-42392","post","type-post","status-publish","format-standard","has-post-thumbnail","hentry","category-entradas","category-especiales","category-estados","category-oaxaca-estados","tag-martesdevacantes","tag-administradores","tag-bolsa-de-trabajo","tag-empleos","tag-licenciatura-en-administracion","tag-martes-de-vacantes","tag-trabajo","tag-vacantes"],"jetpack_featured_media_url":"https:\/\/www.eloriente.net\/home\/wp-content\/uploads\/2014\/05\/martes-de-vacantes.jpg","jetpack_sharing_enabled":true,"_links":{"self":[{"href":"https:\/\/www.eloriente.net\/home\/wp-json\/wp\/v2\/posts\/42392"}],"collection":[{"href":"https:\/\/www.eloriente.net\/home\/wp-json\/wp\/v2\/posts"}],"about":[{"href":"https:\/\/www.eloriente.net\/home\/wp-json\/wp\/v2\/types\/post"}],"author":[{"embeddable":true,"href":"https:\/\/www.eloriente.net\/home\/wp-json\/wp\/v2\/users\/44"}],"replies":[{"embeddable":true,"href":"https:\/\/www.eloriente.net\/home\/wp-json\/wp\/v2\/comments?post=42392"}],"version-history":[{"count":1,"href":"https:\/\/www.eloriente.net\/home\/wp-json\/wp\/v2\/posts\/42392\/revisions"}],"predecessor-version":[{"id":42393,"href":"https:\/\/www.eloriente.net\/home\/wp-json\/wp\/v2\/posts\/42392\/revisions\/42393"}],"wp:featuredmedia":[{"embeddable":true,"href":"https:\/\/www.eloriente.net\/home\/wp-json\/wp\/v2\/media\/25869"}],"wp:attachment":[{"href":"https:\/\/www.eloriente.net\/home\/wp-json\/wp\/v2\/media?parent=42392"}],"wp:term":[{"taxonomy":"category","embeddable":true,"href":"https:\/\/www.eloriente.net\/home\/wp-json\/wp\/v2\/categories?post=42392"},{"taxonomy":"post_tag","embeddable":true,"href":"https:\/\/www.eloriente.net\/home\/wp-json\/wp\/v2\/tags?post=42392"}],"curies":[{"name":"wp","href":"https:\/\/api.w.org\/{rel}","templated":true}]}}