{"id":42397,"date":"2016-02-22T18:30:05","date_gmt":"2016-02-23T00:30:05","guid":{"rendered":"http:\/\/www.eloriente.net\/home\/?p=42397"},"modified":"2016-02-22T18:45:37","modified_gmt":"2016-02-23T00:45:37","slug":"educacion-en-oaxaca-nuno-mayer-se-dice-dispuesto-a-dialogar-con-la-seccion-22","status":"publish","type":"post","link":"https:\/\/www.eloriente.net\/home\/2016\/02\/22\/educacion-en-oaxaca-nuno-mayer-se-dice-dispuesto-a-dialogar-con-la-seccion-22\/","title":{"rendered":"EDUCACI\u00d3N: En Oaxaca, Nu\u00f1o Mayer se dice dispuesto a dialogar con la Secci\u00f3n 22"},"content":{"rendered":"<p><script src=\"\/\/pagead2.googlesyndication.com\/pagead\/js\/adsbygoogle.js\" async=\"\"><\/script><!-- BANNER ELORIENTE INCRUSTADO NOTAS --> <ins class=\"adsbygoogle\" style=\"display: inline-block; width: 300px; height: 250px;\" data-ad-client=\"ca-pub-1136171134853753\" data-ad-slot=\"7974633627\"><\/ins><script>\/\/ <![CDATA[\n(adsbygoogle = window.adsbygoogle || []).push({});\n\/\/ ]]><\/script><\/p>\n<p>&nbsp;<\/p>\n<p>(www.eloriente.net, M\u00e9xico, a 22 de de febrero de 2016, por Valery L\u00f3pez).- El titular de la Secretar\u00eda de Educaci\u00f3n P\u00fablica (SEP) visit\u00f3 Oaxaca este lunes para inaugurar el programa \u00abEscuelas al Cien\u00bb con el que se pretende mejorar la infraestrucutra de 33 mil planteles en todo el pa\u00eds.<\/p>\n<p>A continuaci\u00f3n, algunos puntos destacados de la visita de Nu\u00f1o Mayer a esta entidad.<\/p>\n<ul>\n<li>Lleg\u00f3 a Oaxaca para, en compa\u00f1\u00eda del Gobernador Gabino Cu\u00e9, dar inicio al programa \u00abEscuelas al Cien\u00bb en la primaria Emiliano Zapata en Miahuatl\u00e1n de Porfirio D\u00edaz.<\/li>\n<\/ul>\n<p>&nbsp;<\/p>\n<blockquote class=\"twitter-tweet\" data-lang=\"es\">\n<p dir=\"ltr\" lang=\"es\">En <a href=\"https:\/\/twitter.com\/hashtag\/Oaxaca?src=hash\">#Oaxaca<\/a> inicia el programa <a href=\"https:\/\/twitter.com\/hashtag\/EscuelaALCIEN?src=hash\">#EscuelaALCIEN<\/a> <a href=\"https:\/\/twitter.com\/aurelionuno\">@aurelionuno<\/a> <a href=\"https:\/\/twitter.com\/GabinoCue\">@GabinoCue<\/a> <a href=\"https:\/\/twitter.com\/GobOax\">@GobOax<\/a> <a href=\"https:\/\/twitter.com\/SEP_mx\">@SEP_mx<\/a> <a href=\"https:\/\/twitter.com\/hashtag\/Oaxaca?src=hash\">#Oaxaca<\/a> est\u00e1 cambiando <a href=\"https:\/\/t.co\/N0HzFf7mzz\">pic.twitter.com\/N0HzFf7mzz<\/a><\/p>\n<p>\u2014 Secretar\u00eda de Adm\u00f3n (@Admon_GobOax) <a href=\"https:\/\/twitter.com\/Admon_GobOax\/status\/701911358384648192\">febrero 22, 2016<\/a><\/p><\/blockquote>\n<p><script src=\"\/\/platform.twitter.com\/widgets.js\" async=\"\" charset=\"utf-8\"><\/script><\/p>\n<ul>\n<li>El programa tiene contemplada una <strong>inversi\u00f3n de 50 mil millones de pesos<\/strong> con los que se ver\u00e1n beneficiados alrededor de 5<strong> millones de alumnos en m\u00e1s de 33 mil escuelas<\/strong> de diferentes niveles en 2 mil 11 municipios a lo largo del territorio nacional.<\/li>\n<\/ul>\n<ul>\n<li><strong>Para Oaxaca se destinar\u00e1n 2 mil millones de pesos para 2 mil 600 escuelas.<\/strong><\/li>\n<\/ul>\n<p>&nbsp;<\/p>\n<blockquote class=\"twitter-tweet\" data-lang=\"es\"><p>\nArranqu\u00e9 la semana de gira en Miahuatl\u00e1n, <a href=\"https:\/\/twitter.com\/hashtag\/Oaxaca?src=hash\">#Oaxaca<\/a>, para lanzar la 2a de las <a href=\"https:\/\/twitter.com\/hashtag\/7Prioridades?src=hash\">#7Prioridades<\/a> de la <a href=\"https:\/\/twitter.com\/hashtag\/ReformaEducativa?src=hash\">#ReformaEducativa<\/a>: <a href=\"https:\/\/twitter.com\/hashtag\/EscuelasAlCIEN?src=hash\">#EscuelasAlCIEN<\/a>.<\/p>\n<p>\u2014 Aurelio Nu\u00f1o (@aurelionuno) <a href=\"https:\/\/twitter.com\/aurelionuno\/status\/701902582248148992\">febrero 22, 2016<\/a>\n<\/p><\/blockquote>\n<p><script src=\"\/\/platform.twitter.com\/widgets.js\" async=\"\" charset=\"utf-8\"><\/script><\/p>\n<ul>\n<li>Este esfuerzo se desprende de la Reforma Educativa, donde la segunda prioridad es la infraestructura educativa y el equipamiento escolar.<\/li>\n<\/ul>\n<p><iframe loading=\"lazy\" src=\"https:\/\/www.youtube.com\/embed\/wsQdBKhKI3Y\" width=\"560\" height=\"315\" frameborder=\"0\" allowfullscreen=\"allowfullscreen\"><\/iframe><\/p>\n<ul>\n<li>El titular de la SEP indic\u00f3 que <strong>colaborar\u00e1n con el\u00a0Instituto Nacional de Transparencia, Acceso a la Informaci\u00f3n y Protecci\u00f3n de Datos Personales (INAI)<\/strong> para que toda la informaci\u00f3n relacionada con el programa se mantenga transparente y sea accesible para todas las personas.<\/li>\n<\/ul>\n<p><script src=\"\/\/pagead2.googlesyndication.com\/pagead\/js\/adsbygoogle.js\" async=\"\"><\/script><!-- BANNER PEQUE\u00d1O PARA ENTRENOTAS EL ORIENTE --> <ins class=\"adsbygoogle\" style=\"display: inline-block; width: 468px; height: 60px;\" data-ad-client=\"ca-pub-1136171134853753\" data-ad-slot=\"4953536424\"><\/ins><script>\/\/ <![CDATA[\n(adsbygoogle = window.adsbygoogle || []).push({});\n\/\/ ]]><\/script><\/p>\n<ul>\n<li>Indic\u00f3 que el martes se pondr\u00e1 en l\u00ednea un portal donde se podr\u00e1 consultar informaci\u00f3n como la escuela, el municipio donde se encuentra y la inversi\u00f3n destinada a la misma.<\/li>\n<\/ul>\n<ul>\n<li>Maestros de la escuela Porfirio D\u00edaz, pertenecientes a la Secci\u00f3n 22 del Sindicato Nacional de Trabajadores de la Educaci\u00f3n (SNTE),\u00a0externaron al Secretario de Educaci\u00f3n sus inquietudes sobre la Reforma Educativa.<\/li>\n<\/ul>\n<p>&nbsp;<\/p>\n<blockquote class=\"twitter-tweet\" data-lang=\"es\">\n<p dir=\"ltr\" lang=\"es\">Me reun\u00ed con los maestros de la Primaria Emiliano Zapata de Miahuatl\u00e1n para dialogar abiertamente. <a href=\"https:\/\/twitter.com\/hashtag\/Oaxaca?src=hash\">#Oaxaca<\/a> <a href=\"https:\/\/t.co\/Vm3XNxTs7J\">pic.twitter.com\/Vm3XNxTs7J<\/a><\/p>\n<p>\u2014 Aurelio Nu\u00f1o (@aurelionuno) <a href=\"https:\/\/twitter.com\/aurelionuno\/status\/701907953184411649\">febrero 22, 2016<\/a><\/p><\/blockquote>\n<p><script src=\"\/\/platform.twitter.com\/widgets.js\" async=\"\" charset=\"utf-8\"><\/script><\/p>\n<ul>\n<li>De igual forma le <strong>pidieron que programe una reuni\u00f3n con la dirigencia del Sindicato<\/strong>.<\/li>\n<\/ul>\n<ul>\n<li>Nu\u00f1o\u00a0respondi\u00f3 que s<strong>e encuentra en toda la disposici\u00f3n de dialogar con la Secci\u00f3n 22<\/strong>, pero dej\u00f3 en claro que <strong>anular la Reforma Educativa no est\u00e1 a discusi\u00f3n<\/strong>: \u00abYo tambi\u00e9n les pido que le transmitan este mensaje a su dirigencia, di\u00e1logo s\u00ed, debemos dialogar, pero con respeto y no para hablar de nulificar la reforma educativa\u00bb.<\/li>\n<\/ul>\n<p>&nbsp;<\/p>\n<blockquote class=\"twitter-tweet\" data-lang=\"es\"><p>\n\u00a1Repudiamos la presencia de <a href=\"https:\/\/twitter.com\/aurelionuno\">@aurelionuno<\/a> en Oaxaca. Atendiendo a nuestros principios, este magisterio se reserva el derecho de accionar!<\/p>\n<p>\u2014 Cencos22 (@Seccion22Cencos) <a href=\"https:\/\/twitter.com\/Seccion22Cencos\/status\/701822860600324097\">febrero 22, 2016<\/a>\n<\/p><\/blockquote>\n<p><script src=\"\/\/platform.twitter.com\/widgets.js\" async=\"\" charset=\"utf-8\"><\/script><\/p>\n<ul>\n<li>Por otra parte Aurelio Nu\u00f1o mencion\u00f3 que a\u00fan f<strong>altan por evaluarse 12 mil maestros de Michoac\u00e1n, Oaxaca y Chiapas<\/strong>, los cuales contar\u00e1n con una segunda oportunidad para realizar este procedimiento.<\/li>\n<\/ul>\n<ul>\n<li>Recalc\u00f3 que <strong>la evaluaci\u00f3n no es para despedir maestros<\/strong>. Record\u00f3 que los maestros que no obtengan suficiencia en su resultado no ser\u00e1n separados, mientras que <strong>los que tengan un resultado destacado recibir\u00e1n aumento salarial de 35 por ciento y acceso preferencial a cr\u00e9ditos del ISSSTE<\/strong>.<\/li>\n<\/ul>\n<p>&nbsp;<\/p>\n<p><strong>OTRAS ENTRADAS<\/strong><\/p>\n<div class=\"featuredpost\">\n<div class=\"flow_hide\">\n<h2 class=\"posttitle bigposttitle\"><a title=\"Enlace Permanente a CONVOCATORIA: Gana una pasant\u00eda de cuatro semanas en la redacci\u00f3n de RFI en Par\u00eds\" href=\"http:\/\/www.eloriente.net\/home\/2016\/02\/22\/convocatoria-gana-una-pasantia-de-cuatro-semanas-en-la-redaccion-de-rfi-en-paris\/\" rel=\"bookmark\">CONVOCATORIA: Gana una pasant\u00eda de cuatro semanas en la redacci\u00f3n de RFI en Par\u00eds<\/a><\/h2>\n<\/div>\n<p>eloriente.net\/Radio Francia Internacional 22 de febrero de 2016 RFI lanza la segunda edici\u00f3n del Premio \u201cReportaje RFI en espa\u00f1ol\u201d dirigido a\u00a0los estudiantes de periodismo menores de 30\u2026<\/p>\n<p class=\"postmeta\"><span class=\"meta_date\">febrero 22, 2016<\/span><\/p>\n<div class=\"toolbar-social\"><\/div>\n<\/div>\n<div class=\"featuredpost\">\n<div class=\"flow_hide\">\n<p><a href=\"http:\/\/www.eloriente.net\/home\/2016\/02\/22\/columna-cronicas-beisboleras-por-jaime-palau\/\" rel=\"bookmark\"><img decoding=\"async\" class=\"alignleft\" title=\"COLUMNA: Cr\u00f3nicas beisboleras. Por Jaime Palau\" src=\"http:\/\/www.eloriente.net\/home\/wp-content\/themes\/city-desk\/timthumb.php?src=http%3A%2F%2Fwww.eloriente.net%2Fhome%2Fwp-content%2Fuploads%2F2016%2F02%2FBaseball-por-%40Keith-Allison.jpg&amp;q=90&amp;w=70&amp;h=45&amp;zc=1\" alt=\"COLUMNA: Cr\u00f3nicas beisboleras. Por Jaime Palau\" \/><\/a><\/p>\n<h2 class=\"posttitle \"><a title=\"Enlace Permanente a COLUMNA: Cr\u00f3nicas beisboleras. Por Jaime Palau\" href=\"http:\/\/www.eloriente.net\/home\/2016\/02\/22\/columna-cronicas-beisboleras-por-jaime-palau\/\" rel=\"bookmark\">COLUMNA: Cr\u00f3nicas beisboleras. Por Jaime Palau<\/a><\/h2>\n<\/div>\n<p>(www.eloriente.net, M\u00e9xico, a 22 de febrero de 2016, por Jaime Palau).- La pregunta \u00bfQu\u00e9 peloteros profesionales nacidos en Oaxaca obtuvieron el reconocimiento a\u00a0\u201cNovato del A\u00f1o\u201d en la\u2026<\/p>\n<p class=\"postmeta\"><span class=\"meta_date\">febrero 22, 2016<\/span><\/p>\n<div class=\"toolbar-social\"><\/div>\n<\/div>\n<div class=\"featuredpost\">\n<div class=\"flow_hide\">\n<p><a href=\"http:\/\/www.eloriente.net\/home\/2016\/02\/20\/internet-los-temas-mas-buscados-en-mexico-13-19-de-febrero\/\" rel=\"bookmark\"><img decoding=\"async\" class=\"alignleft\" title=\"INTERNET: Los temas m\u00e1s buscados en M\u00e9xico (13-19 de febrero)\" src=\"http:\/\/www.eloriente.net\/home\/wp-content\/themes\/city-desk\/timthumb.php?src=http%3A%2F%2Fwww.eloriente.net%2Fhome%2Fwp-content%2Fuploads%2F2016%2F02%2F8472416695_9e509f3d55_k.jpg&amp;q=90&amp;w=70&amp;h=45&amp;zc=1\" alt=\"INTERNET: Los temas m\u00e1s buscados en M\u00e9xico (13-19 de febrero)\" \/><\/a><\/p>\n<h2 class=\"posttitle \"><a title=\"Enlace Permanente a INTERNET: Los temas m\u00e1s buscados en M\u00e9xico (13-19 de febrero)\" href=\"http:\/\/www.eloriente.net\/home\/2016\/02\/20\/internet-los-temas-mas-buscados-en-mexico-13-19-de-febrero\/\" rel=\"bookmark\">INTERNET: Los temas m\u00e1s buscados en M\u00e9xico (13-19 de febrero)<\/a><\/h2>\n<\/div>\n<p>(www.eloriente.net, M\u00e9xico, 20 de febrero de 2016, por Valery L\u00f3pez).- Una semana m\u00e1s llega a su fin, y con ello el repaso de lo que sucedi\u00f3 en\u2026<\/p>\n<p class=\"postmeta\"><span class=\"meta_date\">febrero 20, 2016<\/span><\/p>\n<\/div>\n\n\t\t\t  <div \n\t\t\t  \tclass = \"fb-comments\" \n\t\t\t  \tdata-href = \"https:\/\/www.eloriente.net\/home\/2016\/02\/22\/educacion-en-oaxaca-nuno-mayer-se-dice-dispuesto-a-dialogar-con-la-seccion-22\/\"\n\t\t\t  \tdata-numposts = \"10\"\n\t\t\t\tdata-colorscheme = \"dark\"\n\t\t\t\tdata-order-by = \"social\"\n\t\t\t\tdata-mobile=true>\n\t\t\t  <\/div>\n\t\t  <style>\n\t\t\t.fb_iframe_widget_fluid_desktop iframe {\n\t\t\t    width: 100% !important;\n\t\t\t}\n\t\t  <\/style>\n\t\t  ","protected":false},"excerpt":{"rendered":"<p>&nbsp; (www.eloriente.net, M\u00e9xico, a 22 de de febrero de 2016, por Valery L\u00f3pez).- El titular de la Secretar\u00eda de Educaci\u00f3n P\u00fablica (SEP) visit\u00f3 Oaxaca este lunes para inaugurar el programa \u00abEscuelas al Cien\u00bb con el que se pretende mejorar la infraestrucutra de 33 mil planteles en todo el pa\u00eds. A continuaci\u00f3n, algunos puntos destacados de [&hellip;]<\/p>\n","protected":false},"author":44,"featured_media":42401,"comment_status":"open","ping_status":"open","sticky":false,"template":"","format":"standard","meta":{"_jetpack_memberships_contains_paid_content":false,"footnotes":""},"categories":[18,32,63,23,464,21],"tags":[4563,3354,184,77,3709,73,6013,6014,374,373,4112],"class_list":["post-42397","post","type-post","status-publish","format-standard","has-post-thumbnail","hentry","category-educacion-y-cultura","category-entradas","category-estados","category-municipios","category-oaxaca-estados","category-politica-y-gobierno","tag-aurelio-nuno-mayer","tag-dialogo","tag-educacion","tag-gabino-cue","tag-gobierno-del-estado","tag-oaxaca","tag-primaria-porfirio-diaz","tag-s-22","tag-seccion-22","tag-snte","tag-visita"],"jetpack_featured_media_url":"https:\/\/www.eloriente.net\/home\/wp-content\/uploads\/2016\/02\/Nun\u0303o-Mayer-en-Oaxaca.jpg","jetpack_sharing_enabled":true,"_links":{"self":[{"href":"https:\/\/www.eloriente.net\/home\/wp-json\/wp\/v2\/posts\/42397"}],"collection":[{"href":"https:\/\/www.eloriente.net\/home\/wp-json\/wp\/v2\/posts"}],"about":[{"href":"https:\/\/www.eloriente.net\/home\/wp-json\/wp\/v2\/types\/post"}],"author":[{"embeddable":true,"href":"https:\/\/www.eloriente.net\/home\/wp-json\/wp\/v2\/users\/44"}],"replies":[{"embeddable":true,"href":"https:\/\/www.eloriente.net\/home\/wp-json\/wp\/v2\/comments?post=42397"}],"version-history":[{"count":6,"href":"https:\/\/www.eloriente.net\/home\/wp-json\/wp\/v2\/posts\/42397\/revisions"}],"predecessor-version":[{"id":42405,"href":"https:\/\/www.eloriente.net\/home\/wp-json\/wp\/v2\/posts\/42397\/revisions\/42405"}],"wp:featuredmedia":[{"embeddable":true,"href":"https:\/\/www.eloriente.net\/home\/wp-json\/wp\/v2\/media\/42401"}],"wp:attachment":[{"href":"https:\/\/www.eloriente.net\/home\/wp-json\/wp\/v2\/media?parent=42397"}],"wp:term":[{"taxonomy":"category","embeddable":true,"href":"https:\/\/www.eloriente.net\/home\/wp-json\/wp\/v2\/categories?post=42397"},{"taxonomy":"post_tag","embeddable":true,"href":"https:\/\/www.eloriente.net\/home\/wp-json\/wp\/v2\/tags?post=42397"}],"curies":[{"name":"wp","href":"https:\/\/api.w.org\/{rel}","templated":true}]}}