{"id":42741,"date":"2016-03-16T17:05:37","date_gmt":"2016-03-16T23:05:37","guid":{"rendered":"http:\/\/www.eloriente.net\/home\/?p=42741"},"modified":"2016-03-16T19:30:16","modified_gmt":"2016-03-17T01:30:16","slug":"20-anos-de-zapatismo-en-fotos","status":"publish","type":"post","link":"https:\/\/www.eloriente.net\/home\/2016\/03\/16\/20-anos-de-zapatismo-en-fotos\/","title":{"rendered":"CULTURA: 20 a\u00f1os de zapatismo en fotos"},"content":{"rendered":"<p><script src=\"\/\/pagead2.googlesyndication.com\/pagead\/js\/adsbygoogle.js\" async=\"\"><\/script><br \/>\n <!-- BANNER ELORIENTE INCRUSTADO NOTAS --><br \/>\n <ins class=\"adsbygoogle\" style=\"display: inline-block; width: 300px; height: 250px;\" data-ad-client=\"ca-pub-1136171134853753\" data-ad-slot=\"7974633627\"><\/ins><br \/>\n<script>\/\/ <![CDATA[\n(adsbygoogle = window.adsbygoogle || []).push({});\n\/\/ ]]><\/script><\/p>\n<p>eloriente.net\/<a href=\"http:\/\/es.rfi.fr\" target=\"_blank\">Radio Francia Internacional<\/a><\/p>\n<p>16 de marzo de 2016<\/p>\n<div class=\"intro\">\n<p>Durante casi 20 a\u00f1os el fot\u00f3grafo franc\u00e9s Mat Jacob, del colectivo Tendance Floue, captur\u00f3 en Chiapas el movimiento insurgente del Ej\u00e9rcito Zapatista de Liberaci\u00f3n Nacional.<\/p>\n<\/div>\n<p>Abri\u00f3 en Par\u00eds una muestra de fotos sobre el levantamiento zapatista en Chiapas, un conflicto de larga data que tiene hoy menos exposici\u00f3n en los medios pero que sigue llamando la atenci\u00f3n.<\/p>\n<p>El trabajo del fot\u00f3grafo franc\u00e9s Mat Jacob recorre las im\u00e1genes que tom\u00f3 a lo largo de casi 20 a\u00f1os. Desde 1995, un a\u00f1o despu\u00e9s del levantamiento hasta el 2013. Una colecci\u00f3n de fotos divididas por series para contar la epopeya zapatista. Una de esos series recibi\u00f3 en 2002 el prestigioso World Press Photo.<\/p>\n<p><em>\u00abLa causa zapatista me interesa porque nos interroga sobre nuestra manera de hacer la pol\u00edtica en Francia y en Europa. Cuando viaj\u00e9 a Chiapas en 1995, la causa zapatista me parec\u00eda vanguardista, en la manera que hac\u00edan pol\u00edtica, a trav\u00e9s de los textos de Marcos. Yo intent\u00e9 transmitir esta idea. Me pregunto sobre la manera de reivindicar la autonom\u00eda, la manera cotidiana de hacer pol\u00edtica. Y adem\u00e1s me sedujo la esperanza que encarnaba un peque\u00f1o grupo de ind\u00edgenas en un lugar rec\u00f3ndito del pa\u00eds.\u00bb<\/em><br \/>\n<script src=\"\/\/pagead2.googlesyndication.com\/pagead\/js\/adsbygoogle.js\" async=\"\"><\/script><br \/>\n <!-- BANNER PEQUE\u00d1O PARA ENTRENOTAS EL ORIENTE --><br \/>\n <ins class=\"adsbygoogle\" style=\"display: inline-block; width: 468px; height: 60px;\" data-ad-client=\"ca-pub-1136171134853753\" data-ad-slot=\"4953536424\"><\/ins><br \/>\n<script>\/\/ <![CDATA[\n(adsbygoogle = window.adsbygoogle || []).push({});\n\/\/ ]]><\/script><br \/>\nJacob viaj\u00f3 siete veces a Chiapas y cada vez se quedaba alrededor de seis semanas, tiempo necesario para lograr la confianza de los zapatistas, complicidad que se puede sentir en las fotos.<em> \u00abNo soy un fot\u00f3grafo que toma una foto y sale corriendo\u00bb<\/em>, explica Jacob quien al llegar a un pueblo ped\u00eda autorizaci\u00f3n para fotografiar. A veces ten\u00eda que esperar dos d\u00edas para obtener una respuesta. Pero si uno aprende a respetar su tiempo, el tiempo chiapaneco, la paciencia es recompensada con el visto bueno.<\/p>\n<div class=\"em-image orientation-center\">\n<div class=\"media\"><img decoding=\"async\" src=\"http:\/\/scd.es.rfi.fr\/sites\/espanol.filesrfi\/dynimagecache\/0\/178\/1781\/1003\/600\/338\/sites\/images.rfi.fr\/files\/aef_image\/Photo%20Chiapas%20Mat%20Jacob%20%282%29.jpg\" alt=\"\" \/><\/div>\n<div class=\"media\"><small>Subcomandante Marcos.<\/small> <small>Mat Jacob<\/small><\/div>\n<\/div>\n<p>El tiempo es clave en el trabajo de Jacob quien se interes\u00f3 en la fotograf\u00eda por ser el \u00fanico arte que puede frenar el tiempo, y en una imagen evocar toda la condici\u00f3n humana. En el caso del franc\u00e9s todas las capturas fueron en blanco y negro.<\/p>\n<p><em>\u00abHay algo intemporal en el blanco y negro que nos desprende de la actualidad. Viaj\u00e9 varias veces y durante muchos a\u00f1os a un mismo lugar para registrar lo cotidiano de un pueblo zapatista. Utilizo el blanco y negro para decir que el tiempo ah\u00ed se detuvo y que viven m\u00e1s o menos en las mismas condiciones que hace 50 o 100 a\u00f1os. Adem\u00e1s el blanco y negro permite contar historias de manera m\u00e1s literaria y po\u00e9tica.\u00bb<\/em><\/p>\n<p>En las m\u00e1s de 90 fotos inclu\u00eddas en el libro que se edit\u00f3 y acompa\u00f1a la exposici\u00f3n, se registra la vida zapatista, el trabajo, la familia, la lucha, el sufrimiento, la pobreza. A pesar de que se ven armas y uniformes, su trabajo se aleja de la fotograf\u00eda cl\u00e1sica de guerra.<\/p>\n<p>Para Jacob la belleza no es una cualidad que se le pueda conceder a una imagen, salvo de manera superficial. <em>\u00abUna imagen debe ser profunda. Debe contar una historia bella. No es la foto que es bella sino la vida que muestra en su interior\u00bb<\/em>, dice Jacob.<\/p>\n<p>Luego de Par\u00eds la exposici\u00f3n abrir\u00e1 en Puebla, M\u00e9xico, en 2017.<\/p>\n<p>Ver la serie:\u00a0<a href=\"http:\/\/tendancefloue.net\/matjacob\/\" target=\"_blank\">http:\/\/tendancefloue.net\/matjacob\/<\/a><\/p>\n<p>Ver el libro:\u00a0<a href=\"http:\/\/www.actes-sud.fr\/catalogue\/photographie\/chiapas\" target=\"_blank\">http:\/\/www.actes-sud.fr\/catalogue\/photographie\/chiapas<\/a><\/p>\n<div class=\"em-image orientation-center\">\n<div class=\"media\"><img decoding=\"async\" src=\"http:\/\/scd.es.rfi.fr\/sites\/espanol.filesrfi\/dynimagecache\/0\/0\/3495\/1968\/600\/338\/sites\/images.rfi.fr\/files\/aef_image\/Portrait%20Matt%20Jacob%20004.jpg\" alt=\"\" \/> <small>El fot\u00f3grafo franc\u00e9s Mat Jacob.<\/small> <small>Hugo Passarello Luna<\/small><\/div>\n<\/div>\n<p>Foto por <a href=\"http:\/\/www.hugopassarello.com\" target=\"_blank\">Hugo Passarello Luna<\/a>.<\/p>\n<p><strong>OTRAS ENTRADAS:<\/strong><\/p>\n<div class=\"featuredpost\">\n<div class=\"flow_hide\">\n<h2 class=\"posttitle bigposttitle\"><a title=\"Enlace Permanente a SEGURIDAD: Fuego en Vuelo M\u00e9xico-Huatulco, asegur\u00f3 pasajero\" href=\"http:\/\/www.eloriente.net\/home\/2016\/03\/12\/seguridad-fuego-en-vuelo-mexico-huatulco-aseguro-pasajero\/\" rel=\"bookmark\"> SEGURIDAD: Fuego en Vuelo M\u00e9xico-Huatulco, asegur\u00f3 pasajero <\/a><\/h2>\n<\/div>\n<p>(www.eloriente.net, M\u00e9xico, 12 de marzo de 2016. Por. Gustavo P\u00e9rez Campos).- \u201cComo parte de un procedimiento de seguridad el vuelo 517 regres\u00f3 a plataforma asegurando el bienestar de\u2026<\/p>\n<p class=\"postmeta\"><span class=\"meta_date\">marzo 12, 2016<\/span><\/p>\n<div class=\"toolbar-social\">\n<div class=\"social-widget\">\n<div id=\"sharing-widget\"><a class=\"button icon-share\">Compartir<\/a> <span class=\"share-count\">1<\/span><\/div>\n<\/div>\n<\/div>\n<\/div>\n<div class=\"featuredpost\">\n<div class=\"flow_hide\"><a href=\"http:\/\/www.eloriente.net\/home\/2016\/03\/12\/tu-aula-quieres-comenzar-a-tocar-guitarra-checa-estos-5-videos-que-te-ayudaran\/\" rel=\"bookmark\"><img decoding=\"async\" class=\"alignleft\" title=\"TU AULA: \u00bfQuieres comenzar a tocar guitarra? Checa estos 5 videos que te ayudar\u00e1n\" src=\"http:\/\/www.eloriente.net\/home\/wp-content\/themes\/city-desk\/timthumb.php?src=http%3A%2F%2Fwww.eloriente.net%2Fhome%2Fwp-content%2Fuploads%2F2016%2F03%2Fguitarra-por-Nav-Jagpal.jpg&amp;q=90&amp;w=70&amp;h=45&amp;zc=1\" alt=\"TU AULA: \u00bfQuieres comenzar a tocar guitarra? Checa estos 5 videos que te ayudar\u00e1n\" \/><\/a><\/p>\n<h2 class=\"posttitle \"><a title=\"Enlace Permanente a TU AULA: \u00bfQuieres comenzar a tocar guitarra? Checa estos 5 videos que te ayudar\u00e1n\" href=\"http:\/\/www.eloriente.net\/home\/2016\/03\/12\/tu-aula-quieres-comenzar-a-tocar-guitarra-checa-estos-5-videos-que-te-ayudaran\/\" rel=\"bookmark\"> TU AULA: \u00bfQuieres comenzar a tocar guitarra? Checa estos 5 videos que te ayudar\u00e1n <\/a><\/h2>\n<\/div>\n<p>(www.eloriente.net, M\u00e9xico, a 12 de marzo de 2016, por Valery L\u00f3pez).- En EL ORIENTE tenemos esta nueva secci\u00f3n que es una especia de aula digital, en donde\u2026<\/p>\n<p class=\"postmeta\"><span class=\"meta_date\">marzo 12, 2016<\/span><\/p>\n<div class=\"toolbar-social\"><\/div>\n<\/div>\n\n\t\t\t  <div \n\t\t\t  \tclass = \"fb-comments\" \n\t\t\t  \tdata-href = \"https:\/\/www.eloriente.net\/home\/2016\/03\/16\/20-anos-de-zapatismo-en-fotos\/\"\n\t\t\t  \tdata-numposts = \"10\"\n\t\t\t\tdata-colorscheme = \"dark\"\n\t\t\t\tdata-order-by = \"social\"\n\t\t\t\tdata-mobile=true>\n\t\t\t  <\/div>\n\t\t  <style>\n\t\t\t.fb_iframe_widget_fluid_desktop iframe {\n\t\t\t    width: 100% !important;\n\t\t\t}\n\t\t  <\/style>\n\t\t  ","protected":false},"excerpt":{"rendered":"<p>eloriente.net\/Radio Francia Internacional 16 de marzo de 2016 Durante casi 20 a\u00f1os el fot\u00f3grafo franc\u00e9s Mat Jacob, del colectivo Tendance Floue, captur\u00f3 en Chiapas el movimiento insurgente del Ej\u00e9rcito Zapatista de Liberaci\u00f3n Nacional. Abri\u00f3 en Par\u00eds una muestra de fotos sobre el levantamiento zapatista en Chiapas, un conflicto de larga data que tiene hoy menos [&hellip;]<\/p>\n","protected":false},"author":1,"featured_media":42742,"comment_status":"open","ping_status":"open","sticky":false,"template":"","format":"standard","meta":{"_jetpack_memberships_contains_paid_content":false,"footnotes":""},"categories":[1588,22,18,32,10,24],"tags":[6187,6184,6185,6183,6186],"class_list":["post-42741","post","type-post","status-publish","format-standard","has-post-thumbnail","hentry","category-comunicados-y-boletines","category-derechos-humanos","category-educacion-y-cultura","category-entradas","category-lo-mas-reciente","category-mexico-y-el-mundo","tag-chiapas-movimiento","tag-ezln","tag-fotos-sobre-zapatistas","tag-movimiento-zapatista","tag-subcomandante-marcos"],"jetpack_featured_media_url":"https:\/\/www.eloriente.net\/home\/wp-content\/uploads\/2016\/03\/Photo-Chiapas-Mat-Jacob-2-radio-francia-internacional.jpg","jetpack_sharing_enabled":true,"_links":{"self":[{"href":"https:\/\/www.eloriente.net\/home\/wp-json\/wp\/v2\/posts\/42741"}],"collection":[{"href":"https:\/\/www.eloriente.net\/home\/wp-json\/wp\/v2\/posts"}],"about":[{"href":"https:\/\/www.eloriente.net\/home\/wp-json\/wp\/v2\/types\/post"}],"author":[{"embeddable":true,"href":"https:\/\/www.eloriente.net\/home\/wp-json\/wp\/v2\/users\/1"}],"replies":[{"embeddable":true,"href":"https:\/\/www.eloriente.net\/home\/wp-json\/wp\/v2\/comments?post=42741"}],"version-history":[{"count":2,"href":"https:\/\/www.eloriente.net\/home\/wp-json\/wp\/v2\/posts\/42741\/revisions"}],"predecessor-version":[{"id":42762,"href":"https:\/\/www.eloriente.net\/home\/wp-json\/wp\/v2\/posts\/42741\/revisions\/42762"}],"wp:featuredmedia":[{"embeddable":true,"href":"https:\/\/www.eloriente.net\/home\/wp-json\/wp\/v2\/media\/42742"}],"wp:attachment":[{"href":"https:\/\/www.eloriente.net\/home\/wp-json\/wp\/v2\/media?parent=42741"}],"wp:term":[{"taxonomy":"category","embeddable":true,"href":"https:\/\/www.eloriente.net\/home\/wp-json\/wp\/v2\/categories?post=42741"},{"taxonomy":"post_tag","embeddable":true,"href":"https:\/\/www.eloriente.net\/home\/wp-json\/wp\/v2\/tags?post=42741"}],"curies":[{"name":"wp","href":"https:\/\/api.w.org\/{rel}","templated":true}]}}