{"id":42917,"date":"2016-03-31T11:27:03","date_gmt":"2016-03-31T17:27:03","guid":{"rendered":"http:\/\/www.eloriente.net\/home\/?p=42917"},"modified":"2016-04-01T22:23:23","modified_gmt":"2016-04-02T04:23:23","slug":"justicia-residencia-como-requisito-de-elegibilidad-electoral-por-manuel-gonzalez","status":"publish","type":"post","link":"https:\/\/www.eloriente.net\/home\/2016\/03\/31\/justicia-residencia-como-requisito-de-elegibilidad-electoral-por-manuel-gonzalez\/","title":{"rendered":"JUSTICIA: Residencia como requisito de elegibilidad electoral, por Manuel Gonz\u00e1lez"},"content":{"rendered":"<p><script src=\"\/\/pagead2.googlesyndication.com\/pagead\/js\/adsbygoogle.js\" async=\"\"><\/script><!-- BANNER ELORIENTE INCRUSTADO NOTAS --> <ins class=\"adsbygoogle\" style=\"display: inline-block; width: 300px; height: 250px;\" data-ad-client=\"ca-pub-1136171134853753\" data-ad-slot=\"7974633627\"><\/ins><script>\/\/ <![CDATA[\n(adsbygoogle = window.adsbygoogle || []).push({});\n\/\/ ]]><\/script><br \/>\neloriente.net\/UNAM<\/p>\n<p>31 de marzo de 2016<\/p>\n<div class=\"page\" title=\"Page 2\">\n<div class=\"section\">\n<div class=\"layoutArea\">\n<div class=\"column\">\n<p>El arti\u0301culo 55, fraccio\u0301n III, de la Constitucio\u0301n Poli\u0301tica de los Estados Unidos Mexicanos prescribe que para ser diputado se debe cubrir, entre otros, el requisito consistente en ser originario del Estado en que se haga la eleccio\u0301n o vecino de e\u0301l con residencia efectiva de ma\u0301s de seis meses anteriores a la fecha de ella. De la misma manera, para poder figurar en las listas de las circunscripciones electorales plurinominales como candidato a diputado de representacio\u0301n proporcional, se requiere ser originario de alguna de las entidades federativas que comprenda la circunscripcio\u0301n en la que se realice la eleccio\u0301n, o vecino de ella con residencia efectiva de ma\u0301s de seis meses anteriores a la fecha en que la misma se celebre.<\/p>\n<p>Por su parte, el arti\u0301culo 82, fraccio\u0301n III, de la misma Constitucio\u0301n precisa que para ser presidente de la Repu\u0301blica se requiere, entre otros requisitos, haber residido en el pai\u0301s durante todo el an\u0303o anterior al di\u0301a de la eleccio\u0301n y que la ausencia del pai\u0301s hasta por treinta di\u0301as, no interrumpe la residencia. Igualmente, el arti\u0301culo 116, fraccio\u0301n I, establece que so\u0301lo podra\u0301 ser gobernador constitucional de un estado un ciudadano mexicano por nacimiento y nativo de e\u0301l, o con residencia efectiva no menor de cinco an\u0303os inmediatamente anteriores al di\u0301a de la eleccio\u0301n.<\/p>\n<p><script src=\"\/\/pagead2.googlesyndication.com\/pagead\/js\/adsbygoogle.js\" async=\"\"><\/script><!-- BANNER PEQUE\u00d1O PARA ENTRENOTAS EL ORIENTE --> <ins class=\"adsbygoogle\" style=\"display: inline-block; width: 468px; height: 60px;\" data-ad-client=\"ca-pub-1136171134853753\" data-ad-slot=\"4953536424\"><\/ins><script>\/\/ <![CDATA[\n(adsbygoogle = window.adsbygoogle || []).push({});\n\/\/ ]]><\/script><\/p>\n<p>Conforme con lo anterior, el arti\u0301culo 122, base segunda, fraccio\u0301n I, segundo pa\u0301rrafo, de la citada Constitucio\u0301n prescribe que para ser jefe de Gobierno del Distrito Federal debera\u0301n reunirse los requisitos que establezca el Estatuto de Gobierno, entre los que debera\u0301n estar: ser ciudadano mexicano por nacimiento en pleno goce de sus derechos con una residencia efectiva de tres an\u0303os inmediatamente anteriores al di\u0301a de la eleccio\u0301n si es originario del Distrito Federal o de cinco an\u0303os ininterrumpidos para los nacidos en otra entidad; tener cuando menos treinta an\u0303os cumplidos al di\u0301a de la eleccio\u0301n y no haber desempen\u0303ado anteriormente el cargo de jefe de Gobierno del Distrito Federal con cualquier cara\u0301cter. La residencia no se interrumpe por el desempen\u0303o de cargos pu\u0301blicos de la Federacio\u0301n en otro a\u0301mbito territorial.<\/p>\n<p>La residencia es pues un requisito de elegibilidad permanente en los cargos de eleccio\u0301n popular. \u201cResidencia\u201d es definida como la accio\u0301n de residir y en una segunda y tercera acepcio\u0301n se define como poblacio\u0301n o sitio en que se reside y como casa o edificio en que se vive. La Academia de la Lengua opina en forma similar. \u201cResidir\u201d tiene el sentido de \u201cvivir habitualmente en un sitio\u201d, es decir \u201chabitar\u201d, estar establecido en un lugar. En el espan\u0303ol usual en Me\u0301xico, \u201chabitar\u201d significa que alguien vive en un lugar; por su parte, Moliner sostiene que esta palabra tiene el sentido de \u201cestar habitualmente y, particularmente, dormir, en un sitio que se expresa&#8230; Vivir habitualmente en cierto pai\u0301s o regio\u0301n\u201d.<\/p>\n<\/div>\n<div class=\"page\" title=\"Page 3\">\n<div class=\"section\">\n<div class=\"layoutArea\">\n<div class=\"column\">\n<p>Por otra parte, la vecindad es un requisito equivalente a la residencia; \u201cvecino\u201d tiene el sentido de habitante de cierta poblacio\u0301n; en el espan\u0303ol usual en Me\u0301xico, un \u201cvecino\u201d es alguien que habita en el mismo pueblo o barrio, en la misma localidad, en la misma cuadra o edificio que uno, es decir, es alguien que esta\u0301 pro\u0301ximo a nosotros, alrededor de nosotros. La \u201cvecindad\u201d es la cualidad de ser vecino, el estado o situacio\u0301n de ser vecinas dos o ma\u0301s personas, pueblos o barrios.<\/p>\n<p>De lo anterior se sigue que la Constitucio\u0301n prescribe como un requisito para ser diputado federal el consistente en ser originario del Estado en que se haga la eleccio\u0301n o habitante de e\u0301l, habiendo vivido de manera efectiva en e\u0301l ma\u0301s de seis meses anteriores a la fecha de ella. Conforme con lo anterior, pareciera que la expresio\u0301n \u201ccon residencia efectiva de ma\u0301s de seis meses anteriores a la fecha en que la misma se celebre\u201d, contenida en el segundo pa\u0301rrafo del arti\u0301culo 55 constitucional, tiene como sujeto a \u201cvecino de e\u0301l\u201d; entonces, el requisito constitucional consistiri\u0301a en ser originario del Estado en que se haga la eleccio\u0301n o habitante o residente efectivo de dicho Estado por ma\u0301s de seis meses anteriores a la fecha de ella.<\/p>\n<p>Para leer el art\u00edculo \u00edntegro, da click a continuaci\u00f3n:<\/p>\n<p><iframe loading=\"lazy\" src=\"\/\/e.issuu.com\/embed.html#5422719\/34556199\" width=\"525\" height=\"387\" frameborder=\"0\" allowfullscreen=\"allowfullscreen\"><\/iframe><br \/>\n<ins class=\"adsbygoogle\" style=\"display: inline-block; width: 468px; height: 60px;\" data-ad-client=\"ca-pub-1136171134853753\" data-ad-slot=\"4953536424\"><\/ins><\/p>\n<p><strong>OTRAS ENTRADAS<\/strong><\/p>\n<div class=\"featuredpost\">\n<div class=\"flow_hide\">\n<h2 class=\"posttitle bigposttitle\"><a title=\"Enlace Permanente a VIDEO COLUMNA: Dignificaci\u00f3n del Trabajo Art\u00edstico II, por V\u00edctor Mart\u00ednez\" href=\"http:\/\/www.eloriente.net\/home\/2016\/03\/30\/video-columna-dignificacion-del-trabajo-artistico-ii-por-victor-martinez\/\" rel=\"bookmark\">VIDEO COLUMNA: Dignificaci\u00f3n del Trabajo Art\u00edstico II, por V\u00edctor Mart\u00ednez<\/a><\/h2>\n<\/div>\n<p>eloriente.net 30 de marzo de 2016 \u00a0 \u201cLos artistas en Oaxaca se encuentran sin dinero, sin protecci\u00f3n de salud, sin habitaci\u00f3n propia, sin movilidad y viviendo de terceros.\u2026<\/p>\n<p class=\"postmeta\"><span class=\"meta_date\">marzo 30, 2016<\/span><\/p>\n<div class=\"toolbar-social\"><\/div>\n<\/div>\n<div class=\"featuredpost\">\n<div class=\"flow_hide\">\n<p><a href=\"http:\/\/www.eloriente.net\/home\/2016\/03\/29\/rio-2016-paola-rommel-german-confirmados-en-seleccion-de-clavados\/\" rel=\"bookmark\"><img decoding=\"async\" class=\"alignleft\" title=\"R\u00cdO 2016: Paola, Rommel, Germ\u00e1n, confirmados en Selecci\u00f3n de Clavados\" src=\"http:\/\/www.eloriente.net\/home\/wp-content\/themes\/city-desk\/timthumb.php?src=http%3A%2F%2Fwww.eloriente.net%2Fhome%2Fwp-content%2Fuploads%2F2016%2F03%2F%40paolaespinosa.jpg&amp;q=90&amp;w=70&amp;h=45&amp;zc=1\" alt=\"R\u00cdO 2016: Paola, Rommel, Germ\u00e1n, confirmados en Selecci\u00f3n de Clavados\" \/><\/a><\/p>\n<h2 class=\"posttitle \"><a title=\"Enlace Permanente a R\u00cdO 2016: Paola, Rommel, Germ\u00e1n, confirmados en Selecci\u00f3n de Clavados\" href=\"http:\/\/www.eloriente.net\/home\/2016\/03\/29\/rio-2016-paola-rommel-german-confirmados-en-seleccion-de-clavados\/\" rel=\"bookmark\">R\u00cdO 2016: Paola, Rommel, Germ\u00e1n, confirmados en Selecci\u00f3n de Clavados<\/a><\/h2>\n<\/div>\n<p>eloriente.net\/CONADE 28 de marzo de 2016* La Federaci\u00f3n Mexicana de Nataci\u00f3n (FMN) confirm\u00f3 los nombres de los nueve clavadistas que representar\u00e1n a M\u00e9xico en los Juegos Ol\u00edmpicos de\u2026<\/p>\n<p class=\"postmeta\"><span class=\"meta_date\">marzo 29, 2016<\/span><\/p>\n<div class=\"toolbar-social\"><\/div>\n<\/div>\n<div class=\"featuredpost\"><\/div>\n<h2 class=\"entry_title\"><a title=\"Enlace Permanente a Alejandro Murat puede ser buen candidato, pero no es nativo de Oaxaca: Hern\u00e1ndez Fraguas\" href=\"http:\/\/www.eloriente.net\/home\/2015\/10\/14\/alejandro-murat-puede-ser-buen-candidato-pero-no-es-nativo-de-oaxaca-hernandez-fraguas\/\" rel=\"bookmark\">Alejandro Murat puede ser buen candidato, pero no es nativo de Oaxaca: Hern\u00e1ndez Fraguas<\/a><\/h2>\n<p><a href=\"http:\/\/www.eloriente.net\/home\/2015\/10\/14\/alejandro-murat-puede-ser-buen-candidato-pero-no-es-nativo-de-oaxaca-hernandez-fraguas\/\" rel=\"bookmark\"><img decoding=\"async\" class=\"alignleft\" title=\"Alejandro Murat puede ser buen candidato, pero no es nativo de Oaxaca: Hern\u00e1ndez Fraguas\" src=\"http:\/\/www.eloriente.net\/home\/wp-content\/themes\/city-desk\/timthumb.php?src=http%3A%2F%2Fwww.eloriente.net%2Fhome%2Fwp-content%2Fuploads%2F2015%2F10%2FFraguas.jpg&amp;q=90&amp;w=160&amp;h=106&amp;zc=1\" alt=\"Alejandro Murat puede ser buen candidato, pero no es nativo de Oaxaca: Hern\u00e1ndez Fraguas\" \/><\/a><\/p>\n<p>(www.eloriente.net, M\u00e9xico, a 14 de octubre de 2015, por Valery L\u00f3pez).- Jos\u00e9 Antonio Hern\u00e1ndez Fraguas public\u00f3 en su cuenta de Twitter un escrito con el que busca aclarar su postura con respecto a la decisi\u00f3n de la Suprema Corte de Justicia de la Naci\u00f3n (SCJN) de invalidar la reforma pol\u00edtica de Oaxaca. Quien fuera [\u2026]<\/p>\n<p class=\"postmeta\"><span class=\"meta_date\">octubre 14, 2015<\/span><\/p>\n<\/div>\n<\/div>\n<\/div>\n<\/div>\n<\/div>\n<\/div>\n<\/div>\n\n\t\t\t  <div \n\t\t\t  \tclass = \"fb-comments\" \n\t\t\t  \tdata-href = \"https:\/\/www.eloriente.net\/home\/2016\/03\/31\/justicia-residencia-como-requisito-de-elegibilidad-electoral-por-manuel-gonzalez\/\"\n\t\t\t  \tdata-numposts = \"10\"\n\t\t\t\tdata-colorscheme = \"dark\"\n\t\t\t\tdata-order-by = \"social\"\n\t\t\t\tdata-mobile=true>\n\t\t\t  <\/div>\n\t\t  <style>\n\t\t\t.fb_iframe_widget_fluid_desktop iframe {\n\t\t\t    width: 100% !important;\n\t\t\t}\n\t\t  <\/style>\n\t\t  ","protected":false},"excerpt":{"rendered":"<p>eloriente.net\/UNAM 31 de marzo de 2016 El arti\u0301culo 55, fraccio\u0301n III, de la Constitucio\u0301n Poli\u0301tica de los Estados Unidos Mexicanos prescribe que para ser diputado se debe cubrir, entre otros, el requisito consistente en ser originario del Estado en que se haga la eleccio\u0301n o vecino de e\u0301l con residencia efectiva de ma\u0301s de seis [&hellip;]<\/p>\n","protected":false},"author":1,"featured_media":42937,"comment_status":"open","ping_status":"open","sticky":false,"template":"","format":"standard","meta":{"_jetpack_memberships_contains_paid_content":false,"footnotes":""},"categories":[2434,624,71,32,10,21],"tags":[255,1869,6262,6261],"class_list":["post-42917","post","type-post","status-publish","format-standard","has-post-thumbnail","hentry","category-lunesdepolitica","category-articulistas","category-elecciones","category-entradas","category-lo-mas-reciente","category-politica-y-gobierno","tag-justicia","tag-legalidad","tag-manuel-gonzalez","tag-residecnia"],"jetpack_featured_media_url":"https:\/\/www.eloriente.net\/home\/wp-content\/uploads\/2016\/03\/constitucio\u0301n-mexico.jpg","jetpack_sharing_enabled":true,"_links":{"self":[{"href":"https:\/\/www.eloriente.net\/home\/wp-json\/wp\/v2\/posts\/42917"}],"collection":[{"href":"https:\/\/www.eloriente.net\/home\/wp-json\/wp\/v2\/posts"}],"about":[{"href":"https:\/\/www.eloriente.net\/home\/wp-json\/wp\/v2\/types\/post"}],"author":[{"embeddable":true,"href":"https:\/\/www.eloriente.net\/home\/wp-json\/wp\/v2\/users\/1"}],"replies":[{"embeddable":true,"href":"https:\/\/www.eloriente.net\/home\/wp-json\/wp\/v2\/comments?post=42917"}],"version-history":[{"count":3,"href":"https:\/\/www.eloriente.net\/home\/wp-json\/wp\/v2\/posts\/42917\/revisions"}],"predecessor-version":[{"id":42920,"href":"https:\/\/www.eloriente.net\/home\/wp-json\/wp\/v2\/posts\/42917\/revisions\/42920"}],"wp:featuredmedia":[{"embeddable":true,"href":"https:\/\/www.eloriente.net\/home\/wp-json\/wp\/v2\/media\/42937"}],"wp:attachment":[{"href":"https:\/\/www.eloriente.net\/home\/wp-json\/wp\/v2\/media?parent=42917"}],"wp:term":[{"taxonomy":"category","embeddable":true,"href":"https:\/\/www.eloriente.net\/home\/wp-json\/wp\/v2\/categories?post=42917"},{"taxonomy":"post_tag","embeddable":true,"href":"https:\/\/www.eloriente.net\/home\/wp-json\/wp\/v2\/tags?post=42917"}],"curies":[{"name":"wp","href":"https:\/\/api.w.org\/{rel}","templated":true}]}}