{"id":43111,"date":"2016-04-11T18:15:52","date_gmt":"2016-04-12T00:15:52","guid":{"rendered":"http:\/\/www.eloriente.net\/home\/?p=43111"},"modified":"2016-04-11T18:19:53","modified_gmt":"2016-04-12T00:19:53","slug":"videocolumna-verificaremos-que-fonregion-se-destine-a-los-mas-pobres-karina-baron","status":"publish","type":"post","link":"https:\/\/www.eloriente.net\/home\/2016\/04\/11\/videocolumna-verificaremos-que-fonregion-se-destine-a-los-mas-pobres-karina-baron\/","title":{"rendered":"VIDEOCOLUMNA: Verificaremos que FONREGI\u00d3N se destine a los m\u00e1s pobres: Karina Bar\u00f3n"},"content":{"rendered":"<p><script src=\"\/\/pagead2.googlesyndication.com\/pagead\/js\/adsbygoogle.js\" async=\"\"><\/script><!-- BANNER ELORIENTE INCRUSTADO NOTAS --> <ins class=\"adsbygoogle\" style=\"display: inline-block; width: 300px; height: 250px;\" data-ad-client=\"ca-pub-1136171134853753\" data-ad-slot=\"7974633627\"><\/ins><script>\/\/ <![CDATA[\n(adsbygoogle = window.adsbygoogle || []).push({});\n\/\/ ]]><\/script><br \/>\neloriente.net<\/p>\n<p>11 de abril de 2016<\/p>\n<p>&nbsp;<\/p>\n<p>&nbsp;<\/p>\n<div id=\"fb-root\"><\/div>\n<p><script>\/\/ <![CDATA[\n(function(d, s, id) { var js, fjs = d.getElementsByTagName(s)[0]; if (d.getElementById(id)) return; js = d.createElement(s); js.id = id; js.src = \"\/\/connect.facebook.net\/es_LA\/sdk.js#xfbml=1&#038;version=v2.3\"; fjs.parentNode.insertBefore(js, fjs);}(document, 'script', 'facebook-jssdk'));\n\/\/ ]]><\/script><\/p>\n<div class=\"fb-video\" data-allowfullscreen=\"1\" data-href=\"https:\/\/www.facebook.com\/443535572345554\/videos\/1170905912941846\/\">\n<div class=\"fb-xfbml-parse-ignore\">\n<blockquote cite=\"https:\/\/www.facebook.com\/443535572345554\/videos\/1170905912941846\/\"><p>\u00abAl ejercicio de gobierno en M\u00e9xico le ha hecho falta de siempre m\u00e1s l\u00f3gica y menos capricho, m\u00e1s conocimiento y menos improvisaci\u00f3n.\u00bbKarina Bar\u00f3n habla en ELORIENTE.NET sobre el manejo del presupuesto federal por parte de los gobiernos estatales.VIDEOCOLUMNA en ELORIENTE.NET, la p\u00e1gina de internet de calidad en Todo #Oaxaca.C\u00e1mara de Diputados &#8211; H. Congreso de la Uni\u00f3n Partido de la Revoluci\u00f3n Democr\u00e1tica Sedesol Sedesol Oaxaca<\/p>\n<p>Posted by <a href=\"https:\/\/www.facebook.com\/El-Oriente-443535572345554\/\">El Oriente<\/a> on lunes, 11 de abril de 2016<\/p><\/blockquote>\n<\/div>\n<\/div>\n<p><script src=\"\/\/pagead2.googlesyndication.com\/pagead\/js\/adsbygoogle.js\" async=\"\"><\/script><!-- BANNER PEQUE\u00d1O PARA ENTRENOTAS EL ORIENTE --> <ins class=\"adsbygoogle\" style=\"display: inline-block; width: 468px; height: 60px;\" data-ad-client=\"ca-pub-1136171134853753\" data-ad-slot=\"4953536424\"><a href=\"http:\/\/www.eloriente.net\/home\/wp-content\/uploads\/2016\/04\/Karina-B.jpg\" rel=\"attachment wp-att-43112\"><img loading=\"lazy\" decoding=\"async\" class=\"alignnone wp-image-43112\" src=\"http:\/\/www.eloriente.net\/home\/wp-content\/uploads\/2016\/04\/Karina-B.jpg\" alt=\"Karina Baron\" width=\"400\" height=\"225\" srcset=\"https:\/\/www.eloriente.net\/home\/wp-content\/uploads\/2016\/04\/Karina-B.jpg 1920w, https:\/\/www.eloriente.net\/home\/wp-content\/uploads\/2016\/04\/Karina-B-300x169.jpg 300w, https:\/\/www.eloriente.net\/home\/wp-content\/uploads\/2016\/04\/Karina-B-768x432.jpg 768w, https:\/\/www.eloriente.net\/home\/wp-content\/uploads\/2016\/04\/Karina-B-1024x576.jpg 1024w\" sizes=\"(max-width: 400px) 100vw, 400px\" \/><\/a><\/ins><script>\/\/ <![CDATA[\n(adsbygoogle = window.adsbygoogle || []).push({});\n\/\/ ]]><\/script><br \/>\nM\u00c1S COLUMNISTAS, DA CLICK SOBRE LA SIGUIENTE IMAGEN:<\/p>\n<p><a href=\"http:\/\/www.eloriente.net\/home\/category\/colaboradores\/\" target=\"_blank\" rel=\"attachment wp-att-42868\"><img loading=\"lazy\" decoding=\"async\" class=\"alignnone size-full wp-image-42868\" src=\"http:\/\/www.eloriente.net\/home\/wp-content\/uploads\/2016\/03\/COLUMNISTAS-1.png\" alt=\"COLUMNISTAS\" width=\"758\" height=\"111\" srcset=\"https:\/\/www.eloriente.net\/home\/wp-content\/uploads\/2016\/03\/COLUMNISTAS-1.png 758w, https:\/\/www.eloriente.net\/home\/wp-content\/uploads\/2016\/03\/COLUMNISTAS-1-300x44.png 300w\" sizes=\"(max-width: 758px) 100vw, 758px\" \/><\/a><\/p>\n\n\t\t\t  <div \n\t\t\t  \tclass = \"fb-comments\" \n\t\t\t  \tdata-href = \"https:\/\/www.eloriente.net\/home\/2016\/04\/11\/videocolumna-verificaremos-que-fonregion-se-destine-a-los-mas-pobres-karina-baron\/\"\n\t\t\t  \tdata-numposts = \"10\"\n\t\t\t\tdata-colorscheme = \"dark\"\n\t\t\t\tdata-order-by = \"social\"\n\t\t\t\tdata-mobile=true>\n\t\t\t  <\/div>\n\t\t  <style>\n\t\t\t.fb_iframe_widget_fluid_desktop iframe {\n\t\t\t    width: 100% !important;\n\t\t\t}\n\t\t  <\/style>\n\t\t  ","protected":false},"excerpt":{"rendered":"<p>eloriente.net 11 de abril de 2016 &nbsp; &nbsp; \u00abAl ejercicio de gobierno en M\u00e9xico le ha hecho falta de siempre m\u00e1s l\u00f3gica y menos capricho, m\u00e1s conocimiento y menos improvisaci\u00f3n.\u00bbKarina Bar\u00f3n habla en ELORIENTE.NET sobre el manejo del presupuesto federal por parte de los gobiernos estatales.VIDEOCOLUMNA en ELORIENTE.NET, la p\u00e1gina de internet de calidad en [&hellip;]<\/p>\n","protected":false},"author":1,"featured_media":43115,"comment_status":"open","ping_status":"open","sticky":false,"template":"","format":"standard","meta":{"_jetpack_memberships_contains_paid_content":false,"footnotes":""},"categories":[32,6324,10,21,31],"tags":[6327,6325,4418,6326],"class_list":["post-43111","post","type-post","status-publish","format-standard","has-post-thumbnail","hentry","category-entradas","category-karina-baron","category-lo-mas-reciente","category-politica-y-gobierno","category-principal","tag-diputados-federales-oaxaca","tag-fonregion-diputados","tag-karina-baron","tag-presupuesto-federal-evaluacion"],"jetpack_featured_media_url":"https:\/\/www.eloriente.net\/home\/wp-content\/uploads\/2016\/04\/Karina-B-1-e1460420387427.jpg","jetpack_sharing_enabled":true,"_links":{"self":[{"href":"https:\/\/www.eloriente.net\/home\/wp-json\/wp\/v2\/posts\/43111"}],"collection":[{"href":"https:\/\/www.eloriente.net\/home\/wp-json\/wp\/v2\/posts"}],"about":[{"href":"https:\/\/www.eloriente.net\/home\/wp-json\/wp\/v2\/types\/post"}],"author":[{"embeddable":true,"href":"https:\/\/www.eloriente.net\/home\/wp-json\/wp\/v2\/users\/1"}],"replies":[{"embeddable":true,"href":"https:\/\/www.eloriente.net\/home\/wp-json\/wp\/v2\/comments?post=43111"}],"version-history":[{"count":1,"href":"https:\/\/www.eloriente.net\/home\/wp-json\/wp\/v2\/posts\/43111\/revisions"}],"predecessor-version":[{"id":43114,"href":"https:\/\/www.eloriente.net\/home\/wp-json\/wp\/v2\/posts\/43111\/revisions\/43114"}],"wp:featuredmedia":[{"embeddable":true,"href":"https:\/\/www.eloriente.net\/home\/wp-json\/wp\/v2\/media\/43115"}],"wp:attachment":[{"href":"https:\/\/www.eloriente.net\/home\/wp-json\/wp\/v2\/media?parent=43111"}],"wp:term":[{"taxonomy":"category","embeddable":true,"href":"https:\/\/www.eloriente.net\/home\/wp-json\/wp\/v2\/categories?post=43111"},{"taxonomy":"post_tag","embeddable":true,"href":"https:\/\/www.eloriente.net\/home\/wp-json\/wp\/v2\/tags?post=43111"}],"curies":[{"name":"wp","href":"https:\/\/api.w.org\/{rel}","templated":true}]}}