{"id":43522,"date":"2016-05-19T01:00:45","date_gmt":"2016-05-19T07:00:45","guid":{"rendered":"http:\/\/www.eloriente.net\/home\/?p=43522"},"modified":"2016-05-18T17:02:57","modified_gmt":"2016-05-18T23:02:57","slug":"oaxaca-5-actividades-culturales-en-oaxaca-que-no-te-puedes-perder-20-22-de-mayo","status":"publish","type":"post","link":"https:\/\/www.eloriente.net\/home\/2016\/05\/19\/oaxaca-5-actividades-culturales-en-oaxaca-que-no-te-puedes-perder-20-22-de-mayo\/","title":{"rendered":"OAXACA: 5 actividades culturales en Oaxaca que no te puedes perder (20-22 de mayo)"},"content":{"rendered":"<p><script src=\"\/\/pagead2.googlesyndication.com\/pagead\/js\/adsbygoogle.js\" async=\"\"><\/script><!-- BANNER ELORIENTE INCRUSTADO NOTAS --> <ins class=\"adsbygoogle\" style=\"display: inline-block; width: 300px; height: 250px;\" data-ad-client=\"ca-pub-1136171134853753\" data-ad-slot=\"7974633627\"><\/ins><script>\/\/ <![CDATA[\n(adsbygoogle = window.adsbygoogle || []).push({});\n\/\/ ]]><\/script><\/p>\n<p>&nbsp;<\/p>\n<p>(www.eloriente.net, M\u00e9xico, a 19 de mayo de 2016, por Valery L\u00f3pez).-\u00a0Como cada semana, en EL ORIENTE nos dimos a la tarea de buscar las actividades culturales que no puedes dejar pasar en los pr\u00f3ximos d\u00edas. En esta ocasi\u00f3n te presentamos presentaciones de exposiciones, talleres\u00a0y m\u00e1s.<\/p>\n<p><strong><a href=\"https:\/\/www.facebook.com\/BibliotecadeInvestigacionJuandeCordova\/?fref=photo\" target=\"_blank\">1.- UN INTERNET EN MI LENGUA<\/a><\/strong><\/p>\n<p>La Biblioteca de Investigaci\u00f3n Juan de C\u00f3rdova invita a su panel de Activismo Digital en Lenguas Ind\u00edgenas titulado\u00a0\u00abUn Internet en mi Lengua: Experiencias de Activistas Digitales en Lenguas Ind\u00edgenas de Am\u00e9rica\u00bb. En este panel participar\u00e1n Alfredo Rivera de El Salvador, Israel Quic de Guatemala, Simona Mallo y Victor Carilaf de Chile. Como moderadora estar\u00e1 Alejandra Sasil S\u00e1nchez.<\/p>\n<p>El evento se llevar\u00e1 a cabo el pr\u00f3ximo viernes 20 de mayo a las 18:30 horas en la Capilla del Rosario del Centro Cultural San Pablo. Entrada libre.<\/p>\n<p><a href=\"http:\/\/www.eloriente.net\/home\/wp-content\/uploads\/2016\/05\/Un-internet-en-mi-lengua.jpg\" rel=\"attachment wp-att-43532\"><img loading=\"lazy\" decoding=\"async\" class=\"alignnone wp-image-43532\" src=\"http:\/\/www.eloriente.net\/home\/wp-content\/uploads\/2016\/05\/Un-internet-en-mi-lengua.jpg\" alt=\"Un internet en mi lengua\" width=\"600\" height=\"853\" srcset=\"https:\/\/www.eloriente.net\/home\/wp-content\/uploads\/2016\/05\/Un-internet-en-mi-lengua.jpg 1440w, https:\/\/www.eloriente.net\/home\/wp-content\/uploads\/2016\/05\/Un-internet-en-mi-lengua-211x300.jpg 211w, https:\/\/www.eloriente.net\/home\/wp-content\/uploads\/2016\/05\/Un-internet-en-mi-lengua-768x1092.jpg 768w, https:\/\/www.eloriente.net\/home\/wp-content\/uploads\/2016\/05\/Un-internet-en-mi-lengua-720x1024.jpg 720w, https:\/\/www.eloriente.net\/home\/wp-content\/uploads\/2016\/05\/Un-internet-en-mi-lengua-1024x1456.jpg 1024w\" sizes=\"(max-width: 600px) 100vw, 600px\" \/><\/a><\/p>\n<p><a href=\"https:\/\/www.facebook.com\/Sala-de-Inmersi%C3%B3n-Oaxaca-1243380909022095\/?fref=nf\" target=\"_blank\"><strong>2.- CORAL VISCERAL\u00a0<\/strong><\/a><\/p>\n<p>Coral Visceral es taller de experimentaci\u00f3n vocal y escucha profunda dirigido a la comunidad de sordos y sordas. \u00c9ste ser\u00e1 impartido por B\u00e1rbara Lazara, quien es artista sonora, vocalista, actriz y docente. La interprete ser\u00e1 Yolitztlaman Cardoba.<\/p>\n<p>El taller se lleva a cabo todos los s\u00e1bados de mayo de 13:00 a 15:00 horas en la Sala de Inmersi\u00f3n de la Antigua Estaci\u00f3n del Ferrocarril.<\/p>\n<p><a href=\"http:\/\/www.eloriente.net\/home\/wp-content\/uploads\/2016\/05\/coral-visceral.png\" rel=\"attachment wp-att-43529\"><img loading=\"lazy\" decoding=\"async\" class=\"alignnone wp-image-43529\" src=\"http:\/\/www.eloriente.net\/home\/wp-content\/uploads\/2016\/05\/coral-visceral.png\" alt=\"coral visceral\" width=\"600\" height=\"927\" srcset=\"https:\/\/www.eloriente.net\/home\/wp-content\/uploads\/2016\/05\/coral-visceral.png 792w, https:\/\/www.eloriente.net\/home\/wp-content\/uploads\/2016\/05\/coral-visceral-194x300.png 194w, https:\/\/www.eloriente.net\/home\/wp-content\/uploads\/2016\/05\/coral-visceral-768x1187.png 768w, https:\/\/www.eloriente.net\/home\/wp-content\/uploads\/2016\/05\/coral-visceral-663x1024.png 663w\" sizes=\"(max-width: 600px) 100vw, 600px\" \/><\/a><\/p>\n<p><a href=\"https:\/\/www.facebook.com\/institutomauriceravel\/?fref=nf\" target=\"_blank\"><strong>3.- LAS HERRAMIENTAS TECNOL\u00d3GICAS PROCESADORES MUSICALES<\/strong><\/a><\/p>\n<p>\u00c9ste es un taller organizado por el Instituto de Formaci\u00f3n Musical \u00abMaurice Ravel\u201d, y el mismo est\u00e1 destinado a la comprensi\u00f3n de las herramientas tecnol\u00f3gicas de audio que permitan mejorar el instrumento de los m\u00fasicos.<\/p>\n<p>Entre los contenidos que se tocar\u00e1n durante el taller est\u00e1n \u201cConociendo el sonido, Frecuencias\/Arreglando voces y sonidos, Din\u00e1mica de la se\u00f1al\/Compresi\u00f3n y vol\u00famen entre otros.<\/p>\n<p>El taller se llevar\u00e1 a cabo del 21 de mayo al 25 de junio de 2016 y ser\u00e1 impartido por Adri\u00e1n Hern\u00e1ndez. El costo del mismo es de 1500 pesos que incluye materia de trabajo.<\/p>\n<p><a href=\"http:\/\/www.eloriente.net\/home\/wp-content\/uploads\/2016\/05\/las-herramientas-tecnolo\u0301gicas.jpg\" rel=\"attachment wp-att-43530\"><img loading=\"lazy\" decoding=\"async\" class=\"alignnone wp-image-43530\" src=\"http:\/\/www.eloriente.net\/home\/wp-content\/uploads\/2016\/05\/las-herramientas-tecnolo\u0301gicas.jpg\" alt=\"las herramientas tecnolo\u0301gicas\" width=\"600\" height=\"928\" srcset=\"https:\/\/www.eloriente.net\/home\/wp-content\/uploads\/2016\/05\/las-herramientas-tecnolo\u0301gicas.jpg 1325w, https:\/\/www.eloriente.net\/home\/wp-content\/uploads\/2016\/05\/las-herramientas-tecnolo\u0301gicas-194x300.jpg 194w, https:\/\/www.eloriente.net\/home\/wp-content\/uploads\/2016\/05\/las-herramientas-tecnolo\u0301gicas-768x1187.jpg 768w, https:\/\/www.eloriente.net\/home\/wp-content\/uploads\/2016\/05\/las-herramientas-tecnolo\u0301gicas-663x1024.jpg 663w, https:\/\/www.eloriente.net\/home\/wp-content\/uploads\/2016\/05\/las-herramientas-tecnolo\u0301gicas-1024x1583.jpg 1024w\" sizes=\"(max-width: 600px) 100vw, 600px\" \/><\/a><\/p>\n<p><script src=\"\/\/pagead2.googlesyndication.com\/pagead\/js\/adsbygoogle.js\" async=\"\"><\/script><!-- BANNER PEQUE\u00d1O PARA ENTRENOTAS EL ORIENTE --> <ins class=\"adsbygoogle\" style=\"display: inline-block; width: 468px; height: 60px;\" data-ad-client=\"ca-pub-1136171134853753\" data-ad-slot=\"4953536424\"><\/ins><script>\/\/ <![CDATA[\n(adsbygoogle = window.adsbygoogle || []).push({});\n\/\/ ]]><\/script><\/p>\n<p><strong><a href=\"https:\/\/www.facebook.com\/photo.php?fbid=1615336448786687&amp;set=o.1738430809722094&amp;type=3&amp;theater\" target=\"_blank\">4.- TALLER DIABLO KARAMBA<\/a><\/strong><\/p>\n<p>Dirigido a j\u00f3venes y adultos, este taller organizado por Semillero de Ideas, est\u00e1 enfocado al aprendizaje de la danza de los diablos de la costa chica de Oaxaca y Guerrero. En este segundo m\u00f3dulo se tocar\u00e1n los temas coreograf\u00eda y danza, c\u00f3mo hacer tu m\u00e1scara de diablo y minga, y por \u00faltimo fandango coste\u00f1o para el cierre.<\/p>\n<p>El taller se llevar\u00e1 a cabo el pr\u00f3ximo 21 de mayo en dos horarios distintos: el matutino de 10:00 a 12:00 horas y el vespertino de 18:00 a 20:00 horas en Los Cafetales , ubicado en Independencia #302, Centro Oaxaca. El costo del taller es de $100 pero ya incluye material para la m\u00e1scara.<\/p>\n<p><a href=\"http:\/\/www.eloriente.net\/home\/wp-content\/uploads\/2016\/05\/talle-diablo-karamba.jpg\" rel=\"attachment wp-att-43531\"><img loading=\"lazy\" decoding=\"async\" class=\"alignnone wp-image-43531\" src=\"http:\/\/www.eloriente.net\/home\/wp-content\/uploads\/2016\/05\/talle-diablo-karamba.jpg\" alt=\"talle diablo karamba\" width=\"600\" height=\"900\" srcset=\"https:\/\/www.eloriente.net\/home\/wp-content\/uploads\/2016\/05\/talle-diablo-karamba.jpg 864w, https:\/\/www.eloriente.net\/home\/wp-content\/uploads\/2016\/05\/talle-diablo-karamba-200x300.jpg 200w, https:\/\/www.eloriente.net\/home\/wp-content\/uploads\/2016\/05\/talle-diablo-karamba-768x1152.jpg 768w, https:\/\/www.eloriente.net\/home\/wp-content\/uploads\/2016\/05\/talle-diablo-karamba-683x1024.jpg 683w\" sizes=\"(max-width: 600px) 100vw, 600px\" \/><\/a><\/p>\n<p><a href=\"https:\/\/www.facebook.com\/events\/1769737026592939\/\" target=\"_blank\"><strong>5.- XVI SEMANA DE LA CULTURA MIXTECA<\/strong><\/a><\/p>\n<p>La Universidad Tecnol\u00f3gica de la Mixteca efectuar\u00e1 por d\u00e9cimo sexta ocasi\u00f3n la Semana de la Cultura Mixteca, la cual se llevar\u00e1 a cabo del 22 al 27 de mayo d\u00edas en los que\u00a0habr\u00e1 m\u00fasica, danza, conferencias, exposiciones, y muchas actividades m\u00e1s, todas ellas dedicadas a exponer la cultura Mixteca.<\/p>\n<p>El evento iniciar\u00e1 el domingo 22 de mayo a las 11:00 horas con varias actividades inaugurales entre las que se encuentra la exposici\u00f3n de pintura y escultura titulada \u00abEl Jaguar. Arte en movimiento\u00bb en ella participar\u00e1n 19 maestros oaxaque\u00f1os.<\/p>\n<p>A las 12:00 horas se realizar\u00e1 la ceremonia inaugural del evento, para despu\u00e9s dar paso paso a un concierto que correr\u00e1 a cargo de la Banda Filarm\u00f3nica Municipal Jos\u00e9 L\u00f3pez Alavez de Huajuapan de Le\u00f3n .<\/p>\n<p>El programa de actividades completo se puede consultar en el siguiente enlace: <a href=\"http:\/\/www.utm.mx\/Semana_Cultura\/index.html\" target=\"_blank\">http:\/\/www.utm.mx\/Semana_Cultura\/index.html<\/a><\/p>\n<p><a href=\"http:\/\/www.eloriente.net\/home\/wp-content\/uploads\/2016\/05\/semana-de-la-cultura-mixteca.jpg\" rel=\"attachment wp-att-43533\"><img loading=\"lazy\" decoding=\"async\" class=\"alignnone wp-image-43533\" src=\"http:\/\/www.eloriente.net\/home\/wp-content\/uploads\/2016\/05\/semana-de-la-cultura-mixteca.jpg\" alt=\"semana de la cultura mixteca\" width=\"613\" height=\"227\" srcset=\"https:\/\/www.eloriente.net\/home\/wp-content\/uploads\/2016\/05\/semana-de-la-cultura-mixteca.jpg 851w, https:\/\/www.eloriente.net\/home\/wp-content\/uploads\/2016\/05\/semana-de-la-cultura-mixteca-300x111.jpg 300w, https:\/\/www.eloriente.net\/home\/wp-content\/uploads\/2016\/05\/semana-de-la-cultura-mixteca-768x284.jpg 768w\" sizes=\"(max-width: 613px) 100vw, 613px\" \/><\/a><\/p>\n<p><strong><a href=\"https:\/\/www.facebook.com\/oscurobrebaje\/?fref=ts\" target=\"_blank\">*.- TRES TRISTES TIGRES Y UN JAGUAR AUSENTE<\/a><\/strong><\/p>\n<p>El caf\u00e9 Oscuro Brebaje invita a la lectura titulada \u00abTres tristes tigres y un jaguar ausente\u00bb. En la cual participar\u00e1n \u00c1ngel Rodr\u00edguez, Diego Gonz\u00e1lez y Juan Carlos Ayuso. De igual forma se estar\u00e1n presentando ilustraciones de Miguel Ayuso y fotograf\u00edas de \u00c1ngel Rodr\u00edguez.<\/p>\n<p>La cita es el pr\u00f3ximo s\u00e1bado 21 de mayo a las 19:00 horas en Oscuro Brebaje, ubicada en M. Bravo #511. Entrada libre.<\/p>\n<p><a href=\"http:\/\/www.eloriente.net\/home\/wp-content\/uploads\/2016\/05\/tres-triste-tigres.jpeg\" rel=\"attachment wp-att-43545\"><img loading=\"lazy\" decoding=\"async\" class=\"alignnone  wp-image-43545\" src=\"http:\/\/www.eloriente.net\/home\/wp-content\/uploads\/2016\/05\/tres-triste-tigres.jpeg\" alt=\"tres triste tigres\" width=\"600\" height=\"864\" srcset=\"https:\/\/www.eloriente.net\/home\/wp-content\/uploads\/2016\/05\/tres-triste-tigres.jpeg 625w, https:\/\/www.eloriente.net\/home\/wp-content\/uploads\/2016\/05\/tres-triste-tigres-208x300.jpeg 208w\" sizes=\"(max-width: 600px) 100vw, 600px\" \/><\/a><\/p>\n<p><strong>OTRAS ENTRADAS<\/strong><\/p>\n<p>&nbsp;<\/p>\n\n\t\t\t  <div \n\t\t\t  \tclass = \"fb-comments\" \n\t\t\t  \tdata-href = \"https:\/\/www.eloriente.net\/home\/2016\/05\/19\/oaxaca-5-actividades-culturales-en-oaxaca-que-no-te-puedes-perder-20-22-de-mayo\/\"\n\t\t\t  \tdata-numposts = \"10\"\n\t\t\t\tdata-colorscheme = \"dark\"\n\t\t\t\tdata-order-by = \"social\"\n\t\t\t\tdata-mobile=true>\n\t\t\t  <\/div>\n\t\t  <style>\n\t\t\t.fb_iframe_widget_fluid_desktop iframe {\n\t\t\t    width: 100% !important;\n\t\t\t}\n\t\t  <\/style>\n\t\t  ","protected":false},"excerpt":{"rendered":"<p>&nbsp; (www.eloriente.net, M\u00e9xico, a 19 de mayo de 2016, por Valery L\u00f3pez).-\u00a0Como cada semana, en EL ORIENTE nos dimos a la tarea de buscar las actividades culturales que no puedes dejar pasar en los pr\u00f3ximos d\u00edas. En esta ocasi\u00f3n te presentamos presentaciones de exposiciones, talleres\u00a0y m\u00e1s. 1.- UN INTERNET EN MI LENGUA La Biblioteca de [&hellip;]<\/p>\n","protected":false},"author":44,"featured_media":43534,"comment_status":"open","ping_status":"open","sticky":false,"template":"","format":"standard","meta":{"_jetpack_memberships_contains_paid_content":false,"footnotes":""},"categories":[8,18,32,63,464,31],"tags":[6489,3648,6492,6490,477,1513,73,6491],"class_list":["post-43522","post","type-post","status-publish","format-standard","has-post-thumbnail","hentry","category-agenda","category-educacion-y-cultura","category-entradas","category-estados","category-oaxaca-estados","category-principal","tag-20-22-de-mayo","tag-actividades-culturales","tag-biblioteca-juan-de-cordova","tag-coral-visceral","tag-el-oriente","tag-mayo","tag-oaxaca","tag-sala-de-inmersion"],"jetpack_featured_media_url":"https:\/\/www.eloriente.net\/home\/wp-content\/uploads\/2016\/05\/cultura-mixteca-e1463509222170.jpg","jetpack_sharing_enabled":true,"_links":{"self":[{"href":"https:\/\/www.eloriente.net\/home\/wp-json\/wp\/v2\/posts\/43522"}],"collection":[{"href":"https:\/\/www.eloriente.net\/home\/wp-json\/wp\/v2\/posts"}],"about":[{"href":"https:\/\/www.eloriente.net\/home\/wp-json\/wp\/v2\/types\/post"}],"author":[{"embeddable":true,"href":"https:\/\/www.eloriente.net\/home\/wp-json\/wp\/v2\/users\/44"}],"replies":[{"embeddable":true,"href":"https:\/\/www.eloriente.net\/home\/wp-json\/wp\/v2\/comments?post=43522"}],"version-history":[{"count":6,"href":"https:\/\/www.eloriente.net\/home\/wp-json\/wp\/v2\/posts\/43522\/revisions"}],"predecessor-version":[{"id":43546,"href":"https:\/\/www.eloriente.net\/home\/wp-json\/wp\/v2\/posts\/43522\/revisions\/43546"}],"wp:featuredmedia":[{"embeddable":true,"href":"https:\/\/www.eloriente.net\/home\/wp-json\/wp\/v2\/media\/43534"}],"wp:attachment":[{"href":"https:\/\/www.eloriente.net\/home\/wp-json\/wp\/v2\/media?parent=43522"}],"wp:term":[{"taxonomy":"category","embeddable":true,"href":"https:\/\/www.eloriente.net\/home\/wp-json\/wp\/v2\/categories?post=43522"},{"taxonomy":"post_tag","embeddable":true,"href":"https:\/\/www.eloriente.net\/home\/wp-json\/wp\/v2\/tags?post=43522"}],"curies":[{"name":"wp","href":"https:\/\/api.w.org\/{rel}","templated":true}]}}