{"id":43668,"date":"2016-06-02T01:03:21","date_gmt":"2016-06-02T07:03:21","guid":{"rendered":"http:\/\/www.eloriente.net\/home\/?p=43668"},"modified":"2016-06-02T10:12:29","modified_gmt":"2016-06-02T16:12:29","slug":"oaxaca-5-actividades-culturales-en-oaxaca-que-no-te-puedes-perder-03-06-de-junio","status":"publish","type":"post","link":"https:\/\/www.eloriente.net\/home\/2016\/06\/02\/oaxaca-5-actividades-culturales-en-oaxaca-que-no-te-puedes-perder-03-06-de-junio\/","title":{"rendered":"OAXACA: 5 actividades culturales en Oaxaca que no te puedes perder (03-06 de junio)"},"content":{"rendered":"<p><script src=\"\/\/pagead2.googlesyndication.com\/pagead\/js\/adsbygoogle.js\" async=\"\"><\/script><!-- BANNER ELORIENTE INCRUSTADO NOTAS --> <ins class=\"adsbygoogle\" style=\"display: inline-block; width: 300px; height: 250px;\" data-ad-client=\"ca-pub-1136171134853753\" data-ad-slot=\"7974633627\"><\/ins><script>\/\/ <![CDATA[\n(adsbygoogle = window.adsbygoogle || []).push({});\n\/\/ ]]><\/script><\/p>\n<p>&nbsp;<\/p>\n<p>(www.eloriente.net, M\u00e9xico, a 02 de junio de 2016, por Valery L\u00f3pez).-\u00a0Como cada semana, en EL ORIENTE nos dimos a la tarea de buscar las actividades culturales que no puedes dejar pasar en los pr\u00f3ximos d\u00edas. En esta ocasi\u00f3n te presentamos conferencias, talleres\u00a0y m\u00e1s.<\/p>\n<p><strong><a href=\"https:\/\/www.facebook.com\/BibliotecadeInvestigacionJuandeCordova\/photos\/a.383718711730930.1073741828.383687575067377\/709285352507596\/?type=3&amp;theater\" target=\"_blank\">1.- CONFERENCIA \u00abMODELOS DE CIUDADAN\u00cdA EN AM\u00c9RICA LATINA Y EL CARIBE\u00bb<\/a><\/strong><\/p>\n<p>La Biblioteca de Investigaci\u00f3n Juan de C\u00f3rdova, la Universidad Nacional Aut\u00f3noma de M\u00e9xico, el Centro de Investigaciones Interdisciplinarias en Ciencias y Humanidades, el Programa de Pluralismo Jur\u00eddico y Vigencia de Derechos, y el CIESAS invitan a la Conferencia titulada \u201cModelos de Ciudadan\u00eda en Am\u00e9rica Latina y El Caribe\u201d, que ser\u00e1 impartida por Philip Oxhorn de la McGill University.<\/p>\n<p>La Conferencia ser\u00e1 comentada por la Dra. Cristina Puga Espinosa. La cita es este viernes 3 de junio a las 17:00 horas en la Capilla del Rosario del Centro Cultural San Pablo.<\/p>\n<p><a href=\"http:\/\/www.eloriente.net\/home\/wp-content\/uploads\/2016\/06\/MODELOS-DE-LA-CIUDADANIA.jpg\" rel=\"attachment wp-att-43685\"><img loading=\"lazy\" decoding=\"async\" class=\"alignnone wp-image-43685\" src=\"http:\/\/www.eloriente.net\/home\/wp-content\/uploads\/2016\/06\/MODELOS-DE-LA-CIUDADANIA.jpg\" alt=\"MODELOS DE LA CIUDADANIA\" width=\"600\" height=\"927\" srcset=\"https:\/\/www.eloriente.net\/home\/wp-content\/uploads\/2016\/06\/MODELOS-DE-LA-CIUDADANIA.jpg 825w, https:\/\/www.eloriente.net\/home\/wp-content\/uploads\/2016\/06\/MODELOS-DE-LA-CIUDADANIA-194x300.jpg 194w, https:\/\/www.eloriente.net\/home\/wp-content\/uploads\/2016\/06\/MODELOS-DE-LA-CIUDADANIA-768x1187.jpg 768w, https:\/\/www.eloriente.net\/home\/wp-content\/uploads\/2016\/06\/MODELOS-DE-LA-CIUDADANIA-663x1024.jpg 663w\" sizes=\"(max-width: 600px) 100vw, 600px\" \/><\/a><\/p>\n<p><strong><a href=\"https:\/\/www.facebook.com\/213411298714654\/photos\/gm.583472975153864\/1021876591201450\/?type=3&amp;theater\" target=\"_blank\">2.-PEQUE\u00d1OS PEATONES<\/a><\/strong><\/p>\n<p>Peque\u00f1os Peatones es un taller de ilustraci\u00f3n de postales dirigido a ni\u00f1os de 6 a 12 a\u00f1os, el cual es organizado por Casa de la Ciudad en el marco de la exposici\u00f3n \u201c30 d\u00edas de Peat\u00f3n\u201d.<\/p>\n<p>El taller se llevar\u00e1 a cabo el pr\u00f3ximo 4 de junio de 10:00 a 11:00 horas en las instalaciones de Casa de la Ciudad, y ser\u00e1 impartido por Asael Arista.<\/p>\n<p>La entrada es libre pero el cupo es limitado as\u00ed que apres\u00farate a inscribirte. Esto lo puedes hacer a loas tel\u00e9fonos 51-69-647 y 51-6-96-48 o bien al correo casadelaciudad@fahho.mx<\/p>\n<p><a href=\"http:\/\/www.eloriente.net\/home\/wp-content\/uploads\/2016\/06\/PEQUEN\u0303OS-PEATONES.jpg\" rel=\"attachment wp-att-43686\"><img loading=\"lazy\" decoding=\"async\" class=\"alignnone wp-image-43686\" src=\"http:\/\/www.eloriente.net\/home\/wp-content\/uploads\/2016\/06\/PEQUEN\u0303OS-PEATONES.jpg\" alt=\"PEQUEN\u0303OS PEATONES\" width=\"600\" height=\"920\" srcset=\"https:\/\/www.eloriente.net\/home\/wp-content\/uploads\/2016\/06\/PEQUEN\u0303OS-PEATONES.jpg 1335w, https:\/\/www.eloriente.net\/home\/wp-content\/uploads\/2016\/06\/PEQUEN\u0303OS-PEATONES-196x300.jpg 196w, https:\/\/www.eloriente.net\/home\/wp-content\/uploads\/2016\/06\/PEQUEN\u0303OS-PEATONES-768x1178.jpg 768w, https:\/\/www.eloriente.net\/home\/wp-content\/uploads\/2016\/06\/PEQUEN\u0303OS-PEATONES-668x1024.jpg 668w, https:\/\/www.eloriente.net\/home\/wp-content\/uploads\/2016\/06\/PEQUEN\u0303OS-PEATONES-1024x1571.jpg 1024w\" sizes=\"(max-width: 600px) 100vw, 600px\" \/><\/a><\/p>\n<p><strong><a href=\"https:\/\/www.facebook.com\/biblioteca.henestrosa\/photos\/a.528873700567872.1073741828.528865723902003\/899066033548635\/?type=3&amp;theater\" target=\"_blank\">3.- CUENTO DE VERANO II<\/a><\/strong><\/p>\n<p>La Biblioteca Andr\u00e9s Henestrosa invita al taller titulado \u00abCuento de Verano II\u00bb impartido por Kurt Hackbarth.<\/p>\n<p>Este taller est\u00e1 dirigido al p\u00fablico en general que tenga la inquietud por aprender a escribir cuentos. El objetivo del mismo estudiar la forma literaria del cuento, su historia, su lugar en las letras universales y aprender las t\u00e9cnicas necesarias para analizarlos y escribirlos.<\/p>\n<p>De la misma forma el taller se dedicar\u00e1 al cuento corto, tanto desde el lado te\u00f3rico (lectura y an\u00e1lisis) como pr\u00e1ctico (redacci\u00f3n). Se estudiar\u00e1\u00a0la forma del cuento, su historia, su lugar en las letras universales, y aprender\u00e1s las t\u00e9cnicas necesarias para realizar el an\u00e1lisis de un texto. Tambi\u00e9n habr\u00e1 una parte practica donde podr\u00e1n\u00a0escribir sus propios cuentos a ra\u00edz de ejercicios guiados y retroalimentaci\u00f3n en la forma de mesas redondas.<\/p>\n<p>Las sesiones se realizar\u00e1n todos los s\u00e1bados de 10:00 a 14:00 horas, iniciando este 4 de junio y finalizando el pr\u00f3ximo 6 de agosto.<\/p>\n<p><a href=\"http:\/\/www.eloriente.net\/home\/wp-content\/uploads\/2016\/06\/UN-CUENTO-DE-VERANO.jpg\" rel=\"attachment wp-att-43688\"><img loading=\"lazy\" decoding=\"async\" class=\"alignnone wp-image-43688\" src=\"http:\/\/www.eloriente.net\/home\/wp-content\/uploads\/2016\/06\/UN-CUENTO-DE-VERANO.jpg\" alt=\"UN CUENTO DE VERANO\" width=\"600\" height=\"928\" srcset=\"https:\/\/www.eloriente.net\/home\/wp-content\/uploads\/2016\/06\/UN-CUENTO-DE-VERANO.jpg 1324w, https:\/\/www.eloriente.net\/home\/wp-content\/uploads\/2016\/06\/UN-CUENTO-DE-VERANO-194x300.jpg 194w, https:\/\/www.eloriente.net\/home\/wp-content\/uploads\/2016\/06\/UN-CUENTO-DE-VERANO-768x1188.jpg 768w, https:\/\/www.eloriente.net\/home\/wp-content\/uploads\/2016\/06\/UN-CUENTO-DE-VERANO-662x1024.jpg 662w, https:\/\/www.eloriente.net\/home\/wp-content\/uploads\/2016\/06\/UN-CUENTO-DE-VERANO-1024x1584.jpg 1024w\" sizes=\"(max-width: 600px) 100vw, 600px\" \/><\/a><\/p>\n<p><script src=\"\/\/pagead2.googlesyndication.com\/pagead\/js\/adsbygoogle.js\" async=\"\"><\/script><!-- BANNER PEQUE\u00d1O PARA ENTRENOTAS EL ORIENTE --> <ins class=\"adsbygoogle\" style=\"display: inline-block; width: 468px; height: 60px;\" data-ad-client=\"ca-pub-1136171134853753\" data-ad-slot=\"4953536424\"><\/ins><script>\/\/ <![CDATA[\n(adsbygoogle = window.adsbygoogle || []).push({});\n\/\/ ]]><\/script><\/p>\n<p><strong><a href=\"https:\/\/www.facebook.com\/casanagustin\/photos\/a.109748205985.106795.41155690985\/10153531132070986\/?type=3&amp;theater\" target=\"_blank\">4.-TALLER DE T\u00cdTERES<\/a><\/strong><\/p>\n<p>El Centro de las Artes de San Agust\u00edn (CaSa) y el Instituto de Artes Gr\u00e1ficas de Oaxaca (IAGO) invitan al Taller de T\u00edteres, que ser\u00e1 impartido por \u00abLa Jesusa\u00bb<\/p>\n<p>Las fechas del taller son del 06 al 10 de junio, del 13 al 17 de junio, del 20 al 24 de ese mismo mes y del 27 de junio al 1 de julio.<\/p>\n<p>Para mayor informaci\u00f3n comunicarse a los tel\u00e9fonos 52-1-30-42 y 52-1-30-43 o bien al correo acoordinacioncasa@gmail.com.<\/p>\n<p><a href=\"http:\/\/www.eloriente.net\/home\/wp-content\/uploads\/2016\/06\/TALLER-DE-TI\u0301TERES.jpg\" rel=\"attachment wp-att-43687\"><img loading=\"lazy\" decoding=\"async\" class=\"alignnone wp-image-43687\" src=\"http:\/\/www.eloriente.net\/home\/wp-content\/uploads\/2016\/06\/TALLER-DE-TI\u0301TERES.jpg\" alt=\"TALLER DE TI\u0301TERES\" width=\"599\" height=\"599\" srcset=\"https:\/\/www.eloriente.net\/home\/wp-content\/uploads\/2016\/06\/TALLER-DE-TI\u0301TERES.jpg 2048w, https:\/\/www.eloriente.net\/home\/wp-content\/uploads\/2016\/06\/TALLER-DE-TI\u0301TERES-150x150.jpg 150w, https:\/\/www.eloriente.net\/home\/wp-content\/uploads\/2016\/06\/TALLER-DE-TI\u0301TERES-300x300.jpg 300w, https:\/\/www.eloriente.net\/home\/wp-content\/uploads\/2016\/06\/TALLER-DE-TI\u0301TERES-768x768.jpg 768w, https:\/\/www.eloriente.net\/home\/wp-content\/uploads\/2016\/06\/TALLER-DE-TI\u0301TERES-1024x1024.jpg 1024w, https:\/\/www.eloriente.net\/home\/wp-content\/uploads\/2016\/06\/TALLER-DE-TI\u0301TERES-50x50.jpg 50w, https:\/\/www.eloriente.net\/home\/wp-content\/uploads\/2016\/06\/TALLER-DE-TI\u0301TERES-144x144.jpg 144w\" sizes=\"(max-width: 599px) 100vw, 599px\" \/><\/a><\/p>\n<p><strong>5.- FORO OAXAQUE\u00d1O DEL AGUA<\/strong><\/p>\n<p>El pr\u00f3ximo viernes 10 de junio a las 4:30 pm se realizar\u00e1 la 46\u00b0\u00a0asamblea del Foro Oaxaque\u00f1o del Agua en el edificio del Ciesas, ubicado en calle\u00a0Mirador esquina con Sierra Nevada, Colonia Loma Linda (debajo de las\u00a0torres de microondas).<\/p>\n<p>Los principales temas a tratar ser\u00e1n: el problema de la presa Rompe\u00a0Picos, la presentaci\u00f3n del nuevo Parque Ecol\u00f3gico El Crest\u00f3n y la\u00a0presentaci\u00f3n del proyecto de recuperaci\u00f3n del r\u00edo San Felipe. La 46\u00b0\u00a0asamblea del FOA se realiza en el marco de la Campa\u00f1a Nacional en\u00a0Defensa de la Madre Tierra y el Territorio.<\/p>\n<p><a href=\"http:\/\/www.eloriente.net\/home\/wp-content\/uploads\/2016\/06\/foro-oaxaquen\u0303o-del-agua.jpeg\" rel=\"attachment wp-att-43689\"><img loading=\"lazy\" decoding=\"async\" class=\"alignnone wp-image-43689\" src=\"http:\/\/www.eloriente.net\/home\/wp-content\/uploads\/2016\/06\/foro-oaxaquen\u0303o-del-agua.jpeg\" alt=\"foro oaxaquen\u0303o del agua\" width=\"600\" height=\"921\" srcset=\"https:\/\/www.eloriente.net\/home\/wp-content\/uploads\/2016\/06\/foro-oaxaquen\u0303o-del-agua.jpeg 794w, https:\/\/www.eloriente.net\/home\/wp-content\/uploads\/2016\/06\/foro-oaxaquen\u0303o-del-agua-195x300.jpeg 195w, https:\/\/www.eloriente.net\/home\/wp-content\/uploads\/2016\/06\/foro-oaxaquen\u0303o-del-agua-768x1179.jpeg 768w, https:\/\/www.eloriente.net\/home\/wp-content\/uploads\/2016\/06\/foro-oaxaquen\u0303o-del-agua-667x1024.jpeg 667w\" sizes=\"(max-width: 600px) 100vw, 600px\" \/><\/a><\/p>\n<p><strong>OTRAS ENTRADAS<\/strong><\/p>\n<div class=\"featuredpost\">\n<div class=\"flow_hide\">\n<h2 class=\"posttitle bigposttitle\"><a title=\"Enlace Permanente a DEPORTES: Cr\u00f3nicas beisboleras: Mayo 2016, \u00bfc\u00f3mo vamos? Por Jaime Palau\" href=\"http:\/\/www.eloriente.net\/home\/2016\/05\/30\/deportes-cronicas-beisboleras-mayo-2016-como-vamos-por-jaime-palau\/\" rel=\"bookmark\">DEPORTES: Cr\u00f3nicas beisboleras: Mayo 2016, \u00bfc\u00f3mo vamos? Por Jaime Palau<\/a><\/h2>\n<\/div>\n<p>(www.eloriente.net, M\u00e9xico, a 30 de mayo de 2o16, por Jaime Palau).- Tal como hice un resumen del standing y an\u00e1lisis de los equipos al t\u00e9rmino del mes\u2026<\/p>\n<p class=\"postmeta\"><span class=\"meta_date\">mayo 30, 2016<\/span><\/p>\n<div class=\"toolbar-social\"><\/div>\n<\/div>\n<div class=\"featuredpost\">\n<div class=\"flow_hide\">\n<p><a href=\"http:\/\/www.eloriente.net\/home\/2016\/05\/28\/queretaro-10-cosas-que-no-te-puedes-perder-del-centro-historico\/\" rel=\"bookmark\"><img decoding=\"async\" class=\"alignleft\" title=\"QUER\u00c9TARO: 10 cosas que no te puedes perder del Centro Hist\u00f3rico\" src=\"http:\/\/www.eloriente.net\/home\/wp-content\/themes\/city-desk\/timthumb.php?src=http%3A%2F%2Fwww.eloriente.net%2Fhome%2Fwp-content%2Fuploads%2F2016%2F05%2FQUERETARO-travel.jpg&amp;q=90&amp;w=70&amp;h=45&amp;zc=1\" alt=\"QUER\u00c9TARO: 10 cosas que no te puedes perder del Centro Hist\u00f3rico\" \/><\/a><\/p>\n<h2 class=\"posttitle \"><a title=\"Enlace Permanente a QUER\u00c9TARO: 10 cosas que no te puedes perder del Centro Hist\u00f3rico\" href=\"http:\/\/www.eloriente.net\/home\/2016\/05\/28\/queretaro-10-cosas-que-no-te-puedes-perder-del-centro-historico\/\" rel=\"bookmark\">QUER\u00c9TARO: 10 cosas que no te puedes perder del Centro Hist\u00f3rico<\/a><\/h2>\n<\/div>\n<p>eloriente.net\/Quer\u00e9taro Travel 28 de mayo de 2016 Lugares hist\u00f3ricos: Quer\u00e9taro ha sido epicentro de la historia de la naci\u00f3n mexicana. No dejes de visitar la Casa del Corregimiento\u2026<\/p>\n<p class=\"postmeta\"><span class=\"meta_date\">mayo 28, 2016s<\/span><\/p>\n<div class=\"toolbar-social\"><\/div>\n<\/div>\n<div class=\"featuredpost\">\n<div class=\"flow_hide\">\n<p><a href=\"http:\/\/www.eloriente.net\/home\/2016\/05\/26\/educacion-aplicaciones-gratuitas-para-ser-incluidas-en-el-proceso-ensenanza-aprendizaje-del-ingles-por-diego-gonzalez\/\" rel=\"bookmark\"><img decoding=\"async\" class=\"alignleft\" title=\"EDUCACI\u00d3N: Aplicaciones gratuitas para ense\u00f1anza-aprendizaje del ingl\u00e9s. Por Diego Gonz\u00e1lez\" src=\"http:\/\/www.eloriente.net\/home\/wp-content\/themes\/city-desk\/timthumb.php?src=http%3A%2F%2Fwww.eloriente.net%2Fhome%2Fwp-content%2Fuploads%2F2016%2F05%2FAPPS-por-%40Ash-Kid.jpg&amp;q=90&amp;w=70&amp;h=45&amp;zc=1\" alt=\"EDUCACI\u00d3N: Aplicaciones gratuitas para ense\u00f1anza-aprendizaje del ingl\u00e9s. Por Diego Gonz\u00e1lez\" \/><\/a><\/p>\n<h2 class=\"posttitle \"><a title=\"Enlace Permanente a EDUCACI\u00d3N: Aplicaciones gratuitas para ense\u00f1anza-aprendizaje del ingl\u00e9s. Por Diego Gonz\u00e1lez\" href=\"http:\/\/www.eloriente.net\/home\/2016\/05\/26\/educacion-aplicaciones-gratuitas-para-ser-incluidas-en-el-proceso-ensenanza-aprendizaje-del-ingles-por-diego-gonzalez\/\" rel=\"bookmark\">EDUCACI\u00d3N: Aplicaciones gratuitas para ense\u00f1anza-aprendizaje del ingl\u00e9s. Por Diego Gonz\u00e1lez<\/a><\/h2>\n<\/div>\n<p>(www.eloriente.net, M\u00e9xico, a 26 de mayo de 2016, por Diego Gonz\u00e1lez Algara).- Tu tiempo es limitado, as\u00ed que no lo desperdicies viviendo la vida de otra persona.\u201d Steve\u2026<\/p>\n<p class=\"postmeta\"><span class=\"meta_date\">mayo 26, 2016<\/span><\/p>\n<\/div>\n\n\t\t\t  <div \n\t\t\t  \tclass = \"fb-comments\" \n\t\t\t  \tdata-href = \"https:\/\/www.eloriente.net\/home\/2016\/06\/02\/oaxaca-5-actividades-culturales-en-oaxaca-que-no-te-puedes-perder-03-06-de-junio\/\"\n\t\t\t  \tdata-numposts = \"10\"\n\t\t\t\tdata-colorscheme = \"dark\"\n\t\t\t\tdata-order-by = \"social\"\n\t\t\t\tdata-mobile=true>\n\t\t\t  <\/div>\n\t\t  <style>\n\t\t\t.fb_iframe_widget_fluid_desktop iframe {\n\t\t\t    width: 100% !important;\n\t\t\t}\n\t\t  <\/style>\n\t\t  ","protected":false},"excerpt":{"rendered":"<p>&nbsp; (www.eloriente.net, M\u00e9xico, a 02 de junio de 2016, por Valery L\u00f3pez).-\u00a0Como cada semana, en EL ORIENTE nos dimos a la tarea de buscar las actividades culturales que no puedes dejar pasar en los pr\u00f3ximos d\u00edas. En esta ocasi\u00f3n te presentamos conferencias, talleres\u00a0y m\u00e1s. 1.- CONFERENCIA \u00abMODELOS DE CIUDADAN\u00cdA EN AM\u00c9RICA LATINA Y EL CARIBE\u00bb [&hellip;]<\/p>\n","protected":false},"author":44,"featured_media":43690,"comment_status":"open","ping_status":"open","sticky":false,"template":"","format":"standard","meta":{"_jetpack_memberships_contains_paid_content":false,"footnotes":""},"categories":[8,18,32,13,63,464,31],"tags":[3648,894,6551,6552,73,955,6550],"class_list":["post-43668","post","type-post","status-publish","format-standard","has-post-thumbnail","hentry","category-agenda","category-educacion-y-cultura","category-entradas","category-especiales","category-estados","category-oaxaca-estados","category-principal","tag-actividades-culturales","tag-cuentos","tag-foro-oaxaqueno-del-agua","tag-junio-2016","tag-oaxaca","tag-talleres","tag-titeres"],"jetpack_featured_media_url":"https:\/\/www.eloriente.net\/home\/wp-content\/uploads\/2016\/06\/titiriteros-por-@Manuel.jpg","jetpack_sharing_enabled":true,"_links":{"self":[{"href":"https:\/\/www.eloriente.net\/home\/wp-json\/wp\/v2\/posts\/43668"}],"collection":[{"href":"https:\/\/www.eloriente.net\/home\/wp-json\/wp\/v2\/posts"}],"about":[{"href":"https:\/\/www.eloriente.net\/home\/wp-json\/wp\/v2\/types\/post"}],"author":[{"embeddable":true,"href":"https:\/\/www.eloriente.net\/home\/wp-json\/wp\/v2\/users\/44"}],"replies":[{"embeddable":true,"href":"https:\/\/www.eloriente.net\/home\/wp-json\/wp\/v2\/comments?post=43668"}],"version-history":[{"count":5,"href":"https:\/\/www.eloriente.net\/home\/wp-json\/wp\/v2\/posts\/43668\/revisions"}],"predecessor-version":[{"id":43706,"href":"https:\/\/www.eloriente.net\/home\/wp-json\/wp\/v2\/posts\/43668\/revisions\/43706"}],"wp:featuredmedia":[{"embeddable":true,"href":"https:\/\/www.eloriente.net\/home\/wp-json\/wp\/v2\/media\/43690"}],"wp:attachment":[{"href":"https:\/\/www.eloriente.net\/home\/wp-json\/wp\/v2\/media?parent=43668"}],"wp:term":[{"taxonomy":"category","embeddable":true,"href":"https:\/\/www.eloriente.net\/home\/wp-json\/wp\/v2\/categories?post=43668"},{"taxonomy":"post_tag","embeddable":true,"href":"https:\/\/www.eloriente.net\/home\/wp-json\/wp\/v2\/tags?post=43668"}],"curies":[{"name":"wp","href":"https:\/\/api.w.org\/{rel}","templated":true}]}}