{"id":43825,"date":"2016-06-13T12:56:58","date_gmt":"2016-06-13T18:56:58","guid":{"rendered":"http:\/\/www.eloriente.net\/home\/?p=43825"},"modified":"2016-06-14T15:49:11","modified_gmt":"2016-06-14T21:49:11","slug":"opinion-el-derecho-digital-en-tiempos-de-internet-por-victor-lopez-velarde","status":"publish","type":"post","link":"https:\/\/www.eloriente.net\/home\/2016\/06\/13\/opinion-el-derecho-digital-en-tiempos-de-internet-por-victor-lopez-velarde\/","title":{"rendered":"OPINI\u00d3N: Derecho digital en tiempos de internet. Por V\u00edctor L\u00f3pez Velarde"},"content":{"rendered":"<p><script src=\"\/\/pagead2.googlesyndication.com\/pagead\/js\/adsbygoogle.js\" async=\"\"><\/script><!-- BANNER ELORIENTE INCRUSTADO NOTAS --> <ins class=\"adsbygoogle\" style=\"display: inline-block; width: 300px; height: 250px;\" data-ad-client=\"ca-pub-1136171134853753\" data-ad-slot=\"7974633627\"><\/ins><script>\/\/ <![CDATA[\n(adsbygoogle = window.adsbygoogle || []).push({});\n\/\/ ]]><\/script><\/p>\n<p>&nbsp;<\/p>\n<p>(www.eloriente.net, M\u00e9xico, a 13 de junio de 2016, por V\u00edctor L\u00f3pez Velarde).-\u00a0<span style=\"font-weight: 400;\">La tecnolog\u00eda nos rebasa d\u00eda con d\u00eda y aunque hace unos ayeres ve\u00edamos como algo disparatado el tener que legislar simples y aparentemente \u00abinofensivos\u00bb medios de entretenimiento como las redes sociales, hoy en d\u00eda el derecho parece estar unos pasas atr\u00e1s cuando se pretende regular la actividad que transcurre en un espacio como el internet en que confluye una gran cantidad de informaci\u00f3n e interact\u00faan miles de personas sujetas adem\u00e1s a distintas legislaciones. \u00a0<\/span><\/p>\n<p><span style=\"font-weight: 400;\">Hace algunos a\u00f1os, cuando el internet apenas hab\u00eda sido liberado al sector comercial y solo unos cuantos pod\u00edan acceder al atractivo sistema, la iniciativa privada consider\u00f3 que la medida m\u00e1s importante para que la red prosperara y se volviera atractiva para las consumidores era garantizar la intervenci\u00f3n m\u00ednima (o nula) del estado en la mayor medida posible. Hoy en d\u00eda pareciera que dicho principio se ha hecho a un lado ante la insistencia del estado por regular los contenidos vertidos en el espacio cibern\u00e9tico provocando censura y vigilando a aquellos usuarios que publican contenidos que \u00abperturban\u00bb el orden p\u00fablico.<\/span><\/p>\n<p><span style=\"font-weight: 400;\">Aunque cada pa\u00eds tiene sus respectivas leyes para regular la actividad cibern\u00e9tica que transcurre en su territorio, existen algunos tratados y principios internacionales (como los Principios de Manilia) que establecen ciertos est\u00e1ndares m\u00ednimos, uno de ellos es la imposibilidad de sancionar a los intermediarios por contenido publicado por tercero.<\/span><\/p>\n<p><span style=\"line-height: 1.5;\">Por intermediarios se entiende a aquellas empresas proveedoras de servicios como Google o Facebook que aunque comparten contenido y permiten buscarlo, no lo editan ni lo crean, solo lo difunden; por lo que se entiende como absurdo el que tengan responsabilidad cuando alg\u00fan usuario propague contenido il\u00edcito en estas plataformas al no ser ellos autores de tal material (aunque s\u00ed pueden ser sancionados si la autoridad pertinente les solicita retirar un contenido espec\u00edfico y no lo hacen).<\/span><\/p>\n<p>Tal principio es un buen punto de partida cuando se habla de regular internet pues es una manera \u00a0para proteger el derecho a la libertad de expresi\u00f3n, pero paulatinamente algunos estados han establecidos leyes que hasta cierto punto regulan esta actividad en redes teniendo en cuenta el masivo alcance que puede tener una publicaci\u00f3n en la web.<\/p>\n<p>Hasta cierto punto es l\u00f3gico que en pa\u00edses como Alemania exista una tolerancia m\u00ednima a ciertas expresiones dado que en la historia de dicha naci\u00f3n justamente ese tipo de violencia provoc\u00f3 una guerra, pero en otras naciones m\u00e1s vulnerables como Egipto o Venezuela, los estados incluso han llegado a suspender el uso de estos medios de comunicaci\u00f3n restringiendo la libertad de las personas de manifestarse en contra de su gobierno y de acceder a informaci\u00f3n de inter\u00e9s colectivo. La misma sociedad se ha dado cuenta que es a trav\u00e9s de medios como Facebook , Twitter o YouTube en que la informaci\u00f3n circula sin ser maquillada por medios masivos y de ah\u00ed que el estado ha buscado intervenir para que sean regulados.<\/p>\n<p><script src=\"\/\/pagead2.googlesyndication.com\/pagead\/js\/adsbygoogle.js\" async=\"\"><\/script><!-- BANNER PEQUE\u00d1O PARA ENTRENOTAS EL ORIENTE --> <ins class=\"adsbygoogle\" style=\"display: inline-block; width: 468px; height: 60px;\" data-ad-client=\"ca-pub-1136171134853753\" data-ad-slot=\"4953536424\"><\/ins><script>\/\/ <![CDATA[\n(adsbygoogle = window.adsbygoogle || []).push({});\n\/\/ ]]><\/script><\/p>\n<p><span style=\"font-weight: 400;\">El gran debate en lo que se refiere a legislar en cuanto \u00a0la actividad en internet en realidad tiene una gran implicaci\u00f3n, pues obliga a que se pondere entre proteger \u00a0distintos derechos humanos \u00a0de suma importancia: el derecho de libertad de expresi\u00f3n y de acceso a la informaci\u00f3n o el derecho a la privacidad y al honor. <\/span><\/p>\n<p>Esto se refiere a responder el interrogante de qu\u00e9 tanto una persona tiene derecho a que se proteja su intimidad en contrapeso a que para garantizar el acceso a la informaci\u00f3n toda la poblaci\u00f3n pueda tener acceso a la vida \u00edntima o cuando menos al expediente de un individuo. Est\u00e1 claro que para funcionarios p\u00fablicos su derecho a la intimidad queda algo limitado, pero qu\u00e9 suceder\u00eda con los particulares en el mismo supuesto.<\/p>\n<p>Otro punto en el que se pretende regular la libertad de expresi\u00f3n en internet es hacia los discursos de odio, algo que puede resultar positivo cuando tomamos en cuenta que las redes sociales son plataformas tan masivas en que se pueden difundir sin control alguno mensajes discriminatorios hacia grupos vulnerables como las mujeres o los homosexuales. Aunque espacios como Facebook y Twitter han implementado medidas para denunciar este tipo de actividades, algunos pa\u00edses han desarrollado leyes que prohiben este tipo de discurso en dichos espacios; caso destacable el de Francia que tiene la intenci\u00f3n de implementar una ley que sancione a espacios cibern\u00e9tico que alberguen contenido xenof\u00f3bico.<\/p>\n<p>Claro que en caso de que se implementen ese tipo de leyes es necesario que sean redactados de un modo que tampoco afecten la libertad de expresi\u00f3n, pues despu\u00e9s de todo cualquiera tiene derecho a manifestar su oposici\u00f3n a ciertas pr\u00e1cticas sin ser sancionado al respecto. De acuerdo a la doctrina el discurso de odio tiene lugar solo cuando se da forma masiva, existe una incitaci\u00f3n p\u00fablica a cometer un delito hac\u00eda una minor\u00eda e incluso algunos autores manifiestan que debe materializarse una consecuencia. Por ende, no \u00a0deber\u00eda entrar en ese supuesto la manifestaci\u00f3n o reproche hacia el gobierno en redes \u00a0dado que ser\u00eda una manera de censurar una de las v\u00edas m\u00e1s \u00f3ptimas de ejercer el derecho a la libertad de expresi\u00f3n de los usuarios.<\/p>\n<p>Pasando a otra situaci\u00f3n de gran relevancia actual, uno de los grandes temas protagonistas cuando se aborda el tema de legislaci\u00f3n digital es el derecho al olvido, \u00edntimamente relacionado con el derecho a la privacidad y al honor. En una era en que cualquiera puede ser googleado o wikipediado, es natural que muchas veces nos topemos con informaci\u00f3n que pueda significar una mancha en el curr\u00edculum de un individuo \u00a0o que incluso implique un da\u00f1o a la imagen p\u00fablica de la persona.<\/p>\n<p>Aunque en M\u00e9xico la Ley Federal de Protecci\u00f3n de Datos Personales indica a grandes rasgos que cada individuo puede ratificar u oponerse a los datos sobre su persona en posesi\u00f3n de los particulares, la situaci\u00f3n se complica cuando tomamos en cuenta que servidores como Google responden a una legislaci\u00f3n diferente, por lo tanto \u00bfqu\u00e9 se hace cuando un usuario quiere oponerse a la informaci\u00f3n que encuentra sobre su persona en ese servidor?<\/p>\n<p>En s\u00edntesis el derecho al olvido consiste en que una persona pueda suprimir informaci\u00f3n de su pasado que da\u00f1e su imagen hoy d\u00eda; podr\u00edamos poner por ejemplo una foto comprometedora que es irrelevante con su actuar cotidiano, pero que mancha su reputaci\u00f3n al ser una de las primeras im\u00e1genes que aparecen cuando se busca su nombre en un servidor.<\/p>\n<p><span style=\"line-height: 1.5;\">Claro que ah\u00ed viene el gran interrogante del derecho digital: \u00bfel suprimir esa informaci\u00f3n implica una violaci\u00f3n al derecho de acceso a la informaci\u00f3n? \u00bfEs relevante para el inter\u00e9s colectivo que se tenga un registro de todo el expediente de una persona? \u00bfSe debe privilegiar el derecho a la privacidad y a la intimidad por encima del acceso a la informaci\u00f3n?<\/span><\/p>\n<p>En personas que ejercen cargos p\u00fablicos queda un poco m\u00e1s claro que hay un inter\u00e9s p\u00fablico en conocer su pasado, pero persiste el debato sobre qu\u00e9 tanto se estar\u00eda aplicando censura si se suprime informaci\u00f3n de particulares. \u00bfEs necesario saber si un dentista tuvo alg\u00fan adeudo con el banco para determinar qu\u00e9 tan capaz es o no en su desempe\u00f1o profesional? \u00bfEs indispensable conocer si alg\u00fan educador fue multado por conducir en estado de ebriedad en sus a\u00f1os de juventud?<\/p>\n<p>En materia penal la situaci\u00f3n se vuelve algo complicada, pues aunque el Estado deber\u00eda garantizar la reinserci\u00f3n de un ex convicto a la sociedad despu\u00e9s de cumplir su condena, esto se complica cuando al momento de escribir el nombre de esa persona en un buscador, lo m\u00e1s probable es que \u00e9ste arroje resultados sobre su historial delictivo, lo que nos lleva a ponderar entre s\u00ed es m\u00e1s relevante proteger el derecho al olvido (y con ello al honor) de esa persona o si es m\u00e1s importante garantizar el acceso a la informaci\u00f3n de la sociedad para conocer sobre los antecedentes de un ex convicto que ya pag\u00f3 una pena.<\/p>\n<p><span style=\"font-weight: 400;\">As\u00ed como el t\u00e9rmino \u00abhabeus corpus\u00bb hace referencia a resguardar la libertad personal frente a cualquier arbitrariedad a la hora de llevar a cabo un arresto, el recientemente acu\u00f1ado t\u00e9rmino \u00abhabeus data\u00bb hace alusi\u00f3n a que el individuo sea como el \u00abpolic\u00eda\u00bb de la informaci\u00f3n relativa a su persona que circule por la red, adem\u00e1s de excluir cualquier injerencia que haga alusi\u00f3n a su vida privada. He aqu\u00ed el problema que tambi\u00e9n la gente muchas veces acepta los t\u00e9rminos y condiciones de las redes sociales sin entender el alcance que puede tener compartir informaci\u00f3n personal en plataformas que responden muchas veces a legislaciones diferentes.<\/span><\/p>\n<p>Sin duda alguna las redes sociales y el internet son una experiencia maravillosa que nos ha permitido romper barreras de comunicaci\u00f3n en todo el mundo, sin embargo, han tra\u00eddo consigo distintas controversias ante las cuales es dif\u00edcil saber qu\u00e9 postura es la que m\u00e1s resguarda o transgrede los derechos que se pretenden proteger.<\/p>\n<p><a href=\"http:\/\/www.eloriente.net\/home\/wp-content\/uploads\/2016\/06\/Internat-por-Ministerio-TIC-Colombia.jpg\" rel=\"attachment wp-att-43826\"><img loading=\"lazy\" decoding=\"async\" class=\"alignnone wp-image-43826\" src=\"http:\/\/www.eloriente.net\/home\/wp-content\/uploads\/2016\/06\/Internat-por-Ministerio-TIC-Colombia.jpg\" alt=\"Internat por Ministerio TIC Colombia\" width=\"601\" height=\"401\" srcset=\"https:\/\/www.eloriente.net\/home\/wp-content\/uploads\/2016\/06\/Internat-por-Ministerio-TIC-Colombia.jpg 1000w, https:\/\/www.eloriente.net\/home\/wp-content\/uploads\/2016\/06\/Internat-por-Ministerio-TIC-Colombia-300x200.jpg 300w, https:\/\/www.eloriente.net\/home\/wp-content\/uploads\/2016\/06\/Internat-por-Ministerio-TIC-Colombia-768x512.jpg 768w\" sizes=\"(max-width: 601px) 100vw, 601px\" \/><\/a><\/p>\n<p><strong>OTRAS ENTRADAS<\/strong><\/p>\n<div class=\"featuredpost\">\n<div class=\"flow_hide\">\n<h2 class=\"posttitle bigposttitle\"><a title=\"Enlace Permanente a OAXACA: Fantasma de 2006 recorre la capital; desalojan a CNTE\" href=\"http:\/\/www.eloriente.net\/home\/2016\/06\/12\/oaxaca-fantasma-de-2006-recorre-la-capital-desalojan-a-cnte\/\" rel=\"bookmark\">OAXACA: Fantasma de 2006 recorre la capital; desalojan a CNTE<\/a><\/h2>\n<\/div>\n<p>(www.eloriente.net, M\u00e9xico, 12 de junio de 2016. Por. Carlos Guti\u00e9rrez).- Los dos principales l\u00edderes de la Secci\u00f3n 22, Rub\u00e9n N\u00fa\u00f1ez y Francisco Villalobos, estar\u00edan recluidos en el Centro\u2026<\/p>\n<p class=\"postmeta\"><span class=\"meta_date\">junio 12, 2016<\/span><\/p>\n<div class=\"toolbar-social\"><\/div>\n<\/div>\n<div class=\"featuredpost\">\n<div class=\"flow_hide\">\n<p><a href=\"http:\/\/www.eloriente.net\/home\/2016\/06\/11\/felicidad-y-meditacion-conoce-un-poco-sobre-la-filosofia-budista\/\" rel=\"bookmark\"><img decoding=\"async\" class=\"alignleft\" title=\"Felicidad y meditaci\u00f3n. Conoce un poco sobre la filosof\u00eda budista\" src=\"http:\/\/www.eloriente.net\/home\/wp-content\/themes\/city-desk\/timthumb.php?src=http%3A%2F%2Fwww.eloriente.net%2Fhome%2Fwp-content%2Fuploads%2F2016%2F06%2F5562178322_9ed1f57254_o.jpg&amp;q=90&amp;w=70&amp;h=45&amp;zc=1\" alt=\"Felicidad y meditaci\u00f3n. Conoce un poco sobre la filosof\u00eda budista\" \/><\/a><\/p>\n<h2 class=\"posttitle \"><a title=\"Enlace Permanente a Felicidad y meditaci\u00f3n. Conoce un poco sobre la filosof\u00eda budista\" href=\"http:\/\/www.eloriente.net\/home\/2016\/06\/11\/felicidad-y-meditacion-conoce-un-poco-sobre-la-filosofia-budista\/\" rel=\"bookmark\">Felicidad y meditaci\u00f3n. Conoce un poco sobre la filosof\u00eda budista<\/a><\/h2>\n<\/div>\n<p>(www.eloriente.net, M\u00e9xico, a 11 de junio de 2016).- Aproximadamente dentro de un mes Tony Karam estar\u00e1 de visita en Oaxaca. Resulta relevante porque despu\u00e9s de 10 a\u00f1os\u2026<\/p>\n<p class=\"postmeta\"><span class=\"meta_date\">junio 11, 2016<\/span><\/p>\n<div class=\"toolbar-social\"><\/div>\n<\/div>\n<div class=\"featuredpost\">\n<div class=\"flow_hide\">\n<p><a href=\"http:\/\/www.eloriente.net\/home\/2016\/06\/10\/videocolumna-que-derechos-tienen-las-ninas-y-ninos-con-padres-en-reclusorios-por-rodolfo-moreno\/\" rel=\"bookmark\"><img decoding=\"async\" class=\"alignleft\" title=\"VIDEOCOLUMNA: \u00bfQu\u00e9 derechos tienen las ni\u00f1as y ni\u00f1os con padres en reclusorios? Por Rodolfo Moreno\" src=\"http:\/\/www.eloriente.net\/home\/wp-content\/themes\/city-desk\/timthumb.php?src=http%3A%2F%2Fwww.eloriente.net%2Fhome%2Fwp-content%2Fuploads%2F2016%2F06%2FRODOLFO-MORENO-9-DE-JUNIO-2-e1465582483961.jpg&amp;q=90&amp;w=70&amp;h=45&amp;zc=1\" alt=\"VIDEOCOLUMNA: \u00bfQu\u00e9 derechos tienen las ni\u00f1as y ni\u00f1os con padres en reclusorios? Por Rodolfo Moreno\" \/><\/a><\/p>\n<h2 class=\"posttitle \"><a title=\"Enlace Permanente a VIDEOCOLUMNA: \u00bfQu\u00e9 derechos tienen las ni\u00f1as y ni\u00f1os con padres en reclusorios? Por Rodolfo Moreno\" href=\"http:\/\/www.eloriente.net\/home\/2016\/06\/10\/videocolumna-que-derechos-tienen-las-ninas-y-ninos-con-padres-en-reclusorios-por-rodolfo-moreno\/\" rel=\"bookmark\">VIDEOCOLUMNA: \u00bfQu\u00e9 derechos tienen las ni\u00f1as y ni\u00f1os con padres en reclusorios? Por Rodolfo Moreno<\/a><\/h2>\n<\/div>\n<p>eloriente.net 10 de junio de 2016 OTRAS COLUMNAS, DAR CLICK SOBRE LA IMAGEN: Share\u2026<\/p>\n<p class=\"postmeta\"><span class=\"meta_date\">junio 10, 2016<\/span><\/p>\n<\/div>\n\n\t\t\t  <div \n\t\t\t  \tclass = \"fb-comments\" \n\t\t\t  \tdata-href = \"https:\/\/www.eloriente.net\/home\/2016\/06\/13\/opinion-el-derecho-digital-en-tiempos-de-internet-por-victor-lopez-velarde\/\"\n\t\t\t  \tdata-numposts = \"10\"\n\t\t\t\tdata-colorscheme = \"dark\"\n\t\t\t\tdata-order-by = \"social\"\n\t\t\t\tdata-mobile=true>\n\t\t\t  <\/div>\n\t\t  <style>\n\t\t\t.fb_iframe_widget_fluid_desktop iframe {\n\t\t\t    width: 100% !important;\n\t\t\t}\n\t\t  <\/style>\n\t\t  ","protected":false},"excerpt":{"rendered":"<p>&nbsp; (www.eloriente.net, M\u00e9xico, a 13 de junio de 2016, por V\u00edctor L\u00f3pez Velarde).-\u00a0La tecnolog\u00eda nos rebasa d\u00eda con d\u00eda y aunque hace unos ayeres ve\u00edamos como algo disparatado el tener que legislar simples y aparentemente \u00abinofensivos\u00bb medios de entretenimiento como las redes sociales, hoy en d\u00eda el derecho parece estar unos pasas atr\u00e1s cuando se [&hellip;]<\/p>\n","protected":false},"author":33,"featured_media":43826,"comment_status":"open","ping_status":"open","sticky":false,"template":"","format":"standard","meta":{"_jetpack_memberships_contains_paid_content":false,"footnotes":""},"categories":[11,22,32,10,24,17,2612],"tags":[879,102,230,4501,197,130,113,2610],"class_list":["post-43825","post","type-post","status-publish","format-standard","has-post-thumbnail","hentry","category-colaboradores","category-derechos-humanos","category-entradas","category-lo-mas-reciente","category-mexico-y-el-mundo","category-tecnologia","category-vitor-lopez-velarde","tag-columna","tag-derecho","tag-internet","tag-nuevas-tecnologias","tag-opinion","tag-regulacion","tag-tecnologia-2","tag-victor-lopez-velarde"],"jetpack_featured_media_url":"https:\/\/www.eloriente.net\/home\/wp-content\/uploads\/2016\/06\/Internat-por-Ministerio-TIC-Colombia.jpg","jetpack_sharing_enabled":true,"_links":{"self":[{"href":"https:\/\/www.eloriente.net\/home\/wp-json\/wp\/v2\/posts\/43825"}],"collection":[{"href":"https:\/\/www.eloriente.net\/home\/wp-json\/wp\/v2\/posts"}],"about":[{"href":"https:\/\/www.eloriente.net\/home\/wp-json\/wp\/v2\/types\/post"}],"author":[{"embeddable":true,"href":"https:\/\/www.eloriente.net\/home\/wp-json\/wp\/v2\/users\/33"}],"replies":[{"embeddable":true,"href":"https:\/\/www.eloriente.net\/home\/wp-json\/wp\/v2\/comments?post=43825"}],"version-history":[{"count":2,"href":"https:\/\/www.eloriente.net\/home\/wp-json\/wp\/v2\/posts\/43825\/revisions"}],"predecessor-version":[{"id":43846,"href":"https:\/\/www.eloriente.net\/home\/wp-json\/wp\/v2\/posts\/43825\/revisions\/43846"}],"wp:featuredmedia":[{"embeddable":true,"href":"https:\/\/www.eloriente.net\/home\/wp-json\/wp\/v2\/media\/43826"}],"wp:attachment":[{"href":"https:\/\/www.eloriente.net\/home\/wp-json\/wp\/v2\/media?parent=43825"}],"wp:term":[{"taxonomy":"category","embeddable":true,"href":"https:\/\/www.eloriente.net\/home\/wp-json\/wp\/v2\/categories?post=43825"},{"taxonomy":"post_tag","embeddable":true,"href":"https:\/\/www.eloriente.net\/home\/wp-json\/wp\/v2\/tags?post=43825"}],"curies":[{"name":"wp","href":"https:\/\/api.w.org\/{rel}","templated":true}]}}