{"id":43920,"date":"2016-06-23T01:02:06","date_gmt":"2016-06-23T07:02:06","guid":{"rendered":"http:\/\/www.eloriente.net\/home\/?p=43920"},"modified":"2016-06-22T15:02:54","modified_gmt":"2016-06-22T21:02:54","slug":"oaxaca-5-actividades-culturales-en-oaxaca-que-no-te-puedes-perder-23-27-de-junio","status":"publish","type":"post","link":"https:\/\/www.eloriente.net\/home\/2016\/06\/23\/oaxaca-5-actividades-culturales-en-oaxaca-que-no-te-puedes-perder-23-27-de-junio\/","title":{"rendered":"OAXACA: 5 actividades culturales en Oaxaca que no te puedes perder (23-27 de junio)"},"content":{"rendered":"<p><script src=\"\/\/pagead2.googlesyndication.com\/pagead\/js\/adsbygoogle.js\" async=\"\"><\/script><!-- BANNER ELORIENTE INCRUSTADO NOTAS --> <ins class=\"adsbygoogle\" style=\"display: inline-block; width: 300px; height: 250px;\" data-ad-client=\"ca-pub-1136171134853753\" data-ad-slot=\"7974633627\"><\/ins><script>\/\/ <![CDATA[\n(adsbygoogle = window.adsbygoogle || []).push({});\n\/\/ ]]><\/script><\/p>\n<p>&nbsp;<\/p>\n<p>(www.eloriente.net, M\u00e9xico, a 16 de junio de 2016, por Valery L\u00f3pez).- Como cada semana, en EL ORIENTE nos dimos a la tarea de buscar las actividades culturales que no puedes dejar pasar en los pr\u00f3ximos d\u00edas. En esta ocasi\u00f3n te presentamos conciertos, talleres y m\u00e1s.<\/p>\n<p><strong><a href=\"https:\/\/www.facebook.com\/events\/1632756083712032\/\" target=\"_blank\">1.- CONCIERTO HOMENAJE A CARLOS JIM\u00c9NEZ MABARAK<\/a><\/strong><\/p>\n<p>El Gobierno del Estado de Oaxaca a trav\u00e9s de la Secretar\u00eda de las Culturas y Artes (SECULTA), invita al inicio de la temporada de \u00f3pera y conciertos especiales dedicados al maestro Carlos Jim\u00e9nez Mabarak.<\/p>\n<p>Las presentaciones ser\u00e1n el el jueves 23 y el s\u00e1bado 25 de junio a las 20:00 horas en el Teatro Macedonio Alcal\u00e1. Ah\u00ed se interpretar\u00e1 la \u00f3pera en un acto\u201dMisa de seis\u201d con el libreto del desaparecido dramaturgo Emilio Carballido y los ballets \u201cLa balada del venado y la luna\u201d, as\u00ed como \u201cLa balada de los quetzales\u201d, de la cual se realizar\u00e1 la primera grabaci\u00f3n mundial.<\/p>\n<p>La entrada ser\u00e1 gratuita. Los boletos de cortes\u00eda se distribuir\u00e1n en la taquilla del Teatro Macedonio Alcal\u00e1.<\/p>\n<p><a href=\"http:\/\/www.eloriente.net\/home\/wp-content\/uploads\/2016\/06\/CONCIERTO-HOMENAJE-CARLOS-JIME\u0301NEZ-MABARAK.jpg\" rel=\"attachment wp-att-43922\"><img loading=\"lazy\" decoding=\"async\" class=\"alignnone wp-image-43922\" src=\"http:\/\/www.eloriente.net\/home\/wp-content\/uploads\/2016\/06\/CONCIERTO-HOMENAJE-CARLOS-JIME\u0301NEZ-MABARAK.jpg\" alt=\"CONCIERTO HOMENAJE CARLOS JIME\u0301NEZ MABARAK\" width=\"600\" height=\"389\" srcset=\"https:\/\/www.eloriente.net\/home\/wp-content\/uploads\/2016\/06\/CONCIERTO-HOMENAJE-CARLOS-JIME\u0301NEZ-MABARAK.jpg 1409w, https:\/\/www.eloriente.net\/home\/wp-content\/uploads\/2016\/06\/CONCIERTO-HOMENAJE-CARLOS-JIME\u0301NEZ-MABARAK-300x194.jpg 300w, https:\/\/www.eloriente.net\/home\/wp-content\/uploads\/2016\/06\/CONCIERTO-HOMENAJE-CARLOS-JIME\u0301NEZ-MABARAK-768x498.jpg 768w, https:\/\/www.eloriente.net\/home\/wp-content\/uploads\/2016\/06\/CONCIERTO-HOMENAJE-CARLOS-JIME\u0301NEZ-MABARAK-1024x664.jpg 1024w\" sizes=\"(max-width: 600px) 100vw, 600px\" \/><\/a><\/p>\n<p><strong><a href=\"https:\/\/www.facebook.com\/213411298714654\/photos\/gm.295185717483301\/1033506393371803\/?type=3&amp;theater\" target=\"_blank\">2.- CIUDAD SONIDO<\/a><\/strong><\/p>\n<p>Casa de la Ciudad invita a la conferencia \u201cCiudad Sonido\u201d impartida por Tito Rivas. \u00c9sta busca ser Una reflexi\u00f3n sobre la fenomenolog\u00eda del sonido en las ciudades contempor\u00e1neas desde la problem\u00e1tica del ruido y la convivencia ac\u00fastica, el arte s\u00f3nico , la arquitectura y el dise\u00f1o sonoro urbano.<\/p>\n<p>La Conferencia se realizar\u00e1 el pr\u00f3ximo viernes 24 de junio a las 19:00 horas en Casa de la Ciudad, la entrada es libre.<\/p>\n<p><a href=\"http:\/\/www.eloriente.net\/home\/wp-content\/uploads\/2016\/06\/CIUDAD-SONIDO.jpg\" rel=\"attachment wp-att-43921\"><img loading=\"lazy\" decoding=\"async\" class=\"alignnone wp-image-43921\" src=\"http:\/\/www.eloriente.net\/home\/wp-content\/uploads\/2016\/06\/CIUDAD-SONIDO.jpg\" alt=\"CIUDAD SONIDO\" width=\"600\" height=\"210\" srcset=\"https:\/\/www.eloriente.net\/home\/wp-content\/uploads\/2016\/06\/CIUDAD-SONIDO.jpg 1000w, https:\/\/www.eloriente.net\/home\/wp-content\/uploads\/2016\/06\/CIUDAD-SONIDO-300x105.jpg 300w, https:\/\/www.eloriente.net\/home\/wp-content\/uploads\/2016\/06\/CIUDAD-SONIDO-768x269.jpg 768w\" sizes=\"(max-width: 600px) 100vw, 600px\" \/><\/a><\/p>\n<p><a href=\"https:\/\/www.facebook.com\/vita.permacultura\/?fref=ts\" target=\"_blank\"><strong>3.- CURSO LOS PRINCIPIOS DE LA HERBOLARIA<\/strong><\/a><\/p>\n<p>Vita Permacultura invita a todos los interesados a inscribirse en su curso te\u00f3rico pr\u00e1ctico sobre los Principios de la Herbolaria.<\/p>\n<p>Los m\u00f3dulos a impartirse en este curso\u00a0son: Historia de la medicina tradicional. Clasificaci\u00f3n y reproducci\u00f3n de las plantas. Fitoterapia. Gastronom\u00eda Hol\u00edstica.<\/p>\n<p>El taller se realizar\u00e1 los d\u00edas 25 y 26 de junio en un horario de 9:00 a 18:00 horas y tiene un costo de $1000 que incluye material de trabajo, manual de plantas, comida y cofre break.<\/p>\n<p>Las inscripciones se realizan en Guerrero #120 esquina con Armenta y L\u00f3pez. Para mayo informaci\u00f3n comunicarse al tel\u00e9fono 951-187-8940.<\/p>\n<p><a href=\"http:\/\/www.eloriente.net\/home\/wp-content\/uploads\/2016\/06\/LOS-PRINCIPIOS-DE-LA-HERBOLARIA.jpg\" rel=\"attachment wp-att-43924\"><img loading=\"lazy\" decoding=\"async\" class=\"alignnone wp-image-43924\" src=\"http:\/\/www.eloriente.net\/home\/wp-content\/uploads\/2016\/06\/LOS-PRINCIPIOS-DE-LA-HERBOLARIA.jpg\" alt=\"LOS PRINCIPIOS DE LA HERBOLARIA\" width=\"600\" height=\"762\" srcset=\"https:\/\/www.eloriente.net\/home\/wp-content\/uploads\/2016\/06\/LOS-PRINCIPIOS-DE-LA-HERBOLARIA.jpg 756w, https:\/\/www.eloriente.net\/home\/wp-content\/uploads\/2016\/06\/LOS-PRINCIPIOS-DE-LA-HERBOLARIA-236x300.jpg 236w\" sizes=\"(max-width: 600px) 100vw, 600px\" \/><\/a><\/p>\n<p><script src=\"\/\/pagead2.googlesyndication.com\/pagead\/js\/adsbygoogle.js\" async=\"\"><\/script><!-- BANNER PEQUE\u00d1O PARA ENTRENOTAS EL ORIENTE --> <ins class=\"adsbygoogle\" style=\"display: inline-block; width: 468px; height: 60px;\" data-ad-client=\"ca-pub-1136171134853753\" data-ad-slot=\"4953536424\"><\/ins><script>\/\/ <![CDATA[\n(adsbygoogle = window.adsbygoogle || []).push({});\n\/\/ ]]><\/script><\/p>\n<p><strong><a href=\"https:\/\/www.facebook.com\/lasalleoaxaca\/photos\/a.454159768044177.1073741828.451815018278652\/896448897148593\/?type=3&amp;theater\" target=\"_blank\">4.- FORO SISTEMAS AMBIENTALES SUSTENTABLES<\/a><\/strong><\/p>\n<p>La Universidad La Salle Oaxaca y la Universidad Tecnol\u00f3gica de los Valles Centrales de Oaxaca invitan al Foro \u201cSistemas Ambientales Sustentables\u201d.<\/p>\n<p>\u00c9ste se realizar\u00e1 el pr\u00f3ximo 25 de junio a las 10:00 horas en el Auditorio de las Estelas en la Universidad La Salle Oaxaca. La entrada es libre y puede asistir el p\u00fablico en general.<\/p>\n<p><a href=\"http:\/\/www.eloriente.net\/home\/wp-content\/uploads\/2016\/06\/FORO-SISTEMAS-AMBIENTALES-SUSTENTABLES.png\" rel=\"attachment wp-att-43923\"><img loading=\"lazy\" decoding=\"async\" class=\"alignnone wp-image-43923\" src=\"http:\/\/www.eloriente.net\/home\/wp-content\/uploads\/2016\/06\/FORO-SISTEMAS-AMBIENTALES-SUSTENTABLES.png\" alt=\"FORO SISTEMAS AMBIENTALES SUSTENTABLES\" width=\"600\" height=\"927\" srcset=\"https:\/\/www.eloriente.net\/home\/wp-content\/uploads\/2016\/06\/FORO-SISTEMAS-AMBIENTALES-SUSTENTABLES.png 1200w, https:\/\/www.eloriente.net\/home\/wp-content\/uploads\/2016\/06\/FORO-SISTEMAS-AMBIENTALES-SUSTENTABLES-194x300.png 194w, https:\/\/www.eloriente.net\/home\/wp-content\/uploads\/2016\/06\/FORO-SISTEMAS-AMBIENTALES-SUSTENTABLES-768x1187.png 768w, https:\/\/www.eloriente.net\/home\/wp-content\/uploads\/2016\/06\/FORO-SISTEMAS-AMBIENTALES-SUSTENTABLES-663x1024.png 663w, https:\/\/www.eloriente.net\/home\/wp-content\/uploads\/2016\/06\/FORO-SISTEMAS-AMBIENTALES-SUSTENTABLES-1024x1582.png 1024w\" sizes=\"(max-width: 600px) 100vw, 600px\" \/><\/a><\/p>\n<p><strong><a href=\"https:\/\/www.facebook.com\/CFMAB\/photos\/a.10150238347677754.377894.374094377753\/10154315412297754\/?type=3&amp;theater\" target=\"_blank\">5.- TALLER PAISAJE \u00cdNTIMO<\/a><\/strong><\/p>\n<p>Centro Fotogr\u00e1fico Manuel \u00c1lvarez Bravo invita al taller El Paisaje \u00cdntimo, el cual ser\u00e1 impartido por Javier Le\u00f3n.<\/p>\n<p>El desarrollo del taller se llevar\u00e1 a cabo en sesiones grupales. Cada sesi\u00f3n se revisaron distintos autores que a trav\u00e9s de su producci\u00f3n han abordado distintos temas relacionados al hogar, la memoria y la intimidad. A la vez que se reflexiona sobre los ejercicios que los alumnos realizaron posterior a cada sesi\u00f3n. Al final del taller, el alumno obtendr\u00e1 una selecci\u00f3n de im\u00e1genes o notas sobre un proyecto que en el que pueda profundizar en el futuro.<\/p>\n<p>Las sesiones se realizar\u00e1n de lunes a viernes del 27 de junio al 1 de julio con un horario de 16:00 a 18:00 horas en las instalaciones del Centro Fotogr\u00e1fico Manuel \u00c1lvarez Bravo.<\/p>\n<p>El costo de la inscripci\u00f3n es de $600.<\/p>\n<p><a href=\"http:\/\/www.eloriente.net\/home\/wp-content\/uploads\/2016\/06\/TALLER-PAISAJE-I\u0301NTIMO.jpg\" rel=\"attachment wp-att-43925\"><img loading=\"lazy\" decoding=\"async\" class=\"alignnone wp-image-43925\" src=\"http:\/\/www.eloriente.net\/home\/wp-content\/uploads\/2016\/06\/TALLER-PAISAJE-I\u0301NTIMO.jpg\" alt=\"TALLER PAISAJE I\u0301NTIMO\" width=\"600\" height=\"600\" srcset=\"https:\/\/www.eloriente.net\/home\/wp-content\/uploads\/2016\/06\/TALLER-PAISAJE-I\u0301NTIMO.jpg 1417w, https:\/\/www.eloriente.net\/home\/wp-content\/uploads\/2016\/06\/TALLER-PAISAJE-I\u0301NTIMO-150x150.jpg 150w, https:\/\/www.eloriente.net\/home\/wp-content\/uploads\/2016\/06\/TALLER-PAISAJE-I\u0301NTIMO-300x300.jpg 300w, https:\/\/www.eloriente.net\/home\/wp-content\/uploads\/2016\/06\/TALLER-PAISAJE-I\u0301NTIMO-768x768.jpg 768w, https:\/\/www.eloriente.net\/home\/wp-content\/uploads\/2016\/06\/TALLER-PAISAJE-I\u0301NTIMO-1024x1024.jpg 1024w, https:\/\/www.eloriente.net\/home\/wp-content\/uploads\/2016\/06\/TALLER-PAISAJE-I\u0301NTIMO-50x50.jpg 50w, https:\/\/www.eloriente.net\/home\/wp-content\/uploads\/2016\/06\/TALLER-PAISAJE-I\u0301NTIMO-144x144.jpg 144w\" sizes=\"(max-width: 600px) 100vw, 600px\" \/><\/a><\/p>\n<p>&nbsp;<\/p>\n<p><strong>OTRAS ENTRADAS<\/strong><\/p>\n<div class=\"featuredpost\">\n<div class=\"flow_hide\">\n<h2 class=\"posttitle bigposttitle\"><a title=\"Enlace Permanente a VIDEOCOLUMNA: \u00bfQu\u00e9 es la m\u00fasica cl\u00e1sica? Por Carlos Sp\u00edndola\" href=\"http:\/\/www.eloriente.net\/home\/2016\/06\/20\/videocolumna-que-es-la-musica-clasica-por-carlos-spindola\/\" rel=\"bookmark\">VIDEOCOLUMNA: \u00bfQu\u00e9 es la m\u00fasica cl\u00e1sica? Por Carlos Sp\u00edndola<\/a><\/h2>\n<\/div>\n<p>eloriente.net 20 de junio de 2016 OTRAS COLUMNAS, DAR CLICK SOBRE LA IMAGEN: Share\u2026<\/p>\n<p class=\"postmeta\"><span class=\"meta_date\">junio 20, 2016<\/span><\/p>\n<div class=\"toolbar-social\"><\/div>\n<\/div>\n<div class=\"featuredpost\">\n<div class=\"flow_hide\">\n<p><a href=\"http:\/\/www.eloriente.net\/home\/2016\/06\/20\/videocolumna-por-que-nos-topamos-con-situaciones-de-sufrimiento-por-diego-mier-y-teran\/\" rel=\"bookmark\"><img decoding=\"async\" class=\"alignleft\" title=\"VIDEOCOLUMNA: \u00bfPor qu\u00e9 nos topamos con situaciones de sufrimiento?, por Diego Mier y Ter\u00e1n\" src=\"http:\/\/www.eloriente.net\/home\/wp-content\/themes\/city-desk\/timthumb.php?src=http%3A%2F%2Fwww.eloriente.net%2Fhome%2Fwp-content%2Fuploads%2F2016%2F06%2FDiego-Mier.png&amp;q=90&amp;w=70&amp;h=45&amp;zc=1\" alt=\"VIDEOCOLUMNA: \u00bfPor qu\u00e9 nos topamos con situaciones de sufrimiento?, por Diego Mier y Ter\u00e1n\" \/><\/a><\/p>\n<h2 class=\"posttitle \"><a title=\"Enlace Permanente a VIDEOCOLUMNA: \u00bfPor qu\u00e9 nos topamos con situaciones de sufrimiento?, por Diego Mier y Ter\u00e1n\" href=\"http:\/\/www.eloriente.net\/home\/2016\/06\/20\/videocolumna-por-que-nos-topamos-con-situaciones-de-sufrimiento-por-diego-mier-y-teran\/\" rel=\"bookmark\">VIDEOCOLUMNA: \u00bfPor qu\u00e9 nos topamos con situaciones de sufrimiento?, por Diego Mier y Ter\u00e1n<\/a><\/h2>\n<\/div>\n<p>(www.eloriente.net, M\u00e9xico, a 19 de junio de 2016).- Falta cada vez menos para que\u00a0Tony Karam estar\u00e1 de visita en Oaxaca. Resulta relevante porque despu\u00e9s de 10 a\u00f1os\u2026<\/p>\n<p class=\"postmeta\"><span class=\"meta_date\">junio 20, 2016<\/span><\/p>\n<div class=\"toolbar-social\"><\/div>\n<\/div>\n<div class=\"featuredpost\">\n<div class=\"flow_hide\">\n<p><a href=\"http:\/\/www.eloriente.net\/home\/2016\/06\/20\/deportes-cronicas-beisboleras-liga-doble-a-por-jaime-palau\/\" rel=\"bookmark\"><img decoding=\"async\" class=\"alignleft\" title=\"DEPORTES: Cr\u00f3nicas beisboleras: Liga Doble A. Por Jaime Palau\" src=\"http:\/\/www.eloriente.net\/home\/wp-content\/themes\/city-desk\/timthumb.php?src=http%3A%2F%2Fwww.eloriente.net%2Fhome%2Fwp-content%2Fuploads%2F2014%2F10%2FCr%C3%B3nicas-Beisboleras.jpg&amp;q=90&amp;w=70&amp;h=45&amp;zc=1\" alt=\"DEPORTES: Cr\u00f3nicas beisboleras: Liga Doble A. Por Jaime Palau\" \/><\/a><\/p>\n<h2 class=\"posttitle \"><a title=\"Enlace Permanente a DEPORTES: Cr\u00f3nicas beisboleras: Liga Doble A. Por Jaime Palau\" href=\"http:\/\/www.eloriente.net\/home\/2016\/06\/20\/deportes-cronicas-beisboleras-liga-doble-a-por-jaime-palau\/\" rel=\"bookmark\">DEPORTES: Cr\u00f3nicas beisboleras: Liga Doble A. Por Jaime Palau<\/a><\/h2>\n<\/div>\n<p>(www.eloriente.net, M\u00e9xico, a 20 de junio de 2016, por Jaime Palau Ranz).-\u00a0En la poblaci\u00f3n de El Carmen, Nuevo Le\u00f3n, est\u00e1 ubicada la Academia de la Liga Mexicana\u2026<\/p>\n<p class=\"postmeta\"><span class=\"meta_date\">junio 20, 2016<\/span><\/p>\n<\/div>\n\n\t\t\t  <div \n\t\t\t  \tclass = \"fb-comments\" \n\t\t\t  \tdata-href = \"https:\/\/www.eloriente.net\/home\/2016\/06\/23\/oaxaca-5-actividades-culturales-en-oaxaca-que-no-te-puedes-perder-23-27-de-junio\/\"\n\t\t\t  \tdata-numposts = \"10\"\n\t\t\t\tdata-colorscheme = \"dark\"\n\t\t\t\tdata-order-by = \"social\"\n\t\t\t\tdata-mobile=true>\n\t\t\t  <\/div>\n\t\t  <style>\n\t\t\t.fb_iframe_widget_fluid_desktop iframe {\n\t\t\t    width: 100% !important;\n\t\t\t}\n\t\t  <\/style>\n\t\t  ","protected":false},"excerpt":{"rendered":"<p>&nbsp; (www.eloriente.net, M\u00e9xico, a 16 de junio de 2016, por Valery L\u00f3pez).- Como cada semana, en EL ORIENTE nos dimos a la tarea de buscar las actividades culturales que no puedes dejar pasar en los pr\u00f3ximos d\u00edas. En esta ocasi\u00f3n te presentamos conciertos, talleres y m\u00e1s. 1.- CONCIERTO HOMENAJE A CARLOS JIM\u00c9NEZ MABARAK El Gobierno [&hellip;]<\/p>\n","protected":false},"author":44,"featured_media":43926,"comment_status":"open","ping_status":"open","sticky":false,"template":"","format":"standard","meta":{"_jetpack_memberships_contains_paid_content":false,"footnotes":""},"categories":[8,18,32,63,20,83,464,31],"tags":[3648,241,1820,956,149,73,955],"class_list":["post-43920","post","type-post","status-publish","format-standard","has-post-thumbnail","hentry","category-agenda","category-educacion-y-cultura","category-entradas","category-estados","category-medio-ambiente","category-musica-de-oaxaca","category-oaxaca-estados","category-principal","tag-actividades-culturales","tag-cultura","tag-junio","tag-medio-ambiente-2","tag-musica","tag-oaxaca","tag-talleres"],"jetpack_featured_media_url":"https:\/\/www.eloriente.net\/home\/wp-content\/uploads\/2016\/06\/Sierra-norte-por-Marr-Borden.jpg","jetpack_sharing_enabled":true,"_links":{"self":[{"href":"https:\/\/www.eloriente.net\/home\/wp-json\/wp\/v2\/posts\/43920"}],"collection":[{"href":"https:\/\/www.eloriente.net\/home\/wp-json\/wp\/v2\/posts"}],"about":[{"href":"https:\/\/www.eloriente.net\/home\/wp-json\/wp\/v2\/types\/post"}],"author":[{"embeddable":true,"href":"https:\/\/www.eloriente.net\/home\/wp-json\/wp\/v2\/users\/44"}],"replies":[{"embeddable":true,"href":"https:\/\/www.eloriente.net\/home\/wp-json\/wp\/v2\/comments?post=43920"}],"version-history":[{"count":1,"href":"https:\/\/www.eloriente.net\/home\/wp-json\/wp\/v2\/posts\/43920\/revisions"}],"predecessor-version":[{"id":43927,"href":"https:\/\/www.eloriente.net\/home\/wp-json\/wp\/v2\/posts\/43920\/revisions\/43927"}],"wp:featuredmedia":[{"embeddable":true,"href":"https:\/\/www.eloriente.net\/home\/wp-json\/wp\/v2\/media\/43926"}],"wp:attachment":[{"href":"https:\/\/www.eloriente.net\/home\/wp-json\/wp\/v2\/media?parent=43920"}],"wp:term":[{"taxonomy":"category","embeddable":true,"href":"https:\/\/www.eloriente.net\/home\/wp-json\/wp\/v2\/categories?post=43920"},{"taxonomy":"post_tag","embeddable":true,"href":"https:\/\/www.eloriente.net\/home\/wp-json\/wp\/v2\/tags?post=43920"}],"curies":[{"name":"wp","href":"https:\/\/api.w.org\/{rel}","templated":true}]}}