{"id":44355,"date":"2016-08-04T14:04:11","date_gmt":"2016-08-04T20:04:11","guid":{"rendered":"http:\/\/www.eloriente.net\/home\/?p=44355"},"modified":"2016-08-04T14:04:11","modified_gmt":"2016-08-04T20:04:11","slug":"oaxaca-97-de-turistas-recomiendan-visitar-oaxaca","status":"publish","type":"post","link":"https:\/\/www.eloriente.net\/home\/2016\/08\/04\/oaxaca-97-de-turistas-recomiendan-visitar-oaxaca\/","title":{"rendered":"OAXACA: 97% de turistas recomiendan visitar Oaxaca"},"content":{"rendered":"<p><script src=\"\/\/pagead2.googlesyndication.com\/pagead\/js\/adsbygoogle.js\" async=\"\"><\/script><!-- BANNER ELORIENTE INCRUSTADO NOTAS --> <ins class=\"adsbygoogle\" style=\"display: inline-block; width: 300px; height: 250px;\" data-ad-client=\"ca-pub-1136171134853753\" data-ad-slot=\"7974633627\"><\/ins><script>\/\/ <![CDATA[\n(adsbygoogle = window.adsbygoogle || []).push({});\n\/\/ ]]><\/script><\/p>\n<p>&nbsp;<\/p>\n<p>(www.eloriente.net, M\u00e9xico, a 4 de agosto de 2016).- \u00a0Oaxaca es una ciudad que en las \u00faltimas semanas de julio cobra una vida especial. La Guelaguetza es el centro de atenci\u00f3n, pero en fechas cercanas a \u00e9sta\u00a0se realizan un sin n\u00famero de actividades gastron\u00f3micas y culturales para hacer m\u00e1s atractiva la ciudad para los turistas.<\/p>\n<p>A pesar de ello, algunos sectores de la sociedad opinan que los conflictos sociales merman en la percepci\u00f3n que los turistas tienen sobre Oaxaca pero \u00bfSer\u00e1 eso cierto?<\/p>\n<p><strong>\u201cOaxaca a trav\u00e9s de otros ojos\u201d<\/strong> nos aclara el panorama en ese sentido. El sondeo se realiz\u00f3 los d\u00edas 26 y 27 de julio de 2015 con <strong>una muestra de 338 turistas<\/strong> entre nacionales y extranjeros. De acuerdo con Conceptos Marketing, la empresa encargada de dicho estudio, el <strong>nivel de confianza<\/strong> de \u00e9ste es de un<strong> 95%.<\/strong><\/p>\n<p>A continuaci\u00f3n te presentamos los datos arrojados por este sondeo, los cuales resultan muy interesantes.<\/p>\n<p>De acuerdo \u201cOaxaca a trav\u00e9s de otros ojos\u201d <strong>en 2015 el turismo nacional en Oaxaca fue de 85%<\/strong> mientras que en 2<strong>016 pas\u00f3 a ser de un 83%<\/strong>, dejando as\u00ed un crecimiento del turismo extranjero que pas\u00f3 del 15 al 17 por ciento.<\/p>\n<p><a href=\"http:\/\/www.eloriente.net\/home\/wp-content\/uploads\/2016\/08\/OAXACA-A-TRAVE\u0301S-DE-OTROS-OJOS.jpeg\" rel=\"attachment wp-att-44356\"><img loading=\"lazy\" decoding=\"async\" class=\"alignnone wp-image-44356\" src=\"http:\/\/www.eloriente.net\/home\/wp-content\/uploads\/2016\/08\/OAXACA-A-TRAVE\u0301S-DE-OTROS-OJOS.jpeg\" alt=\"OAXACA A TRAVE\u0301S DE OTROS OJOS\" width=\"602\" height=\"495\" srcset=\"https:\/\/www.eloriente.net\/home\/wp-content\/uploads\/2016\/08\/OAXACA-A-TRAVE\u0301S-DE-OTROS-OJOS.jpeg 2048w, https:\/\/www.eloriente.net\/home\/wp-content\/uploads\/2016\/08\/OAXACA-A-TRAVE\u0301S-DE-OTROS-OJOS-300x247.jpeg 300w, https:\/\/www.eloriente.net\/home\/wp-content\/uploads\/2016\/08\/OAXACA-A-TRAVE\u0301S-DE-OTROS-OJOS-768x632.jpeg 768w, https:\/\/www.eloriente.net\/home\/wp-content\/uploads\/2016\/08\/OAXACA-A-TRAVE\u0301S-DE-OTROS-OJOS-1024x842.jpeg 1024w\" sizes=\"(max-width: 602px) 100vw, 602px\" \/><\/a><\/p>\n<p>Por otra parte, es importante se\u00f1alar que el<strong> 66% de los visitantes ya hab\u00edan visitado Oaxaca con anterioridad<\/strong>. Entre las<strong> principales razones<\/strong> por las cuales se viaja a la entidad se encuentran en primer lugar<strong> \u201cLas fiestas de la Guelaguetza\u201d<\/strong>, en segundo puesto\u00a0y con un porcentaje mucho menor <strong>\u201cPara conocer la ciudad\u201d<\/strong>.<\/p>\n<p>A las personas que visitaron Oaxaca con anterioridad se les pregunt\u00f3 la raz\u00f3n de su retorno, el <strong>56% dijo que regresaron \u201cPor las fiestas de la Guelaguetza\u201d<\/strong>, en segundo lugar para \u201cVisitar a familiares\u201d con 10%, mientras que el 9% dijo que volvi\u00f3 por la cultura y tradiciones del lugar.<\/p>\n<p>Siguiendo con la hegemon\u00eda de la Guelaguetza como atractivo tur\u00edstico, el <strong>70%<\/strong> de los encuestados respondi\u00f3 que <strong>la actividad que m\u00e1s les llam\u00f3 la atenci\u00f3n fue la \u201cRepresentaci\u00f3n de la Guelaguetza\u201d<\/strong>, un 11% eligi\u00f3 \u201cLa feria del mezcal\u201d, mientras que un 7% opt\u00f3 por las calendas.<\/p>\n<p><script src=\"\/\/pagead2.googlesyndication.com\/pagead\/js\/adsbygoogle.js\" async=\"\"><\/script><!-- BANNER PEQUE\u00d1O PARA ENTRENOTAS EL ORIENTE --> <ins class=\"adsbygoogle\" style=\"display: inline-block; width: 468px; height: 60px;\" data-ad-client=\"ca-pub-1136171134853753\" data-ad-slot=\"4953536424\"><\/ins><script>\/\/ <![CDATA[\n(adsbygoogle = window.adsbygoogle || []).push({});\n\/\/ ]]><\/script><\/p>\n<p><a href=\"http:\/\/www.eloriente.net\/home\/wp-content\/uploads\/2016\/08\/OAXACA-A-TRAVE\u0301S-DE-OTROS-OJOS2.jpeg\" rel=\"attachment wp-att-44357\"><img loading=\"lazy\" decoding=\"async\" class=\"alignnone wp-image-44357\" src=\"http:\/\/www.eloriente.net\/home\/wp-content\/uploads\/2016\/08\/OAXACA-A-TRAVE\u0301S-DE-OTROS-OJOS2.jpeg\" alt=\"OAXACA A TRAVE\u0301S DE OTROS OJOS2\" width=\"601\" height=\"494\" srcset=\"https:\/\/www.eloriente.net\/home\/wp-content\/uploads\/2016\/08\/OAXACA-A-TRAVE\u0301S-DE-OTROS-OJOS2.jpeg 2048w, https:\/\/www.eloriente.net\/home\/wp-content\/uploads\/2016\/08\/OAXACA-A-TRAVE\u0301S-DE-OTROS-OJOS2-300x247.jpeg 300w, https:\/\/www.eloriente.net\/home\/wp-content\/uploads\/2016\/08\/OAXACA-A-TRAVE\u0301S-DE-OTROS-OJOS2-768x632.jpeg 768w, https:\/\/www.eloriente.net\/home\/wp-content\/uploads\/2016\/08\/OAXACA-A-TRAVE\u0301S-DE-OTROS-OJOS2-1024x842.jpeg 1024w\" sizes=\"(max-width: 601px) 100vw, 601px\" \/><\/a><\/p>\n<p>A continuaci\u00f3n <strong>uno de los datos m\u00e1s interesantes de este estudio<\/strong>. Se les pregunt\u00f3 a los turistas <strong>si Oaxaca cumplir\u00eda con sus expectativas de visita<\/strong>. <strong>El 87% mencion\u00f3 que s\u00ed<\/strong>, un 10% dijo que no, y el resto no sabe o no contest\u00f3.<\/p>\n<p>Quienes dijeron que s\u00ed se estaban cumpliendo con sus expectativas mencionaron como principales razones que les gusta todo, la gente del lugar y La gastronom\u00eda.<\/p>\n<p>Por otra parte, a quienes no se les estaban cumpliendo sus expectativas dieron como razones los conflictos sociales(47%), que el lugar es muy sucio(17%) y los precios altos(8%)<\/p>\n<p>Entre las razones por las que Oaxaca agrada m\u00e1s como lugar de visita se encuentran la cultura del lugar, la gastronom\u00eda y el trato a los visitantes. En 2014 los principales motivos por los que la entidad es agradable para visitar fueron la cultura y tradiciones(37%), la gastronom\u00eda(24%) y las zonas arqueol\u00f3gicas(23%)<\/p>\n<p>En contraparte se encuentra las <strong>razones por las que Oaxaca no gusta como lugar de visita<\/strong>. En ese rubro <strong>\u201cMarchas y bloqueos\u201d<\/strong> aparece en primer lugar con 41%, seguido de <strong>\u201cLa suciedad\u201d<\/strong> con 16% y en tercer puesto <strong>\u201clos precios elevados\u201d<\/strong> con 9%. En 2014 \u201cmarchas y bloqueos\u201d tambi\u00e9n ocup\u00f3 el primero puesto pero con un 46%, mientras que el segundo y tercer puestos lo ocuparon \u201cmalos caminos y carreteras\u201d y \u201ctr\u00e1fico vehicular\u201d con 13 y 11 por ciento respectivamente.<\/p>\n<p><a href=\"http:\/\/www.eloriente.net\/home\/wp-content\/uploads\/2016\/08\/OAXACA-A-TRAVE\u0301S-DE-OTROS-OJOS3.jpeg\" rel=\"attachment wp-att-44358\"><img loading=\"lazy\" decoding=\"async\" class=\"alignnone wp-image-44358\" src=\"http:\/\/www.eloriente.net\/home\/wp-content\/uploads\/2016\/08\/OAXACA-A-TRAVE\u0301S-DE-OTROS-OJOS3.jpeg\" alt=\"OAXACA A TRAVE\u0301S DE OTROS OJOS3\" width=\"601\" height=\"494\" srcset=\"https:\/\/www.eloriente.net\/home\/wp-content\/uploads\/2016\/08\/OAXACA-A-TRAVE\u0301S-DE-OTROS-OJOS3.jpeg 2048w, https:\/\/www.eloriente.net\/home\/wp-content\/uploads\/2016\/08\/OAXACA-A-TRAVE\u0301S-DE-OTROS-OJOS3-300x247.jpeg 300w, https:\/\/www.eloriente.net\/home\/wp-content\/uploads\/2016\/08\/OAXACA-A-TRAVE\u0301S-DE-OTROS-OJOS3-768x632.jpeg 768w, https:\/\/www.eloriente.net\/home\/wp-content\/uploads\/2016\/08\/OAXACA-A-TRAVE\u0301S-DE-OTROS-OJOS3-1024x842.jpeg 1024w\" sizes=\"(max-width: 601px) 100vw, 601px\" \/><\/a><\/p>\n<p>De igual forma se pregunt\u00f3 a los turistas si tuvieron alguna indecisi\u00f3n o alg\u00fan temor al visitar Oaxaca, el 55% contest\u00f3 que s\u00ed, de ese porcentaje, el 81% mencion\u00f3 que debido al conflicto magisterial, en segundo lugar un 14% mencionaron que por la informaci\u00f3n por parte de los medios de comunicaci\u00f3n.<\/p>\n<p>Finalmente, ante la pregunta <strong>\u00bfRecomendar\u00eda a sus familiares y amigos visitar Oaxaca?<\/strong> En 2014 un <strong>90% dijo que s\u00ed<\/strong>, la misma respuestas se repiti\u00f3 en 2015 y 2016 con un 98 y 97% respectivamente.<\/p>\n<p><a href=\"http:\/\/www.eloriente.net\/home\/wp-content\/uploads\/2016\/08\/OAXACA-A-TRAVE\u0301S-DE-OTROS-OJOS2.jpeg\" rel=\"attachment wp-att-44357\"><img loading=\"lazy\" decoding=\"async\" class=\"alignnone wp-image-44357\" src=\"http:\/\/www.eloriente.net\/home\/wp-content\/uploads\/2016\/08\/OAXACA-A-TRAVE\u0301S-DE-OTROS-OJOS2.jpeg\" alt=\"OAXACA A TRAVE\u0301S DE OTROS OJOS2\" width=\"601\" height=\"494\" srcset=\"https:\/\/www.eloriente.net\/home\/wp-content\/uploads\/2016\/08\/OAXACA-A-TRAVE\u0301S-DE-OTROS-OJOS2.jpeg 2048w, https:\/\/www.eloriente.net\/home\/wp-content\/uploads\/2016\/08\/OAXACA-A-TRAVE\u0301S-DE-OTROS-OJOS2-300x247.jpeg 300w, https:\/\/www.eloriente.net\/home\/wp-content\/uploads\/2016\/08\/OAXACA-A-TRAVE\u0301S-DE-OTROS-OJOS2-768x632.jpeg 768w, https:\/\/www.eloriente.net\/home\/wp-content\/uploads\/2016\/08\/OAXACA-A-TRAVE\u0301S-DE-OTROS-OJOS2-1024x842.jpeg 1024w\" sizes=\"(max-width: 601px) 100vw, 601px\" \/><\/a><\/p>\n<p>*Informaci\u00f3n de Conceptos Marketing<\/p>\n<p><a href=\"http:\/\/www.eloriente.net\/home\/wp-content\/uploads\/2016\/08\/eflor-de-pin\u0303a-por-@Y-musica-e1470340799923.jpg\" rel=\"attachment wp-att-44360\"><img loading=\"lazy\" decoding=\"async\" class=\"alignnone wp-image-44360\" src=\"http:\/\/www.eloriente.net\/home\/wp-content\/uploads\/2016\/08\/eflor-de-pin\u0303a-por-@Y-musica-e1470340799923.jpg\" alt=\"eflor de pin\u0303a por @Y musica\" width=\"600\" height=\"399\" srcset=\"https:\/\/www.eloriente.net\/home\/wp-content\/uploads\/2016\/08\/eflor-de-pin\u0303a-por-@Y-musica-e1470340799923.jpg 1936w, https:\/\/www.eloriente.net\/home\/wp-content\/uploads\/2016\/08\/eflor-de-pin\u0303a-por-@Y-musica-e1470340799923-300x200.jpg 300w, https:\/\/www.eloriente.net\/home\/wp-content\/uploads\/2016\/08\/eflor-de-pin\u0303a-por-@Y-musica-e1470340799923-768x511.jpg 768w, https:\/\/www.eloriente.net\/home\/wp-content\/uploads\/2016\/08\/eflor-de-pin\u0303a-por-@Y-musica-e1470340799923-1024x681.jpg 1024w\" sizes=\"(max-width: 600px) 100vw, 600px\" \/><\/a><\/p>\n<p><strong>OTRAS ENTRADAS<\/strong><\/p>\n<div class=\"featuredpost\">\n<div class=\"flow_hide\">\n<h2 class=\"posttitle bigposttitle\"><a title=\"Enlace Permanente a EN VIVO: Carlos de Icaza responde preguntas sobre Servicio Exterior Mexicano\" href=\"http:\/\/www.eloriente.net\/home\/2016\/08\/04\/en-vivo-carlos-de-icaza-responde-preguntas-sobre-servicio-exterior-mexicano\/\" rel=\"bookmark\">EN VIVO: Carlos de Icaza responde preguntas sobre Servicio Exterior Mexicano<\/a><\/h2>\n<\/div>\n<p>4 de agosto de 2016 Por el inter\u00e9s que puede resultar para los lectores de ELORIENTE.NET, Carlos de Icaza, Subsecretario de Relaciones Exteriores de M\u00e9xico, expondr\u00e1 y responder\u00e1\u2026<\/p>\n<p class=\"postmeta\"><span class=\"meta_date\">agosto 4, 2016<\/span><\/p>\n<div class=\"toolbar-social\"><\/div>\n<\/div>\n<div class=\"featuredpost\">\n<div class=\"flow_hide\">\n<p><a href=\"http:\/\/www.eloriente.net\/home\/2016\/08\/03\/deportes-los-medios-publicos-transmitiran-juegos-de-rio-2016\/\" rel=\"bookmark\"><img decoding=\"async\" class=\"alignleft\" title=\"DEPORTES: Los Medios P\u00fablicos transmitir\u00e1n Juegos de R\u00edo 2016\" src=\"http:\/\/www.eloriente.net\/home\/wp-content\/themes\/city-desk\/timthumb.php?src=http%3A%2F%2Fwww.eloriente.net%2Fhome%2Fwp-content%2Fuploads%2F2016%2F08%2FCLAVADISTAS-MEXICANOS-COM-1-e1470271548621.jpg&amp;q=90&amp;w=70&amp;h=45&amp;zc=1\" alt=\"DEPORTES: Los Medios P\u00fablicos transmitir\u00e1n Juegos de R\u00edo 2016\" \/><\/a><\/p>\n<h2 class=\"posttitle \"><a title=\"Enlace Permanente a DEPORTES: Los Medios P\u00fablicos transmitir\u00e1n Juegos de R\u00edo 2016\" href=\"http:\/\/www.eloriente.net\/home\/2016\/08\/03\/deportes-los-medios-publicos-transmitiran-juegos-de-rio-2016\/\" rel=\"bookmark\">DEPORTES: Los Medios P\u00fablicos transmitir\u00e1n Juegos de R\u00edo 2016<\/a><\/h2>\n<\/div>\n<p>eloriente.net\/RED 3 de agosto de 2016 35 Medios P\u00fablicos televisivos de M\u00e9xico transmitir\u00e1n las justas deportivas Ciudad de M\u00e9xico. 03 de agosto de 2016.- En un hecho sin\u2026<\/p>\n<p class=\"postmeta\"><span class=\"meta_date\">agosto 3, 2016<\/span><\/p>\n<div class=\"toolbar-social\"><\/div>\n<\/div>\n<div class=\"featuredpost\">\n<div class=\"flow_hide\">\n<p><a href=\"http:\/\/www.eloriente.net\/home\/2016\/08\/03\/videocolumna-en-que-consiste-la-violencia-cisecista-por-rebeca-garza\/\" rel=\"bookmark\"><img decoding=\"async\" class=\"alignleft\" title=\"VIDEOCOLUMNA: \u00bfEn qu\u00e9 consiste la violencia cisecista? Por Rebeca Garza\" src=\"http:\/\/www.eloriente.net\/home\/wp-content\/themes\/city-desk\/timthumb.php?src=http%3A%2F%2Fwww.eloriente.net%2Fhome%2Fwp-content%2Fuploads%2F2016%2F08%2FREBECA-GARZA-3-DE-AGOSTO-1-e1470267440112.jpg&amp;q=90&amp;w=70&amp;h=45&amp;zc=1\" alt=\"VIDEOCOLUMNA: \u00bfEn qu\u00e9 consiste la violencia cisecista? Por Rebeca Garza\" \/><\/a><\/p>\n<h2 class=\"posttitle \"><a title=\"Enlace Permanente a VIDEOCOLUMNA: \u00bfEn qu\u00e9 consiste la violencia cisecista? Por Rebeca Garza\" href=\"http:\/\/www.eloriente.net\/home\/2016\/08\/03\/videocolumna-en-que-consiste-la-violencia-cisecista-por-rebeca-garza\/\" rel=\"bookmark\">VIDEOCOLUMNA: \u00bfEn qu\u00e9 consiste la violencia cisecista? Por Rebeca Garza<\/a><\/h2>\n<\/div>\n<p>eloriente.net 3 de agosto de 2016 OTRAS COLUMNAS, DAR CLICK SOBRE LA IMAGEN: Share\u2026<\/p>\n<p class=\"postmeta\"><span class=\"meta_date\">agosto 3, 2016<\/span><\/p>\n<\/div>\n\n\t\t\t  <div \n\t\t\t  \tclass = \"fb-comments\" \n\t\t\t  \tdata-href = \"https:\/\/www.eloriente.net\/home\/2016\/08\/04\/oaxaca-97-de-turistas-recomiendan-visitar-oaxaca\/\"\n\t\t\t  \tdata-numposts = \"10\"\n\t\t\t\tdata-colorscheme = \"dark\"\n\t\t\t\tdata-order-by = \"social\"\n\t\t\t\tdata-mobile=true>\n\t\t\t  <\/div>\n\t\t  <style>\n\t\t\t.fb_iframe_widget_fluid_desktop iframe {\n\t\t\t    width: 100% !important;\n\t\t\t}\n\t\t  <\/style>\n\t\t  ","protected":false},"excerpt":{"rendered":"<p>&nbsp; (www.eloriente.net, M\u00e9xico, a 4 de agosto de 2016).- \u00a0Oaxaca es una ciudad que en las \u00faltimas semanas de julio cobra una vida especial. La Guelaguetza es el centro de atenci\u00f3n, pero en fechas cercanas a \u00e9sta\u00a0se realizan un sin n\u00famero de actividades gastron\u00f3micas y culturales para hacer m\u00e1s atractiva la ciudad para los turistas. [&hellip;]<\/p>\n","protected":false},"author":44,"featured_media":44360,"comment_status":"open","ping_status":"open","sticky":false,"template":"","format":"standard","meta":{"_jetpack_memberships_contains_paid_content":false,"footnotes":""},"categories":[4300,32,13,63,35,464,31],"tags":[2250,3271,2418,1250,73,4335,109],"class_list":["post-44355","post","type-post","status-publish","format-standard","has-post-thumbnail","hentry","category-comunicacion","category-entradas","category-especiales","category-estados","category-secciones-oriente","category-oaxaca-estados","category-principal","tag-conflicto-magisterial","tag-encuestas","tag-estadistica","tag-guelaguetza","tag-oaxaca","tag-sondeo","tag-turismo"],"jetpack_featured_media_url":"https:\/\/www.eloriente.net\/home\/wp-content\/uploads\/2016\/08\/eflor-de-pin\u0303a-por-@Y-musica-e1470340799923.jpg","jetpack_sharing_enabled":true,"_links":{"self":[{"href":"https:\/\/www.eloriente.net\/home\/wp-json\/wp\/v2\/posts\/44355"}],"collection":[{"href":"https:\/\/www.eloriente.net\/home\/wp-json\/wp\/v2\/posts"}],"about":[{"href":"https:\/\/www.eloriente.net\/home\/wp-json\/wp\/v2\/types\/post"}],"author":[{"embeddable":true,"href":"https:\/\/www.eloriente.net\/home\/wp-json\/wp\/v2\/users\/44"}],"replies":[{"embeddable":true,"href":"https:\/\/www.eloriente.net\/home\/wp-json\/wp\/v2\/comments?post=44355"}],"version-history":[{"count":1,"href":"https:\/\/www.eloriente.net\/home\/wp-json\/wp\/v2\/posts\/44355\/revisions"}],"predecessor-version":[{"id":44361,"href":"https:\/\/www.eloriente.net\/home\/wp-json\/wp\/v2\/posts\/44355\/revisions\/44361"}],"wp:featuredmedia":[{"embeddable":true,"href":"https:\/\/www.eloriente.net\/home\/wp-json\/wp\/v2\/media\/44360"}],"wp:attachment":[{"href":"https:\/\/www.eloriente.net\/home\/wp-json\/wp\/v2\/media?parent=44355"}],"wp:term":[{"taxonomy":"category","embeddable":true,"href":"https:\/\/www.eloriente.net\/home\/wp-json\/wp\/v2\/categories?post=44355"},{"taxonomy":"post_tag","embeddable":true,"href":"https:\/\/www.eloriente.net\/home\/wp-json\/wp\/v2\/tags?post=44355"}],"curies":[{"name":"wp","href":"https:\/\/api.w.org\/{rel}","templated":true}]}}