{"id":44362,"date":"2016-08-04T14:19:19","date_gmt":"2016-08-04T20:19:19","guid":{"rendered":"http:\/\/www.eloriente.net\/home\/?p=44362"},"modified":"2016-08-04T14:55:53","modified_gmt":"2016-08-04T20:55:53","slug":"oaxaca-no-hay-solucion-en-el-corto-plazo-por-tomas-alejandro-gonzalez","status":"publish","type":"post","link":"https:\/\/www.eloriente.net\/home\/2016\/08\/04\/oaxaca-no-hay-solucion-en-el-corto-plazo-por-tomas-alejandro-gonzalez\/","title":{"rendered":"OAXACA: NO HAY SOLUCI\u00d3N  (\u2026en el corto plazo). Por Tom\u00e1s Alejandro Gonz\u00e1lez"},"content":{"rendered":"<p><script src=\"\/\/pagead2.googlesyndication.com\/pagead\/js\/adsbygoogle.js\" async=\"\"><\/script><!-- BANNER ELORIENTE INCRUSTADO NOTAS --> <ins class=\"adsbygoogle\" style=\"display: inline-block; width: 300px; height: 250px;\" data-ad-client=\"ca-pub-1136171134853753\" data-ad-slot=\"7974633627\"><\/ins><script>\/\/ <![CDATA[\n(adsbygoogle = window.adsbygoogle || []).push({});\n\/\/ ]]><\/script><\/p>\n<p>&nbsp;<\/p>\n<p>eloriente.net<\/p>\n<p>4 de agosto de 2016<\/p>\n<p style=\"text-align: right;\">Por Tom\u00e1s Alejandro Gonz\u00e1lez<\/p>\n<p><span style=\"font-weight: 400;\">Desde 1975, -durante el gobierno del entonces presidente Luis Echeverr\u00eda-, el Estado mexicano no se hab\u00eda encontrado en una coyuntura de crisis tan profunda, causada por la complejidad pol\u00edtica, social y econ\u00f3mica.<\/span><\/p>\n<p>Hoy, el sistema pol\u00edtico mexicano es d\u00e9bil debido a la falta de mecanismos institucionales en los que se procese el conflicto y problem\u00e1ticas sociales de forma efectiva y transparente. Los retos y desaf\u00edos de los gobiernos en M\u00e9xico en los tres \u00e1mbitos de gobierno son m\u00faltiples, diversos y profundos en muchos frentes; mientras que el contexto internacional es adverso.<\/p>\n<p>Aunado a ello, y en buena parte a causa de la oposici\u00f3n de la CNTE -mediante el uso de mecanismos y acciones de presi\u00f3n constantes y masivas- a los cambios constitucionales y normativos en el \u00e1mbito del sistema educativo mexicano. Incuestionablemente el Estado mexicano se encuentra hoy en la crisis institucional m\u00e1s severa desde 1975, misma que puede ser peor, las tendencias apuntan hacia esa direcci\u00f3n.<\/p>\n<p>Ante la falta de capacidad para hacer valer la ley (y la fuerza), los tres poderes de Chiapas, Guerrero, Oaxaca, Michoac\u00e1n y Tamaulipas (por otros motivos), respectivamente, han sido rebasados en sus capacidades institucionales e incluso en sus facultades meta-constitucionales, mientras que el gobierno federal administra el conflicto y negocia con la disidencia magisterial sin obtener soluciones definitivas, ni satisfactorias para la sociedad y ciudadan\u00eda en general.<\/p>\n<p><span style=\"font-weight: 400;\">Todo ello en marco de una corrupci\u00f3n cotidiana en los gobiernos estatales y municipales, en los tres poderes de todo el pa\u00eds. La exigencia \u00faltima de la disidencia magisterial de \u201cabrogar la reforma educativa\u201d es solo la fachada de este y otros grupos de presi\u00f3n para tomar por asalto al poder.<\/span><\/p>\n<p><span style=\"font-weight: 400;\">Mientras tanto, las confederaciones patronales y organismos empresariales han empezado a actuar en contra de los titulares del poder Ejecutivo federal y de los ejecutivos de algunos estados de la Rep\u00fablica. \u00a1Algo no visto desde mediados de la d\u00e9cada de 1970! Entonces, grupos guerrilleros secuestraron a personas que a su juicio eran parte de ciertas \u00e9lites o simples herramientas de negociaci\u00f3n frente al Estado. El intento de secuestro y asesinato del empresario Eugenio Garza Sada lo cambi\u00f3 todo. A ra\u00edz de dicha coyuntura se conform\u00f3 el Consejo Coordinador Empresarial (CCE), provocando la consolidaci\u00f3n y fortalecimiento del sector privado en M\u00e9xico como grupo leg\u00edtimo de presi\u00f3n.<\/span><\/p>\n<p><script src=\"\/\/pagead2.googlesyndication.com\/pagead\/js\/adsbygoogle.js\" async=\"\"><\/script><!-- BANNER PEQUE\u00d1O PARA ENTRENOTAS EL ORIENTE --> <ins class=\"adsbygoogle\" style=\"display: inline-block; width: 468px; height: 60px;\" data-ad-client=\"ca-pub-1136171134853753\" data-ad-slot=\"4953536424\"><\/ins><script>\/\/ <![CDATA[\n(adsbygoogle = window.adsbygoogle || []).push({});\n\/\/ ]]><\/script><\/p>\n<p><span style=\"font-weight: 400;\">La presi\u00f3n patronal-empresarial y de algunos grupos de la sociedad civil -sin dejar de lado posibles presiones de algunos grupos de inter\u00e9s en los Estados Unidos- apresurar\u00e1n el momento de <\/span><i><span style=\"font-weight: 400;\">catarsis<\/span><\/i><span style=\"font-weight: 400;\"> del Estado mexicano y su sistema pol\u00edtico. Es inevitable.<\/span><\/p>\n<p>No habr\u00e1 soluci\u00f3n hasta en tanto no exista m\u00e1s ciudadan\u00eda -en cantidad y calidad-, y \u00e9sta no se genera espont\u00e1neamente, es y ser\u00e1 un proyecto generacional que requiere de la suma de las voluntades individuales desde el seno familiar de los mexicanos. Lo que s\u00ed puede haber son nuevas herramientas de control y gesti\u00f3n institucional que mermen y desincentiven los actos de corrupci\u00f3n y la consecuente impunidad de grupos de poder, partidos pol\u00edticos y grupos de presi\u00f3n que maman del Estado al mismo tiempo que disminuyen su capacidad (lo cual afecta en mayor proporci\u00f3n a las poblaciones m\u00e1s vulnerables, sacrificando calidad de vida de la clase media).<\/p>\n<p>Mientras tanto, al menos cuatro procesos electorales locales -a efectuarse en 2017- iniciar\u00e1n en diversos estados del pa\u00eds. Los aspirantes, grupos de presi\u00f3n y diversas fuerzas vivas trabajan y se preparan para lo que se avizora m\u00e1s como una disputa y asalto al Poder -Ejecutivo federal- en 2018, que para una elecci\u00f3n democr\u00e1tica.<\/p>\n<p>Hasta entonces, los indicadores y tendencias econ\u00f3micas reducir\u00e1n considerablemente su ritmo de crecimiento, la pobreza se agudizar\u00e1, la desigualdad se acentuar\u00e1, y el poder de compra de los consumidores mexicanos mermar\u00e1. La banalizaci\u00f3n de la violencia y la indiferencia florecer\u00e1.<\/p>\n<p><span style=\"font-weight: 400;\">La crisis se debe a que el actual sistema pol\u00edtico-econ\u00f3mico-social, dej\u00f3 de ser funcional en aspectos fundamentales que garantizaban control, dominio y, en suma: la gobernaci\u00f3n del territorio. Es el mexicano un sistema pol\u00edtico r\u00edgido y poco din\u00e1mico, construido a partir de pactos y cesiones entre elites locales, tradiciones de caudillos y de la administraci\u00f3n de clientelas, m\u00e1s parecido al actual modelo ruso, que a un modelo \u201cdemocr\u00e1tico\u201d.<\/span><\/p>\n<p><span style=\"font-weight: 400;\">Las alternativas se reducen a: I). La administraci\u00f3n de la mediocridad (<\/span><i><span style=\"font-weight: 400;\">c\u00e9teris p\u00e1ribus<\/span><\/i><span style=\"font-weight: 400;\">) o que todo permanezca bajo las inercias del d\u00eda a d\u00eda; II). La aceleraci\u00f3n y renovaci\u00f3n -en el corto y mediano plazo- de los cambios institucionales y \u00e9lites pol\u00edticas; o III). La implantaci\u00f3n de un r\u00e9gimen autoritario con cesi\u00f3n de libertades a cambio de control social con vista en desarrollo econ\u00f3mico y social (similar al modelo actual de control chino, pero tropicalizado) mediante una guerra civil o pactos cupulares.<\/span><\/p>\n<p>La calidad de la democracia en M\u00e9xico siempre ha sido puesta en tela de juicio y nunca ha dejado satisfecho a nadie. Quiz\u00e1 sea tiempo de introducir en la discusi\u00f3n p\u00fablica otras alternativas. La paradoja es que en M\u00e9xico se desea m\u00e1s democracia y mayores libertades, pero el precio para conseguir ambas parece ser -entre otras cosas- una fuerte dosis de autoritarismo.<\/p>\n<p>*Polit\u00f3logo por la Universidad Jos\u00e9 Vasconcelos de Oaxaca,<\/p>\n<p><span style=\"font-weight: 400;\">@alejandroglz<\/span><\/p>\n<p><a href=\"http:\/\/www.eloriente.net\/home\/wp-content\/uploads\/2014\/02\/constituci\u00f3n.jpg\" rel=\"attachment wp-att-20859\"><img loading=\"lazy\" decoding=\"async\" class=\"alignnone  wp-image-20859\" src=\"http:\/\/www.eloriente.net\/home\/wp-content\/uploads\/2014\/02\/constituci\u00f3n.jpg\" alt=\"constituci\u00f3n\" width=\"602\" height=\"401\" srcset=\"https:\/\/www.eloriente.net\/home\/wp-content\/uploads\/2014\/02\/constituci\u00f3n.jpg 1600w, https:\/\/www.eloriente.net\/home\/wp-content\/uploads\/2014\/02\/constituci\u00f3n-300x200.jpg 300w, https:\/\/www.eloriente.net\/home\/wp-content\/uploads\/2014\/02\/constituci\u00f3n-1024x682.jpg 1024w\" sizes=\"(max-width: 602px) 100vw, 602px\" \/><\/a><\/p>\n<p>&nbsp;<\/p>\n<p><strong>OTRAS ENTRADAS<\/strong><\/p>\n<div class=\"featuredpost\">\n<div class=\"flow_hide\">\n<h2 class=\"posttitle bigposttitle\"><a title=\"Enlace Permanente a EN VIVO: Carlos de Icaza responde preguntas sobre Servicio Exterior Mexicano\" href=\"http:\/\/www.eloriente.net\/home\/2016\/08\/04\/en-vivo-carlos-de-icaza-responde-preguntas-sobre-servicio-exterior-mexicano\/\" rel=\"bookmark\">EN VIVO: Carlos de Icaza responde preguntas sobre Servicio Exterior Mexicano<\/a><\/h2>\n<\/div>\n<p>4 de agosto de 2016 Por el inter\u00e9s que puede resultar para los lectores de ELORIENTE.NET, Carlos de Icaza, Subsecretario de Relaciones Exteriores de M\u00e9xico, expondr\u00e1 y responder\u00e1\u2026<\/p>\n<p class=\"postmeta\"><span class=\"meta_date\">agosto 4, 2016<\/span><\/p>\n<div class=\"toolbar-social\"><\/div>\n<\/div>\n<div class=\"featuredpost\">\n<div class=\"flow_hide\">\n<p><a href=\"http:\/\/www.eloriente.net\/home\/2016\/08\/03\/deportes-los-medios-publicos-transmitiran-juegos-de-rio-2016\/\" rel=\"bookmark\"><img decoding=\"async\" class=\"alignleft\" title=\"DEPORTES: Los Medios P\u00fablicos transmitir\u00e1n Juegos de R\u00edo 2016\" src=\"http:\/\/www.eloriente.net\/home\/wp-content\/themes\/city-desk\/timthumb.php?src=http%3A%2F%2Fwww.eloriente.net%2Fhome%2Fwp-content%2Fuploads%2F2016%2F08%2FCLAVADISTAS-MEXICANOS-COM-1-e1470271548621.jpg&amp;q=90&amp;w=70&amp;h=45&amp;zc=1\" alt=\"DEPORTES: Los Medios P\u00fablicos transmitir\u00e1n Juegos de R\u00edo 2016\" \/><\/a><\/p>\n<h2 class=\"posttitle \"><a title=\"Enlace Permanente a DEPORTES: Los Medios P\u00fablicos transmitir\u00e1n Juegos de R\u00edo 2016\" href=\"http:\/\/www.eloriente.net\/home\/2016\/08\/03\/deportes-los-medios-publicos-transmitiran-juegos-de-rio-2016\/\" rel=\"bookmark\">DEPORTES: Los Medios P\u00fablicos transmitir\u00e1n Juegos de R\u00edo 2016<\/a><\/h2>\n<\/div>\n<p>eloriente.net\/RED 3 de agosto de 2016 35 Medios P\u00fablicos televisivos de M\u00e9xico transmitir\u00e1n las justas deportivas Ciudad de M\u00e9xico. 03 de agosto de 2016.- En un hecho sin\u2026<\/p>\n<p class=\"postmeta\"><span class=\"meta_date\">agosto 3, 2016<\/span><\/p>\n<div class=\"toolbar-social\"><\/div>\n<\/div>\n<div class=\"featuredpost\">\n<div class=\"flow_hide\">\n<p><a href=\"http:\/\/www.eloriente.net\/home\/2016\/08\/03\/videocolumna-en-que-consiste-la-violencia-cisecista-por-rebeca-garza\/\" rel=\"bookmark\"><img decoding=\"async\" class=\"alignleft\" title=\"VIDEOCOLUMNA: \u00bfEn qu\u00e9 consiste la violencia cisecista? Por Rebeca Garza\" src=\"http:\/\/www.eloriente.net\/home\/wp-content\/themes\/city-desk\/timthumb.php?src=http%3A%2F%2Fwww.eloriente.net%2Fhome%2Fwp-content%2Fuploads%2F2016%2F08%2FREBECA-GARZA-3-DE-AGOSTO-1-e1470267440112.jpg&amp;q=90&amp;w=70&amp;h=45&amp;zc=1\" alt=\"VIDEOCOLUMNA: \u00bfEn qu\u00e9 consiste la violencia cisecista? Por Rebeca Garza\" \/><\/a><\/p>\n<h2 class=\"posttitle \"><a title=\"Enlace Permanente a VIDEOCOLUMNA: \u00bfEn qu\u00e9 consiste la violencia cisecista? Por Rebeca Garza\" href=\"http:\/\/www.eloriente.net\/home\/2016\/08\/03\/videocolumna-en-que-consiste-la-violencia-cisecista-por-rebeca-garza\/\" rel=\"bookmark\">VIDEOCOLUMNA: \u00bfEn qu\u00e9 consiste la violencia cisecista? Por Rebeca Garza<\/a><\/h2>\n<\/div>\n<p>eloriente.net 3 de agosto de 2016 OTRAS COLUMNAS, DAR CLICK SOBRE LA IMAGEN: Share\u2026<\/p>\n<p class=\"postmeta\"><span class=\"meta_date\">agosto 3, 2016<\/span><\/p>\n<\/div>\n\n\t\t\t  <div \n\t\t\t  \tclass = \"fb-comments\" \n\t\t\t  \tdata-href = \"https:\/\/www.eloriente.net\/home\/2016\/08\/04\/oaxaca-no-hay-solucion-en-el-corto-plazo-por-tomas-alejandro-gonzalez\/\"\n\t\t\t  \tdata-numposts = \"10\"\n\t\t\t\tdata-colorscheme = \"dark\"\n\t\t\t\tdata-order-by = \"social\"\n\t\t\t\tdata-mobile=true>\n\t\t\t  <\/div>\n\t\t  <style>\n\t\t\t.fb_iframe_widget_fluid_desktop iframe {\n\t\t\t    width: 100% !important;\n\t\t\t}\n\t\t  <\/style>\n\t\t  ","protected":false},"excerpt":{"rendered":"<p>&nbsp; eloriente.net 4 de agosto de 2016 Por Tom\u00e1s Alejandro Gonz\u00e1lez Desde 1975, -durante el gobierno del entonces presidente Luis Echeverr\u00eda-, el Estado mexicano no se hab\u00eda encontrado en una coyuntura de crisis tan profunda, causada por la complejidad pol\u00edtica, social y econ\u00f3mica. Hoy, el sistema pol\u00edtico mexicano es d\u00e9bil debido a la falta de [&hellip;]<\/p>\n","protected":false},"author":44,"featured_media":20859,"comment_status":"open","ping_status":"open","sticky":false,"template":"","format":"standard","meta":{"_jetpack_memberships_contains_paid_content":false,"footnotes":""},"categories":[32,63,464,21,31,626],"tags":[],"class_list":["post-44362","post","type-post","status-publish","format-standard","has-post-thumbnail","hentry","category-entradas","category-estados","category-oaxaca-estados","category-politica-y-gobierno","category-principal","category-tomas-alejandro-gonzalez"],"jetpack_featured_media_url":"https:\/\/www.eloriente.net\/home\/wp-content\/uploads\/2014\/02\/constituci\u00f3n.jpg","jetpack_sharing_enabled":true,"_links":{"self":[{"href":"https:\/\/www.eloriente.net\/home\/wp-json\/wp\/v2\/posts\/44362"}],"collection":[{"href":"https:\/\/www.eloriente.net\/home\/wp-json\/wp\/v2\/posts"}],"about":[{"href":"https:\/\/www.eloriente.net\/home\/wp-json\/wp\/v2\/types\/post"}],"author":[{"embeddable":true,"href":"https:\/\/www.eloriente.net\/home\/wp-json\/wp\/v2\/users\/44"}],"replies":[{"embeddable":true,"href":"https:\/\/www.eloriente.net\/home\/wp-json\/wp\/v2\/comments?post=44362"}],"version-history":[{"count":3,"href":"https:\/\/www.eloriente.net\/home\/wp-json\/wp\/v2\/posts\/44362\/revisions"}],"predecessor-version":[{"id":44365,"href":"https:\/\/www.eloriente.net\/home\/wp-json\/wp\/v2\/posts\/44362\/revisions\/44365"}],"wp:featuredmedia":[{"embeddable":true,"href":"https:\/\/www.eloriente.net\/home\/wp-json\/wp\/v2\/media\/20859"}],"wp:attachment":[{"href":"https:\/\/www.eloriente.net\/home\/wp-json\/wp\/v2\/media?parent=44362"}],"wp:term":[{"taxonomy":"category","embeddable":true,"href":"https:\/\/www.eloriente.net\/home\/wp-json\/wp\/v2\/categories?post=44362"},{"taxonomy":"post_tag","embeddable":true,"href":"https:\/\/www.eloriente.net\/home\/wp-json\/wp\/v2\/tags?post=44362"}],"curies":[{"name":"wp","href":"https:\/\/api.w.org\/{rel}","templated":true}]}}