{"id":44441,"date":"2016-08-09T17:45:32","date_gmt":"2016-08-09T23:45:32","guid":{"rendered":"http:\/\/www.eloriente.net\/home\/?p=44441"},"modified":"2016-08-14T10:57:10","modified_gmt":"2016-08-14T16:57:10","slug":"gobierno-negocia-la-ley-con-quienes-la-violan-aguilar-camin","status":"publish","type":"post","link":"https:\/\/www.eloriente.net\/home\/2016\/08\/09\/gobierno-negocia-la-ley-con-quienes-la-violan-aguilar-camin\/","title":{"rendered":"Gobierno negocia la Ley con quienes la violan: Aguilar Cam\u00edn"},"content":{"rendered":"<p><script src=\"\/\/pagead2.googlesyndication.com\/pagead\/js\/adsbygoogle.js\" async=\"\"><\/script><!-- BANNER ELORIENTE INCRUSTADO NOTAS --> <ins class=\"adsbygoogle\" style=\"display: inline-block; width: 300px; height: 250px;\" data-ad-client=\"ca-pub-1136171134853753\" data-ad-slot=\"7974633627\"><\/ins><script>\/\/ <![CDATA[\n(adsbygoogle = window.adsbygoogle || []).push({});\n\/\/ ]]><\/script><br \/>\neloriente.net\/<a href=\"https:\/\/twitter.com\/aguilarcamin\" target=\"_blank\">@aguilarcamin<\/a><\/p>\n<p>9 de agosto de 2016<\/p>\n<p>El escritor e historiador H\u00e9ctor Aguilar Cam\u00edn, public\u00f3 la noche de ayer 10 mensajes en twitter, en los cuales condensa algunas de sus ideas sobre el papel del Estado en la situaci\u00f3n que actualmente vive el pa\u00eds, mencionando en particular los casos de Oaxaca y Chiapas.<br \/>\n<script src=\"\/\/pagead2.googlesyndication.com\/pagead\/js\/adsbygoogle.js\" async=\"\"><\/script><br \/>\n <!-- BANNER PEQUE\u00d1O PARA ENTRENOTAS EL ORIENTE --><br \/>\n <ins class=\"adsbygoogle\" style=\"display: inline-block; width: 468px; height: 60px;\" data-ad-client=\"ca-pub-1136171134853753\" data-ad-slot=\"4953536424\"><\/ins><br \/>\n<script>\/\/ <![CDATA[\n(adsbygoogle = window.adsbygoogle || []).push({});\n\/\/ ]]><\/script><br \/>\nMensajes dignos de abrir un debate, el autor de Morir en el Golfo, asegura que la obligaci\u00f3n \u00abprimera del estado democr\u00e1tico es garantizar la seguridad y la libertad de los ciudadanos mediante la aplicaci\u00f3n de la ley\u00bb, pero \u00abel gobierno no puede aplicar la Ley\u00bb.<\/p>\n<p>Compartimos los mensajes a continuaci\u00f3n. No dejes de comentar abajo tus opiniones:<\/p>\n<p>&nbsp;<\/p>\n<blockquote class=\"twitter-tweet\" data-lang=\"es\">\n<p dir=\"ltr\" lang=\"es\">La obligaci\u00f3n primera del estado democr\u00e1tico es garantizar la seguridad y la libertad de los ciudadanos mediante la aplicaci\u00f3n de la ley<\/p>\n<p>\u2014 H\u00e9ctor Aguilar Cam\u00edn (@aguilarcamin) <a href=\"https:\/\/twitter.com\/aguilarcamin\/status\/762832102425448448\">9 de agosto de 2016<\/a><\/p><\/blockquote>\n<p><script src=\"\/\/platform.twitter.com\/widgets.js\" async=\"\" charset=\"utf-8\"><\/script><\/p>\n<blockquote class=\"twitter-tweet\" data-lang=\"es\"><p>\nLa aplicaci\u00f3n de la ley requiere requiere instrumentos efectivos. No basta con querer aplicar la ley, hay que poder aplicarla.<\/p>\n<p>\u2014 H\u00e9ctor Aguilar Cam\u00edn (@aguilarcamin) <a href=\"https:\/\/twitter.com\/aguilarcamin\/status\/762832260848418816\">9 de agosto de 2016<\/a>\n<\/p><\/blockquote>\n<p><script src=\"\/\/platform.twitter.com\/widgets.js\" async=\"\" charset=\"utf-8\"><\/script><\/p>\n<blockquote class=\"twitter-tweet\" data-lang=\"es\">\n<p dir=\"ltr\" lang=\"es\">Lo que nos han demostrado estas semanas de ilegalidad social y desobediencia p\u00fablica, es que el gobierno no puede aplicar la ley.<\/p>\n<p>\u2014 H\u00e9ctor Aguilar Cam\u00edn (@aguilarcamin) <a href=\"https:\/\/twitter.com\/aguilarcamin\/status\/762832423679762432\">9 de agosto de 2016<\/a><\/p><\/blockquote>\n<p><script src=\"\/\/platform.twitter.com\/widgets.js\" async=\"\" charset=\"utf-8\"><\/script><\/p>\n<blockquote class=\"twitter-tweet\" data-lang=\"es\"><p>\nLa capacidad de aplicar la ley del estado mexicano encuentra muy r\u00e1pido sus limites.<\/p>\n<p>\u2014 H\u00e9ctor Aguilar Cam\u00edn (@aguilarcamin) <a href=\"https:\/\/twitter.com\/aguilarcamin\/status\/762832721617915904\">9 de agosto de 2016<\/a>\n<\/p><\/blockquote>\n<p><script src=\"\/\/platform.twitter.com\/widgets.js\" async=\"\" charset=\"utf-8\"><\/script><\/p>\n<blockquote class=\"twitter-tweet\" data-lang=\"es\">\n<p dir=\"ltr\" lang=\"es\">El gobierno renuncia pronto a los medios de de coerci\u00f3n legal y se entrega a la negociaci\u00f3n pol\u00edtica: negocia la ley con quienes la violan<\/p>\n<p>\u2014 H\u00e9ctor Aguilar Cam\u00edn (@aguilarcamin) <a href=\"https:\/\/twitter.com\/aguilarcamin\/status\/762833056864440320\">9 de agosto de 2016<\/a><\/p><\/blockquote>\n<p><script src=\"\/\/platform.twitter.com\/widgets.js\" async=\"\" charset=\"utf-8\"><\/script><\/p>\n<blockquote class=\"twitter-tweet\" data-lang=\"es\"><p>\nPara contener la movilizaci\u00f3n de estas en Oaxaca y Chiapas el estado no tiene polic\u00edas suficientes. Dicen que hubiera necesitado 30 mil.<\/p>\n<p>\u2014 H\u00e9ctor Aguilar Cam\u00edn (@aguilarcamin) <a href=\"https:\/\/twitter.com\/aguilarcamin\/status\/762833422775529472\">9 de agosto de 2016<\/a>\n<\/p><\/blockquote>\n<p><script src=\"\/\/platform.twitter.com\/widgets.js\" async=\"\" charset=\"utf-8\"><\/script><\/p>\n<blockquote class=\"twitter-tweet\" data-lang=\"es\">\n<p dir=\"ltr\" lang=\"es\">Se ha dicho que lo importante para la gobernabilidad no es el tipo de gobierno sino el grado de gobierno.<\/p>\n<p>\u2014 H\u00e9ctor Aguilar Cam\u00edn (@aguilarcamin) <a href=\"https:\/\/twitter.com\/aguilarcamin\/status\/762833920270270464\">9 de agosto de 2016<\/a><\/p><\/blockquote>\n<p><script src=\"\/\/platform.twitter.com\/widgets.js\" async=\"\" charset=\"utf-8\"><\/script><\/p>\n<blockquote class=\"twitter-tweet\" data-lang=\"es\"><p>\nAnte los conflictos serios,por su violencia o por su tama\u00f1o social,el Estado mexicano se encuentra muy r\u00e1pido en el grado cero de gobierno<\/p>\n<p>\u2014 H\u00e9ctor Aguilar Cam\u00edn (@aguilarcamin) <a href=\"https:\/\/twitter.com\/aguilarcamin\/status\/762834131327647744\">9 de agosto de 2016<\/a>\n<\/p><\/blockquote>\n<p><script src=\"\/\/platform.twitter.com\/widgets.js\" async=\"\" charset=\"utf-8\"><\/script><\/p>\n<blockquote class=\"twitter-tweet\" data-lang=\"es\">\n<p dir=\"ltr\" lang=\"es\">La prueba del poder a secas es que pueda.<\/p>\n<p>\u2014 H\u00e9ctor Aguilar Cam\u00edn (@aguilarcamin) <a href=\"https:\/\/twitter.com\/aguilarcamin\/status\/762834675438002176\">9 de agosto de 2016<\/a><\/p><\/blockquote>\n<p><script src=\"\/\/platform.twitter.com\/widgets.js\" async=\"\" charset=\"utf-8\"><\/script><\/p>\n<blockquote class=\"twitter-tweet\" data-lang=\"es\"><p>\nLa prueba del poder democr\u00e1tico es que pueda aplicando la ley y ci\u00f1\u00e9ndose a ella<\/p>\n<p>\u2014 H\u00e9ctor Aguilar Cam\u00edn (@aguilarcamin) <a href=\"https:\/\/twitter.com\/aguilarcamin\/status\/762834818358915072\">9 de agosto de 2016<\/a><\/p>\n<p>&nbsp;\n<\/p><\/blockquote>\n<p><script src=\"\/\/platform.twitter.com\/widgets.js\" async=\"\" charset=\"utf-8\"><\/script><a href=\"http:\/\/www.eloriente.net\/home\/wp-content\/uploads\/2016\/08\/Captura-Aguilar-Cami\u0301n.png\" rel=\"attachment wp-att-44444\"><img loading=\"lazy\" decoding=\"async\" class=\"alignnone size-medium wp-image-44444\" src=\"http:\/\/www.eloriente.net\/home\/wp-content\/uploads\/2016\/08\/Captura-Aguilar-Cami\u0301n-300x132.png\" alt=\"Captura Aguilar Cami\u0301n\" width=\"300\" height=\"132\" srcset=\"https:\/\/www.eloriente.net\/home\/wp-content\/uploads\/2016\/08\/Captura-Aguilar-Cami\u0301n-300x132.png 300w, https:\/\/www.eloriente.net\/home\/wp-content\/uploads\/2016\/08\/Captura-Aguilar-Cami\u0301n-768x338.png 768w, https:\/\/www.eloriente.net\/home\/wp-content\/uploads\/2016\/08\/Captura-Aguilar-Cami\u0301n.png 800w\" sizes=\"(max-width: 300px) 100vw, 300px\" \/><\/a><br \/>\n<b>OTRAS NOTAS:<\/b><\/p>\n<div class=\"flow_hide\">\n<h2 class=\"posttitle \"><a title=\"Enlace Permanente a OAXACA: \u201cPaz con justicia\u201d, motivo del Paro; convocan a Osorio Chong\" href=\"http:\/\/www.eloriente.net\/home\/2016\/08\/08\/oaxaca-paz-con-justicia-motivo-del-paro-convocan-a-osorio-chong\/\" rel=\"bookmark\">OAXACA: \u201cPaz con justicia\u201d, motivo del Paro; convocan a Osorio Chong<\/a><\/h2>\n<\/div>\n<p>(www.eloriente.net, M\u00e9xico, a 8 de agosto de 2017. Por. Carlos Guti\u00e9rrez).- En un hecho in\u00e9dito para la ciudad de Oaxaca, esta ma\u00f1ana una cantidad importante de comerciantes, profesionistas\u2026<\/p>\n<p class=\"postmeta\"><span class=\"meta_date\">agosto 8, 2016<\/span><\/p>\n<p>&nbsp;<\/p>\n\n\t\t\t  <div \n\t\t\t  \tclass = \"fb-comments\" \n\t\t\t  \tdata-href = \"https:\/\/www.eloriente.net\/home\/2016\/08\/09\/gobierno-negocia-la-ley-con-quienes-la-violan-aguilar-camin\/\"\n\t\t\t  \tdata-numposts = \"10\"\n\t\t\t\tdata-colorscheme = \"dark\"\n\t\t\t\tdata-order-by = \"social\"\n\t\t\t\tdata-mobile=true>\n\t\t\t  <\/div>\n\t\t  <style>\n\t\t\t.fb_iframe_widget_fluid_desktop iframe {\n\t\t\t    width: 100% !important;\n\t\t\t}\n\t\t  <\/style>\n\t\t  ","protected":false},"excerpt":{"rendered":"<p>eloriente.net\/@aguilarcamin 9 de agosto de 2016 El escritor e historiador H\u00e9ctor Aguilar Cam\u00edn, public\u00f3 la noche de ayer 10 mensajes en twitter, en los cuales condensa algunas de sus ideas sobre el papel del Estado en la situaci\u00f3n que actualmente vive el pa\u00eds, mencionando en particular los casos de Oaxaca y Chiapas. Mensajes dignos de [&hellip;]<\/p>\n","protected":false},"author":1,"featured_media":44446,"comment_status":"open","ping_status":"open","sticky":false,"template":"","format":"standard","meta":{"_jetpack_memberships_contains_paid_content":false,"footnotes":""},"categories":[2435,22,32,13,63,24,21,19],"tags":[6838,6836,6837],"class_list":["post-44441","post","type-post","status-publish","format-standard","has-post-thumbnail","hentry","category-miercolesdeeconomia","category-derechos-humanos","category-entradas","category-especiales","category-estados","category-mexico-y-el-mundo","category-politica-y-gobierno","category-turismo-y-negocios","tag-cnte-segob","tag-hector-aguilar-camin","tag-opiniones-sobre-conflicto-en-oaxaca"],"jetpack_featured_media_url":"https:\/\/www.eloriente.net\/home\/wp-content\/uploads\/2016\/08\/Captura-Aguilar-Cami\u0301n-1.png","jetpack_sharing_enabled":true,"_links":{"self":[{"href":"https:\/\/www.eloriente.net\/home\/wp-json\/wp\/v2\/posts\/44441"}],"collection":[{"href":"https:\/\/www.eloriente.net\/home\/wp-json\/wp\/v2\/posts"}],"about":[{"href":"https:\/\/www.eloriente.net\/home\/wp-json\/wp\/v2\/types\/post"}],"author":[{"embeddable":true,"href":"https:\/\/www.eloriente.net\/home\/wp-json\/wp\/v2\/users\/1"}],"replies":[{"embeddable":true,"href":"https:\/\/www.eloriente.net\/home\/wp-json\/wp\/v2\/comments?post=44441"}],"version-history":[{"count":2,"href":"https:\/\/www.eloriente.net\/home\/wp-json\/wp\/v2\/posts\/44441\/revisions"}],"predecessor-version":[{"id":44510,"href":"https:\/\/www.eloriente.net\/home\/wp-json\/wp\/v2\/posts\/44441\/revisions\/44510"}],"wp:featuredmedia":[{"embeddable":true,"href":"https:\/\/www.eloriente.net\/home\/wp-json\/wp\/v2\/media\/44446"}],"wp:attachment":[{"href":"https:\/\/www.eloriente.net\/home\/wp-json\/wp\/v2\/media?parent=44441"}],"wp:term":[{"taxonomy":"category","embeddable":true,"href":"https:\/\/www.eloriente.net\/home\/wp-json\/wp\/v2\/categories?post=44441"},{"taxonomy":"post_tag","embeddable":true,"href":"https:\/\/www.eloriente.net\/home\/wp-json\/wp\/v2\/tags?post=44441"}],"curies":[{"name":"wp","href":"https:\/\/api.w.org\/{rel}","templated":true}]}}