{"id":44442,"date":"2016-08-09T17:42:38","date_gmt":"2016-08-09T23:42:38","guid":{"rendered":"http:\/\/www.eloriente.net\/home\/?p=44442"},"modified":"2017-01-10T14:36:36","modified_gmt":"2017-01-10T20:36:36","slug":"videocolumna-9-de-agosto-dia-internacional-de-los-pueblos-indigenas-por-raul-maldonado-mendoza","status":"publish","type":"post","link":"https:\/\/www.eloriente.net\/home\/2016\/08\/09\/videocolumna-9-de-agosto-dia-internacional-de-los-pueblos-indigenas-por-raul-maldonado-mendoza\/","title":{"rendered":"VIDEOCOLUMNA: 9 de agosto, D\u00eda Internacional de los Pueblos Ind\u00edgenas. Por Ra\u00fal Maldonado Mendoza"},"content":{"rendered":"<p><script src=\"\/\/pagead2.googlesyndication.com\/pagead\/js\/adsbygoogle.js\" async=\"\"><\/script><!-- BANNER ELORIENTE INCRUSTADO NOTAS --> <ins class=\"adsbygoogle\" style=\"display: inline-block; width: 300px; height: 250px;\" data-ad-client=\"ca-pub-1136171134853753\" data-ad-slot=\"7974633627\"><\/ins><script>\/\/ <![CDATA[\n(adsbygoogle = window.adsbygoogle || []).push({});\n\/\/ ]]><\/script><\/p>\n<p>&nbsp;<\/p>\n<p>eloriente.net<\/p>\n<p>9 de agosto de 2016<\/p>\n<p><iframe loading=\"lazy\" style=\"border: none; overflow: hidden;\" src=\"https:\/\/www.facebook.com\/plugins\/video.php?href=https%3A%2F%2Fwww.facebook.com%2F443535572345554%2Fvideos%2F1253087721390331%2F&amp;show_text=0&amp;width=560\" width=\"560\" height=\"315\" frameborder=\"0\" scrolling=\"no\" allowfullscreen=\"allowfullscreen\"><\/iframe><\/p>\n<p><script src=\"\/\/pagead2.googlesyndication.com\/pagead\/js\/adsbygoogle.js\" async=\"\"><\/script><!-- BANNER PEQUE\u00d1O PARA ENTRENOTAS EL ORIENTE --> <ins class=\"adsbygoogle\" style=\"display: inline-block; width: 468px; height: 60px;\" data-ad-client=\"ca-pub-1136171134853753\" data-ad-slot=\"4953536424\"><\/ins><script>\/\/ <![CDATA[\n(adsbygoogle = window.adsbygoogle || []).push({});\n\/\/ ]]><\/script><\/p>\n<p><a href=\"http:\/\/www.eloriente.net\/home\/wp-content\/uploads\/2016\/08\/RAU\u0301L-MALDONADO-9-DE-AGOSTO.jpg\" rel=\"attachment wp-att-44443\"><img loading=\"lazy\" decoding=\"async\" class=\"alignnone wp-image-44443\" src=\"http:\/\/www.eloriente.net\/home\/wp-content\/uploads\/2016\/08\/RAU\u0301L-MALDONADO-9-DE-AGOSTO.jpg\" alt=\"RAU\u0301L MALDONADO 9 DE AGOSTO\" width=\"601\" height=\"338\" srcset=\"https:\/\/www.eloriente.net\/home\/wp-content\/uploads\/2016\/08\/RAU\u0301L-MALDONADO-9-DE-AGOSTO.jpg 1920w, https:\/\/www.eloriente.net\/home\/wp-content\/uploads\/2016\/08\/RAU\u0301L-MALDONADO-9-DE-AGOSTO-300x169.jpg 300w, https:\/\/www.eloriente.net\/home\/wp-content\/uploads\/2016\/08\/RAU\u0301L-MALDONADO-9-DE-AGOSTO-768x432.jpg 768w, https:\/\/www.eloriente.net\/home\/wp-content\/uploads\/2016\/08\/RAU\u0301L-MALDONADO-9-DE-AGOSTO-1024x576.jpg 1024w\" sizes=\"(max-width: 601px) 100vw, 601px\" \/><\/a><\/p>\n<p><strong>OTRAS COLUMNAS, DAR CLICK SOBRE LA IMAGEN:<\/strong><\/p>\n<p><a href=\"http:\/\/www.eloriente.net\/home\/category\/videoblogs\/\" target=\"_blank\" rel=\"attachment wp-att-43191\"><img loading=\"lazy\" decoding=\"async\" class=\"alignnone size-full wp-image-43191\" src=\"http:\/\/www.eloriente.net\/home\/wp-content\/uploads\/2016\/04\/Columnistas-facebook-el-oriente.png\" alt=\"Columnistas facebook el oriente\" width=\"292\" height=\"251\" \/><\/a><\/p>\n\n\t\t\t  <div \n\t\t\t  \tclass = \"fb-comments\" \n\t\t\t  \tdata-href = \"https:\/\/www.eloriente.net\/home\/2016\/08\/09\/videocolumna-9-de-agosto-dia-internacional-de-los-pueblos-indigenas-por-raul-maldonado-mendoza\/\"\n\t\t\t  \tdata-numposts = \"10\"\n\t\t\t\tdata-colorscheme = \"dark\"\n\t\t\t\tdata-order-by = \"social\"\n\t\t\t\tdata-mobile=true>\n\t\t\t  <\/div>\n\t\t  <style>\n\t\t\t.fb_iframe_widget_fluid_desktop iframe {\n\t\t\t    width: 100% !important;\n\t\t\t}\n\t\t  <\/style>\n\t\t  ","protected":false},"excerpt":{"rendered":"<p>&nbsp; eloriente.net 9 de agosto de 2016 OTRAS COLUMNAS, DAR CLICK SOBRE LA IMAGEN:<\/p>\n","protected":false},"author":44,"featured_media":44445,"comment_status":"open","ping_status":"open","sticky":false,"template":"","format":"standard","meta":{"_jetpack_memberships_contains_paid_content":false,"footnotes":""},"categories":[22,49,32,63,464,31,6884,98],"tags":[879,6772,6835,6834],"class_list":["post-44442","post","type-post","status-publish","format-standard","has-post-thumbnail","hentry","category-derechos-humanos","category-destacadas","category-entradas","category-estados","category-oaxaca-estados","category-principal","category-raul-cruz-maldonado","category-videoblogs","tag-columna","tag-raul-maldonado-mendoza","tag-videocolumna-dia-internacional-de-los-pueblos-indigenas","tag-viva-la-palabra-libre"],"jetpack_featured_media_url":"https:\/\/www.eloriente.net\/home\/wp-content\/uploads\/2016\/08\/RAU\u0301L-MALDONADO-9-DE-AGOSTO-1-e1470786116267.jpg","jetpack_sharing_enabled":true,"_links":{"self":[{"href":"https:\/\/www.eloriente.net\/home\/wp-json\/wp\/v2\/posts\/44442"}],"collection":[{"href":"https:\/\/www.eloriente.net\/home\/wp-json\/wp\/v2\/posts"}],"about":[{"href":"https:\/\/www.eloriente.net\/home\/wp-json\/wp\/v2\/types\/post"}],"author":[{"embeddable":true,"href":"https:\/\/www.eloriente.net\/home\/wp-json\/wp\/v2\/users\/44"}],"replies":[{"embeddable":true,"href":"https:\/\/www.eloriente.net\/home\/wp-json\/wp\/v2\/comments?post=44442"}],"version-history":[{"count":1,"href":"https:\/\/www.eloriente.net\/home\/wp-json\/wp\/v2\/posts\/44442\/revisions"}],"predecessor-version":[{"id":44447,"href":"https:\/\/www.eloriente.net\/home\/wp-json\/wp\/v2\/posts\/44442\/revisions\/44447"}],"wp:featuredmedia":[{"embeddable":true,"href":"https:\/\/www.eloriente.net\/home\/wp-json\/wp\/v2\/media\/44445"}],"wp:attachment":[{"href":"https:\/\/www.eloriente.net\/home\/wp-json\/wp\/v2\/media?parent=44442"}],"wp:term":[{"taxonomy":"category","embeddable":true,"href":"https:\/\/www.eloriente.net\/home\/wp-json\/wp\/v2\/categories?post=44442"},{"taxonomy":"post_tag","embeddable":true,"href":"https:\/\/www.eloriente.net\/home\/wp-json\/wp\/v2\/tags?post=44442"}],"curies":[{"name":"wp","href":"https:\/\/api.w.org\/{rel}","templated":true}]}}