{"id":44468,"date":"2016-08-11T13:44:11","date_gmt":"2016-08-11T19:44:11","guid":{"rendered":"http:\/\/www.eloriente.net\/home\/?p=44468"},"modified":"2016-08-11T14:03:01","modified_gmt":"2016-08-11T20:03:01","slug":"actividades-culturales-en-oaxaca-11-13-de-agosto","status":"publish","type":"post","link":"https:\/\/www.eloriente.net\/home\/2016\/08\/11\/actividades-culturales-en-oaxaca-11-13-de-agosto\/","title":{"rendered":"Actividades culturales en Oaxaca (11-13 de agosto)"},"content":{"rendered":"<p><script src=\"\/\/pagead2.googlesyndication.com\/pagead\/js\/adsbygoogle.js\" async=\"\"><\/script><!-- BANNER ELORIENTE INCRUSTADO NOTAS --> <ins class=\"adsbygoogle\" style=\"display: inline-block; width: 300px; height: 250px;\" data-ad-client=\"ca-pub-1136171134853753\" data-ad-slot=\"7974633627\"><\/ins><script>\/\/ <![CDATA[\n(adsbygoogle = window.adsbygoogle || []).push({});\n\/\/ ]]><\/script><\/p>\n<p>&nbsp;<\/p>\n<div>(<a href=\"http:\/\/www.eloriente.net\/\" target=\"_blank\" data-saferedirecturl=\"https:\/\/www.google.com\/url?hl=es&amp;q=http:\/\/www.eloriente.net&amp;source=gmail&amp;ust=1471026901509000&amp;usg=AFQjCNHMOrcAUYNbY3xcavuWfiL0DuP4_w\">www.eloriente.net<\/a>, M\u00e9xico, a 11 de agosto de 2016, por Valery L\u00f3pez).- Como cada semana, en EL ORIENTE nos dimos a la tarea de buscar las actividades culturales que no puedes dejar pasar en los pr\u00f3ximos d\u00edas. En esta ocasi\u00f3n te presentamos exposiciones, talleres, conciertos y m\u00e1s.<\/div>\n<div><\/div>\n<div><strong><a href=\"https:\/\/www.facebook.com\/events\/1729739983941485\/permalink\/1731452963770187\/\" target=\"_blank\">1.- ESCUCHAR LA MEMORIA<\/a><\/strong><\/div>\n<div><\/div>\n<div>Escuchar la memoria es un interesante proyecto en el que se busca recordar los sucesos en Oaxaca durante el conflicto de 2006 mediante archivos sonoros recolectados durante ese a\u00f1o.<\/div>\n<div><\/div>\n<div>La tercera sesi\u00f3n de Escucha la Memoria se llevar\u00e1 a cabo el 11 de agosto de 2016 a las 19:00 horas.<\/div>\n<div><\/div>\n<div><a href=\"http:\/\/www.eloriente.net\/home\/wp-content\/uploads\/2016\/08\/escuchar-la-memoria.jpg\" rel=\"attachment wp-att-44469\"><img loading=\"lazy\" decoding=\"async\" class=\"alignnone wp-image-44469\" src=\"http:\/\/www.eloriente.net\/home\/wp-content\/uploads\/2016\/08\/escuchar-la-memoria.jpg\" alt=\"escuchar la memoria\" width=\"600\" height=\"400\" srcset=\"https:\/\/www.eloriente.net\/home\/wp-content\/uploads\/2016\/08\/escuchar-la-memoria.jpg 2048w, https:\/\/www.eloriente.net\/home\/wp-content\/uploads\/2016\/08\/escuchar-la-memoria-300x200.jpg 300w, https:\/\/www.eloriente.net\/home\/wp-content\/uploads\/2016\/08\/escuchar-la-memoria-768x512.jpg 768w, https:\/\/www.eloriente.net\/home\/wp-content\/uploads\/2016\/08\/escuchar-la-memoria-1024x683.jpg 1024w\" sizes=\"(max-width: 600px) 100vw, 600px\" \/><\/a><\/div>\n<div><\/div>\n<div>\n<p><strong>2.-\u00a0MUSICALLI<\/strong><\/p>\n<div><\/div>\n<div>La Casa de la Cultura de la Oaxaque\u00f1a ayuda a la formaci\u00f3n de futuros m\u00fasicos en la ciudad y en el estado. Para poner a prueba sus habilidades es importante que constantemente realicen presentaciones frente a p\u00fablico.<\/div>\n<div><\/div>\n<div>Como parte de esta formaci\u00f3n se realiza Musicalli, concierto de alumnos de piano de la CCO. \u00c9ste se realizar\u00e1 el pr\u00f3ximo viernes 12 de agosto a las 19:00 horas en la Sala Andr\u00e9s Henestrosa de la Casa de la Cultura Oaxaque\u00f1a.<\/div>\n<\/div>\n<div><\/div>\n<div><a href=\"http:\/\/www.eloriente.net\/home\/wp-content\/uploads\/2016\/08\/MUSICALLI.jpg\" rel=\"attachment wp-att-44471\"><img loading=\"lazy\" decoding=\"async\" class=\"alignnone wp-image-44471\" src=\"http:\/\/www.eloriente.net\/home\/wp-content\/uploads\/2016\/08\/MUSICALLI.jpg\" alt=\"MUSICALLI\" width=\"600\" height=\"424\" srcset=\"https:\/\/www.eloriente.net\/home\/wp-content\/uploads\/2016\/08\/MUSICALLI.jpg 960w, https:\/\/www.eloriente.net\/home\/wp-content\/uploads\/2016\/08\/MUSICALLI-300x212.jpg 300w, https:\/\/www.eloriente.net\/home\/wp-content\/uploads\/2016\/08\/MUSICALLI-768x542.jpg 768w\" sizes=\"(max-width: 600px) 100vw, 600px\" \/><\/a><\/div>\n<p><script src=\"\/\/pagead2.googlesyndication.com\/pagead\/js\/adsbygoogle.js\" async=\"\"><\/script><!-- BANNER PEQUE\u00d1O PARA ENTRENOTAS EL ORIENTE --> <ins class=\"adsbygoogle\" style=\"display: inline-block; width: 468px; height: 60px;\" data-ad-client=\"ca-pub-1136171134853753\" data-ad-slot=\"4953536424\"><\/ins><script>\/\/ <![CDATA[\n(adsbygoogle = window.adsbygoogle || []).push({});\n\/\/ ]]><\/script><\/p>\n<div>\n<div><\/div>\n<div><strong><a href=\"https:\/\/www.facebook.com\/events\/141072482998590\/\" target=\"_blank\">3.- TALLER DE TINTURAS MEDICINALES<\/a><\/strong><\/div>\n<\/div>\n<div>\n<div><\/div>\n<div>Vita Permacultura invita a su Taller de Tinturas medicinales el pr\u00f3ximo 13 de agosto. En \u00e9l se aprender\u00e1 a elaborar tinturas madre y a combinarlas en formulas para tratamiento fitoterapeutico. Al finalizar el taller el asistente podr\u00e1 llevarse las formulas que prepar\u00f3 durante el taller.<\/div>\n<div><\/div>\n<div>La inscripci\u00f3n al taller requiere de una inversi\u00f3n e $200. \u00c9l mismo se llevar\u00e1 a cabo el 13 de agosto de 11:00 a 13:00 horas en la tienda \u201cEl Ed\u00e9n\u201d, ubicada en Ray\u00f3n 421, Centro, Oaxaca.<\/div>\n<\/div>\n<div><\/div>\n<div><a href=\"http:\/\/www.eloriente.net\/home\/wp-content\/uploads\/2016\/08\/taller-de-tinturas.jpg\" rel=\"attachment wp-att-44472\"><img loading=\"lazy\" decoding=\"async\" class=\"alignnone wp-image-44472\" src=\"http:\/\/www.eloriente.net\/home\/wp-content\/uploads\/2016\/08\/taller-de-tinturas.jpg\" alt=\"taller de tinturas\" width=\"600\" height=\"789\" srcset=\"https:\/\/www.eloriente.net\/home\/wp-content\/uploads\/2016\/08\/taller-de-tinturas.jpg 1142w, https:\/\/www.eloriente.net\/home\/wp-content\/uploads\/2016\/08\/taller-de-tinturas-228x300.jpg 228w, https:\/\/www.eloriente.net\/home\/wp-content\/uploads\/2016\/08\/taller-de-tinturas-768x1010.jpg 768w, https:\/\/www.eloriente.net\/home\/wp-content\/uploads\/2016\/08\/taller-de-tinturas-779x1024.jpg 779w, https:\/\/www.eloriente.net\/home\/wp-content\/uploads\/2016\/08\/taller-de-tinturas-1024x1347.jpg 1024w\" sizes=\"(max-width: 600px) 100vw, 600px\" \/><\/a><\/div>\n<div><\/div>\n<div>\n<div><strong>4.- ETC<\/strong><\/div>\n<\/div>\n<div>\n<div>\n<p>Villa Dise\u00f1a ETC es un escaparate para la gr\u00e1fica en Oaxaca, pues en este evento se presentar\u00e1 obra pict\u00f3rica, fotogr\u00e1fica y escultural de diversos creadores como Gesner Melchor, Toro Loco, Alan Santiago o C\u00e9sar Mart\u00ednez, entre otros.Igualmente habr\u00e1 exhibici\u00f3n y venta de gr\u00e1fica de muchos otros artistas as\u00ed como video maping y proyecciones.<\/p>\n<p>La cita es el 13 de agosto de 10:00 a 22:00 horas en el Jard\u00edn Municipal de la Villa de Etla.<\/p>\n<\/div>\n<div><a href=\"http:\/\/www.eloriente.net\/home\/wp-content\/uploads\/2016\/08\/villa-disen\u0303a.jpg\" rel=\"attachment wp-att-44473\"><img loading=\"lazy\" decoding=\"async\" class=\"alignnone wp-image-44473\" src=\"http:\/\/www.eloriente.net\/home\/wp-content\/uploads\/2016\/08\/villa-disen\u0303a.jpg\" alt=\"villa disen\u0303a\" width=\"609\" height=\"941\" srcset=\"https:\/\/www.eloriente.net\/home\/wp-content\/uploads\/2016\/08\/villa-disen\u0303a.jpg 621w, https:\/\/www.eloriente.net\/home\/wp-content\/uploads\/2016\/08\/villa-disen\u0303a-194x300.jpg 194w\" sizes=\"(max-width: 609px) 100vw, 609px\" \/><\/a><\/div>\n<\/div>\n<div><\/div>\n<div>\n<p><a href=\"https:\/\/www.facebook.com\/meapo.Oaxaca?fref=ts\" target=\"_blank\"><strong>5.-\u00a0FRAGMENTOS\u00a0<\/strong><\/a><\/p>\n<p>El pr\u00f3ximo 13 de agosto se llevar\u00e1 a cabo la inauguraci\u00f3n de FRAGMENTOS Reencuentro con la vida, exposici\u00f3n del artista Francisco G. Merino. \u00c9sta se realizar\u00e1 a las 17 horas en la sala 2 del Museo Estatal de Arte Popular de Oaxaca en San Bartolo Coyotepec, Oaxaca<\/p>\n<\/div>\n<div><\/div>\n<div><\/div>\n<div><a href=\"http:\/\/www.eloriente.net\/home\/wp-content\/uploads\/2016\/08\/fragmentos.jpg\" rel=\"attachment wp-att-44470\"><img loading=\"lazy\" decoding=\"async\" class=\"alignnone wp-image-44470\" src=\"http:\/\/www.eloriente.net\/home\/wp-content\/uploads\/2016\/08\/fragmentos.jpg\" alt=\"fragmentos\" width=\"600\" height=\"890\" srcset=\"https:\/\/www.eloriente.net\/home\/wp-content\/uploads\/2016\/08\/fragmentos.jpg 1381w, https:\/\/www.eloriente.net\/home\/wp-content\/uploads\/2016\/08\/fragmentos-202x300.jpg 202w, https:\/\/www.eloriente.net\/home\/wp-content\/uploads\/2016\/08\/fragmentos-768x1139.jpg 768w, https:\/\/www.eloriente.net\/home\/wp-content\/uploads\/2016\/08\/fragmentos-691x1024.jpg 691w, https:\/\/www.eloriente.net\/home\/wp-content\/uploads\/2016\/08\/fragmentos-1024x1519.jpg 1024w\" sizes=\"(max-width: 600px) 100vw, 600px\" \/><\/a><\/div>\n<div><\/div>\n<div><strong>OTRAS ENTRADAS<\/strong><\/div>\n<div><\/div>\n<div>\n<div class=\"featuredpost\">\n<div class=\"flow_hide\">\n<h2 class=\"posttitle bigposttitle\"><a title=\"Enlace Permanente a VIDEOCOLUMNA: \u00bfSe respetan los derechos humanos de las personas trans? Por Rebeca Garza\" href=\"http:\/\/www.eloriente.net\/home\/2016\/08\/11\/videocolumna-se-respetan-los-derechos-humanos-de-las-personas-trans-por-rebeca-garza\/\" rel=\"bookmark\">VIDEOCOLUMNA: \u00bfSe respetan los derechos humanos de las personas trans? Por Rebeca Garza<\/a><\/h2>\n<\/div>\n<p>eloriente.net 11 de agosto Share\u2026<\/p>\n<p class=\"postmeta\"><span class=\"meta_date\">agosto 11, 2016<\/span><span class=\"meta_comment\"><a href=\"http:\/\/www.eloriente.net\/home\/2016\/08\/11\/videocolumna-se-respetan-los-derechos-humanos-de-las-personas-trans-por-rebeca-garza\/#respond\">Sin Comentarios<\/a><\/span><span class=\"meta_permalink\"><a title=\"Enlace Permanente a VIDEOCOLUMNA: \u00bfSe respetan los derechos humanos de las personas trans? Por Rebeca Garza\" href=\"http:\/\/www.eloriente.net\/home\/2016\/08\/11\/videocolumna-se-respetan-los-derechos-humanos-de-las-personas-trans-por-rebeca-garza\/\" rel=\"bookmark\">Leer Mas<\/a><\/span><span class=\"meta_edit\"><a class=\"post-edit-link\" href=\"http:\/\/www.eloriente.net\/home\/wp-admin\/post.php?post=44455&amp;action=edit\">#<\/a><\/span><\/p>\n<div class=\"toolbar-social\">\n<div class=\"social-widget\">\n<div id=\"sharing-widget\"><a class=\"button icon-share\">Compartir<\/a><\/div>\n<\/div>\n<\/div>\n<\/div>\n<div class=\"featuredpost\">\n<div class=\"flow_hide\"><a href=\"http:\/\/www.eloriente.net\/home\/2016\/08\/09\/videocolumna-sobre-el-presupuesto-federal-2017-por-karina-baron\/\" rel=\"bookmark\"><img decoding=\"async\" class=\"alignleft\" title=\"VIDEOCOLUMNA: Sobre el Presupuesto Federal 2017. Por Karina Bar\u00f3n\" src=\"http:\/\/www.eloriente.net\/home\/wp-content\/themes\/city-desk\/timthumb.php?src=http%3A%2F%2Fwww.eloriente.net%2Fhome%2Fwp-content%2Fuploads%2F2016%2F08%2FKARINA-BARON-9-DE-AGOSTO-2-1-e1470778250114.jpg&amp;q=90&amp;w=70&amp;h=45&amp;zc=1\" alt=\"VIDEOCOLUMNA: Sobre el Presupuesto Federal 2017. Por Karina Bar\u00f3n\" \/><\/a><\/p>\n<h2 class=\"posttitle \"><a title=\"Enlace Permanente a VIDEOCOLUMNA: Sobre el Presupuesto Federal 2017. Por Karina Bar\u00f3n\" href=\"http:\/\/www.eloriente.net\/home\/2016\/08\/09\/videocolumna-sobre-el-presupuesto-federal-2017-por-karina-baron\/\" rel=\"bookmark\">VIDEOCOLUMNA: Sobre el Presupuesto Federal 2017. Por Karina Bar\u00f3n<\/a><\/h2>\n<\/div>\n<p>eloriente.net 9 de agosto de 2016 \u00a0 OTRAS COLUMNAS, DAR CLICK SOBRE LA IMAGEN: Share\u2026<\/p>\n<p class=\"postmeta\"><span class=\"meta_date\">agosto 9, 2016<\/span><span class=\"meta_comment\"><a href=\"http:\/\/www.eloriente.net\/home\/2016\/08\/09\/videocolumna-sobre-el-presupuesto-federal-2017-por-karina-baron\/#respond\">Sin Comentarios<\/a><\/span><span class=\"meta_permalink\"><a title=\"Enlace Permanente a VIDEOCOLUMNA: Sobre el Presupuesto Federal 2017. Por Karina Bar\u00f3n\" href=\"http:\/\/www.eloriente.net\/home\/2016\/08\/09\/videocolumna-sobre-el-presupuesto-federal-2017-por-karina-baron\/\" rel=\"bookmark\">Leer Mas<\/a><\/span><span class=\"meta_edit\"><a class=\"post-edit-link\" href=\"http:\/\/www.eloriente.net\/home\/wp-admin\/post.php?post=44432&amp;action=edit\">#<\/a><\/span><\/p>\n<div class=\"toolbar-social\">\n<div class=\"social-widget\">\n<div id=\"sharing-widget\"><a class=\"button icon-share\">Compartir<\/a><\/div>\n<\/div>\n<\/div>\n<\/div>\n<div class=\"featuredpost\">\n<div class=\"flow_hide\"><a href=\"http:\/\/www.eloriente.net\/home\/2016\/08\/09\/educacion-hoy-dia-internacional-de-los-pueblos-indigenas-informe-unesco\/\" rel=\"bookmark\"><img decoding=\"async\" class=\"alignleft\" title=\"EDUCACI\u00d3N: Hoy, D\u00eda Internacional de los Pueblos Ind\u00edgenas: Informe UNESCO\" src=\"http:\/\/www.eloriente.net\/home\/wp-content\/themes\/city-desk\/timthumb.php?src=http%3A%2F%2Fwww.eloriente.net%2Fhome%2Fwp-content%2Fuploads%2F2016%2F08%2FUNESCO-Dia-internacional-Pueblos-Indi%CC%81genas.jpg&amp;q=90&amp;w=70&amp;h=45&amp;zc=1\" alt=\"EDUCACI\u00d3N: Hoy, D\u00eda Internacional de los Pueblos Ind\u00edgenas: Informe UNESCO\" \/><\/a><\/p>\n<h2 class=\"posttitle \"><a title=\"Enlace Permanente a EDUCACI\u00d3N: Hoy, D\u00eda Internacional de los Pueblos Ind\u00edgenas: Informe UNESCO\" href=\"http:\/\/www.eloriente.net\/home\/2016\/08\/09\/educacion-hoy-dia-internacional-de-los-pueblos-indigenas-informe-unesco\/\" rel=\"bookmark\">EDUCACI\u00d3N: Hoy, D\u00eda Internacional de los Pueblos Ind\u00edgenas: Informe UNESCO<\/a><\/h2>\n<\/div>\n<p>eloriente.net\/UNESCO 9 de agosto de 2016 El derecho de los pueblos ind\u00edgenas a la educaci\u00f3n \u2022 Este a\u00f1o, el D\u00eda Internacional de los Pueblos Ind\u00edgenas est\u00e1 dedicado\u2026<\/p>\n<p class=\"postmeta\"><span class=\"meta_date\">agosto 9, 2016<\/span><\/p>\n<\/div>\n<\/div>\n\n\t\t\t  <div \n\t\t\t  \tclass = \"fb-comments\" \n\t\t\t  \tdata-href = \"https:\/\/www.eloriente.net\/home\/2016\/08\/11\/actividades-culturales-en-oaxaca-11-13-de-agosto\/\"\n\t\t\t  \tdata-numposts = \"10\"\n\t\t\t\tdata-colorscheme = \"dark\"\n\t\t\t\tdata-order-by = \"social\"\n\t\t\t\tdata-mobile=true>\n\t\t\t  <\/div>\n\t\t  <style>\n\t\t\t.fb_iframe_widget_fluid_desktop iframe {\n\t\t\t    width: 100% !important;\n\t\t\t}\n\t\t  <\/style>\n\t\t  ","protected":false},"excerpt":{"rendered":"<p>&nbsp; (www.eloriente.net, M\u00e9xico, a 11 de agosto de 2016, por Valery L\u00f3pez).- Como cada semana, en EL ORIENTE nos dimos a la tarea de buscar las actividades culturales que no puedes dejar pasar en los pr\u00f3ximos d\u00edas. En esta ocasi\u00f3n te presentamos exposiciones, talleres, conciertos y m\u00e1s. 1.- ESCUCHAR LA MEMORIA Escuchar la memoria es [&hellip;]<\/p>\n","protected":false},"author":44,"featured_media":42630,"comment_status":"open","ping_status":"open","sticky":false,"template":"","format":"standard","meta":{"_jetpack_memberships_contains_paid_content":false,"footnotes":""},"categories":[8,18,32,63,464,31],"tags":[3648,2550,73],"class_list":["post-44468","post","type-post","status-publish","format-standard","has-post-thumbnail","hentry","category-agenda","category-educacion-y-cultura","category-entradas","category-estados","category-oaxaca-estados","category-principal","tag-actividades-culturales","tag-agosto","tag-oaxaca"],"jetpack_featured_media_url":"https:\/\/www.eloriente.net\/home\/wp-content\/uploads\/2016\/03\/orquesta-sinfo\u0301nica-de-Oaxaca-por-@Sinfo\u0301nica-de-Oaxaca.jpg","jetpack_sharing_enabled":true,"_links":{"self":[{"href":"https:\/\/www.eloriente.net\/home\/wp-json\/wp\/v2\/posts\/44468"}],"collection":[{"href":"https:\/\/www.eloriente.net\/home\/wp-json\/wp\/v2\/posts"}],"about":[{"href":"https:\/\/www.eloriente.net\/home\/wp-json\/wp\/v2\/types\/post"}],"author":[{"embeddable":true,"href":"https:\/\/www.eloriente.net\/home\/wp-json\/wp\/v2\/users\/44"}],"replies":[{"embeddable":true,"href":"https:\/\/www.eloriente.net\/home\/wp-json\/wp\/v2\/comments?post=44468"}],"version-history":[{"count":3,"href":"https:\/\/www.eloriente.net\/home\/wp-json\/wp\/v2\/posts\/44468\/revisions"}],"predecessor-version":[{"id":44476,"href":"https:\/\/www.eloriente.net\/home\/wp-json\/wp\/v2\/posts\/44468\/revisions\/44476"}],"wp:featuredmedia":[{"embeddable":true,"href":"https:\/\/www.eloriente.net\/home\/wp-json\/wp\/v2\/media\/42630"}],"wp:attachment":[{"href":"https:\/\/www.eloriente.net\/home\/wp-json\/wp\/v2\/media?parent=44468"}],"wp:term":[{"taxonomy":"category","embeddable":true,"href":"https:\/\/www.eloriente.net\/home\/wp-json\/wp\/v2\/categories?post=44468"},{"taxonomy":"post_tag","embeddable":true,"href":"https:\/\/www.eloriente.net\/home\/wp-json\/wp\/v2\/tags?post=44468"}],"curies":[{"name":"wp","href":"https:\/\/api.w.org\/{rel}","templated":true}]}}