{"id":44561,"date":"2016-08-20T10:12:09","date_gmt":"2016-08-20T16:12:09","guid":{"rendered":"http:\/\/www.eloriente.net\/home\/?p=44561"},"modified":"2016-08-19T10:57:46","modified_gmt":"2016-08-19T16:57:46","slug":"5-videos-para-mejorar-tu-memoria","status":"publish","type":"post","link":"https:\/\/www.eloriente.net\/home\/2016\/08\/20\/5-videos-para-mejorar-tu-memoria\/","title":{"rendered":"5 videos que te ayudar\u00e1n a mejorar tu memoria"},"content":{"rendered":"<p><script src=\"\/\/pagead2.googlesyndication.com\/pagead\/js\/adsbygoogle.js\" async=\"\"><\/script><!-- BANNER ELORIENTE INCRUSTADO NOTAS --> <ins class=\"adsbygoogle\" style=\"display: inline-block; width: 300px; height: 250px;\" data-ad-client=\"ca-pub-1136171134853753\" data-ad-slot=\"7974633627\"><\/ins><script>\/\/ <![CDATA[\n(adsbygoogle = window.adsbygoogle || []).push({});\n\/\/ ]]><\/script><\/p>\n<p>&nbsp;<\/p>\n<p>(www.eloriente.net; M\u00e9xico 20 de Agosto de 2016).- Por Jessica Lamadrid<\/p>\n<p>La memoria es esencial en la\u00a0vida cotidiana y para tener un buen desenvolvimiento en la misma, por esa raz\u00f3n \u00e9sta debe de ser ejercitada como cualquier otro m\u00fasculo del cuerpo para que su desempe\u00f1o sea el adecuado.<\/p>\n<p>En esta ocasi\u00f3n te compartimos cinco videos en los cuales encontrar\u00e1s consejos y ejercicios para fortalecer\u00a0memoria.<\/p>\n<p><strong>1.- C\u00f3mo mejorar mi MEMORIA<\/strong><\/p>\n<p>En este video Eduardo Calixto experto en neuromedicina, da algunos consejos de como cuidar y ejercitar tu memoria.<\/p>\n<p><span class=\"embed-youtube\" style=\"text-align:center; display: block;\"><iframe loading=\"lazy\" class=\"youtube-player\" width=\"640\" height=\"360\" src=\"https:\/\/www.youtube.com\/embed\/drIy52IHYJo?version=3&#038;rel=1&#038;showsearch=0&#038;showinfo=1&#038;iv_load_policy=1&#038;fs=1&#038;hl=es-ES&#038;autohide=2&#038;wmode=transparent\" allowfullscreen=\"true\" style=\"border:0;\" sandbox=\"allow-scripts allow-same-origin allow-popups allow-presentation allow-popups-to-escape-sandbox\"><\/iframe><\/span><\/p>\n<p>&nbsp;<\/p>\n<p><strong>2.- Mejorar la memoria, ejercicios de gimnasia mental<\/strong><\/p>\n<p>El m\u00e9dico Bueno en este video nos recomienda varios ejercicios para la memoria.<\/p>\n<p><span class=\"embed-youtube\" style=\"text-align:center; display: block;\"><iframe loading=\"lazy\" class=\"youtube-player\" width=\"640\" height=\"360\" src=\"https:\/\/www.youtube.com\/embed\/6BPhwTSs2vk?version=3&#038;rel=1&#038;showsearch=0&#038;showinfo=1&#038;iv_load_policy=1&#038;fs=1&#038;hl=es-ES&#038;autohide=2&#038;wmode=transparent\" allowfullscreen=\"true\" style=\"border:0;\" sandbox=\"allow-scripts allow-same-origin allow-popups allow-presentation allow-popups-to-escape-sandbox\"><\/iframe><\/span><\/p>\n<p>&nbsp;<\/p>\n<p><strong>3.- 5 Trucos para mejorar tu memoria<\/strong><\/p>\n<p>El siguiente video hecho por Ra\u00fal L. Rodr\u00edguez presidente de la \u201cAsociaci\u00f3n para el Fomento del Aprendizaje Generativo\u201d; proporciona algunos ejercicios para la memoria. Si quieres conocer m\u00e1s sobre su trabajo te compartimos el<a href=\"http:\/\/www.metaaprendizaje.net\/quien-soy\/\" target=\"_blank\"> link<\/a> de su p\u00e1gina.<\/p>\n<p><span class=\"embed-youtube\" style=\"text-align:center; display: block;\"><iframe loading=\"lazy\" class=\"youtube-player\" width=\"640\" height=\"360\" src=\"https:\/\/www.youtube.com\/embed\/GlbpITv9b0g?version=3&#038;rel=1&#038;showsearch=0&#038;showinfo=1&#038;iv_load_policy=1&#038;fs=1&#038;hl=es-ES&#038;autohide=2&#038;wmode=transparent\" allowfullscreen=\"true\" style=\"border:0;\" sandbox=\"allow-scripts allow-same-origin allow-popups allow-presentation allow-popups-to-escape-sandbox\"><\/iframe><\/span><\/p>\n<p><script src=\"\/\/pagead2.googlesyndication.com\/pagead\/js\/adsbygoogle.js\" async=\"\"><\/script><!-- BANNER PEQUE\u00d1O PARA ENTRENOTAS EL ORIENTE --> <ins class=\"adsbygoogle\" style=\"display: inline-block; width: 468px; height: 60px;\" data-ad-client=\"ca-pub-1136171134853753\" data-ad-slot=\"4953536424\"><\/ins><script>\/\/ <![CDATA[\n(adsbygoogle = window.adsbygoogle || []).push({});\n\/\/ ]]><\/script><\/p>\n<p><strong>4.- El Secreto para mejorar la memoria. 4 Principios clave para potenciarla<\/strong><\/p>\n<p>Este otro video tambi\u00e9n esta hecho por Ra\u00fal L. Rodr\u00edguez presidente de la \u201cAsociaci\u00f3n para el Fomento del Aprendizaje Generativo\u201d, en este video nos habla la importancia de la visualizaci\u00f3n, asociaci\u00f3n e imaginaci\u00f3n para la memoria.<\/p>\n<p><span class=\"embed-youtube\" style=\"text-align:center; display: block;\"><iframe loading=\"lazy\" class=\"youtube-player\" width=\"640\" height=\"360\" src=\"https:\/\/www.youtube.com\/embed\/kYDF1OUCJP0?version=3&#038;rel=1&#038;showsearch=0&#038;showinfo=1&#038;iv_load_policy=1&#038;fs=1&#038;hl=es-ES&#038;autohide=2&#038;wmode=transparent\" allowfullscreen=\"true\" style=\"border:0;\" sandbox=\"allow-scripts allow-same-origin allow-popups allow-presentation allow-popups-to-escape-sandbox\"><\/iframe><\/span><\/p>\n<p class=\"watch-title-container\"><strong><span id=\"eow-title\" class=\"watch-title\" dir=\"ltr\" title=\"C\u00f3mo mejorar la memoria y concentraci\u00f3n\">5.- \u00bfC\u00f3mo mejorar la memoria y concentraci\u00f3n?<\/span><\/strong><\/p>\n<p>Este video realizado por proyecto <a href=\"http:\/\/www.pharma20.es\/quienes-somos\" target=\"_blank\">Pharma 2.0<\/a> te da algunas opciones de vitaminas para aumentar el rendimiento de tu memoria.<\/p>\n<p><span class=\"embed-youtube\" style=\"text-align:center; display: block;\"><iframe loading=\"lazy\" class=\"youtube-player\" width=\"640\" height=\"360\" src=\"https:\/\/www.youtube.com\/embed\/nCxMjeJojL0?version=3&#038;rel=1&#038;showsearch=0&#038;showinfo=1&#038;iv_load_policy=1&#038;fs=1&#038;hl=es-ES&#038;autohide=2&#038;wmode=transparent\" allowfullscreen=\"true\" style=\"border:0;\" sandbox=\"allow-scripts allow-same-origin allow-popups allow-presentation allow-popups-to-escape-sandbox\"><\/iframe><\/span><\/p>\n<p><strong>OTRAS ENTRADAS<\/strong><\/p>\n<div class=\"featuredpost\">\n<div class=\"flow_hide\">\n<h2 class=\"posttitle bigposttitle\"><a title=\"Enlace Permanente a #ViernesdeFelicidad La inspiradora historia de Majlinda Kelmendi\" href=\"http:\/\/www.eloriente.net\/home\/2016\/08\/19\/la-inspiradora-historia-de-majinlinda-kelmendi\/\" rel=\"bookmark\">#ViernesdeFelicidad La inspiradora historia de Majlinda Kelmendi<\/a><\/h2>\n<\/div>\n<p>(www.eloriente.net; M\u00e9xico 19 de Agosto de 2016).- Por Jessica Lamadrid Conoce a Majlinda Kelmendi la hero\u00edna de Kosovo que le acaba de dar a su pa\u00eds la\u2026<\/p>\n<p class=\"postmeta\"><span class=\"meta_date\">agosto 19, 2016<\/span><\/p>\n<div class=\"toolbar-social\"><\/div>\n<\/div>\n<div class=\"featuredpost\">\n<div class=\"flow_hide\">\n<p><a href=\"http:\/\/www.eloriente.net\/home\/2016\/08\/18\/videocolumna-los-culpables-de-juan-villoro-por-alejandra-silva\/\" rel=\"bookmark\"><img decoding=\"async\" class=\"alignleft\" title=\"VIDEOCOLUMNA: Los Culpables de Juan Villoro. Por Alejandra Silva\" src=\"http:\/\/www.eloriente.net\/home\/wp-content\/themes\/city-desk\/timthumb.php?src=http%3A%2F%2Fwww.eloriente.net%2Fhome%2Fwp-content%2Fuploads%2F2016%2F08%2FALEJANDRA-SILVA-SORIANO-18-de-agosto-1-e1471562711625.jpg&amp;q=90&amp;w=70&amp;h=45&amp;zc=1\" alt=\"VIDEOCOLUMNA: Los Culpables de Juan Villoro. Por Alejandra Silva\" \/><\/a><\/p>\n<h2 class=\"posttitle \"><a title=\"Enlace Permanente a VIDEOCOLUMNA: Los Culpables de Juan Villoro. Por Alejandra Silva\" href=\"http:\/\/www.eloriente.net\/home\/2016\/08\/18\/videocolumna-los-culpables-de-juan-villoro-por-alejandra-silva\/\" rel=\"bookmark\">VIDEOCOLUMNA: Los Culpables de Juan Villoro. Por Alejandra Silva<\/a><\/h2>\n<\/div>\n<p>eloriente.net 18 de agosto de 2016 \u00a0 OTRAS COLUMNAS, DAR CLICK SOBRE LA IMAGEN: Share\u2026<\/p>\n<p class=\"postmeta\"><span class=\"meta_date\">agosto 18, 2016<\/span><\/p>\n<div class=\"toolbar-social\"><\/div>\n<\/div>\n<div class=\"featuredpost\">\n<div class=\"flow_hide\">\n<p><a href=\"http:\/\/www.eloriente.net\/home\/2016\/08\/18\/videocolumna-la-democracia-deliberativa-y-la-ciudadania-multicultural-por-rodolfo-moreno\/\" rel=\"bookmark\"><img decoding=\"async\" class=\"alignleft\" title=\"VIDEOCOLUMNA: La democracia deliberativa y la ciudadan\u00eda multicultural. Por Rodolfo Moreno\" src=\"http:\/\/www.eloriente.net\/home\/wp-content\/themes\/city-desk\/timthumb.php?src=http%3A%2F%2Fwww.eloriente.net%2Fhome%2Fwp-content%2Fuploads%2F2016%2F08%2FRODOLFO-MORENO-18-DE-AGOSTO-e1471547610741.jpg&amp;q=90&amp;w=70&amp;h=45&amp;zc=1\" alt=\"VIDEOCOLUMNA: La democracia deliberativa y la ciudadan\u00eda multicultural. Por Rodolfo Moreno\" \/><\/a><\/p>\n<h2 class=\"posttitle \"><a title=\"Enlace Permanente a VIDEOCOLUMNA: La democracia deliberativa y la ciudadan\u00eda multicultural. Por Rodolfo Moreno\" href=\"http:\/\/www.eloriente.net\/home\/2016\/08\/18\/videocolumna-la-democracia-deliberativa-y-la-ciudadania-multicultural-por-rodolfo-moreno\/\" rel=\"bookmark\">VIDEOCOLUMNA: La democracia deliberativa y la ciudadan\u00eda multicultural. Por Rodolfo Moreno<\/a><\/h2>\n<\/div>\n<p>eloriente.net 18 de agosto de 2016 OTRAS COLUMNAS, DAR CLICK SOBRE LA IMAGEN: Share\u2026<\/p>\n<p class=\"postmeta\"><span class=\"meta_date\">agosto 18, 2016<\/span><\/p>\n<\/div>\n\n\t\t\t  <div \n\t\t\t  \tclass = \"fb-comments\" \n\t\t\t  \tdata-href = \"https:\/\/www.eloriente.net\/home\/2016\/08\/20\/5-videos-para-mejorar-tu-memoria\/\"\n\t\t\t  \tdata-numposts = \"10\"\n\t\t\t\tdata-colorscheme = \"dark\"\n\t\t\t\tdata-order-by = \"social\"\n\t\t\t\tdata-mobile=true>\n\t\t\t  <\/div>\n\t\t  <style>\n\t\t\t.fb_iframe_widget_fluid_desktop iframe {\n\t\t\t    width: 100% !important;\n\t\t\t}\n\t\t  <\/style>\n\t\t  ","protected":false},"excerpt":{"rendered":"<p>&nbsp; (www.eloriente.net; M\u00e9xico 20 de Agosto de 2016).- Por Jessica Lamadrid La memoria es esencial en la\u00a0vida cotidiana y para tener un buen desenvolvimiento en la misma, por esa raz\u00f3n \u00e9sta debe de ser ejercitada como cualquier otro m\u00fasculo del cuerpo para que su desempe\u00f1o sea el adecuado. En esta ocasi\u00f3n te compartimos cinco videos [&hellip;]<\/p>\n","protected":false},"author":45,"featured_media":44562,"comment_status":"open","ping_status":"open","sticky":false,"template":"","format":"standard","meta":{"_jetpack_memberships_contains_paid_content":false,"footnotes":""},"categories":[3,32,10],"tags":[1782,6865,6866,1133,6864],"class_list":["post-44561","post","type-post","status-publish","format-standard","has-post-thumbnail","hentry","category-canal-1-tu-aula","category-entradas","category-lo-mas-reciente","tag-consejos","tag-gimnasia-mental","tag-mejorar-la-memoria","tag-memoria","tag-salud-mental"],"jetpack_featured_media_url":"https:\/\/www.eloriente.net\/home\/wp-content\/uploads\/2016\/08\/6151904410_f5135bce40_b.jpg","jetpack_sharing_enabled":true,"_links":{"self":[{"href":"https:\/\/www.eloriente.net\/home\/wp-json\/wp\/v2\/posts\/44561"}],"collection":[{"href":"https:\/\/www.eloriente.net\/home\/wp-json\/wp\/v2\/posts"}],"about":[{"href":"https:\/\/www.eloriente.net\/home\/wp-json\/wp\/v2\/types\/post"}],"author":[{"embeddable":true,"href":"https:\/\/www.eloriente.net\/home\/wp-json\/wp\/v2\/users\/45"}],"replies":[{"embeddable":true,"href":"https:\/\/www.eloriente.net\/home\/wp-json\/wp\/v2\/comments?post=44561"}],"version-history":[{"count":4,"href":"https:\/\/www.eloriente.net\/home\/wp-json\/wp\/v2\/posts\/44561\/revisions"}],"predecessor-version":[{"id":44591,"href":"https:\/\/www.eloriente.net\/home\/wp-json\/wp\/v2\/posts\/44561\/revisions\/44591"}],"wp:featuredmedia":[{"embeddable":true,"href":"https:\/\/www.eloriente.net\/home\/wp-json\/wp\/v2\/media\/44562"}],"wp:attachment":[{"href":"https:\/\/www.eloriente.net\/home\/wp-json\/wp\/v2\/media?parent=44561"}],"wp:term":[{"taxonomy":"category","embeddable":true,"href":"https:\/\/www.eloriente.net\/home\/wp-json\/wp\/v2\/categories?post=44561"},{"taxonomy":"post_tag","embeddable":true,"href":"https:\/\/www.eloriente.net\/home\/wp-json\/wp\/v2\/tags?post=44561"}],"curies":[{"name":"wp","href":"https:\/\/api.w.org\/{rel}","templated":true}]}}